{"id":40737,"date":"2026-02-16T12:14:34","date_gmt":"2026-02-16T11:14:34","guid":{"rendered":"https:\/\/www.ebg.de\/?p=40737"},"modified":"2026-02-16T12:14:34","modified_gmt":"2026-02-16T11:14:34","slug":"projekt-maerchentage","status":"publish","type":"post","link":"https:\/\/www.ebg.de\/en\/projekt-maerchentage\/","title":{"rendered":"Projekt \u201eM\u00e4rchentage\u201c"},"content":{"rendered":"\n<figure class=\"wp-block-gallery has-nested-images columns-default is-cropped wp-block-gallery-1 is-layout-flex wp-block-gallery-is-layout-flex\"><\/figure>\n\n\n\n<p><br>F\u00fcr das Projekt \u201eM\u00e4rchentage\u201c f\u00fcr die Auszubildenden des ersten Ausbildungsjahres (Heilerziehungspflege und Sozialp\u00e4dagogik) wurden in Kooperation mit den st\u00e4dtischen Bibliotheken Brandenburg zwei M\u00e4rchen ausgew\u00e4hlt und umgeschrieben. <\/p>\n\n\n\n<p>Zu den Vorbereitungsarbeiten der  Auszubildenden geh\u00f6rten Entw\u00fcrfe und Anfertigungen von  B\u00fchnenbildern und Kost\u00fcmen, das Einstudieren der Rollen und auch die \u00dcbernahme von Aufgaben hinter den \u201eKulissen\u201c. <\/p>\n\n\n\n<p>Die spektakul\u00e4re Auff\u00fchrung der beiden M\u00e4rchenst\u00fccke \u201eSchneewittchen und die vier Jobzwerge\u201c und \u201eSei kein Frosch, du Prinzessin\u201c in der Stadtteilbibliothek Hohenst\u00fccken und der Kinderbibliothek der Fouqu\u00e9bibliothek am Altst\u00e4dtischen Markt in Brandenburg vor Grundschulkindern bleibt allen Beteiligten  in Erinnerung.<\/p>\n\n\n\n<p><\/p>\n\n\n\n<p><\/p>\n\n\n\n<p><\/p>\n\n\n\n<p><\/p>\n\n\n\n<p><\/p>\n","protected":false},"excerpt":{"rendered":"<p>Auff\u00fchrung zweier M\u00e4rchenst\u00fccke in Brandenburg vor Grundschulkindern<\/p>\n","protected":false},"author":8,"featured_media":40739,"comment_status":"closed","ping_status":"closed","sticky":false,"template":"","format":"standard","meta":{"_acf_changed":false,"footnotes":""},"categories":[26],"tags":[],"class_list":["post-40737","post","type-post","status-publish","format-standard","has-post-thumbnail","hentry","category-news-brandenburg-schulen"],"acf":[],"yoast_head":"<!-- This site is optimized with the Yoast SEO plugin v26.9 - https:\/\/yoast.com\/product\/yoast-seo-wordpress\/ -->\n<title>Das Projekt \u201eM\u00e4rchentage\u201c<\/title>\n<meta name=\"description\" content=\"Mit einer herzlichen Begr\u00fc\u00dfung durch Schulleiterin Sabine Moch begann am 01.08.2025 in Naumburg die Schuljahreser\u00f6ffnung.\" \/>\n<meta name=\"robots\" content=\"index, follow, max-snippet:-1, max-image-preview:large, max-video-preview:-1\" \/>\n<link rel=\"canonical\" href=\"https:\/\/www.ebg.de\/projekt-maerchentage\/\" \/>\n<meta property=\"og:locale\" content=\"en_US\" \/>\n<meta property=\"og:type\" content=\"article\" \/>\n<meta property=\"og:title\" content=\"Das Projekt \u201eM\u00e4rchentage\u201c\" \/>\n<meta property=\"og:description\" content=\"Mit einer herzlichen Begr\u00fc\u00dfung durch Schulleiterin Sabine Moch begann am 01.08.2025 in Naumburg die Schuljahreser\u00f6ffnung.\" \/>\n<meta property=\"og:url\" content=\"https:\/\/www.ebg.de\/projekt-maerchentage\/\" \/>\n<meta property=\"og:site_name\" content=\"Europ\u00e4isches Bildungswerk f\u00fcr Beruf und Gesellschaft\" \/>\n<meta property=\"article:published_time\" content=\"2026-02-16T11:14:34+00:00\" \/>\n<meta property=\"og:image\" content=\"https:\/\/www.ebg.de\/wp-content\/uploads\/2026\/02\/maerchentage-fz-bbg.jpg\" \/>\n\t<meta property=\"og:image:width\" content=\"860\" \/>\n\t<meta property=\"og:image:height\" content=\"540\" \/>\n\t<meta property=\"og:image:type\" content=\"image\/jpeg\" \/>\n<meta name=\"author\" content=\"Christiane Selbig\" \/>\n<meta name=\"twitter:card\" content=\"summary_large_image\" \/>\n<meta name=\"twitter:label1\" content=\"Written by\" \/>\n\t<meta name=\"twitter:data1\" content=\"Christiane Selbig\" \/>\n\t<meta name=\"twitter:label2\" content=\"Est. reading time\" \/>\n\t<meta name=\"twitter:data2\" content=\"4 minutes\" \/>\n<!-- \/ Yoast SEO plugin. -->","yoast_head_json":{"title":"Das Projekt \u201eM\u00e4rchentage\u201c","description":"Mit einer herzlichen Begr\u00fc\u00dfung durch Schulleiterin Sabine Moch begann am 01.08.2025 in Naumburg die Schuljahreser\u00f6ffnung.","robots":{"index":"index","follow":"follow","max-snippet":"max-snippet:-1","max-image-preview":"max-image-preview:large","max-video-preview":"max-video-preview:-1"},"canonical":"https:\/\/www.ebg.de\/projekt-maerchentage\/","og_locale":"en_US","og_type":"article","og_title":"Das Projekt \u201eM\u00e4rchentage\u201c","og_description":"Mit einer herzlichen Begr\u00fc\u00dfung durch Schulleiterin Sabine Moch begann am 01.08.2025 in Naumburg die Schuljahreser\u00f6ffnung.","og_url":"https:\/\/www.ebg.de\/projekt-maerchentage\/","og_site_name":"Europ\u00e4isches Bildungswerk f\u00fcr Beruf und Gesellschaft","article_published_time":"2026-02-16T11:14:34+00:00","og_image":[{"width":860,"height":540,"url":"https:\/\/www.ebg.de\/wp-content\/uploads\/2026\/02\/maerchentage-fz-bbg.jpg","type":"image\/jpeg"}],"author":"Christiane Selbig","twitter_card":"summary_large_image","twitter_misc":{"Written by":"Christiane Selbig","Est. reading time":"4 minutes"},"schema":{"@context":"https:\/\/schema.org","@graph":[{"@type":"Article","@id":"https:\/\/www.ebg.de\/projekt-maerchentage\/#article","isPartOf":{"@id":"https:\/\/www.ebg.de\/projekt-maerchentage\/"},"author":{"name":"Christiane Selbig","@id":"https:\/\/www.ebg.de\/#\/schema\/person\/841de16928f485ad75bab4e688fe3436"},"headline":"Projekt \u201eM\u00e4rchentage\u201c","datePublished":"2026-02-16T11:14:34+00:00","mainEntityOfPage":{"@id":"https:\/\/www.ebg.de\/projekt-maerchentage\/"},"wordCount":111,"image":{"@id":"https:\/\/www.ebg.de\/projekt-maerchentage\/#primaryimage"},"thumbnailUrl":"https:\/\/www.ebg.de\/wp-content\/uploads\/2026\/02\/maerchentage-fz-bbg.jpg","articleSection":["News - Brandenburg Schulen"],"inLanguage":"en-US"},{"@type":"WebPage","@id":"https:\/\/www.ebg.de\/projekt-maerchentage\/","url":"https:\/\/www.ebg.de\/projekt-maerchentage\/","name":"Das Projekt \u201eM\u00e4rchentage\u201c","isPartOf":{"@id":"https:\/\/www.ebg.de\/#website"},"primaryImageOfPage":{"@id":"https:\/\/www.ebg.de\/projekt-maerchentage\/#primaryimage"},"image":{"@id":"https:\/\/www.ebg.de\/projekt-maerchentage\/#primaryimage"},"thumbnailUrl":"https:\/\/www.ebg.de\/wp-content\/uploads\/2026\/02\/maerchentage-fz-bbg.jpg","datePublished":"2026-02-16T11:14:34+00:00","author":{"@id":"https:\/\/www.ebg.de\/#\/schema\/person\/841de16928f485ad75bab4e688fe3436"},"description":"Mit einer herzlichen Begr\u00fc\u00dfung durch Schulleiterin Sabine Moch begann am 01.08.2025 in Naumburg die Schuljahreser\u00f6ffnung.","breadcrumb":{"@id":"https:\/\/www.ebg.de\/projekt-maerchentage\/#breadcrumb"},"inLanguage":"en-US","potentialAction":[{"@type":"ReadAction","target":["https:\/\/www.ebg.de\/projekt-maerchentage\/"]}]},{"@type":"ImageObject","inLanguage":"en-US","@id":"https:\/\/www.ebg.de\/projekt-maerchentage\/#primaryimage","url":"https:\/\/www.ebg.de\/wp-content\/uploads\/2026\/02\/maerchentage-fz-bbg.jpg","contentUrl":"https:\/\/www.ebg.de\/wp-content\/uploads\/2026\/02\/maerchentage-fz-bbg.jpg","width":860,"height":540,"caption":"Projekt M\u00e4rchentage Brandenburg"},{"@type":"BreadcrumbList","@id":"https:\/\/www.ebg.de\/projekt-maerchentage\/#breadcrumb","itemListElement":[{"@type":"ListItem","position":1,"name":"Startseite","item":"https:\/\/www.ebg.de\/"},{"@type":"ListItem","position":2,"name":"Projekt \u201eM\u00e4rchentage\u201c"}]},{"@type":"WebSite","@id":"https:\/\/www.ebg.de\/#website","url":"https:\/\/www.ebg.de\/","name":"Europ\u00e4isches Bildungswerk f\u00fcr Beruf und Gesellschaft","description":"Bildung, Ausbildung und Weiterbildung","potentialAction":[{"@type":"SearchAction","target":{"@type":"EntryPoint","urlTemplate":"https:\/\/www.ebg.de\/?s={search_term_string}"},"query-input":{"@type":"PropertyValueSpecification","valueRequired":true,"valueName":"search_term_string"}}],"inLanguage":"en-US"},{"@type":"Person","@id":"https:\/\/www.ebg.de\/#\/schema\/person\/841de16928f485ad75bab4e688fe3436","name":"Christiane Selbig","image":{"@type":"ImageObject","inLanguage":"en-US","@id":"https:\/\/www.ebg.de\/#\/schema\/person\/image\/","url":"https:\/\/secure.gravatar.com\/avatar\/2cc1d2ea88bd46e448d57ac18ac9f028486b7c08a90951b9d99326eeec001739?s=96&d=mm&r=g","contentUrl":"https:\/\/secure.gravatar.com\/avatar\/2cc1d2ea88bd46e448d57ac18ac9f028486b7c08a90951b9d99326eeec001739?s=96&d=mm&r=g","caption":"Christiane Selbig"},"url":"https:\/\/www.ebg.de\/en\/author\/cselbig\/"}]}},"_links":{"self":[{"href":"https:\/\/www.ebg.de\/en\/wp-json\/wp\/v2\/posts\/40737","targetHints":{"allow":["GET"]}}],"collection":[{"href":"https:\/\/www.ebg.de\/en\/wp-json\/wp\/v2\/posts"}],"about":[{"href":"https:\/\/www.ebg.de\/en\/wp-json\/wp\/v2\/types\/post"}],"author":[{"embeddable":true,"href":"https:\/\/www.ebg.de\/en\/wp-json\/wp\/v2\/users\/8"}],"replies":[{"embeddable":true,"href":"https:\/\/www.ebg.de\/en\/wp-json\/wp\/v2\/comments?post=40737"}],"version-history":[{"count":1,"href":"https:\/\/www.ebg.de\/en\/wp-json\/wp\/v2\/posts\/40737\/revisions"}],"predecessor-version":[{"id":40738,"href":"https:\/\/www.ebg.de\/en\/wp-json\/wp\/v2\/posts\/40737\/revisions\/40738"}],"wp:featuredmedia":[{"embeddable":true,"href":"https:\/\/www.ebg.de\/en\/wp-json\/wp\/v2\/media\/40739"}],"wp:attachment":[{"href":"https:\/\/www.ebg.de\/en\/wp-json\/wp\/v2\/media?parent=40737"}],"wp:term":[{"taxonomy":"category","embeddable":true,"href":"https:\/\/www.ebg.de\/en\/wp-json\/wp\/v2\/categories?post=40737"},{"taxonomy":"post_tag","embeddable":true,"href":"https:\/\/www.ebg.de\/en\/wp-json\/wp\/v2\/tags?post=40737"}],"curies":[{"name":"wp","href":"https:\/\/api.w.org\/{rel}","templated":true}]}}