{"id":40687,"date":"2025-12-22T08:48:26","date_gmt":"2025-12-22T07:48:26","guid":{"rendered":"https:\/\/www.ebg.de\/?p=40687"},"modified":"2026-02-04T09:15:18","modified_gmt":"2026-02-04T08:15:18","slug":"ausbildungsabschnitt-in-schottland-2","status":"publish","type":"post","link":"https:\/\/www.ebg.de\/en\/ausbildungsabschnitt-in-schottland-2\/","title":{"rendered":"Schulweihnachtsfeier"},"content":{"rendered":"\n<figure class=\"wp-block-gallery has-nested-images columns-default is-cropped wp-block-gallery-1 is-layout-flex wp-block-gallery-is-layout-flex\"><\/figure>\n\n\n\n<p><br>Unsere j\u00e4hrliche Schuljahresfeier als gemeinsam geplante Veranstaltung ist ein festes Ritual unserer Fachschule. Auszubildende des ersten Ausbildungsjahres pr\u00e4sentierten zwei M\u00e4rchenst\u00fccke aus einem Projekt im November f\u00fcr andere Auszubildende des zweiten Ausbildungsjahres. Es wurde ger\u00e4tselt, geschmaust und gelacht.<\/p>\n\n\n\n<p><\/p>\n\n\n\n<p> <\/p>\n\n\n\n<p><\/p>\n","protected":false},"excerpt":{"rendered":"<p>Unsere j\u00e4hrliche Schuljahresfeier \u2013 ein festes Ritual <\/p>\n","protected":false},"author":8,"featured_media":40683,"comment_status":"closed","ping_status":"closed","sticky":false,"template":"","format":"standard","meta":{"_acf_changed":false,"footnotes":""},"categories":[26],"tags":[],"class_list":["post-40687","post","type-post","status-publish","format-standard","has-post-thumbnail","hentry","category-news-brandenburg-schulen"],"acf":[],"yoast_head":"<!-- This site is optimized with the Yoast SEO plugin v26.9 - https:\/\/yoast.com\/product\/yoast-seo-wordpress\/ -->\n<title>Das Schulweihnachtsfeier<\/title>\n<meta name=\"description\" content=\"Mit einer herzlichen Begr\u00fc\u00dfung durch Schulleiterin Sabine Moch begann am 01.08.2025 in Naumburg die Schuljahreser\u00f6ffnung.\" \/>\n<meta name=\"robots\" content=\"index, follow, max-snippet:-1, max-image-preview:large, max-video-preview:-1\" \/>\n<link rel=\"canonical\" href=\"https:\/\/www.ebg.de\/ausbildungsabschnitt-in-schottland-2\/\" \/>\n<meta property=\"og:locale\" content=\"en_US\" \/>\n<meta property=\"og:type\" content=\"article\" \/>\n<meta property=\"og:title\" content=\"Das Schulweihnachtsfeier\" \/>\n<meta property=\"og:description\" content=\"Mit einer herzlichen Begr\u00fc\u00dfung durch Schulleiterin Sabine Moch begann am 01.08.2025 in Naumburg die Schuljahreser\u00f6ffnung.\" \/>\n<meta property=\"og:url\" content=\"https:\/\/www.ebg.de\/ausbildungsabschnitt-in-schottland-2\/\" \/>\n<meta property=\"og:site_name\" content=\"Europ\u00e4isches Bildungswerk f\u00fcr Beruf und Gesellschaft\" \/>\n<meta property=\"article:published_time\" content=\"2025-12-22T07:48:26+00:00\" \/>\n<meta property=\"article:modified_time\" content=\"2026-02-04T08:15:18+00:00\" \/>\n<meta property=\"og:image\" content=\"https:\/\/www.ebg.de\/wp-content\/uploads\/2026\/02\/schulweihnachtsfeier-2025-fz-bbg.jpg\" \/>\n\t<meta property=\"og:image:width\" content=\"860\" \/>\n\t<meta property=\"og:image:height\" content=\"540\" \/>\n\t<meta property=\"og:image:type\" content=\"image\/jpeg\" \/>\n<meta name=\"author\" content=\"Christiane Selbig\" \/>\n<meta name=\"twitter:card\" content=\"summary_large_image\" \/>\n<meta name=\"twitter:label1\" content=\"Written by\" \/>\n\t<meta name=\"twitter:data1\" content=\"Christiane Selbig\" \/>\n\t<meta name=\"twitter:label2\" content=\"Est. reading time\" \/>\n\t<meta name=\"twitter:data2\" content=\"4 minutes\" \/>\n<!-- \/ Yoast SEO plugin. -->","yoast_head_json":{"title":"Das Schulweihnachtsfeier","description":"Mit einer herzlichen Begr\u00fc\u00dfung durch Schulleiterin Sabine Moch begann am 01.08.2025 in Naumburg die Schuljahreser\u00f6ffnung.","robots":{"index":"index","follow":"follow","max-snippet":"max-snippet:-1","max-image-preview":"max-image-preview:large","max-video-preview":"max-video-preview:-1"},"canonical":"https:\/\/www.ebg.de\/ausbildungsabschnitt-in-schottland-2\/","og_locale":"en_US","og_type":"article","og_title":"Das Schulweihnachtsfeier","og_description":"Mit einer herzlichen Begr\u00fc\u00dfung durch Schulleiterin Sabine Moch begann am 01.08.2025 in Naumburg die Schuljahreser\u00f6ffnung.","og_url":"https:\/\/www.ebg.de\/ausbildungsabschnitt-in-schottland-2\/","og_site_name":"Europ\u00e4isches Bildungswerk f\u00fcr Beruf und Gesellschaft","article_published_time":"2025-12-22T07:48:26+00:00","article_modified_time":"2026-02-04T08:15:18+00:00","og_image":[{"width":860,"height":540,"url":"https:\/\/www.ebg.de\/wp-content\/uploads\/2026\/02\/schulweihnachtsfeier-2025-fz-bbg.jpg","type":"image\/jpeg"}],"author":"Christiane Selbig","twitter_card":"summary_large_image","twitter_misc":{"Written by":"Christiane Selbig","Est. reading time":"4 minutes"},"schema":{"@context":"https:\/\/schema.org","@graph":[{"@type":"Article","@id":"https:\/\/www.ebg.de\/ausbildungsabschnitt-in-schottland-2\/#article","isPartOf":{"@id":"https:\/\/www.ebg.de\/ausbildungsabschnitt-in-schottland-2\/"},"author":{"name":"Christiane Selbig","@id":"https:\/\/www.ebg.de\/#\/schema\/person\/841de16928f485ad75bab4e688fe3436"},"headline":"Schulweihnachtsfeier","datePublished":"2025-12-22T07:48:26+00:00","dateModified":"2026-02-04T08:15:18+00:00","mainEntityOfPage":{"@id":"https:\/\/www.ebg.de\/ausbildungsabschnitt-in-schottland-2\/"},"wordCount":44,"image":{"@id":"https:\/\/www.ebg.de\/ausbildungsabschnitt-in-schottland-2\/#primaryimage"},"thumbnailUrl":"https:\/\/www.ebg.de\/wp-content\/uploads\/2026\/02\/schulweihnachtsfeier-2025-fz-bbg.jpg","articleSection":["News - Brandenburg Schulen"],"inLanguage":"en-US"},{"@type":"WebPage","@id":"https:\/\/www.ebg.de\/ausbildungsabschnitt-in-schottland-2\/","url":"https:\/\/www.ebg.de\/ausbildungsabschnitt-in-schottland-2\/","name":"Das Schulweihnachtsfeier","isPartOf":{"@id":"https:\/\/www.ebg.de\/#website"},"primaryImageOfPage":{"@id":"https:\/\/www.ebg.de\/ausbildungsabschnitt-in-schottland-2\/#primaryimage"},"image":{"@id":"https:\/\/www.ebg.de\/ausbildungsabschnitt-in-schottland-2\/#primaryimage"},"thumbnailUrl":"https:\/\/www.ebg.de\/wp-content\/uploads\/2026\/02\/schulweihnachtsfeier-2025-fz-bbg.jpg","datePublished":"2025-12-22T07:48:26+00:00","dateModified":"2026-02-04T08:15:18+00:00","author":{"@id":"https:\/\/www.ebg.de\/#\/schema\/person\/841de16928f485ad75bab4e688fe3436"},"description":"Mit einer herzlichen Begr\u00fc\u00dfung durch Schulleiterin Sabine Moch begann am 01.08.2025 in Naumburg die Schuljahreser\u00f6ffnung.","breadcrumb":{"@id":"https:\/\/www.ebg.de\/ausbildungsabschnitt-in-schottland-2\/#breadcrumb"},"inLanguage":"en-US","potentialAction":[{"@type":"ReadAction","target":["https:\/\/www.ebg.de\/ausbildungsabschnitt-in-schottland-2\/"]}]},{"@type":"ImageObject","inLanguage":"en-US","@id":"https:\/\/www.ebg.de\/ausbildungsabschnitt-in-schottland-2\/#primaryimage","url":"https:\/\/www.ebg.de\/wp-content\/uploads\/2026\/02\/schulweihnachtsfeier-2025-fz-bbg.jpg","contentUrl":"https:\/\/www.ebg.de\/wp-content\/uploads\/2026\/02\/schulweihnachtsfeier-2025-fz-bbg.jpg","width":860,"height":540,"caption":"Weihnachtsfeier Brandenburg"},{"@type":"BreadcrumbList","@id":"https:\/\/www.ebg.de\/ausbildungsabschnitt-in-schottland-2\/#breadcrumb","itemListElement":[{"@type":"ListItem","position":1,"name":"Startseite","item":"https:\/\/www.ebg.de\/"},{"@type":"ListItem","position":2,"name":"Schulweihnachtsfeier"}]},{"@type":"WebSite","@id":"https:\/\/www.ebg.de\/#website","url":"https:\/\/www.ebg.de\/","name":"Europ\u00e4isches Bildungswerk f\u00fcr Beruf und Gesellschaft","description":"Bildung, Ausbildung und Weiterbildung","potentialAction":[{"@type":"SearchAction","target":{"@type":"EntryPoint","urlTemplate":"https:\/\/www.ebg.de\/?s={search_term_string}"},"query-input":{"@type":"PropertyValueSpecification","valueRequired":true,"valueName":"search_term_string"}}],"inLanguage":"en-US"},{"@type":"Person","@id":"https:\/\/www.ebg.de\/#\/schema\/person\/841de16928f485ad75bab4e688fe3436","name":"Christiane Selbig","image":{"@type":"ImageObject","inLanguage":"en-US","@id":"https:\/\/www.ebg.de\/#\/schema\/person\/image\/","url":"https:\/\/secure.gravatar.com\/avatar\/2cc1d2ea88bd46e448d57ac18ac9f028486b7c08a90951b9d99326eeec001739?s=96&d=mm&r=g","contentUrl":"https:\/\/secure.gravatar.com\/avatar\/2cc1d2ea88bd46e448d57ac18ac9f028486b7c08a90951b9d99326eeec001739?s=96&d=mm&r=g","caption":"Christiane Selbig"},"url":"https:\/\/www.ebg.de\/en\/author\/cselbig\/"}]}},"_links":{"self":[{"href":"https:\/\/www.ebg.de\/en\/wp-json\/wp\/v2\/posts\/40687","targetHints":{"allow":["GET"]}}],"collection":[{"href":"https:\/\/www.ebg.de\/en\/wp-json\/wp\/v2\/posts"}],"about":[{"href":"https:\/\/www.ebg.de\/en\/wp-json\/wp\/v2\/types\/post"}],"author":[{"embeddable":true,"href":"https:\/\/www.ebg.de\/en\/wp-json\/wp\/v2\/users\/8"}],"replies":[{"embeddable":true,"href":"https:\/\/www.ebg.de\/en\/wp-json\/wp\/v2\/comments?post=40687"}],"version-history":[{"count":3,"href":"https:\/\/www.ebg.de\/en\/wp-json\/wp\/v2\/posts\/40687\/revisions"}],"predecessor-version":[{"id":40697,"href":"https:\/\/www.ebg.de\/en\/wp-json\/wp\/v2\/posts\/40687\/revisions\/40697"}],"wp:featuredmedia":[{"embeddable":true,"href":"https:\/\/www.ebg.de\/en\/wp-json\/wp\/v2\/media\/40683"}],"wp:attachment":[{"href":"https:\/\/www.ebg.de\/en\/wp-json\/wp\/v2\/media?parent=40687"}],"wp:term":[{"taxonomy":"category","embeddable":true,"href":"https:\/\/www.ebg.de\/en\/wp-json\/wp\/v2\/categories?post=40687"},{"taxonomy":"post_tag","embeddable":true,"href":"https:\/\/www.ebg.de\/en\/wp-json\/wp\/v2\/tags?post=40687"}],"curies":[{"name":"wp","href":"https:\/\/api.w.org\/{rel}","templated":true}]}}