{"id":40634,"date":"2026-01-30T10:04:24","date_gmt":"2026-01-30T09:04:24","guid":{"rendered":"https:\/\/www.ebg.de\/?p=40634"},"modified":"2026-02-05T12:06:39","modified_gmt":"2026-02-05T11:06:39","slug":"projekttag-rund-um-das-thema-schlaf","status":"publish","type":"post","link":"https:\/\/www.ebg.de\/en\/projekttag-rund-um-das-thema-schlaf\/","title":{"rendered":"Projekttag rund um das Thema Schlaf"},"content":{"rendered":"\n<p><br>Am 21.01.2026 fand unser Projekttag zu unserem Schulmotto \u201eJeder gro\u00dfe Traum beginnt mit einem Tr\u00e4umer\u201c \u2013 Zitat von Harriet Tubman statt.<br>In sieben R\u00e4umen konnten sich alle Sch\u00fclerinnen und Sch\u00fcler aus unseren Pflege- und Erzieherklassen \u00fcber spannende Inhalte rund um das Thema Schlaf, Tr\u00e4umen, Traumdeutung und Hirnstr\u00f6me mithilfe unterschiedlicher Methoden informieren und austauschen. Zur Erinnerung an diesen sch\u00f6nen Tag konnte ein selbstgebastelter Traumf\u00e4nger mit nach Hause genommen werden. Vielen Dank f\u00fcr euren Besuch!<\/p>\n\n\n\n<p><\/p>\n\n\n\n<p><\/p>\n\n\n\n<p><\/p>\n\n\n\n<p><\/p>\n\n\n\n<p><\/p>\n\n\n\n<p><\/p>\n\n\n\n<p><\/p>\n","protected":false},"excerpt":{"rendered":"<p>Projekttag zum Thema Schlaf \u2013 Informationen \u00fcber das Messen von Hirnstr\u00f6men und mehr \u2026<\/p>\n","protected":false},"author":8,"featured_media":40635,"comment_status":"closed","ping_status":"closed","sticky":false,"template":"","format":"standard","meta":{"_acf_changed":false,"footnotes":""},"categories":[30],"tags":[95,107],"class_list":["post-40634","post","type-post","status-publish","format-standard","has-post-thumbnail","hentry","category-news-naumburg-schulen","tag-ausbildung","tag-europaeisches-bildungswerk"],"acf":[],"yoast_head":"<!-- This site is optimized with the Yoast SEO plugin v26.9 - https:\/\/yoast.com\/product\/yoast-seo-wordpress\/ -->\n<title>Das Projekttag rund um das Thema Schlaf<\/title>\n<meta name=\"description\" content=\"Mit einer herzlichen Begr\u00fc\u00dfung durch Schulleiterin Sabine Moch begann am 01.08.2025 in Naumburg die Schuljahreser\u00f6ffnung.\" \/>\n<meta name=\"robots\" content=\"index, follow, max-snippet:-1, max-image-preview:large, max-video-preview:-1\" \/>\n<link rel=\"canonical\" href=\"https:\/\/www.ebg.de\/projekttag-rund-um-das-thema-schlaf\/\" \/>\n<meta property=\"og:locale\" content=\"en_US\" \/>\n<meta property=\"og:type\" content=\"article\" \/>\n<meta property=\"og:title\" content=\"Das Projekttag rund um das Thema Schlaf\" \/>\n<meta property=\"og:description\" content=\"Mit einer herzlichen Begr\u00fc\u00dfung durch Schulleiterin Sabine Moch begann am 01.08.2025 in Naumburg die Schuljahreser\u00f6ffnung.\" \/>\n<meta property=\"og:url\" content=\"https:\/\/www.ebg.de\/projekttag-rund-um-das-thema-schlaf\/\" \/>\n<meta property=\"og:site_name\" content=\"Europ\u00e4isches Bildungswerk f\u00fcr Beruf und Gesellschaft\" \/>\n<meta property=\"article:published_time\" content=\"2026-01-30T09:04:24+00:00\" \/>\n<meta property=\"article:modified_time\" content=\"2026-02-05T11:06:39+00:00\" \/>\n<meta property=\"og:image\" content=\"https:\/\/www.ebg.de\/wp-content\/uploads\/2026\/01\/projekttag-schlaf-naumburg-schulen.jpg\" \/>\n\t<meta property=\"og:image:width\" content=\"860\" \/>\n\t<meta property=\"og:image:height\" content=\"540\" \/>\n\t<meta property=\"og:image:type\" content=\"image\/jpeg\" \/>\n<meta name=\"author\" content=\"Christiane Selbig\" \/>\n<meta name=\"twitter:card\" content=\"summary_large_image\" \/>\n<meta name=\"twitter:label1\" content=\"Written by\" \/>\n\t<meta name=\"twitter:data1\" content=\"Christiane Selbig\" \/>\n\t<meta name=\"twitter:label2\" content=\"Est. reading time\" \/>\n\t<meta name=\"twitter:data2\" content=\"3 minutes\" \/>\n<!-- \/ Yoast SEO plugin. -->","yoast_head_json":{"title":"Das Projekttag rund um das Thema Schlaf","description":"Mit einer herzlichen Begr\u00fc\u00dfung durch Schulleiterin Sabine Moch begann am 01.08.2025 in Naumburg die Schuljahreser\u00f6ffnung.","robots":{"index":"index","follow":"follow","max-snippet":"max-snippet:-1","max-image-preview":"max-image-preview:large","max-video-preview":"max-video-preview:-1"},"canonical":"https:\/\/www.ebg.de\/projekttag-rund-um-das-thema-schlaf\/","og_locale":"en_US","og_type":"article","og_title":"Das Projekttag rund um das Thema Schlaf","og_description":"Mit einer herzlichen Begr\u00fc\u00dfung durch Schulleiterin Sabine Moch begann am 01.08.2025 in Naumburg die Schuljahreser\u00f6ffnung.","og_url":"https:\/\/www.ebg.de\/projekttag-rund-um-das-thema-schlaf\/","og_site_name":"Europ\u00e4isches Bildungswerk f\u00fcr Beruf und Gesellschaft","article_published_time":"2026-01-30T09:04:24+00:00","article_modified_time":"2026-02-05T11:06:39+00:00","og_image":[{"width":860,"height":540,"url":"https:\/\/www.ebg.de\/wp-content\/uploads\/2026\/01\/projekttag-schlaf-naumburg-schulen.jpg","type":"image\/jpeg"}],"author":"Christiane Selbig","twitter_card":"summary_large_image","twitter_misc":{"Written by":"Christiane Selbig","Est. reading time":"3 minutes"},"schema":{"@context":"https:\/\/schema.org","@graph":[{"@type":"Article","@id":"https:\/\/www.ebg.de\/projekttag-rund-um-das-thema-schlaf\/#article","isPartOf":{"@id":"https:\/\/www.ebg.de\/projekttag-rund-um-das-thema-schlaf\/"},"author":{"name":"Christiane Selbig","@id":"https:\/\/www.ebg.de\/#\/schema\/person\/841de16928f485ad75bab4e688fe3436"},"headline":"Projekttag rund um das Thema Schlaf","datePublished":"2026-01-30T09:04:24+00:00","dateModified":"2026-02-05T11:06:39+00:00","mainEntityOfPage":{"@id":"https:\/\/www.ebg.de\/projekttag-rund-um-das-thema-schlaf\/"},"wordCount":87,"image":{"@id":"https:\/\/www.ebg.de\/projekttag-rund-um-das-thema-schlaf\/#primaryimage"},"thumbnailUrl":"https:\/\/www.ebg.de\/wp-content\/uploads\/2026\/01\/projekttag-schlaf-naumburg-schulen.jpg","keywords":["Ausbildung","Europ\u00e4isches Bildungswerk"],"articleSection":["News - Naumburg Schulen"],"inLanguage":"en-US"},{"@type":"WebPage","@id":"https:\/\/www.ebg.de\/projekttag-rund-um-das-thema-schlaf\/","url":"https:\/\/www.ebg.de\/projekttag-rund-um-das-thema-schlaf\/","name":"Das Projekttag rund um das Thema Schlaf","isPartOf":{"@id":"https:\/\/www.ebg.de\/#website"},"primaryImageOfPage":{"@id":"https:\/\/www.ebg.de\/projekttag-rund-um-das-thema-schlaf\/#primaryimage"},"image":{"@id":"https:\/\/www.ebg.de\/projekttag-rund-um-das-thema-schlaf\/#primaryimage"},"thumbnailUrl":"https:\/\/www.ebg.de\/wp-content\/uploads\/2026\/01\/projekttag-schlaf-naumburg-schulen.jpg","datePublished":"2026-01-30T09:04:24+00:00","dateModified":"2026-02-05T11:06:39+00:00","author":{"@id":"https:\/\/www.ebg.de\/#\/schema\/person\/841de16928f485ad75bab4e688fe3436"},"description":"Mit einer herzlichen Begr\u00fc\u00dfung durch Schulleiterin Sabine Moch begann am 01.08.2025 in Naumburg die Schuljahreser\u00f6ffnung.","breadcrumb":{"@id":"https:\/\/www.ebg.de\/projekttag-rund-um-das-thema-schlaf\/#breadcrumb"},"inLanguage":"en-US","potentialAction":[{"@type":"ReadAction","target":["https:\/\/www.ebg.de\/projekttag-rund-um-das-thema-schlaf\/"]}]},{"@type":"ImageObject","inLanguage":"en-US","@id":"https:\/\/www.ebg.de\/projekttag-rund-um-das-thema-schlaf\/#primaryimage","url":"https:\/\/www.ebg.de\/wp-content\/uploads\/2026\/01\/projekttag-schlaf-naumburg-schulen.jpg","contentUrl":"https:\/\/www.ebg.de\/wp-content\/uploads\/2026\/01\/projekttag-schlaf-naumburg-schulen.jpg","width":860,"height":540},{"@type":"BreadcrumbList","@id":"https:\/\/www.ebg.de\/projekttag-rund-um-das-thema-schlaf\/#breadcrumb","itemListElement":[{"@type":"ListItem","position":1,"name":"Startseite","item":"https:\/\/www.ebg.de\/"},{"@type":"ListItem","position":2,"name":"Projekttag rund um das Thema Schlaf"}]},{"@type":"WebSite","@id":"https:\/\/www.ebg.de\/#website","url":"https:\/\/www.ebg.de\/","name":"Europ\u00e4isches Bildungswerk f\u00fcr Beruf und Gesellschaft","description":"Bildung, Ausbildung und Weiterbildung","potentialAction":[{"@type":"SearchAction","target":{"@type":"EntryPoint","urlTemplate":"https:\/\/www.ebg.de\/?s={search_term_string}"},"query-input":{"@type":"PropertyValueSpecification","valueRequired":true,"valueName":"search_term_string"}}],"inLanguage":"en-US"},{"@type":"Person","@id":"https:\/\/www.ebg.de\/#\/schema\/person\/841de16928f485ad75bab4e688fe3436","name":"Christiane Selbig","image":{"@type":"ImageObject","inLanguage":"en-US","@id":"https:\/\/www.ebg.de\/#\/schema\/person\/image\/","url":"https:\/\/secure.gravatar.com\/avatar\/2cc1d2ea88bd46e448d57ac18ac9f028486b7c08a90951b9d99326eeec001739?s=96&d=mm&r=g","contentUrl":"https:\/\/secure.gravatar.com\/avatar\/2cc1d2ea88bd46e448d57ac18ac9f028486b7c08a90951b9d99326eeec001739?s=96&d=mm&r=g","caption":"Christiane Selbig"},"url":"https:\/\/www.ebg.de\/en\/author\/cselbig\/"}]}},"_links":{"self":[{"href":"https:\/\/www.ebg.de\/en\/wp-json\/wp\/v2\/posts\/40634","targetHints":{"allow":["GET"]}}],"collection":[{"href":"https:\/\/www.ebg.de\/en\/wp-json\/wp\/v2\/posts"}],"about":[{"href":"https:\/\/www.ebg.de\/en\/wp-json\/wp\/v2\/types\/post"}],"author":[{"embeddable":true,"href":"https:\/\/www.ebg.de\/en\/wp-json\/wp\/v2\/users\/8"}],"replies":[{"embeddable":true,"href":"https:\/\/www.ebg.de\/en\/wp-json\/wp\/v2\/comments?post=40634"}],"version-history":[{"count":4,"href":"https:\/\/www.ebg.de\/en\/wp-json\/wp\/v2\/posts\/40634\/revisions"}],"predecessor-version":[{"id":40710,"href":"https:\/\/www.ebg.de\/en\/wp-json\/wp\/v2\/posts\/40634\/revisions\/40710"}],"wp:featuredmedia":[{"embeddable":true,"href":"https:\/\/www.ebg.de\/en\/wp-json\/wp\/v2\/media\/40635"}],"wp:attachment":[{"href":"https:\/\/www.ebg.de\/en\/wp-json\/wp\/v2\/media?parent=40634"}],"wp:term":[{"taxonomy":"category","embeddable":true,"href":"https:\/\/www.ebg.de\/en\/wp-json\/wp\/v2\/categories?post=40634"},{"taxonomy":"post_tag","embeddable":true,"href":"https:\/\/www.ebg.de\/en\/wp-json\/wp\/v2\/tags?post=40634"}],"curies":[{"name":"wp","href":"https:\/\/api.w.org\/{rel}","templated":true}]}}