{"id":40626,"date":"2026-01-30T07:14:00","date_gmt":"2026-01-30T06:14:00","guid":{"rendered":"https:\/\/www.ebg.de\/?p=40626"},"modified":"2026-01-30T07:53:45","modified_gmt":"2026-01-30T06:53:45","slug":"ebg-erasmus-lernen-ohne-grenzen","status":"publish","type":"post","link":"https:\/\/www.ebg.de\/en\/ebg-erasmus-lernen-ohne-grenzen\/","title":{"rendered":"EBG + Erasmus+ = Lernen ohne Grenzen"},"content":{"rendered":"\n<p><strong>Mobilit\u00e4tsworkshop erfolgreich durchgef\u00fchrt<\/strong><\/p>\n\n\n\n<p>Am 29. Januar 2026 fand in der Hegelstra\u00dfe der Mobilit\u00e4tsworkshop statt. Teilgenommen haben die Mobilit\u00e4tsbeauftragten der Schulstandorte sowie die jeweiligen Schulleiter.<\/p>\n\n\n\n<p>Im Mittelpunkt des Workshops stand die gemeinsame Auswertung der im Jahr 2025 durchgef\u00fchrten Mobilit\u00e4ten sowie ein Ausblick auf anstehende Neuerungen im Programm Erasmus+.<\/p>\n\n\n\n<figure class=\"wp-block-gallery has-nested-images columns-default is-cropped wp-block-gallery-1 is-layout-flex wp-block-gallery-is-layout-flex\">\n<figure class=\"wp-block-image size-large\"><img loading=\"lazy\" decoding=\"async\" width=\"1024\" height=\"768\" data-id=\"40631\" src=\"https:\/\/www.ebg.de\/wp-content\/uploads\/2026\/01\/IMG_8680-1024x768.jpg\" alt=\"\" class=\"wp-image-40631\" srcset=\"https:\/\/www.ebg.de\/wp-content\/uploads\/2026\/01\/IMG_8680-1024x768.jpg 1024w, https:\/\/www.ebg.de\/wp-content\/uploads\/2026\/01\/IMG_8680-300x225.jpg 300w, https:\/\/www.ebg.de\/wp-content\/uploads\/2026\/01\/IMG_8680-768x576.jpg 768w, https:\/\/www.ebg.de\/wp-content\/uploads\/2026\/01\/IMG_8680-1536x1152.jpg 1536w, https:\/\/www.ebg.de\/wp-content\/uploads\/2026\/01\/IMG_8680-2048x1536.jpg 2048w, https:\/\/www.ebg.de\/wp-content\/uploads\/2026\/01\/IMG_8680-900x675.jpg 900w, https:\/\/www.ebg.de\/wp-content\/uploads\/2026\/01\/IMG_8680-1200x900.jpg 1200w\" sizes=\"auto, (max-width: 1024px) 100vw, 1024px\" \/><\/figure>\n\n\n\n<figure class=\"wp-block-image size-large\"><img loading=\"lazy\" decoding=\"async\" width=\"1024\" height=\"810\" data-id=\"40629\" src=\"https:\/\/www.ebg.de\/wp-content\/uploads\/2026\/01\/IMG_8682-1024x810.jpg\" alt=\"\" class=\"wp-image-40629\" srcset=\"https:\/\/www.ebg.de\/wp-content\/uploads\/2026\/01\/IMG_8682-1024x810.jpg 1024w, https:\/\/www.ebg.de\/wp-content\/uploads\/2026\/01\/IMG_8682-300x237.jpg 300w, https:\/\/www.ebg.de\/wp-content\/uploads\/2026\/01\/IMG_8682-768x608.jpg 768w, https:\/\/www.ebg.de\/wp-content\/uploads\/2026\/01\/IMG_8682-1536x1215.jpg 1536w, https:\/\/www.ebg.de\/wp-content\/uploads\/2026\/01\/IMG_8682-2048x1620.jpg 2048w, https:\/\/www.ebg.de\/wp-content\/uploads\/2026\/01\/IMG_8682-900x712.jpg 900w, https:\/\/www.ebg.de\/wp-content\/uploads\/2026\/01\/IMG_8682-1200x949.jpg 1200w\" sizes=\"auto, (max-width: 1024px) 100vw, 1024px\" \/><\/figure>\n<\/figure>\n\n\n\n<p>Im vergangenen Jahr organisierte und realisierte das EBG insgesamt <strong>71 Mobilit\u00e4ten f\u00fcr Lernende<\/strong> seiner Schulen sowie <strong>18 Lernaufenthalte f\u00fcr Lehrkr\u00e4fte und Personal<\/strong> im Ausland.<br>Langfristiges Ziel des EBG ist es, <strong>jedem Auszubildenden im Rahmen seiner Ausbildung einen Lernaufenthalt im Ausland zu erm\u00f6glichen<\/strong>.<\/p>\n\n\n\n<p><\/p>\n\n\n\n<p><\/p>\n\n\n\n<p><\/p>\n\n\n\n<p><\/p>\n","protected":false},"excerpt":{"rendered":"<p>Gemeinsam mit Erasmus+ erm\u00f6glicht das EBG internationale Lernerfahrungen \u00fcber L\u00e4ndergrenzen hinweg.<\/p>\n","protected":false},"author":22,"featured_media":40627,"comment_status":"closed","ping_status":"closed","sticky":false,"template":"","format":"standard","meta":{"_acf_changed":false,"footnotes":""},"categories":[22],"tags":[198,208,107,193,207],"class_list":["post-40626","post","type-post","status-publish","format-standard","has-post-thumbnail","hentry","category-news-gf","tag-auszubildende","tag-erasmus-2","tag-europaeisches-bildungswerk","tag-international","tag-solidaritaet"],"acf":[],"yoast_head":"<!-- This site is optimized with the Yoast SEO plugin v26.9 - https:\/\/yoast.com\/product\/yoast-seo-wordpress\/ -->\n<title>Das EBG + Erasmus+ = Lernen ohne Grenzen<\/title>\n<meta name=\"description\" content=\"Mehr als 600 marokkanische Sch\u00fclerinnen und Sch\u00fcler informierten sich am 15.Februar \u00b425 in Rabat \u00fcber Studien- und Ausbildungsm\u00f6glichkeiten in Deutschland.\" \/>\n<meta name=\"robots\" content=\"index, follow, max-snippet:-1, max-image-preview:large, max-video-preview:-1\" \/>\n<link rel=\"canonical\" href=\"https:\/\/www.ebg.de\/ebg-erasmus-lernen-ohne-grenzen\/\" \/>\n<meta property=\"og:locale\" content=\"en_US\" \/>\n<meta property=\"og:type\" content=\"article\" \/>\n<meta property=\"og:title\" content=\"Das EBG + Erasmus+ = Lernen ohne Grenzen\" \/>\n<meta property=\"og:description\" content=\"Mehr als 600 marokkanische Sch\u00fclerinnen und Sch\u00fcler informierten sich am 15.Februar \u00b425 in Rabat \u00fcber Studien- und Ausbildungsm\u00f6glichkeiten in Deutschland.\" \/>\n<meta property=\"og:url\" content=\"https:\/\/www.ebg.de\/ebg-erasmus-lernen-ohne-grenzen\/\" \/>\n<meta property=\"og:site_name\" content=\"Europ\u00e4isches Bildungswerk f\u00fcr Beruf und Gesellschaft\" \/>\n<meta property=\"article:published_time\" content=\"2026-01-30T06:14:00+00:00\" \/>\n<meta property=\"article:modified_time\" content=\"2026-01-30T06:53:45+00:00\" \/>\n<meta property=\"og:image\" content=\"https:\/\/www.ebg.de\/wp-content\/uploads\/2026\/01\/IMG_8646-scaled.jpg\" \/>\n\t<meta property=\"og:image:width\" content=\"2560\" \/>\n\t<meta property=\"og:image:height\" content=\"1432\" \/>\n\t<meta property=\"og:image:type\" content=\"image\/jpeg\" \/>\n<meta name=\"author\" content=\"Stephan Deubner\" \/>\n<meta name=\"twitter:card\" content=\"summary_large_image\" \/>\n<meta name=\"twitter:label1\" content=\"Written by\" \/>\n\t<meta name=\"twitter:data1\" content=\"Stephan Deubner\" \/>\n\t<meta name=\"twitter:label2\" content=\"Est. reading time\" \/>\n\t<meta name=\"twitter:data2\" content=\"5 minutes\" \/>\n<!-- \/ Yoast SEO plugin. -->","yoast_head_json":{"title":"Das EBG + Erasmus+ = Lernen ohne Grenzen","description":"Mehr als 600 marokkanische Sch\u00fclerinnen und Sch\u00fcler informierten sich am 15.Februar \u00b425 in Rabat \u00fcber Studien- und Ausbildungsm\u00f6glichkeiten in Deutschland.","robots":{"index":"index","follow":"follow","max-snippet":"max-snippet:-1","max-image-preview":"max-image-preview:large","max-video-preview":"max-video-preview:-1"},"canonical":"https:\/\/www.ebg.de\/ebg-erasmus-lernen-ohne-grenzen\/","og_locale":"en_US","og_type":"article","og_title":"Das EBG + Erasmus+ = Lernen ohne Grenzen","og_description":"Mehr als 600 marokkanische Sch\u00fclerinnen und Sch\u00fcler informierten sich am 15.Februar \u00b425 in Rabat \u00fcber Studien- und Ausbildungsm\u00f6glichkeiten in Deutschland.","og_url":"https:\/\/www.ebg.de\/ebg-erasmus-lernen-ohne-grenzen\/","og_site_name":"Europ\u00e4isches Bildungswerk f\u00fcr Beruf und Gesellschaft","article_published_time":"2026-01-30T06:14:00+00:00","article_modified_time":"2026-01-30T06:53:45+00:00","og_image":[{"width":2560,"height":1432,"url":"https:\/\/www.ebg.de\/wp-content\/uploads\/2026\/01\/IMG_8646-scaled.jpg","type":"image\/jpeg"}],"author":"Stephan Deubner","twitter_card":"summary_large_image","twitter_misc":{"Written by":"Stephan Deubner","Est. reading time":"5 minutes"},"schema":{"@context":"https:\/\/schema.org","@graph":[{"@type":"Article","@id":"https:\/\/www.ebg.de\/ebg-erasmus-lernen-ohne-grenzen\/#article","isPartOf":{"@id":"https:\/\/www.ebg.de\/ebg-erasmus-lernen-ohne-grenzen\/"},"author":{"name":"Stephan Deubner","@id":"https:\/\/www.ebg.de\/#\/schema\/person\/af645ea1741029d9a44ae532ceb268bc"},"headline":"EBG + Erasmus+ = Lernen ohne Grenzen","datePublished":"2026-01-30T06:14:00+00:00","dateModified":"2026-01-30T06:53:45+00:00","mainEntityOfPage":{"@id":"https:\/\/www.ebg.de\/ebg-erasmus-lernen-ohne-grenzen\/"},"wordCount":101,"image":{"@id":"https:\/\/www.ebg.de\/ebg-erasmus-lernen-ohne-grenzen\/#primaryimage"},"thumbnailUrl":"https:\/\/www.ebg.de\/wp-content\/uploads\/2026\/01\/IMG_8646-scaled.jpg","keywords":["Auszubildende","erasmus+","Europ\u00e4isches Bildungswerk","international","solidarit\u00e4t"],"articleSection":["News-GF"],"inLanguage":"en-US"},{"@type":"WebPage","@id":"https:\/\/www.ebg.de\/ebg-erasmus-lernen-ohne-grenzen\/","url":"https:\/\/www.ebg.de\/ebg-erasmus-lernen-ohne-grenzen\/","name":"Das EBG + Erasmus+ = Lernen ohne Grenzen","isPartOf":{"@id":"https:\/\/www.ebg.de\/#website"},"primaryImageOfPage":{"@id":"https:\/\/www.ebg.de\/ebg-erasmus-lernen-ohne-grenzen\/#primaryimage"},"image":{"@id":"https:\/\/www.ebg.de\/ebg-erasmus-lernen-ohne-grenzen\/#primaryimage"},"thumbnailUrl":"https:\/\/www.ebg.de\/wp-content\/uploads\/2026\/01\/IMG_8646-scaled.jpg","datePublished":"2026-01-30T06:14:00+00:00","dateModified":"2026-01-30T06:53:45+00:00","author":{"@id":"https:\/\/www.ebg.de\/#\/schema\/person\/af645ea1741029d9a44ae532ceb268bc"},"description":"Mehr als 600 marokkanische Sch\u00fclerinnen und Sch\u00fcler informierten sich am 15.Februar \u00b425 in Rabat \u00fcber Studien- und Ausbildungsm\u00f6glichkeiten in Deutschland.","breadcrumb":{"@id":"https:\/\/www.ebg.de\/ebg-erasmus-lernen-ohne-grenzen\/#breadcrumb"},"inLanguage":"en-US","potentialAction":[{"@type":"ReadAction","target":["https:\/\/www.ebg.de\/ebg-erasmus-lernen-ohne-grenzen\/"]}]},{"@type":"ImageObject","inLanguage":"en-US","@id":"https:\/\/www.ebg.de\/ebg-erasmus-lernen-ohne-grenzen\/#primaryimage","url":"https:\/\/www.ebg.de\/wp-content\/uploads\/2026\/01\/IMG_8646-scaled.jpg","contentUrl":"https:\/\/www.ebg.de\/wp-content\/uploads\/2026\/01\/IMG_8646-scaled.jpg","width":2560,"height":1432},{"@type":"BreadcrumbList","@id":"https:\/\/www.ebg.de\/ebg-erasmus-lernen-ohne-grenzen\/#breadcrumb","itemListElement":[{"@type":"ListItem","position":1,"name":"Startseite","item":"https:\/\/www.ebg.de\/"},{"@type":"ListItem","position":2,"name":"EBG + Erasmus+ = Lernen ohne Grenzen"}]},{"@type":"WebSite","@id":"https:\/\/www.ebg.de\/#website","url":"https:\/\/www.ebg.de\/","name":"Europ\u00e4isches Bildungswerk f\u00fcr Beruf und Gesellschaft","description":"Bildung, Ausbildung und Weiterbildung","potentialAction":[{"@type":"SearchAction","target":{"@type":"EntryPoint","urlTemplate":"https:\/\/www.ebg.de\/?s={search_term_string}"},"query-input":{"@type":"PropertyValueSpecification","valueRequired":true,"valueName":"search_term_string"}}],"inLanguage":"en-US"},{"@type":"Person","@id":"https:\/\/www.ebg.de\/#\/schema\/person\/af645ea1741029d9a44ae532ceb268bc","name":"Stephan Deubner","image":{"@type":"ImageObject","inLanguage":"en-US","@id":"https:\/\/www.ebg.de\/#\/schema\/person\/image\/","url":"https:\/\/secure.gravatar.com\/avatar\/35731f6a08afa0518c45f153077f6135c0f41aa2ae0b76e850ef9508976a7bbe?s=96&d=mm&r=g","contentUrl":"https:\/\/secure.gravatar.com\/avatar\/35731f6a08afa0518c45f153077f6135c0f41aa2ae0b76e850ef9508976a7bbe?s=96&d=mm&r=g","caption":"Stephan Deubner"},"url":"https:\/\/www.ebg.de\/en\/author\/sdeubner\/"}]}},"_links":{"self":[{"href":"https:\/\/www.ebg.de\/en\/wp-json\/wp\/v2\/posts\/40626","targetHints":{"allow":["GET"]}}],"collection":[{"href":"https:\/\/www.ebg.de\/en\/wp-json\/wp\/v2\/posts"}],"about":[{"href":"https:\/\/www.ebg.de\/en\/wp-json\/wp\/v2\/types\/post"}],"author":[{"embeddable":true,"href":"https:\/\/www.ebg.de\/en\/wp-json\/wp\/v2\/users\/22"}],"replies":[{"embeddable":true,"href":"https:\/\/www.ebg.de\/en\/wp-json\/wp\/v2\/comments?post=40626"}],"version-history":[{"count":1,"href":"https:\/\/www.ebg.de\/en\/wp-json\/wp\/v2\/posts\/40626\/revisions"}],"predecessor-version":[{"id":40633,"href":"https:\/\/www.ebg.de\/en\/wp-json\/wp\/v2\/posts\/40626\/revisions\/40633"}],"wp:featuredmedia":[{"embeddable":true,"href":"https:\/\/www.ebg.de\/en\/wp-json\/wp\/v2\/media\/40627"}],"wp:attachment":[{"href":"https:\/\/www.ebg.de\/en\/wp-json\/wp\/v2\/media?parent=40626"}],"wp:term":[{"taxonomy":"category","embeddable":true,"href":"https:\/\/www.ebg.de\/en\/wp-json\/wp\/v2\/categories?post=40626"},{"taxonomy":"post_tag","embeddable":true,"href":"https:\/\/www.ebg.de\/en\/wp-json\/wp\/v2\/tags?post=40626"}],"curies":[{"name":"wp","href":"https:\/\/api.w.org\/{rel}","templated":true}]}}