{"id":40391,"date":"2025-12-08T09:27:10","date_gmt":"2025-12-08T08:27:10","guid":{"rendered":"https:\/\/www.ebg.de\/?p=40391"},"modified":"2025-12-08T09:35:27","modified_gmt":"2025-12-08T08:35:27","slug":"theaterprojekt-mit-dem-herzen-sieht-man-gut","status":"publish","type":"post","link":"https:\/\/www.ebg.de\/en\/theaterprojekt-mit-dem-herzen-sieht-man-gut\/","title":{"rendered":"Theaterprojekt \u201eMit dem Herzen sieht man gut\u201c"},"content":{"rendered":"\n<p>Anfang Dezember\u00a0schloss eine unserer Erzieherklassen ihr Theaterprojekt mit der Vorstellung ihres eigenen kleinen St\u00fccks \u201eMit dem Herzen sieht man gut\u201c erfolgreich ab. Im Theaterst\u00fcck wurde die erste Liebe im Leben thematisiert. Zu Besuch waren zwei dritte Klassen der Salztorschule \u2013 die Begeisterung konnte man den Kids auch nach Ende des St\u00fccks noch ansehen.\u00a0Danke f\u00fcr euren Besuch!<\/p>\n\n\n\n<p><\/p>\n\n\n\n<p><\/p>\n\n\n\n<p><\/p>\n\n\n\n<p><\/p>\n\n\n\n<p><\/p>\n\n\n\n<p><\/p>\n\n\n\n<p><\/p>\n","protected":false},"excerpt":{"rendered":"<p>Erzieherklasse im FBZ Naumburg: Theaterprojekt mit der Vorstellung des St\u00fccks \u201eMit dem Herzen sieht man gut\u201c<\/p>\n","protected":false},"author":8,"featured_media":40392,"comment_status":"closed","ping_status":"closed","sticky":false,"template":"","format":"standard","meta":{"_acf_changed":false,"footnotes":""},"categories":[30],"tags":[],"class_list":["post-40391","post","type-post","status-publish","format-standard","has-post-thumbnail","hentry","category-news-naumburg-schulen"],"acf":[],"yoast_head":"<!-- This site is optimized with the Yoast SEO plugin v26.9 - https:\/\/yoast.com\/product\/yoast-seo-wordpress\/ -->\n<title>Das Theaterprojekt \u201eMit dem Herzen sieht man gut\u201c<\/title>\n<meta name=\"description\" content=\"Mit einer herzlichen Begr\u00fc\u00dfung durch Schulleiterin Sabine Moch begann am 01.08.2025 in Naumburg die Schuljahreser\u00f6ffnung.\" \/>\n<meta name=\"robots\" content=\"index, follow, max-snippet:-1, max-image-preview:large, max-video-preview:-1\" \/>\n<link rel=\"canonical\" href=\"https:\/\/www.ebg.de\/theaterprojekt-mit-dem-herzen-sieht-man-gut\/\" \/>\n<meta property=\"og:locale\" content=\"en_US\" \/>\n<meta property=\"og:type\" content=\"article\" \/>\n<meta property=\"og:title\" content=\"Das Theaterprojekt \u201eMit dem Herzen sieht man gut\u201c\" \/>\n<meta property=\"og:description\" content=\"Mit einer herzlichen Begr\u00fc\u00dfung durch Schulleiterin Sabine Moch begann am 01.08.2025 in Naumburg die Schuljahreser\u00f6ffnung.\" \/>\n<meta property=\"og:url\" content=\"https:\/\/www.ebg.de\/theaterprojekt-mit-dem-herzen-sieht-man-gut\/\" \/>\n<meta property=\"og:site_name\" content=\"Europ\u00e4isches Bildungswerk f\u00fcr Beruf und Gesellschaft\" \/>\n<meta property=\"article:published_time\" content=\"2025-12-08T08:27:10+00:00\" \/>\n<meta property=\"article:modified_time\" content=\"2025-12-08T08:35:27+00:00\" \/>\n<meta property=\"og:image\" content=\"https:\/\/www.ebg.de\/wp-content\/uploads\/2025\/12\/fbz-naumburg-theaterprojekt.jpg\" \/>\n\t<meta property=\"og:image:width\" content=\"880\" \/>\n\t<meta property=\"og:image:height\" content=\"540\" \/>\n\t<meta property=\"og:image:type\" content=\"image\/jpeg\" \/>\n<meta name=\"author\" content=\"Christiane Selbig\" \/>\n<meta name=\"twitter:card\" content=\"summary_large_image\" \/>\n<meta name=\"twitter:label1\" content=\"Written by\" \/>\n\t<meta name=\"twitter:data1\" content=\"Christiane Selbig\" \/>\n\t<meta name=\"twitter:label2\" content=\"Est. reading time\" \/>\n\t<meta name=\"twitter:data2\" content=\"3 minutes\" \/>\n<!-- \/ Yoast SEO plugin. -->","yoast_head_json":{"title":"Das Theaterprojekt \u201eMit dem Herzen sieht man gut\u201c","description":"Mit einer herzlichen Begr\u00fc\u00dfung durch Schulleiterin Sabine Moch begann am 01.08.2025 in Naumburg die Schuljahreser\u00f6ffnung.","robots":{"index":"index","follow":"follow","max-snippet":"max-snippet:-1","max-image-preview":"max-image-preview:large","max-video-preview":"max-video-preview:-1"},"canonical":"https:\/\/www.ebg.de\/theaterprojekt-mit-dem-herzen-sieht-man-gut\/","og_locale":"en_US","og_type":"article","og_title":"Das Theaterprojekt \u201eMit dem Herzen sieht man gut\u201c","og_description":"Mit einer herzlichen Begr\u00fc\u00dfung durch Schulleiterin Sabine Moch begann am 01.08.2025 in Naumburg die Schuljahreser\u00f6ffnung.","og_url":"https:\/\/www.ebg.de\/theaterprojekt-mit-dem-herzen-sieht-man-gut\/","og_site_name":"Europ\u00e4isches Bildungswerk f\u00fcr Beruf und Gesellschaft","article_published_time":"2025-12-08T08:27:10+00:00","article_modified_time":"2025-12-08T08:35:27+00:00","og_image":[{"width":880,"height":540,"url":"https:\/\/www.ebg.de\/wp-content\/uploads\/2025\/12\/fbz-naumburg-theaterprojekt.jpg","type":"image\/jpeg"}],"author":"Christiane Selbig","twitter_card":"summary_large_image","twitter_misc":{"Written by":"Christiane Selbig","Est. reading time":"3 minutes"},"schema":{"@context":"https:\/\/schema.org","@graph":[{"@type":"Article","@id":"https:\/\/www.ebg.de\/theaterprojekt-mit-dem-herzen-sieht-man-gut\/#article","isPartOf":{"@id":"https:\/\/www.ebg.de\/theaterprojekt-mit-dem-herzen-sieht-man-gut\/"},"author":{"name":"Christiane Selbig","@id":"https:\/\/www.ebg.de\/#\/schema\/person\/841de16928f485ad75bab4e688fe3436"},"headline":"Theaterprojekt \u201eMit dem Herzen sieht man gut\u201c","datePublished":"2025-12-08T08:27:10+00:00","dateModified":"2025-12-08T08:35:27+00:00","mainEntityOfPage":{"@id":"https:\/\/www.ebg.de\/theaterprojekt-mit-dem-herzen-sieht-man-gut\/"},"wordCount":68,"image":{"@id":"https:\/\/www.ebg.de\/theaterprojekt-mit-dem-herzen-sieht-man-gut\/#primaryimage"},"thumbnailUrl":"https:\/\/www.ebg.de\/wp-content\/uploads\/2025\/12\/fbz-naumburg-theaterprojekt.jpg","articleSection":["News - Naumburg Schulen"],"inLanguage":"en-US"},{"@type":"WebPage","@id":"https:\/\/www.ebg.de\/theaterprojekt-mit-dem-herzen-sieht-man-gut\/","url":"https:\/\/www.ebg.de\/theaterprojekt-mit-dem-herzen-sieht-man-gut\/","name":"Das Theaterprojekt \u201eMit dem Herzen sieht man gut\u201c","isPartOf":{"@id":"https:\/\/www.ebg.de\/#website"},"primaryImageOfPage":{"@id":"https:\/\/www.ebg.de\/theaterprojekt-mit-dem-herzen-sieht-man-gut\/#primaryimage"},"image":{"@id":"https:\/\/www.ebg.de\/theaterprojekt-mit-dem-herzen-sieht-man-gut\/#primaryimage"},"thumbnailUrl":"https:\/\/www.ebg.de\/wp-content\/uploads\/2025\/12\/fbz-naumburg-theaterprojekt.jpg","datePublished":"2025-12-08T08:27:10+00:00","dateModified":"2025-12-08T08:35:27+00:00","author":{"@id":"https:\/\/www.ebg.de\/#\/schema\/person\/841de16928f485ad75bab4e688fe3436"},"description":"Mit einer herzlichen Begr\u00fc\u00dfung durch Schulleiterin Sabine Moch begann am 01.08.2025 in Naumburg die Schuljahreser\u00f6ffnung.","breadcrumb":{"@id":"https:\/\/www.ebg.de\/theaterprojekt-mit-dem-herzen-sieht-man-gut\/#breadcrumb"},"inLanguage":"en-US","potentialAction":[{"@type":"ReadAction","target":["https:\/\/www.ebg.de\/theaterprojekt-mit-dem-herzen-sieht-man-gut\/"]}]},{"@type":"ImageObject","inLanguage":"en-US","@id":"https:\/\/www.ebg.de\/theaterprojekt-mit-dem-herzen-sieht-man-gut\/#primaryimage","url":"https:\/\/www.ebg.de\/wp-content\/uploads\/2025\/12\/fbz-naumburg-theaterprojekt.jpg","contentUrl":"https:\/\/www.ebg.de\/wp-content\/uploads\/2025\/12\/fbz-naumburg-theaterprojekt.jpg","width":880,"height":540,"caption":"Theaterprojekt der Erzieherklasse Naumburg"},{"@type":"BreadcrumbList","@id":"https:\/\/www.ebg.de\/theaterprojekt-mit-dem-herzen-sieht-man-gut\/#breadcrumb","itemListElement":[{"@type":"ListItem","position":1,"name":"Startseite","item":"https:\/\/www.ebg.de\/"},{"@type":"ListItem","position":2,"name":"Theaterprojekt \u201eMit dem Herzen sieht man gut\u201c"}]},{"@type":"WebSite","@id":"https:\/\/www.ebg.de\/#website","url":"https:\/\/www.ebg.de\/","name":"Europ\u00e4isches Bildungswerk f\u00fcr Beruf und Gesellschaft","description":"Bildung, Ausbildung und Weiterbildung","potentialAction":[{"@type":"SearchAction","target":{"@type":"EntryPoint","urlTemplate":"https:\/\/www.ebg.de\/?s={search_term_string}"},"query-input":{"@type":"PropertyValueSpecification","valueRequired":true,"valueName":"search_term_string"}}],"inLanguage":"en-US"},{"@type":"Person","@id":"https:\/\/www.ebg.de\/#\/schema\/person\/841de16928f485ad75bab4e688fe3436","name":"Christiane Selbig","image":{"@type":"ImageObject","inLanguage":"en-US","@id":"https:\/\/www.ebg.de\/#\/schema\/person\/image\/","url":"https:\/\/secure.gravatar.com\/avatar\/2cc1d2ea88bd46e448d57ac18ac9f028486b7c08a90951b9d99326eeec001739?s=96&d=mm&r=g","contentUrl":"https:\/\/secure.gravatar.com\/avatar\/2cc1d2ea88bd46e448d57ac18ac9f028486b7c08a90951b9d99326eeec001739?s=96&d=mm&r=g","caption":"Christiane Selbig"},"url":"https:\/\/www.ebg.de\/en\/author\/cselbig\/"}]}},"_links":{"self":[{"href":"https:\/\/www.ebg.de\/en\/wp-json\/wp\/v2\/posts\/40391","targetHints":{"allow":["GET"]}}],"collection":[{"href":"https:\/\/www.ebg.de\/en\/wp-json\/wp\/v2\/posts"}],"about":[{"href":"https:\/\/www.ebg.de\/en\/wp-json\/wp\/v2\/types\/post"}],"author":[{"embeddable":true,"href":"https:\/\/www.ebg.de\/en\/wp-json\/wp\/v2\/users\/8"}],"replies":[{"embeddable":true,"href":"https:\/\/www.ebg.de\/en\/wp-json\/wp\/v2\/comments?post=40391"}],"version-history":[{"count":4,"href":"https:\/\/www.ebg.de\/en\/wp-json\/wp\/v2\/posts\/40391\/revisions"}],"predecessor-version":[{"id":40397,"href":"https:\/\/www.ebg.de\/en\/wp-json\/wp\/v2\/posts\/40391\/revisions\/40397"}],"wp:featuredmedia":[{"embeddable":true,"href":"https:\/\/www.ebg.de\/en\/wp-json\/wp\/v2\/media\/40392"}],"wp:attachment":[{"href":"https:\/\/www.ebg.de\/en\/wp-json\/wp\/v2\/media?parent=40391"}],"wp:term":[{"taxonomy":"category","embeddable":true,"href":"https:\/\/www.ebg.de\/en\/wp-json\/wp\/v2\/categories?post=40391"},{"taxonomy":"post_tag","embeddable":true,"href":"https:\/\/www.ebg.de\/en\/wp-json\/wp\/v2\/tags?post=40391"}],"curies":[{"name":"wp","href":"https:\/\/api.w.org\/{rel}","templated":true}]}}