{"id":40138,"date":"2025-11-04T15:15:33","date_gmt":"2025-11-04T14:15:33","guid":{"rendered":"https:\/\/www.ebg.de\/?p=40138"},"modified":"2025-11-05T12:22:53","modified_gmt":"2025-11-05T11:22:53","slug":"3-frauenwoche-halberstadt","status":"publish","type":"post","link":"https:\/\/www.ebg.de\/en\/3-frauenwoche-halberstadt\/","title":{"rendered":"3.Frauenwoche Halberstadt"},"content":{"rendered":"\n<p>Mit dem Thema <em><strong>\u201eDie Hexe \u2013 eine Frauenfigur- betrachtet im erzieherischen Ausbildungskontext\u201c<\/strong>&nbsp; <\/em>wird unsere Fachschule f\u00fcr Sozialp\u00e4dagogik des Europ\u00e4ischen Bildungswerkes am <strong>19.11.2025 <\/strong>zum 3.Mal die Halberst\u00e4dter Frauenwoche unterst\u00fctzen.<\/p>\n\n\n\n<p>Um 10.00Uhr laden wir zum &nbsp;Treffen in die Fachschule Taubenstrasse 24 ein.<\/p>\n\n\n\n<p>Hier erhalten die Interessenten einen magischen Wanderzettel, der sie auf r\u00e4tselhafte Weise an &nbsp;geheime, belebte Orte in Halberstadt f\u00fchren wird.<\/p>\n\n\n\n<p>Die Sch\u00fcler der Fachschule empfangen Sie dort auf hexliche, &nbsp;kreative Art und Weise und haben thematische \u00dcberraschungen vorbereitet.<\/p>\n\n\n\n<p>Um 11.00Uhr k\u00f6nnen Sie gespannt einer Buchvorlesung an nichtbenanntem Ort lauschen.<\/p>\n\n\n\n<p>Die Veranstaltungsorte sind f\u00fcr Sie \u00a0bis 13.00 Uhr ge\u00f6ffnet und die Erf\u00fcllung des Wanderzettels wird mit einem zauberhaften Stempel belohnt.<\/p>\n\n\n\n<p>Wir w\u00fcnschen Ihnen und uns ein magisches Erlebnis mit vielen interessanten Eindr\u00fccken.<\/p>\n","protected":false},"excerpt":{"rendered":"<p>\u201eDie Hexe \u2013 eine Frauenfigur- betrachtet im erzieherischen Ausbildungskontext\u201c<\/p>\n","protected":false},"author":19,"featured_media":38971,"comment_status":"closed","ping_status":"closed","sticky":false,"template":"","format":"standard","meta":{"_acf_changed":false,"footnotes":""},"categories":[28],"tags":[80],"class_list":["post-40138","post","type-post","status-publish","format-standard","has-post-thumbnail","hentry","category-news-halberstadt-schulen","tag-erzieher"],"acf":[],"yoast_head":"<!-- This site is optimized with the Yoast SEO plugin v26.9 - https:\/\/yoast.com\/product\/yoast-seo-wordpress\/ -->\n<title>3.Frauenwoche Halberstadt - Europ\u00e4isches Bildungswerk f\u00fcr Beruf und Gesellschaft<\/title>\n<meta name=\"description\" content=\"Thema: \u201eDie Hexe \u2013 eine Frauenfigur- betrachtet im erzieherischen Ausbildungskontext\u201c wird unsere Fachschule f\u00fcr Sozialp\u00e4dagogik die Halberst\u00e4dter Frauenwoche unterst\u00fctzen.\" \/>\n<meta name=\"robots\" content=\"index, follow, max-snippet:-1, max-image-preview:large, max-video-preview:-1\" \/>\n<link rel=\"canonical\" href=\"https:\/\/www.ebg.de\/3-frauenwoche-halberstadt\/\" \/>\n<meta property=\"og:locale\" content=\"en_US\" \/>\n<meta property=\"og:type\" content=\"article\" \/>\n<meta property=\"og:title\" content=\"3.Frauenwoche Halberstadt - Europ\u00e4isches Bildungswerk f\u00fcr Beruf und Gesellschaft\" \/>\n<meta property=\"og:description\" content=\"Thema: \u201eDie Hexe \u2013 eine Frauenfigur- betrachtet im erzieherischen Ausbildungskontext\u201c wird unsere Fachschule f\u00fcr Sozialp\u00e4dagogik die Halberst\u00e4dter Frauenwoche unterst\u00fctzen.\" \/>\n<meta property=\"og:url\" content=\"https:\/\/www.ebg.de\/3-frauenwoche-halberstadt\/\" \/>\n<meta property=\"og:site_name\" content=\"Europ\u00e4isches Bildungswerk f\u00fcr Beruf und Gesellschaft\" \/>\n<meta property=\"article:published_time\" content=\"2025-11-04T14:15:33+00:00\" \/>\n<meta property=\"article:modified_time\" content=\"2025-11-05T11:22:53+00:00\" \/>\n<meta property=\"og:image\" content=\"https:\/\/www.ebg.de\/wp-content\/uploads\/2025\/03\/frauenwoche-1.jpg\" \/>\n\t<meta property=\"og:image:width\" content=\"750\" \/>\n\t<meta property=\"og:image:height\" content=\"472\" \/>\n\t<meta property=\"og:image:type\" content=\"image\/jpeg\" \/>\n<meta name=\"author\" content=\"Nicole Jebauer\" \/>\n<meta name=\"twitter:card\" content=\"summary_large_image\" \/>\n<meta name=\"twitter:label1\" content=\"Written by\" \/>\n\t<meta name=\"twitter:data1\" content=\"Nicole Jebauer\" \/>\n\t<meta name=\"twitter:label2\" content=\"Est. reading time\" \/>\n\t<meta name=\"twitter:data2\" content=\"1 minute\" \/>\n<!-- \/ Yoast SEO plugin. -->","yoast_head_json":{"title":"3.Frauenwoche Halberstadt - Europ\u00e4isches Bildungswerk f\u00fcr Beruf und Gesellschaft","description":"Thema: \u201eDie Hexe \u2013 eine Frauenfigur- betrachtet im erzieherischen Ausbildungskontext\u201c wird unsere Fachschule f\u00fcr Sozialp\u00e4dagogik die Halberst\u00e4dter Frauenwoche unterst\u00fctzen.","robots":{"index":"index","follow":"follow","max-snippet":"max-snippet:-1","max-image-preview":"max-image-preview:large","max-video-preview":"max-video-preview:-1"},"canonical":"https:\/\/www.ebg.de\/3-frauenwoche-halberstadt\/","og_locale":"en_US","og_type":"article","og_title":"3.Frauenwoche Halberstadt - Europ\u00e4isches Bildungswerk f\u00fcr Beruf und Gesellschaft","og_description":"Thema: \u201eDie Hexe \u2013 eine Frauenfigur- betrachtet im erzieherischen Ausbildungskontext\u201c wird unsere Fachschule f\u00fcr Sozialp\u00e4dagogik die Halberst\u00e4dter Frauenwoche unterst\u00fctzen.","og_url":"https:\/\/www.ebg.de\/3-frauenwoche-halberstadt\/","og_site_name":"Europ\u00e4isches Bildungswerk f\u00fcr Beruf und Gesellschaft","article_published_time":"2025-11-04T14:15:33+00:00","article_modified_time":"2025-11-05T11:22:53+00:00","og_image":[{"width":750,"height":472,"url":"https:\/\/www.ebg.de\/wp-content\/uploads\/2025\/03\/frauenwoche-1.jpg","type":"image\/jpeg"}],"author":"Nicole Jebauer","twitter_card":"summary_large_image","twitter_misc":{"Written by":"Nicole Jebauer","Est. reading time":"1 minute"},"schema":{"@context":"https:\/\/schema.org","@graph":[{"@type":"Article","@id":"https:\/\/www.ebg.de\/3-frauenwoche-halberstadt\/#article","isPartOf":{"@id":"https:\/\/www.ebg.de\/3-frauenwoche-halberstadt\/"},"author":{"name":"Nicole Jebauer","@id":"https:\/\/www.ebg.de\/#\/schema\/person\/683a730993574c6987355ff28e65a040"},"headline":"3.Frauenwoche Halberstadt","datePublished":"2025-11-04T14:15:33+00:00","dateModified":"2025-11-05T11:22:53+00:00","mainEntityOfPage":{"@id":"https:\/\/www.ebg.de\/3-frauenwoche-halberstadt\/"},"wordCount":137,"image":{"@id":"https:\/\/www.ebg.de\/3-frauenwoche-halberstadt\/#primaryimage"},"thumbnailUrl":"https:\/\/www.ebg.de\/wp-content\/uploads\/2025\/03\/frauenwoche-1.jpg","keywords":["Erzieher"],"articleSection":["News - Halberstadt Schulen"],"inLanguage":"en-US"},{"@type":"WebPage","@id":"https:\/\/www.ebg.de\/3-frauenwoche-halberstadt\/","url":"https:\/\/www.ebg.de\/3-frauenwoche-halberstadt\/","name":"3.Frauenwoche Halberstadt - Europ\u00e4isches Bildungswerk f\u00fcr Beruf und Gesellschaft","isPartOf":{"@id":"https:\/\/www.ebg.de\/#website"},"primaryImageOfPage":{"@id":"https:\/\/www.ebg.de\/3-frauenwoche-halberstadt\/#primaryimage"},"image":{"@id":"https:\/\/www.ebg.de\/3-frauenwoche-halberstadt\/#primaryimage"},"thumbnailUrl":"https:\/\/www.ebg.de\/wp-content\/uploads\/2025\/03\/frauenwoche-1.jpg","datePublished":"2025-11-04T14:15:33+00:00","dateModified":"2025-11-05T11:22:53+00:00","author":{"@id":"https:\/\/www.ebg.de\/#\/schema\/person\/683a730993574c6987355ff28e65a040"},"description":"Thema: \u201eDie Hexe \u2013 eine Frauenfigur- betrachtet im erzieherischen Ausbildungskontext\u201c wird unsere Fachschule f\u00fcr Sozialp\u00e4dagogik die Halberst\u00e4dter Frauenwoche unterst\u00fctzen.","breadcrumb":{"@id":"https:\/\/www.ebg.de\/3-frauenwoche-halberstadt\/#breadcrumb"},"inLanguage":"en-US","potentialAction":[{"@type":"ReadAction","target":["https:\/\/www.ebg.de\/3-frauenwoche-halberstadt\/"]}]},{"@type":"ImageObject","inLanguage":"en-US","@id":"https:\/\/www.ebg.de\/3-frauenwoche-halberstadt\/#primaryimage","url":"https:\/\/www.ebg.de\/wp-content\/uploads\/2025\/03\/frauenwoche-1.jpg","contentUrl":"https:\/\/www.ebg.de\/wp-content\/uploads\/2025\/03\/frauenwoche-1.jpg","width":750,"height":472,"caption":"Keyvisual der Initiative Frauenwoche"},{"@type":"BreadcrumbList","@id":"https:\/\/www.ebg.de\/3-frauenwoche-halberstadt\/#breadcrumb","itemListElement":[{"@type":"ListItem","position":1,"name":"Startseite","item":"https:\/\/www.ebg.de\/"},{"@type":"ListItem","position":2,"name":"3.Frauenwoche Halberstadt"}]},{"@type":"WebSite","@id":"https:\/\/www.ebg.de\/#website","url":"https:\/\/www.ebg.de\/","name":"Europ\u00e4isches Bildungswerk f\u00fcr Beruf und Gesellschaft","description":"Bildung, Ausbildung und Weiterbildung","potentialAction":[{"@type":"SearchAction","target":{"@type":"EntryPoint","urlTemplate":"https:\/\/www.ebg.de\/?s={search_term_string}"},"query-input":{"@type":"PropertyValueSpecification","valueRequired":true,"valueName":"search_term_string"}}],"inLanguage":"en-US"},{"@type":"Person","@id":"https:\/\/www.ebg.de\/#\/schema\/person\/683a730993574c6987355ff28e65a040","name":"Nicole Jebauer","image":{"@type":"ImageObject","inLanguage":"en-US","@id":"https:\/\/www.ebg.de\/#\/schema\/person\/image\/","url":"https:\/\/secure.gravatar.com\/avatar\/e704d4f6221214865a929f4155d799645f194b6db7c64fbd461aa448c0d57b61?s=96&d=mm&r=g","contentUrl":"https:\/\/secure.gravatar.com\/avatar\/e704d4f6221214865a929f4155d799645f194b6db7c64fbd461aa448c0d57b61?s=96&d=mm&r=g","caption":"Nicole Jebauer"},"url":"https:\/\/www.ebg.de\/en\/author\/fshalberstadt\/"}]}},"_links":{"self":[{"href":"https:\/\/www.ebg.de\/en\/wp-json\/wp\/v2\/posts\/40138","targetHints":{"allow":["GET"]}}],"collection":[{"href":"https:\/\/www.ebg.de\/en\/wp-json\/wp\/v2\/posts"}],"about":[{"href":"https:\/\/www.ebg.de\/en\/wp-json\/wp\/v2\/types\/post"}],"author":[{"embeddable":true,"href":"https:\/\/www.ebg.de\/en\/wp-json\/wp\/v2\/users\/19"}],"replies":[{"embeddable":true,"href":"https:\/\/www.ebg.de\/en\/wp-json\/wp\/v2\/comments?post=40138"}],"version-history":[{"count":5,"href":"https:\/\/www.ebg.de\/en\/wp-json\/wp\/v2\/posts\/40138\/revisions"}],"predecessor-version":[{"id":40161,"href":"https:\/\/www.ebg.de\/en\/wp-json\/wp\/v2\/posts\/40138\/revisions\/40161"}],"wp:featuredmedia":[{"embeddable":true,"href":"https:\/\/www.ebg.de\/en\/wp-json\/wp\/v2\/media\/38971"}],"wp:attachment":[{"href":"https:\/\/www.ebg.de\/en\/wp-json\/wp\/v2\/media?parent=40138"}],"wp:term":[{"taxonomy":"category","embeddable":true,"href":"https:\/\/www.ebg.de\/en\/wp-json\/wp\/v2\/categories?post=40138"},{"taxonomy":"post_tag","embeddable":true,"href":"https:\/\/www.ebg.de\/en\/wp-json\/wp\/v2\/tags?post=40138"}],"curies":[{"name":"wp","href":"https:\/\/api.w.org\/{rel}","templated":true}]}}