{"id":40080,"date":"2025-10-16T11:36:02","date_gmt":"2025-10-16T09:36:02","guid":{"rendered":"https:\/\/www.ebg.de\/?p=40080"},"modified":"2025-10-16T11:36:09","modified_gmt":"2025-10-16T09:36:09","slug":"mitgliederversammlung-des-ebg-e-v-in-der-slowakei","status":"publish","type":"post","link":"https:\/\/www.ebg.de\/en\/mitgliederversammlung-des-ebg-e-v-in-der-slowakei\/","title":{"rendered":"Mitgliederversammlung des EBG e. V. in der Slowakei"},"content":{"rendered":"\n<h3 class=\"wp-block-heading\"><strong>Besuch der neuen Zentren f\u00fcr Robotik und CNC-Programmierung in Trnava<\/strong><\/h3>\n\n\n\n<p>K\u00fcrzlich fand die Mitgliederversammlung des Europ\u00e4ischen Bildungswerks f\u00fcr Beruf und Gesellschaft (EBG e. V.) in der Slowakischen Republik statt. Im Rahmen des Treffens besuchte der Vorstand die neu errichteten <strong>Zentren f\u00fcr Robotik und CNC-Programmierung<\/strong> in der Betriebsschule der <strong>Deutsch-Slowakischen Akademien (DSA)<\/strong> in Trnava \u2013 ein starkes Zeichen f\u00fcr die fortschreitende Digitalisierung und technische Weiterentwicklung unserer Bildungsarbeit vor Ort.<\/p>\n\n\n\n<figure class=\"wp-block-gallery has-nested-images columns-default is-cropped wp-block-gallery-1 is-layout-flex wp-block-gallery-is-layout-flex\">\n<figure class=\"wp-block-image size-large\"><img loading=\"lazy\" decoding=\"async\" width=\"1024\" height=\"683\" data-id=\"40087\" src=\"https:\/\/www.ebg.de\/wp-content\/uploads\/2025\/10\/IMG_5456-1024x683.jpg\" alt=\"\" class=\"wp-image-40087\" srcset=\"https:\/\/www.ebg.de\/wp-content\/uploads\/2025\/10\/IMG_5456-1024x683.jpg 1024w, https:\/\/www.ebg.de\/wp-content\/uploads\/2025\/10\/IMG_5456-300x200.jpg 300w, https:\/\/www.ebg.de\/wp-content\/uploads\/2025\/10\/IMG_5456-768x512.jpg 768w, https:\/\/www.ebg.de\/wp-content\/uploads\/2025\/10\/IMG_5456-1536x1024.jpg 1536w, https:\/\/www.ebg.de\/wp-content\/uploads\/2025\/10\/IMG_5456-2048x1365.jpg 2048w, https:\/\/www.ebg.de\/wp-content\/uploads\/2025\/10\/IMG_5456-900x600.jpg 900w, https:\/\/www.ebg.de\/wp-content\/uploads\/2025\/10\/IMG_5456-1200x800.jpg 1200w\" sizes=\"auto, (max-width: 1024px) 100vw, 1024px\" \/><\/figure>\n\n\n\n<figure class=\"wp-block-image size-large\"><img loading=\"lazy\" decoding=\"async\" width=\"1024\" height=\"683\" data-id=\"40085\" src=\"https:\/\/www.ebg.de\/wp-content\/uploads\/2025\/10\/IMG_5459-1024x683.jpg\" alt=\"\" class=\"wp-image-40085\" srcset=\"https:\/\/www.ebg.de\/wp-content\/uploads\/2025\/10\/IMG_5459-1024x683.jpg 1024w, https:\/\/www.ebg.de\/wp-content\/uploads\/2025\/10\/IMG_5459-300x200.jpg 300w, https:\/\/www.ebg.de\/wp-content\/uploads\/2025\/10\/IMG_5459-768x512.jpg 768w, https:\/\/www.ebg.de\/wp-content\/uploads\/2025\/10\/IMG_5459-1536x1024.jpg 1536w, https:\/\/www.ebg.de\/wp-content\/uploads\/2025\/10\/IMG_5459-2048x1365.jpg 2048w, https:\/\/www.ebg.de\/wp-content\/uploads\/2025\/10\/IMG_5459-900x600.jpg 900w, https:\/\/www.ebg.de\/wp-content\/uploads\/2025\/10\/IMG_5459-1200x800.jpg 1200w\" sizes=\"auto, (max-width: 1024px) 100vw, 1024px\" \/><\/figure>\n\n\n\n<figure class=\"wp-block-image size-large\"><img loading=\"lazy\" decoding=\"async\" width=\"1024\" height=\"683\" data-id=\"40081\" src=\"https:\/\/www.ebg.de\/wp-content\/uploads\/2025\/10\/IMG_5481-1024x683.jpg\" alt=\"\" class=\"wp-image-40081\" srcset=\"https:\/\/www.ebg.de\/wp-content\/uploads\/2025\/10\/IMG_5481-1024x683.jpg 1024w, https:\/\/www.ebg.de\/wp-content\/uploads\/2025\/10\/IMG_5481-300x200.jpg 300w, https:\/\/www.ebg.de\/wp-content\/uploads\/2025\/10\/IMG_5481-768x512.jpg 768w, https:\/\/www.ebg.de\/wp-content\/uploads\/2025\/10\/IMG_5481-1536x1024.jpg 1536w, https:\/\/www.ebg.de\/wp-content\/uploads\/2025\/10\/IMG_5481-2048x1365.jpg 2048w, https:\/\/www.ebg.de\/wp-content\/uploads\/2025\/10\/IMG_5481-900x600.jpg 900w, https:\/\/www.ebg.de\/wp-content\/uploads\/2025\/10\/IMG_5481-1200x800.jpg 1200w\" sizes=\"auto, (max-width: 1024px) 100vw, 1024px\" \/><\/figure>\n\n\n\n<figure class=\"wp-block-image size-large\"><img loading=\"lazy\" decoding=\"async\" width=\"1024\" height=\"683\" data-id=\"40083\" src=\"https:\/\/www.ebg.de\/wp-content\/uploads\/2025\/10\/IMG_5490-1024x683.jpg\" alt=\"\" class=\"wp-image-40083\" srcset=\"https:\/\/www.ebg.de\/wp-content\/uploads\/2025\/10\/IMG_5490-1024x683.jpg 1024w, https:\/\/www.ebg.de\/wp-content\/uploads\/2025\/10\/IMG_5490-300x200.jpg 300w, https:\/\/www.ebg.de\/wp-content\/uploads\/2025\/10\/IMG_5490-768x512.jpg 768w, https:\/\/www.ebg.de\/wp-content\/uploads\/2025\/10\/IMG_5490-1536x1024.jpg 1536w, https:\/\/www.ebg.de\/wp-content\/uploads\/2025\/10\/IMG_5490-2048x1365.jpg 2048w, https:\/\/www.ebg.de\/wp-content\/uploads\/2025\/10\/IMG_5490-900x600.jpg 900w, https:\/\/www.ebg.de\/wp-content\/uploads\/2025\/10\/IMG_5490-1200x800.jpg 1200w\" sizes=\"auto, (max-width: 1024px) 100vw, 1024px\" \/><\/figure>\n<\/figure>\n\n\n\n<p>Die Leiter der Berufsfachschulen des EBG aus Brezno und \u017diar nad Hronom, <strong>Miro Koralka<\/strong>, sowie aus Humenne, <strong>Tomas Masica<\/strong>, berichteten \u00fcber erfolgreiche Projekte und Ergebnisse des vergangenen Schuljahres. Auch <strong>Lenka Heilerova<\/strong>, Leiterin des privaten Kindergartens in Brezno, stellte ihre Arbeit und geplante Vorhaben f\u00fcr das kommende Schuljahr vor.<\/p>\n\n\n\n<p>Dar\u00fcber hinaus pr\u00e4sentierten die Leiter der Betriebsschulen der DSA in <strong>Trnava, Nitra und Trebi\u0161ov<\/strong> ihre aktuellen Entwicklungen. Gemeinsam bilden EBG und DSA mit \u00fcber <strong>3.850 Sch\u00fclerinnen und Sch\u00fclern<\/strong> den gr\u00f6\u00dften privaten Bildungstr\u00e4ger der Slowakei.<\/p>\n\n\n\n<figure class=\"wp-block-gallery has-nested-images columns-default is-cropped wp-block-gallery-2 is-layout-flex wp-block-gallery-is-layout-flex\">\n<figure class=\"wp-block-image size-large\"><img loading=\"lazy\" decoding=\"async\" width=\"683\" height=\"1024\" data-id=\"40099\" src=\"https:\/\/www.ebg.de\/wp-content\/uploads\/2025\/10\/IMG_5509-683x1024.jpg\" alt=\"\" class=\"wp-image-40099\" srcset=\"https:\/\/www.ebg.de\/wp-content\/uploads\/2025\/10\/IMG_5509-683x1024.jpg 683w, https:\/\/www.ebg.de\/wp-content\/uploads\/2025\/10\/IMG_5509-200x300.jpg 200w, https:\/\/www.ebg.de\/wp-content\/uploads\/2025\/10\/IMG_5509-768x1152.jpg 768w, https:\/\/www.ebg.de\/wp-content\/uploads\/2025\/10\/IMG_5509-1024x1536.jpg 1024w, https:\/\/www.ebg.de\/wp-content\/uploads\/2025\/10\/IMG_5509-1365x2048.jpg 1365w, https:\/\/www.ebg.de\/wp-content\/uploads\/2025\/10\/IMG_5509-900x1350.jpg 900w, https:\/\/www.ebg.de\/wp-content\/uploads\/2025\/10\/IMG_5509-1200x1800.jpg 1200w, https:\/\/www.ebg.de\/wp-content\/uploads\/2025\/10\/IMG_5509-scaled.jpg 1707w\" sizes=\"auto, (max-width: 683px) 100vw, 683px\" \/><\/figure>\n\n\n\n<figure class=\"wp-block-image size-large\"><img loading=\"lazy\" decoding=\"async\" width=\"1024\" height=\"683\" data-id=\"40089\" src=\"https:\/\/www.ebg.de\/wp-content\/uploads\/2025\/10\/IMG_5512-1024x683.jpg\" alt=\"\" class=\"wp-image-40089\" srcset=\"https:\/\/www.ebg.de\/wp-content\/uploads\/2025\/10\/IMG_5512-1024x683.jpg 1024w, https:\/\/www.ebg.de\/wp-content\/uploads\/2025\/10\/IMG_5512-300x200.jpg 300w, https:\/\/www.ebg.de\/wp-content\/uploads\/2025\/10\/IMG_5512-768x512.jpg 768w, https:\/\/www.ebg.de\/wp-content\/uploads\/2025\/10\/IMG_5512-1536x1024.jpg 1536w, https:\/\/www.ebg.de\/wp-content\/uploads\/2025\/10\/IMG_5512-2048x1365.jpg 2048w, https:\/\/www.ebg.de\/wp-content\/uploads\/2025\/10\/IMG_5512-900x600.jpg 900w, https:\/\/www.ebg.de\/wp-content\/uploads\/2025\/10\/IMG_5512-1200x800.jpg 1200w\" sizes=\"auto, (max-width: 1024px) 100vw, 1024px\" \/><\/figure>\n\n\n\n<figure class=\"wp-block-image size-large\"><img loading=\"lazy\" decoding=\"async\" width=\"1024\" height=\"683\" data-id=\"40097\" src=\"https:\/\/www.ebg.de\/wp-content\/uploads\/2025\/10\/IMG_5517-1024x683.jpg\" alt=\"\" class=\"wp-image-40097\" srcset=\"https:\/\/www.ebg.de\/wp-content\/uploads\/2025\/10\/IMG_5517-1024x683.jpg 1024w, https:\/\/www.ebg.de\/wp-content\/uploads\/2025\/10\/IMG_5517-300x200.jpg 300w, https:\/\/www.ebg.de\/wp-content\/uploads\/2025\/10\/IMG_5517-768x512.jpg 768w, https:\/\/www.ebg.de\/wp-content\/uploads\/2025\/10\/IMG_5517-1536x1024.jpg 1536w, https:\/\/www.ebg.de\/wp-content\/uploads\/2025\/10\/IMG_5517-2048x1365.jpg 2048w, https:\/\/www.ebg.de\/wp-content\/uploads\/2025\/10\/IMG_5517-900x600.jpg 900w, https:\/\/www.ebg.de\/wp-content\/uploads\/2025\/10\/IMG_5517-1200x800.jpg 1200w\" sizes=\"auto, (max-width: 1024px) 100vw, 1024px\" \/><\/figure>\n\n\n\n<figure class=\"wp-block-image size-large\"><img loading=\"lazy\" decoding=\"async\" width=\"1024\" height=\"683\" data-id=\"40093\" src=\"https:\/\/www.ebg.de\/wp-content\/uploads\/2025\/10\/IMG_5520-1024x683.jpg\" alt=\"\" class=\"wp-image-40093\" srcset=\"https:\/\/www.ebg.de\/wp-content\/uploads\/2025\/10\/IMG_5520-1024x683.jpg 1024w, https:\/\/www.ebg.de\/wp-content\/uploads\/2025\/10\/IMG_5520-300x200.jpg 300w, https:\/\/www.ebg.de\/wp-content\/uploads\/2025\/10\/IMG_5520-768x512.jpg 768w, https:\/\/www.ebg.de\/wp-content\/uploads\/2025\/10\/IMG_5520-1536x1024.jpg 1536w, https:\/\/www.ebg.de\/wp-content\/uploads\/2025\/10\/IMG_5520-2048x1365.jpg 2048w, https:\/\/www.ebg.de\/wp-content\/uploads\/2025\/10\/IMG_5520-900x600.jpg 900w, https:\/\/www.ebg.de\/wp-content\/uploads\/2025\/10\/IMG_5520-1200x800.jpg 1200w\" sizes=\"auto, (max-width: 1024px) 100vw, 1024px\" \/><\/figure>\n\n\n\n<figure class=\"wp-block-image size-large\"><img loading=\"lazy\" decoding=\"async\" width=\"1024\" height=\"683\" data-id=\"40101\" src=\"https:\/\/www.ebg.de\/wp-content\/uploads\/2025\/10\/IMG_5534-1024x683.jpg\" alt=\"\" class=\"wp-image-40101\" srcset=\"https:\/\/www.ebg.de\/wp-content\/uploads\/2025\/10\/IMG_5534-1024x683.jpg 1024w, https:\/\/www.ebg.de\/wp-content\/uploads\/2025\/10\/IMG_5534-300x200.jpg 300w, https:\/\/www.ebg.de\/wp-content\/uploads\/2025\/10\/IMG_5534-768x512.jpg 768w, https:\/\/www.ebg.de\/wp-content\/uploads\/2025\/10\/IMG_5534-1536x1024.jpg 1536w, https:\/\/www.ebg.de\/wp-content\/uploads\/2025\/10\/IMG_5534-2048x1365.jpg 2048w, https:\/\/www.ebg.de\/wp-content\/uploads\/2025\/10\/IMG_5534-900x600.jpg 900w, https:\/\/www.ebg.de\/wp-content\/uploads\/2025\/10\/IMG_5534-1200x800.jpg 1200w\" sizes=\"auto, (max-width: 1024px) 100vw, 1024px\" \/><\/figure>\n\n\n\n<figure class=\"wp-block-image size-large\"><img loading=\"lazy\" decoding=\"async\" width=\"1024\" height=\"683\" data-id=\"40095\" src=\"https:\/\/www.ebg.de\/wp-content\/uploads\/2025\/10\/IMG_5540-1024x683.jpg\" alt=\"\" class=\"wp-image-40095\" srcset=\"https:\/\/www.ebg.de\/wp-content\/uploads\/2025\/10\/IMG_5540-1024x683.jpg 1024w, https:\/\/www.ebg.de\/wp-content\/uploads\/2025\/10\/IMG_5540-300x200.jpg 300w, https:\/\/www.ebg.de\/wp-content\/uploads\/2025\/10\/IMG_5540-768x512.jpg 768w, https:\/\/www.ebg.de\/wp-content\/uploads\/2025\/10\/IMG_5540-1536x1024.jpg 1536w, https:\/\/www.ebg.de\/wp-content\/uploads\/2025\/10\/IMG_5540-2048x1365.jpg 2048w, https:\/\/www.ebg.de\/wp-content\/uploads\/2025\/10\/IMG_5540-900x600.jpg 900w, https:\/\/www.ebg.de\/wp-content\/uploads\/2025\/10\/IMG_5540-1200x800.jpg 1200w\" sizes=\"auto, (max-width: 1024px) 100vw, 1024px\" \/><\/figure>\n\n\n\n<figure class=\"wp-block-image size-large\"><img loading=\"lazy\" decoding=\"async\" width=\"1024\" height=\"683\" data-id=\"40091\" src=\"https:\/\/www.ebg.de\/wp-content\/uploads\/2025\/10\/IMG_5563-1024x683.jpg\" alt=\"\" class=\"wp-image-40091\" srcset=\"https:\/\/www.ebg.de\/wp-content\/uploads\/2025\/10\/IMG_5563-1024x683.jpg 1024w, https:\/\/www.ebg.de\/wp-content\/uploads\/2025\/10\/IMG_5563-300x200.jpg 300w, https:\/\/www.ebg.de\/wp-content\/uploads\/2025\/10\/IMG_5563-768x512.jpg 768w, https:\/\/www.ebg.de\/wp-content\/uploads\/2025\/10\/IMG_5563-1536x1024.jpg 1536w, https:\/\/www.ebg.de\/wp-content\/uploads\/2025\/10\/IMG_5563-2048x1365.jpg 2048w, https:\/\/www.ebg.de\/wp-content\/uploads\/2025\/10\/IMG_5563-900x600.jpg 900w, https:\/\/www.ebg.de\/wp-content\/uploads\/2025\/10\/IMG_5563-1200x800.jpg 1200w\" sizes=\"auto, (max-width: 1024px) 100vw, 1024px\" \/><\/figure>\n<\/figure>\n\n\n\n<p>Im Rahmen der Versammlung wurde zudem der <strong>Vorstand des EBG e. V.<\/strong> neu gew\u00e4hlt. <strong>Prof. Dr. Beckmann<\/strong> wurde als Vorsitzender im Amt best\u00e4tigt. Zu seinen Stellvertretern wurden <strong>Ernst W. Stothfang<\/strong> und <strong>J\u00f6rg Brendel<\/strong> gew\u00e4hlt, <strong>Berthold Kuhn<\/strong> \u00fcbernimmt das Amt des Schatzmeisters.<\/p>\n\n\n\n<div class=\"wp-block-group\"><div class=\"wp-block-group__inner-container is-layout-constrained wp-block-group-is-layout-constrained\"><\/div><\/div>\n\n\n\n<p><\/p>\n\n\n\n<p><\/p>\n\n\n\n<p><\/p>\n\n\n\n<p><\/p>\n\n\n\n<p><\/p>\n\n\n\n<p><\/p>\n\n\n\n<p><\/p>\n\n\n\n<p><\/p>\n","protected":false},"excerpt":{"rendered":"<p>EBG e.V. zur Mitgliederversammlung in der Slowakei<\/p>\n","protected":false},"author":22,"featured_media":40103,"comment_status":"closed","ping_status":"closed","sticky":false,"template":"","format":"standard","meta":{"_acf_changed":false,"footnotes":""},"categories":[22],"tags":[95,78,107,193,172],"class_list":["post-40080","post","type-post","status-publish","format-standard","has-post-thumbnail","hentry","category-news-gf","tag-ausbildung","tag-ebg","tag-europaeisches-bildungswerk","tag-international","tag-pflegefachkraft"],"acf":[],"yoast_head":"<!-- This site is optimized with the Yoast SEO plugin v26.9 - https:\/\/yoast.com\/product\/yoast-seo-wordpress\/ -->\n<title>Mitgliederversammlung des EBG e. V. in der Slowakei -<\/title>\n<meta name=\"description\" content=\"Heute besuchte unser neuer Gesch\u00e4ftsf\u00fchrer Prof. Dr. Bouch\u00e9 das Fach- und Berufsfachschulzentrum Magdeburg \u2013 eine sch\u00f6ne Gelegenheit, Lehrkr\u00e4fte, Dozentinnen und Dozenten sowie langj\u00e4hrige und neue Kolleginnen und Kollegen pers\u00f6nlich kennenzulernen.\" \/>\n<meta name=\"robots\" content=\"index, follow, max-snippet:-1, max-image-preview:large, max-video-preview:-1\" \/>\n<link rel=\"canonical\" href=\"https:\/\/www.ebg.de\/mitgliederversammlung-des-ebg-e-v-in-der-slowakei\/\" \/>\n<meta property=\"og:locale\" content=\"en_US\" \/>\n<meta property=\"og:type\" content=\"article\" \/>\n<meta property=\"og:title\" content=\"Mitgliederversammlung des EBG e. V. in der Slowakei -\" \/>\n<meta property=\"og:description\" content=\"Heute besuchte unser neuer Gesch\u00e4ftsf\u00fchrer Prof. Dr. Bouch\u00e9 das Fach- und Berufsfachschulzentrum Magdeburg \u2013 eine sch\u00f6ne Gelegenheit, Lehrkr\u00e4fte, Dozentinnen und Dozenten sowie langj\u00e4hrige und neue Kolleginnen und Kollegen pers\u00f6nlich kennenzulernen.\" \/>\n<meta property=\"og:url\" content=\"https:\/\/www.ebg.de\/mitgliederversammlung-des-ebg-e-v-in-der-slowakei\/\" \/>\n<meta property=\"og:site_name\" content=\"Europ\u00e4isches Bildungswerk f\u00fcr Beruf und Gesellschaft\" \/>\n<meta property=\"article:published_time\" content=\"2025-10-16T09:36:02+00:00\" \/>\n<meta property=\"article:modified_time\" content=\"2025-10-16T09:36:09+00:00\" \/>\n<meta property=\"og:image\" content=\"https:\/\/www.ebg.de\/wp-content\/uploads\/2025\/10\/IMG_5587-scaled.jpg\" \/>\n\t<meta property=\"og:image:width\" content=\"2560\" \/>\n\t<meta property=\"og:image:height\" content=\"1707\" \/>\n\t<meta property=\"og:image:type\" content=\"image\/jpeg\" \/>\n<meta name=\"author\" content=\"Stephan Deubner\" \/>\n<meta name=\"twitter:card\" content=\"summary_large_image\" \/>\n<meta name=\"twitter:label1\" content=\"Written by\" \/>\n\t<meta name=\"twitter:data1\" content=\"Stephan Deubner\" \/>\n\t<meta name=\"twitter:label2\" content=\"Est. reading time\" \/>\n\t<meta name=\"twitter:data2\" content=\"4 minutes\" \/>\n<!-- \/ Yoast SEO plugin. -->","yoast_head_json":{"title":"Mitgliederversammlung des EBG e. V. in der Slowakei -","description":"Heute besuchte unser neuer Gesch\u00e4ftsf\u00fchrer Prof. Dr. Bouch\u00e9 das Fach- und Berufsfachschulzentrum Magdeburg \u2013 eine sch\u00f6ne Gelegenheit, Lehrkr\u00e4fte, Dozentinnen und Dozenten sowie langj\u00e4hrige und neue Kolleginnen und Kollegen pers\u00f6nlich kennenzulernen.","robots":{"index":"index","follow":"follow","max-snippet":"max-snippet:-1","max-image-preview":"max-image-preview:large","max-video-preview":"max-video-preview:-1"},"canonical":"https:\/\/www.ebg.de\/mitgliederversammlung-des-ebg-e-v-in-der-slowakei\/","og_locale":"en_US","og_type":"article","og_title":"Mitgliederversammlung des EBG e. V. in der Slowakei -","og_description":"Heute besuchte unser neuer Gesch\u00e4ftsf\u00fchrer Prof. Dr. Bouch\u00e9 das Fach- und Berufsfachschulzentrum Magdeburg \u2013 eine sch\u00f6ne Gelegenheit, Lehrkr\u00e4fte, Dozentinnen und Dozenten sowie langj\u00e4hrige und neue Kolleginnen und Kollegen pers\u00f6nlich kennenzulernen.","og_url":"https:\/\/www.ebg.de\/mitgliederversammlung-des-ebg-e-v-in-der-slowakei\/","og_site_name":"Europ\u00e4isches Bildungswerk f\u00fcr Beruf und Gesellschaft","article_published_time":"2025-10-16T09:36:02+00:00","article_modified_time":"2025-10-16T09:36:09+00:00","og_image":[{"width":2560,"height":1707,"url":"https:\/\/www.ebg.de\/wp-content\/uploads\/2025\/10\/IMG_5587-scaled.jpg","type":"image\/jpeg"}],"author":"Stephan Deubner","twitter_card":"summary_large_image","twitter_misc":{"Written by":"Stephan Deubner","Est. reading time":"4 minutes"},"schema":{"@context":"https:\/\/schema.org","@graph":[{"@type":"Article","@id":"https:\/\/www.ebg.de\/mitgliederversammlung-des-ebg-e-v-in-der-slowakei\/#article","isPartOf":{"@id":"https:\/\/www.ebg.de\/mitgliederversammlung-des-ebg-e-v-in-der-slowakei\/"},"author":{"name":"Stephan Deubner","@id":"https:\/\/www.ebg.de\/#\/schema\/person\/af645ea1741029d9a44ae532ceb268bc"},"headline":"Mitgliederversammlung des EBG e. V. in der Slowakei","datePublished":"2025-10-16T09:36:02+00:00","dateModified":"2025-10-16T09:36:09+00:00","mainEntityOfPage":{"@id":"https:\/\/www.ebg.de\/mitgliederversammlung-des-ebg-e-v-in-der-slowakei\/"},"wordCount":215,"image":{"@id":"https:\/\/www.ebg.de\/mitgliederversammlung-des-ebg-e-v-in-der-slowakei\/#primaryimage"},"thumbnailUrl":"https:\/\/www.ebg.de\/wp-content\/uploads\/2025\/10\/IMG_5587-scaled.jpg","keywords":["Ausbildung","EBG","Europ\u00e4isches Bildungswerk","international","Pflegefachkraft"],"articleSection":["News-GF"],"inLanguage":"en-US"},{"@type":"WebPage","@id":"https:\/\/www.ebg.de\/mitgliederversammlung-des-ebg-e-v-in-der-slowakei\/","url":"https:\/\/www.ebg.de\/mitgliederversammlung-des-ebg-e-v-in-der-slowakei\/","name":"Mitgliederversammlung des EBG e. V. in der Slowakei -","isPartOf":{"@id":"https:\/\/www.ebg.de\/#website"},"primaryImageOfPage":{"@id":"https:\/\/www.ebg.de\/mitgliederversammlung-des-ebg-e-v-in-der-slowakei\/#primaryimage"},"image":{"@id":"https:\/\/www.ebg.de\/mitgliederversammlung-des-ebg-e-v-in-der-slowakei\/#primaryimage"},"thumbnailUrl":"https:\/\/www.ebg.de\/wp-content\/uploads\/2025\/10\/IMG_5587-scaled.jpg","datePublished":"2025-10-16T09:36:02+00:00","dateModified":"2025-10-16T09:36:09+00:00","author":{"@id":"https:\/\/www.ebg.de\/#\/schema\/person\/af645ea1741029d9a44ae532ceb268bc"},"description":"Heute besuchte unser neuer Gesch\u00e4ftsf\u00fchrer Prof. Dr. Bouch\u00e9 das Fach- und Berufsfachschulzentrum Magdeburg \u2013 eine sch\u00f6ne Gelegenheit, Lehrkr\u00e4fte, Dozentinnen und Dozenten sowie langj\u00e4hrige und neue Kolleginnen und Kollegen pers\u00f6nlich kennenzulernen.","breadcrumb":{"@id":"https:\/\/www.ebg.de\/mitgliederversammlung-des-ebg-e-v-in-der-slowakei\/#breadcrumb"},"inLanguage":"en-US","potentialAction":[{"@type":"ReadAction","target":["https:\/\/www.ebg.de\/mitgliederversammlung-des-ebg-e-v-in-der-slowakei\/"]}]},{"@type":"ImageObject","inLanguage":"en-US","@id":"https:\/\/www.ebg.de\/mitgliederversammlung-des-ebg-e-v-in-der-slowakei\/#primaryimage","url":"https:\/\/www.ebg.de\/wp-content\/uploads\/2025\/10\/IMG_5587-scaled.jpg","contentUrl":"https:\/\/www.ebg.de\/wp-content\/uploads\/2025\/10\/IMG_5587-scaled.jpg","width":2560,"height":1707},{"@type":"BreadcrumbList","@id":"https:\/\/www.ebg.de\/mitgliederversammlung-des-ebg-e-v-in-der-slowakei\/#breadcrumb","itemListElement":[{"@type":"ListItem","position":1,"name":"Startseite","item":"https:\/\/www.ebg.de\/"},{"@type":"ListItem","position":2,"name":"Mitgliederversammlung des EBG e. V. in der Slowakei"}]},{"@type":"WebSite","@id":"https:\/\/www.ebg.de\/#website","url":"https:\/\/www.ebg.de\/","name":"Europ\u00e4isches Bildungswerk f\u00fcr Beruf und Gesellschaft","description":"Bildung, Ausbildung und Weiterbildung","potentialAction":[{"@type":"SearchAction","target":{"@type":"EntryPoint","urlTemplate":"https:\/\/www.ebg.de\/?s={search_term_string}"},"query-input":{"@type":"PropertyValueSpecification","valueRequired":true,"valueName":"search_term_string"}}],"inLanguage":"en-US"},{"@type":"Person","@id":"https:\/\/www.ebg.de\/#\/schema\/person\/af645ea1741029d9a44ae532ceb268bc","name":"Stephan Deubner","image":{"@type":"ImageObject","inLanguage":"en-US","@id":"https:\/\/www.ebg.de\/#\/schema\/person\/image\/","url":"https:\/\/secure.gravatar.com\/avatar\/35731f6a08afa0518c45f153077f6135c0f41aa2ae0b76e850ef9508976a7bbe?s=96&d=mm&r=g","contentUrl":"https:\/\/secure.gravatar.com\/avatar\/35731f6a08afa0518c45f153077f6135c0f41aa2ae0b76e850ef9508976a7bbe?s=96&d=mm&r=g","caption":"Stephan Deubner"},"url":"https:\/\/www.ebg.de\/en\/author\/sdeubner\/"}]}},"_links":{"self":[{"href":"https:\/\/www.ebg.de\/en\/wp-json\/wp\/v2\/posts\/40080","targetHints":{"allow":["GET"]}}],"collection":[{"href":"https:\/\/www.ebg.de\/en\/wp-json\/wp\/v2\/posts"}],"about":[{"href":"https:\/\/www.ebg.de\/en\/wp-json\/wp\/v2\/types\/post"}],"author":[{"embeddable":true,"href":"https:\/\/www.ebg.de\/en\/wp-json\/wp\/v2\/users\/22"}],"replies":[{"embeddable":true,"href":"https:\/\/www.ebg.de\/en\/wp-json\/wp\/v2\/comments?post=40080"}],"version-history":[{"count":1,"href":"https:\/\/www.ebg.de\/en\/wp-json\/wp\/v2\/posts\/40080\/revisions"}],"predecessor-version":[{"id":40105,"href":"https:\/\/www.ebg.de\/en\/wp-json\/wp\/v2\/posts\/40080\/revisions\/40105"}],"wp:featuredmedia":[{"embeddable":true,"href":"https:\/\/www.ebg.de\/en\/wp-json\/wp\/v2\/media\/40103"}],"wp:attachment":[{"href":"https:\/\/www.ebg.de\/en\/wp-json\/wp\/v2\/media?parent=40080"}],"wp:term":[{"taxonomy":"category","embeddable":true,"href":"https:\/\/www.ebg.de\/en\/wp-json\/wp\/v2\/categories?post=40080"},{"taxonomy":"post_tag","embeddable":true,"href":"https:\/\/www.ebg.de\/en\/wp-json\/wp\/v2\/tags?post=40080"}],"curies":[{"name":"wp","href":"https:\/\/api.w.org\/{rel}","templated":true}]}}