{"id":40042,"date":"2025-10-09T14:40:52","date_gmt":"2025-10-09T12:40:52","guid":{"rendered":"https:\/\/www.ebg.de\/?p=40042"},"modified":"2025-10-10T11:32:51","modified_gmt":"2025-10-10T09:32:51","slug":"begegnung-engagement-und-herz-im-fach-und-berufsfachschulzentrum-magdeburg","status":"publish","type":"post","link":"https:\/\/www.ebg.de\/en\/begegnung-engagement-und-herz-im-fach-und-berufsfachschulzentrum-magdeburg\/","title":{"rendered":"Begegnung, Engagement und Herz im Fach- und Berufsfachschulzentrum Magdeburg"},"content":{"rendered":"\n<p>Heute besuchte unser neuer Gesch\u00e4ftsf\u00fchrer <strong>Prof. Dr. Bouch\u00e9<\/strong> das <strong>Fach- und Berufsfachschulzentrum Magdeburg<\/strong> \u2013 eine sch\u00f6ne Gelegenheit, Lehrkr\u00e4fte, Dozentinnen und Dozenten sowie langj\u00e4hrige und neue Kolleginnen und Kollegen pers\u00f6nlich kennenzulernen.<br>Mit dabei: <strong>Frau Dr. Frosch<\/strong>, die seit dem 1. September das Fachschulzentrum leitet, und <strong>Frau Amelang<\/strong>, neue Kollegin in der Verwaltung \u2013 beide wurden herzlich willkommen gehei\u00dfen.<\/p>\n\n\n\n<div class=\"wp-block-group\"><div class=\"wp-block-group__inner-container is-layout-constrained wp-block-group-is-layout-constrained\">\n<figure class=\"wp-block-gallery has-nested-images columns-default is-cropped wp-block-gallery-1 is-layout-flex wp-block-gallery-is-layout-flex\">\n<figure class=\"wp-block-image size-large\"><img loading=\"lazy\" decoding=\"async\" width=\"1024\" height=\"768\" data-id=\"40043\" src=\"https:\/\/www.ebg.de\/wp-content\/uploads\/2025\/10\/IMG_5607-1024x768.jpg\" alt=\"\" class=\"wp-image-40043\" srcset=\"https:\/\/www.ebg.de\/wp-content\/uploads\/2025\/10\/IMG_5607-1024x768.jpg 1024w, https:\/\/www.ebg.de\/wp-content\/uploads\/2025\/10\/IMG_5607-300x225.jpg 300w, https:\/\/www.ebg.de\/wp-content\/uploads\/2025\/10\/IMG_5607-768x576.jpg 768w, https:\/\/www.ebg.de\/wp-content\/uploads\/2025\/10\/IMG_5607-1536x1152.jpg 1536w, https:\/\/www.ebg.de\/wp-content\/uploads\/2025\/10\/IMG_5607-2048x1536.jpg 2048w, https:\/\/www.ebg.de\/wp-content\/uploads\/2025\/10\/IMG_5607-900x675.jpg 900w, https:\/\/www.ebg.de\/wp-content\/uploads\/2025\/10\/IMG_5607-1200x900.jpg 1200w\" sizes=\"auto, (max-width: 1024px) 100vw, 1024px\" \/><\/figure>\n\n\n\n<figure class=\"wp-block-image size-large\"><img loading=\"lazy\" decoding=\"async\" width=\"1024\" height=\"768\" data-id=\"40046\" src=\"https:\/\/www.ebg.de\/wp-content\/uploads\/2025\/10\/IMG_5628-1024x768.jpg\" alt=\"\" class=\"wp-image-40046\" srcset=\"https:\/\/www.ebg.de\/wp-content\/uploads\/2025\/10\/IMG_5628-1024x768.jpg 1024w, https:\/\/www.ebg.de\/wp-content\/uploads\/2025\/10\/IMG_5628-300x225.jpg 300w, https:\/\/www.ebg.de\/wp-content\/uploads\/2025\/10\/IMG_5628-768x576.jpg 768w, https:\/\/www.ebg.de\/wp-content\/uploads\/2025\/10\/IMG_5628-1536x1152.jpg 1536w, https:\/\/www.ebg.de\/wp-content\/uploads\/2025\/10\/IMG_5628-2048x1536.jpg 2048w, https:\/\/www.ebg.de\/wp-content\/uploads\/2025\/10\/IMG_5628-900x675.jpg 900w, https:\/\/www.ebg.de\/wp-content\/uploads\/2025\/10\/IMG_5628-1200x900.jpg 1200w\" sizes=\"auto, (max-width: 1024px) 100vw, 1024px\" \/><\/figure>\n\n\n\n<figure class=\"wp-block-image size-large\"><img loading=\"lazy\" decoding=\"async\" width=\"1024\" height=\"768\" data-id=\"40045\" src=\"https:\/\/www.ebg.de\/wp-content\/uploads\/2025\/10\/IMG_5643-1024x768.jpg\" alt=\"\" class=\"wp-image-40045\" srcset=\"https:\/\/www.ebg.de\/wp-content\/uploads\/2025\/10\/IMG_5643-1024x768.jpg 1024w, https:\/\/www.ebg.de\/wp-content\/uploads\/2025\/10\/IMG_5643-300x225.jpg 300w, https:\/\/www.ebg.de\/wp-content\/uploads\/2025\/10\/IMG_5643-768x576.jpg 768w, https:\/\/www.ebg.de\/wp-content\/uploads\/2025\/10\/IMG_5643-1536x1152.jpg 1536w, https:\/\/www.ebg.de\/wp-content\/uploads\/2025\/10\/IMG_5643-2048x1536.jpg 2048w, https:\/\/www.ebg.de\/wp-content\/uploads\/2025\/10\/IMG_5643-900x675.jpg 900w, https:\/\/www.ebg.de\/wp-content\/uploads\/2025\/10\/IMG_5643-1200x900.jpg 1200w\" sizes=\"auto, (max-width: 1024px) 100vw, 1024px\" \/><\/figure>\n<\/figure>\n<\/div><\/div>\n\n\n\n<p>Beim anschlie\u00dfenden Rundgang durch das Schulgeb\u00e4ude herrschte reges Treiben: In den R\u00e4umen fand ein <strong>Kuchenbasar mit Kleidertauschb\u00f6rse<\/strong> statt, an dem sich zahlreiche Sch\u00fclerinnen und Sch\u00fcler beteiligten. Mit gro\u00dfem Einsatz, Kreativit\u00e4t und vielen leckeren Kuchenst\u00fccken entstand eine fr\u00f6hliche, lebendige Atmosph\u00e4re \u2013 und ein starkes Ergebnis.<\/p>\n\n\n\n<figure class=\"wp-block-gallery has-nested-images columns-default is-cropped wp-block-gallery-2 is-layout-flex wp-block-gallery-is-layout-flex\">\n<figure class=\"wp-block-image size-large\"><img loading=\"lazy\" decoding=\"async\" width=\"1024\" height=\"683\" data-id=\"40055\" src=\"https:\/\/www.ebg.de\/wp-content\/uploads\/2025\/10\/IMG_5599-1024x683.jpg\" alt=\"\" class=\"wp-image-40055\" srcset=\"https:\/\/www.ebg.de\/wp-content\/uploads\/2025\/10\/IMG_5599-1024x683.jpg 1024w, https:\/\/www.ebg.de\/wp-content\/uploads\/2025\/10\/IMG_5599-300x200.jpg 300w, https:\/\/www.ebg.de\/wp-content\/uploads\/2025\/10\/IMG_5599-768x512.jpg 768w, https:\/\/www.ebg.de\/wp-content\/uploads\/2025\/10\/IMG_5599-1536x1024.jpg 1536w, https:\/\/www.ebg.de\/wp-content\/uploads\/2025\/10\/IMG_5599-2048x1365.jpg 2048w, https:\/\/www.ebg.de\/wp-content\/uploads\/2025\/10\/IMG_5599-900x600.jpg 900w, https:\/\/www.ebg.de\/wp-content\/uploads\/2025\/10\/IMG_5599-1200x800.jpg 1200w\" sizes=\"auto, (max-width: 1024px) 100vw, 1024px\" \/><\/figure>\n\n\n\n<figure class=\"wp-block-image size-large\"><img loading=\"lazy\" decoding=\"async\" width=\"1024\" height=\"768\" data-id=\"40049\" src=\"https:\/\/www.ebg.de\/wp-content\/uploads\/2025\/10\/IMG_5610-1024x768.jpg\" alt=\"\" class=\"wp-image-40049\" srcset=\"https:\/\/www.ebg.de\/wp-content\/uploads\/2025\/10\/IMG_5610-1024x768.jpg 1024w, https:\/\/www.ebg.de\/wp-content\/uploads\/2025\/10\/IMG_5610-300x225.jpg 300w, https:\/\/www.ebg.de\/wp-content\/uploads\/2025\/10\/IMG_5610-768x576.jpg 768w, https:\/\/www.ebg.de\/wp-content\/uploads\/2025\/10\/IMG_5610-1536x1152.jpg 1536w, https:\/\/www.ebg.de\/wp-content\/uploads\/2025\/10\/IMG_5610-2048x1536.jpg 2048w, https:\/\/www.ebg.de\/wp-content\/uploads\/2025\/10\/IMG_5610-900x675.jpg 900w, https:\/\/www.ebg.de\/wp-content\/uploads\/2025\/10\/IMG_5610-1200x900.jpg 1200w\" sizes=\"auto, (max-width: 1024px) 100vw, 1024px\" \/><\/figure>\n\n\n\n<figure class=\"wp-block-image size-large\"><img loading=\"lazy\" decoding=\"async\" width=\"1024\" height=\"683\" data-id=\"40057\" src=\"https:\/\/www.ebg.de\/wp-content\/uploads\/2025\/10\/IMG_5688-1024x683.jpg\" alt=\"\" class=\"wp-image-40057\" srcset=\"https:\/\/www.ebg.de\/wp-content\/uploads\/2025\/10\/IMG_5688-1024x683.jpg 1024w, https:\/\/www.ebg.de\/wp-content\/uploads\/2025\/10\/IMG_5688-300x200.jpg 300w, https:\/\/www.ebg.de\/wp-content\/uploads\/2025\/10\/IMG_5688-768x512.jpg 768w, https:\/\/www.ebg.de\/wp-content\/uploads\/2025\/10\/IMG_5688-1536x1024.jpg 1536w, https:\/\/www.ebg.de\/wp-content\/uploads\/2025\/10\/IMG_5688-2048x1365.jpg 2048w, https:\/\/www.ebg.de\/wp-content\/uploads\/2025\/10\/IMG_5688-900x600.jpg 900w, https:\/\/www.ebg.de\/wp-content\/uploads\/2025\/10\/IMG_5688-1200x800.jpg 1200w\" sizes=\"auto, (max-width: 1024px) 100vw, 1024px\" \/><\/figure>\n\n\n\n<figure class=\"wp-block-image size-large\"><img loading=\"lazy\" decoding=\"async\" width=\"1024\" height=\"683\" data-id=\"40058\" src=\"https:\/\/www.ebg.de\/wp-content\/uploads\/2025\/10\/IMG_5698-1024x683.jpg\" alt=\"\" class=\"wp-image-40058\" srcset=\"https:\/\/www.ebg.de\/wp-content\/uploads\/2025\/10\/IMG_5698-1024x683.jpg 1024w, https:\/\/www.ebg.de\/wp-content\/uploads\/2025\/10\/IMG_5698-300x200.jpg 300w, https:\/\/www.ebg.de\/wp-content\/uploads\/2025\/10\/IMG_5698-768x512.jpg 768w, https:\/\/www.ebg.de\/wp-content\/uploads\/2025\/10\/IMG_5698-1536x1024.jpg 1536w, https:\/\/www.ebg.de\/wp-content\/uploads\/2025\/10\/IMG_5698-2048x1365.jpg 2048w, https:\/\/www.ebg.de\/wp-content\/uploads\/2025\/10\/IMG_5698-900x600.jpg 900w, https:\/\/www.ebg.de\/wp-content\/uploads\/2025\/10\/IMG_5698-1200x800.jpg 1200w\" sizes=\"auto, (max-width: 1024px) 100vw, 1024px\" \/><\/figure>\n\n\n\n<figure class=\"wp-block-image size-large\"><img loading=\"lazy\" decoding=\"async\" width=\"1024\" height=\"768\" data-id=\"40053\" src=\"https:\/\/www.ebg.de\/wp-content\/uploads\/2025\/10\/IMG_5705-1024x768.jpg\" alt=\"\" class=\"wp-image-40053\" srcset=\"https:\/\/www.ebg.de\/wp-content\/uploads\/2025\/10\/IMG_5705-1024x768.jpg 1024w, https:\/\/www.ebg.de\/wp-content\/uploads\/2025\/10\/IMG_5705-300x225.jpg 300w, https:\/\/www.ebg.de\/wp-content\/uploads\/2025\/10\/IMG_5705-768x576.jpg 768w, https:\/\/www.ebg.de\/wp-content\/uploads\/2025\/10\/IMG_5705-1536x1152.jpg 1536w, https:\/\/www.ebg.de\/wp-content\/uploads\/2025\/10\/IMG_5705-2048x1536.jpg 2048w, https:\/\/www.ebg.de\/wp-content\/uploads\/2025\/10\/IMG_5705-900x675.jpg 900w, https:\/\/www.ebg.de\/wp-content\/uploads\/2025\/10\/IMG_5705-1200x900.jpg 1200w\" sizes=\"auto, (max-width: 1024px) 100vw, 1024px\" \/><\/figure>\n<\/figure>\n\n\n\n<p><strong>Allein beim Kuchenbasar kamen 625 Euro Spenden zusammen!<\/strong><br>Das Geld geht an <strong>Johanna (18)<\/strong>, Auszubildende zur Sozialassistentin, die aufgrund einer angeborenen L\u00e4hmung auf eine spezielle <strong>Neuromodulationsorthese<\/strong> angewiesen ist. Die <strong>Krankenkasse \u00fcbernimmt die Kosten leider nicht<\/strong>.<\/p>\n\n\n\n<p>Johanna war \u00fcberw\u00e4ltigt von der Unterst\u00fctzung und bedankt sich herzlich bei allen Beteiligten.<br>Das <strong>EBG bleibt dran und unterst\u00fctzt weiter aktiv<\/strong>.<\/p>\n\n\n\n<p><strong>Wer ebenfalls helfen m\u00f6chte, findet den Spendenlink hier:<br><a href=\"https:\/\/www.gofundme.com\/f\/q6z3m-hilfe-fur-ein-leben-ohne-schmerzen\">gofundme.com\/f\/q6z3m-hilfe-fur-ein-leben-ohne-schmerzen<\/a><\/strong><\/p>\n\n\n\n<p><\/p>\n\n\n\n<p><\/p>\n\n\n\n<p><\/p>\n\n\n\n<p><\/p>\n","protected":false},"excerpt":{"rendered":"<p>Prof. Dr. Bouch\u00e9 zu Gast im Fach- und Berufsfachschulzentrum Magdeburg: Ein Tag des Kennenlernens, des Austauschs und vieler herzlicher Begegnungen.<\/p>\n","protected":false},"author":22,"featured_media":40061,"comment_status":"closed","ping_status":"closed","sticky":false,"template":"","format":"standard","meta":{"_acf_changed":false,"footnotes":""},"categories":[22],"tags":[95,78,107,193,172],"class_list":["post-40042","post","type-post","status-publish","format-standard","has-post-thumbnail","hentry","category-news-gf","tag-ausbildung","tag-ebg","tag-europaeisches-bildungswerk","tag-international","tag-pflegefachkraft"],"acf":[],"yoast_head":"<!-- This site is optimized with the Yoast SEO plugin v26.9 - https:\/\/yoast.com\/product\/yoast-seo-wordpress\/ -->\n<title>Begegnung, Engagement und Herz im Fach- und Berufsfachschulzentrum Magdeburg -<\/title>\n<meta name=\"description\" content=\"Heute besuchte unser neuer Gesch\u00e4ftsf\u00fchrer Prof. Dr. Bouch\u00e9 das Fach- und Berufsfachschulzentrum Magdeburg \u2013 eine sch\u00f6ne Gelegenheit, Lehrkr\u00e4fte, Dozentinnen und Dozenten sowie langj\u00e4hrige und neue Kolleginnen und Kollegen pers\u00f6nlich kennenzulernen.\" \/>\n<meta name=\"robots\" content=\"index, follow, max-snippet:-1, max-image-preview:large, max-video-preview:-1\" \/>\n<link rel=\"canonical\" href=\"https:\/\/www.ebg.de\/begegnung-engagement-und-herz-im-fach-und-berufsfachschulzentrum-magdeburg\/\" \/>\n<meta property=\"og:locale\" content=\"en_US\" \/>\n<meta property=\"og:type\" content=\"article\" \/>\n<meta property=\"og:title\" content=\"Begegnung, Engagement und Herz im Fach- und Berufsfachschulzentrum Magdeburg -\" \/>\n<meta property=\"og:description\" content=\"Heute besuchte unser neuer Gesch\u00e4ftsf\u00fchrer Prof. Dr. Bouch\u00e9 das Fach- und Berufsfachschulzentrum Magdeburg \u2013 eine sch\u00f6ne Gelegenheit, Lehrkr\u00e4fte, Dozentinnen und Dozenten sowie langj\u00e4hrige und neue Kolleginnen und Kollegen pers\u00f6nlich kennenzulernen.\" \/>\n<meta property=\"og:url\" content=\"https:\/\/www.ebg.de\/begegnung-engagement-und-herz-im-fach-und-berufsfachschulzentrum-magdeburg\/\" \/>\n<meta property=\"og:site_name\" content=\"Europ\u00e4isches Bildungswerk f\u00fcr Beruf und Gesellschaft\" \/>\n<meta property=\"article:published_time\" content=\"2025-10-09T12:40:52+00:00\" \/>\n<meta property=\"article:modified_time\" content=\"2025-10-10T09:32:51+00:00\" \/>\n<meta property=\"og:image\" content=\"https:\/\/www.ebg.de\/wp-content\/uploads\/2025\/10\/IMG_5688-1-scaled.jpg\" \/>\n\t<meta property=\"og:image:width\" content=\"2560\" \/>\n\t<meta property=\"og:image:height\" content=\"1707\" \/>\n\t<meta property=\"og:image:type\" content=\"image\/jpeg\" \/>\n<meta name=\"author\" content=\"Stephan Deubner\" \/>\n<meta name=\"twitter:card\" content=\"summary_large_image\" \/>\n<meta name=\"twitter:label1\" content=\"Written by\" \/>\n\t<meta name=\"twitter:data1\" content=\"Stephan Deubner\" \/>\n\t<meta name=\"twitter:label2\" content=\"Est. reading time\" \/>\n\t<meta name=\"twitter:data2\" content=\"3 minutes\" \/>\n<!-- \/ Yoast SEO plugin. -->","yoast_head_json":{"title":"Begegnung, Engagement und Herz im Fach- und Berufsfachschulzentrum Magdeburg -","description":"Heute besuchte unser neuer Gesch\u00e4ftsf\u00fchrer Prof. Dr. Bouch\u00e9 das Fach- und Berufsfachschulzentrum Magdeburg \u2013 eine sch\u00f6ne Gelegenheit, Lehrkr\u00e4fte, Dozentinnen und Dozenten sowie langj\u00e4hrige und neue Kolleginnen und Kollegen pers\u00f6nlich kennenzulernen.","robots":{"index":"index","follow":"follow","max-snippet":"max-snippet:-1","max-image-preview":"max-image-preview:large","max-video-preview":"max-video-preview:-1"},"canonical":"https:\/\/www.ebg.de\/begegnung-engagement-und-herz-im-fach-und-berufsfachschulzentrum-magdeburg\/","og_locale":"en_US","og_type":"article","og_title":"Begegnung, Engagement und Herz im Fach- und Berufsfachschulzentrum Magdeburg -","og_description":"Heute besuchte unser neuer Gesch\u00e4ftsf\u00fchrer Prof. Dr. Bouch\u00e9 das Fach- und Berufsfachschulzentrum Magdeburg \u2013 eine sch\u00f6ne Gelegenheit, Lehrkr\u00e4fte, Dozentinnen und Dozenten sowie langj\u00e4hrige und neue Kolleginnen und Kollegen pers\u00f6nlich kennenzulernen.","og_url":"https:\/\/www.ebg.de\/begegnung-engagement-und-herz-im-fach-und-berufsfachschulzentrum-magdeburg\/","og_site_name":"Europ\u00e4isches Bildungswerk f\u00fcr Beruf und Gesellschaft","article_published_time":"2025-10-09T12:40:52+00:00","article_modified_time":"2025-10-10T09:32:51+00:00","og_image":[{"width":2560,"height":1707,"url":"https:\/\/www.ebg.de\/wp-content\/uploads\/2025\/10\/IMG_5688-1-scaled.jpg","type":"image\/jpeg"}],"author":"Stephan Deubner","twitter_card":"summary_large_image","twitter_misc":{"Written by":"Stephan Deubner","Est. reading time":"3 minutes"},"schema":{"@context":"https:\/\/schema.org","@graph":[{"@type":"Article","@id":"https:\/\/www.ebg.de\/begegnung-engagement-und-herz-im-fach-und-berufsfachschulzentrum-magdeburg\/#article","isPartOf":{"@id":"https:\/\/www.ebg.de\/begegnung-engagement-und-herz-im-fach-und-berufsfachschulzentrum-magdeburg\/"},"author":{"name":"Stephan Deubner","@id":"https:\/\/www.ebg.de\/#\/schema\/person\/af645ea1741029d9a44ae532ceb268bc"},"headline":"Begegnung, Engagement und Herz im Fach- und Berufsfachschulzentrum Magdeburg","datePublished":"2025-10-09T12:40:52+00:00","dateModified":"2025-10-10T09:32:51+00:00","mainEntityOfPage":{"@id":"https:\/\/www.ebg.de\/begegnung-engagement-und-herz-im-fach-und-berufsfachschulzentrum-magdeburg\/"},"wordCount":197,"image":{"@id":"https:\/\/www.ebg.de\/begegnung-engagement-und-herz-im-fach-und-berufsfachschulzentrum-magdeburg\/#primaryimage"},"thumbnailUrl":"https:\/\/www.ebg.de\/wp-content\/uploads\/2025\/10\/IMG_5688-1-scaled.jpg","keywords":["Ausbildung","EBG","Europ\u00e4isches Bildungswerk","international","Pflegefachkraft"],"articleSection":["News-GF"],"inLanguage":"en-US"},{"@type":"WebPage","@id":"https:\/\/www.ebg.de\/begegnung-engagement-und-herz-im-fach-und-berufsfachschulzentrum-magdeburg\/","url":"https:\/\/www.ebg.de\/begegnung-engagement-und-herz-im-fach-und-berufsfachschulzentrum-magdeburg\/","name":"Begegnung, Engagement und Herz im Fach- und Berufsfachschulzentrum Magdeburg -","isPartOf":{"@id":"https:\/\/www.ebg.de\/#website"},"primaryImageOfPage":{"@id":"https:\/\/www.ebg.de\/begegnung-engagement-und-herz-im-fach-und-berufsfachschulzentrum-magdeburg\/#primaryimage"},"image":{"@id":"https:\/\/www.ebg.de\/begegnung-engagement-und-herz-im-fach-und-berufsfachschulzentrum-magdeburg\/#primaryimage"},"thumbnailUrl":"https:\/\/www.ebg.de\/wp-content\/uploads\/2025\/10\/IMG_5688-1-scaled.jpg","datePublished":"2025-10-09T12:40:52+00:00","dateModified":"2025-10-10T09:32:51+00:00","author":{"@id":"https:\/\/www.ebg.de\/#\/schema\/person\/af645ea1741029d9a44ae532ceb268bc"},"description":"Heute besuchte unser neuer Gesch\u00e4ftsf\u00fchrer Prof. Dr. Bouch\u00e9 das Fach- und Berufsfachschulzentrum Magdeburg \u2013 eine sch\u00f6ne Gelegenheit, Lehrkr\u00e4fte, Dozentinnen und Dozenten sowie langj\u00e4hrige und neue Kolleginnen und Kollegen pers\u00f6nlich kennenzulernen.","breadcrumb":{"@id":"https:\/\/www.ebg.de\/begegnung-engagement-und-herz-im-fach-und-berufsfachschulzentrum-magdeburg\/#breadcrumb"},"inLanguage":"en-US","potentialAction":[{"@type":"ReadAction","target":["https:\/\/www.ebg.de\/begegnung-engagement-und-herz-im-fach-und-berufsfachschulzentrum-magdeburg\/"]}]},{"@type":"ImageObject","inLanguage":"en-US","@id":"https:\/\/www.ebg.de\/begegnung-engagement-und-herz-im-fach-und-berufsfachschulzentrum-magdeburg\/#primaryimage","url":"https:\/\/www.ebg.de\/wp-content\/uploads\/2025\/10\/IMG_5688-1-scaled.jpg","contentUrl":"https:\/\/www.ebg.de\/wp-content\/uploads\/2025\/10\/IMG_5688-1-scaled.jpg","width":2560,"height":1707},{"@type":"BreadcrumbList","@id":"https:\/\/www.ebg.de\/begegnung-engagement-und-herz-im-fach-und-berufsfachschulzentrum-magdeburg\/#breadcrumb","itemListElement":[{"@type":"ListItem","position":1,"name":"Startseite","item":"https:\/\/www.ebg.de\/"},{"@type":"ListItem","position":2,"name":"Begegnung, Engagement und Herz im Fach- und Berufsfachschulzentrum Magdeburg"}]},{"@type":"WebSite","@id":"https:\/\/www.ebg.de\/#website","url":"https:\/\/www.ebg.de\/","name":"Europ\u00e4isches Bildungswerk f\u00fcr Beruf und Gesellschaft","description":"Bildung, Ausbildung und Weiterbildung","potentialAction":[{"@type":"SearchAction","target":{"@type":"EntryPoint","urlTemplate":"https:\/\/www.ebg.de\/?s={search_term_string}"},"query-input":{"@type":"PropertyValueSpecification","valueRequired":true,"valueName":"search_term_string"}}],"inLanguage":"en-US"},{"@type":"Person","@id":"https:\/\/www.ebg.de\/#\/schema\/person\/af645ea1741029d9a44ae532ceb268bc","name":"Stephan Deubner","image":{"@type":"ImageObject","inLanguage":"en-US","@id":"https:\/\/www.ebg.de\/#\/schema\/person\/image\/","url":"https:\/\/secure.gravatar.com\/avatar\/35731f6a08afa0518c45f153077f6135c0f41aa2ae0b76e850ef9508976a7bbe?s=96&d=mm&r=g","contentUrl":"https:\/\/secure.gravatar.com\/avatar\/35731f6a08afa0518c45f153077f6135c0f41aa2ae0b76e850ef9508976a7bbe?s=96&d=mm&r=g","caption":"Stephan Deubner"},"url":"https:\/\/www.ebg.de\/en\/author\/sdeubner\/"}]}},"_links":{"self":[{"href":"https:\/\/www.ebg.de\/en\/wp-json\/wp\/v2\/posts\/40042","targetHints":{"allow":["GET"]}}],"collection":[{"href":"https:\/\/www.ebg.de\/en\/wp-json\/wp\/v2\/posts"}],"about":[{"href":"https:\/\/www.ebg.de\/en\/wp-json\/wp\/v2\/types\/post"}],"author":[{"embeddable":true,"href":"https:\/\/www.ebg.de\/en\/wp-json\/wp\/v2\/users\/22"}],"replies":[{"embeddable":true,"href":"https:\/\/www.ebg.de\/en\/wp-json\/wp\/v2\/comments?post=40042"}],"version-history":[{"count":2,"href":"https:\/\/www.ebg.de\/en\/wp-json\/wp\/v2\/posts\/40042\/revisions"}],"predecessor-version":[{"id":40067,"href":"https:\/\/www.ebg.de\/en\/wp-json\/wp\/v2\/posts\/40042\/revisions\/40067"}],"wp:featuredmedia":[{"embeddable":true,"href":"https:\/\/www.ebg.de\/en\/wp-json\/wp\/v2\/media\/40061"}],"wp:attachment":[{"href":"https:\/\/www.ebg.de\/en\/wp-json\/wp\/v2\/media?parent=40042"}],"wp:term":[{"taxonomy":"category","embeddable":true,"href":"https:\/\/www.ebg.de\/en\/wp-json\/wp\/v2\/categories?post=40042"},{"taxonomy":"post_tag","embeddable":true,"href":"https:\/\/www.ebg.de\/en\/wp-json\/wp\/v2\/tags?post=40042"}],"curies":[{"name":"wp","href":"https:\/\/api.w.org\/{rel}","templated":true}]}}