{"id":40007,"date":"2025-10-07T12:58:55","date_gmt":"2025-10-07T10:58:55","guid":{"rendered":"https:\/\/www.ebg.de\/?p=40007"},"modified":"2025-10-07T14:41:02","modified_gmt":"2025-10-07T12:41:02","slug":"unterzeichnung-des-geschaeftsfuehreranstellungsvertrages","status":"publish","type":"post","link":"https:\/\/www.ebg.de\/en\/unterzeichnung-des-geschaeftsfuehreranstellungsvertrages\/","title":{"rendered":"Unterzeichnung des Gesch\u00e4ftsf\u00fchrervertrages"},"content":{"rendered":"\n<p>Im Rahmen der in Trnava durchgef\u00fchrten Aufsichtsratssitzung am 23.09.2025, unterzeichnete der neue Gesch\u00e4ftsf\u00fchrer des Europ\u00e4ischen Bildungswerkes Herr Prof. Dr. Georg Bouch\u00e9 seinen Gesch\u00e4ftsf\u00fchreranstellungsvertrag.<\/p>\n\n\n\n<div class=\"wp-block-group\"><div class=\"wp-block-group__inner-container is-layout-constrained wp-block-group-is-layout-constrained\">\n<figure class=\"wp-block-gallery has-nested-images columns-default is-cropped wp-block-gallery-1 is-layout-flex wp-block-gallery-is-layout-flex\">\n<figure class=\"wp-block-image size-large\"><img loading=\"lazy\" decoding=\"async\" width=\"1024\" height=\"769\" data-id=\"40010\" src=\"https:\/\/www.ebg.de\/wp-content\/uploads\/2025\/10\/IMG_5401-1024x769.jpg\" alt=\"\" class=\"wp-image-40010\" srcset=\"https:\/\/www.ebg.de\/wp-content\/uploads\/2025\/10\/IMG_5401-1024x769.jpg 1024w, https:\/\/www.ebg.de\/wp-content\/uploads\/2025\/10\/IMG_5401-300x225.jpg 300w, https:\/\/www.ebg.de\/wp-content\/uploads\/2025\/10\/IMG_5401-768x577.jpg 768w, https:\/\/www.ebg.de\/wp-content\/uploads\/2025\/10\/IMG_5401-1536x1153.jpg 1536w, https:\/\/www.ebg.de\/wp-content\/uploads\/2025\/10\/IMG_5401-2048x1538.jpg 2048w, https:\/\/www.ebg.de\/wp-content\/uploads\/2025\/10\/IMG_5401-900x676.jpg 900w, https:\/\/www.ebg.de\/wp-content\/uploads\/2025\/10\/IMG_5401-1200x901.jpg 1200w\" sizes=\"auto, (max-width: 1024px) 100vw, 1024px\" \/><\/figure>\n\n\n\n<figure class=\"wp-block-image size-large\"><img loading=\"lazy\" decoding=\"async\" width=\"1024\" height=\"769\" data-id=\"40012\" src=\"https:\/\/www.ebg.de\/wp-content\/uploads\/2025\/10\/IMG_5391-1024x769.jpg\" alt=\"\" class=\"wp-image-40012\" srcset=\"https:\/\/www.ebg.de\/wp-content\/uploads\/2025\/10\/IMG_5391-1024x769.jpg 1024w, https:\/\/www.ebg.de\/wp-content\/uploads\/2025\/10\/IMG_5391-300x225.jpg 300w, https:\/\/www.ebg.de\/wp-content\/uploads\/2025\/10\/IMG_5391-768x577.jpg 768w, https:\/\/www.ebg.de\/wp-content\/uploads\/2025\/10\/IMG_5391-1536x1153.jpg 1536w, https:\/\/www.ebg.de\/wp-content\/uploads\/2025\/10\/IMG_5391-2048x1538.jpg 2048w, https:\/\/www.ebg.de\/wp-content\/uploads\/2025\/10\/IMG_5391-900x676.jpg 900w, https:\/\/www.ebg.de\/wp-content\/uploads\/2025\/10\/IMG_5391-1200x901.jpg 1200w\" sizes=\"auto, (max-width: 1024px) 100vw, 1024px\" \/><\/figure>\n<\/figure>\n<\/div><\/div>\n\n\n\n<figure class=\"wp-block-image size-large\"><img loading=\"lazy\" decoding=\"async\" width=\"1024\" height=\"769\" src=\"https:\/\/www.ebg.de\/wp-content\/uploads\/2025\/10\/IMG_5426-1024x769.jpg\" alt=\"\" class=\"wp-image-40016\" srcset=\"https:\/\/www.ebg.de\/wp-content\/uploads\/2025\/10\/IMG_5426-1024x769.jpg 1024w, https:\/\/www.ebg.de\/wp-content\/uploads\/2025\/10\/IMG_5426-300x225.jpg 300w, https:\/\/www.ebg.de\/wp-content\/uploads\/2025\/10\/IMG_5426-768x577.jpg 768w, https:\/\/www.ebg.de\/wp-content\/uploads\/2025\/10\/IMG_5426-1536x1153.jpg 1536w, https:\/\/www.ebg.de\/wp-content\/uploads\/2025\/10\/IMG_5426-2048x1538.jpg 2048w, https:\/\/www.ebg.de\/wp-content\/uploads\/2025\/10\/IMG_5426-900x676.jpg 900w, https:\/\/www.ebg.de\/wp-content\/uploads\/2025\/10\/IMG_5426-1200x901.jpg 1200w\" sizes=\"auto, (max-width: 1024px) 100vw, 1024px\" \/><\/figure>\n\n\n\n<p>Wir begr\u00fc\u00dfen Herrn Bouch\u00e9 recht herzlich in unserer EBG- Familie und freuen uns auf eine inspirierende, vertrauensvolle und zukunftsorientierte Zusammenarbeit mit ihm.<\/p>\n\n\n\n<p>Der Aufsichtsrat<\/p>\n\n\n\n<p><\/p>\n\n\n\n<p><\/p>\n\n\n\n<p><\/p>\n\n\n\n<p><\/p>\n","protected":false},"excerpt":{"rendered":"<p>Die Vertragsunterzeichnung unseres neuen Gesch\u00e4ftsf\u00fchrers Prof. Dr. Bouch\u00e9.<\/p>\n","protected":false},"author":22,"featured_media":40021,"comment_status":"closed","ping_status":"closed","sticky":false,"template":"","format":"standard","meta":{"_acf_changed":false,"footnotes":""},"categories":[22],"tags":[95,78,107,193,172],"class_list":["post-40007","post","type-post","status-publish","format-standard","has-post-thumbnail","hentry","category-news-gf","tag-ausbildung","tag-ebg","tag-europaeisches-bildungswerk","tag-international","tag-pflegefachkraft"],"acf":[],"yoast_head":"<!-- This site is optimized with the Yoast SEO plugin v26.9 - https:\/\/yoast.com\/product\/yoast-seo-wordpress\/ -->\n<title>Unterzeichnung des Gesch\u00e4ftsf\u00fchrervertrages -<\/title>\n<meta name=\"description\" content=\"Das Europ\u00e4ische Bildungswerk bei EMO Hannover.\" \/>\n<meta name=\"robots\" content=\"index, follow, max-snippet:-1, max-image-preview:large, max-video-preview:-1\" \/>\n<link rel=\"canonical\" href=\"https:\/\/www.ebg.de\/unterzeichnung-des-geschaeftsfuehreranstellungsvertrages\/\" \/>\n<meta property=\"og:locale\" content=\"en_US\" \/>\n<meta property=\"og:type\" content=\"article\" \/>\n<meta property=\"og:title\" content=\"Unterzeichnung des Gesch\u00e4ftsf\u00fchrervertrages -\" \/>\n<meta property=\"og:description\" content=\"Das Europ\u00e4ische Bildungswerk bei EMO Hannover.\" \/>\n<meta property=\"og:url\" content=\"https:\/\/www.ebg.de\/unterzeichnung-des-geschaeftsfuehreranstellungsvertrages\/\" \/>\n<meta property=\"og:site_name\" content=\"Europ\u00e4isches Bildungswerk f\u00fcr Beruf und Gesellschaft\" \/>\n<meta property=\"article:published_time\" content=\"2025-10-07T10:58:55+00:00\" \/>\n<meta property=\"article:modified_time\" content=\"2025-10-07T12:41:02+00:00\" \/>\n<meta property=\"og:image\" content=\"https:\/\/www.ebg.de\/wp-content\/uploads\/2025\/10\/IMG_5387-1-scaled.jpg\" \/>\n\t<meta property=\"og:image:width\" content=\"2560\" \/>\n\t<meta property=\"og:image:height\" content=\"1647\" \/>\n\t<meta property=\"og:image:type\" content=\"image\/jpeg\" \/>\n<meta name=\"author\" content=\"Stephan Deubner\" \/>\n<meta name=\"twitter:card\" content=\"summary_large_image\" \/>\n<meta name=\"twitter:label1\" content=\"Written by\" \/>\n\t<meta name=\"twitter:data1\" content=\"Stephan Deubner\" \/>\n\t<meta name=\"twitter:label2\" content=\"Est. reading time\" \/>\n\t<meta name=\"twitter:data2\" content=\"2 minutes\" \/>\n<!-- \/ Yoast SEO plugin. -->","yoast_head_json":{"title":"Unterzeichnung des Gesch\u00e4ftsf\u00fchrervertrages -","description":"Das Europ\u00e4ische Bildungswerk bei EMO Hannover.","robots":{"index":"index","follow":"follow","max-snippet":"max-snippet:-1","max-image-preview":"max-image-preview:large","max-video-preview":"max-video-preview:-1"},"canonical":"https:\/\/www.ebg.de\/unterzeichnung-des-geschaeftsfuehreranstellungsvertrages\/","og_locale":"en_US","og_type":"article","og_title":"Unterzeichnung des Gesch\u00e4ftsf\u00fchrervertrages -","og_description":"Das Europ\u00e4ische Bildungswerk bei EMO Hannover.","og_url":"https:\/\/www.ebg.de\/unterzeichnung-des-geschaeftsfuehreranstellungsvertrages\/","og_site_name":"Europ\u00e4isches Bildungswerk f\u00fcr Beruf und Gesellschaft","article_published_time":"2025-10-07T10:58:55+00:00","article_modified_time":"2025-10-07T12:41:02+00:00","og_image":[{"width":2560,"height":1647,"url":"https:\/\/www.ebg.de\/wp-content\/uploads\/2025\/10\/IMG_5387-1-scaled.jpg","type":"image\/jpeg"}],"author":"Stephan Deubner","twitter_card":"summary_large_image","twitter_misc":{"Written by":"Stephan Deubner","Est. reading time":"2 minutes"},"schema":{"@context":"https:\/\/schema.org","@graph":[{"@type":"Article","@id":"https:\/\/www.ebg.de\/unterzeichnung-des-geschaeftsfuehreranstellungsvertrages\/#article","isPartOf":{"@id":"https:\/\/www.ebg.de\/unterzeichnung-des-geschaeftsfuehreranstellungsvertrages\/"},"author":{"name":"Stephan Deubner","@id":"https:\/\/www.ebg.de\/#\/schema\/person\/af645ea1741029d9a44ae532ceb268bc"},"headline":"Unterzeichnung des Gesch\u00e4ftsf\u00fchrervertrages","datePublished":"2025-10-07T10:58:55+00:00","dateModified":"2025-10-07T12:41:02+00:00","mainEntityOfPage":{"@id":"https:\/\/www.ebg.de\/unterzeichnung-des-geschaeftsfuehreranstellungsvertrages\/"},"wordCount":58,"image":{"@id":"https:\/\/www.ebg.de\/unterzeichnung-des-geschaeftsfuehreranstellungsvertrages\/#primaryimage"},"thumbnailUrl":"https:\/\/www.ebg.de\/wp-content\/uploads\/2025\/10\/IMG_5387-1-scaled.jpg","keywords":["Ausbildung","EBG","Europ\u00e4isches Bildungswerk","international","Pflegefachkraft"],"articleSection":["News-GF"],"inLanguage":"en-US"},{"@type":"WebPage","@id":"https:\/\/www.ebg.de\/unterzeichnung-des-geschaeftsfuehreranstellungsvertrages\/","url":"https:\/\/www.ebg.de\/unterzeichnung-des-geschaeftsfuehreranstellungsvertrages\/","name":"Unterzeichnung des Gesch\u00e4ftsf\u00fchrervertrages -","isPartOf":{"@id":"https:\/\/www.ebg.de\/#website"},"primaryImageOfPage":{"@id":"https:\/\/www.ebg.de\/unterzeichnung-des-geschaeftsfuehreranstellungsvertrages\/#primaryimage"},"image":{"@id":"https:\/\/www.ebg.de\/unterzeichnung-des-geschaeftsfuehreranstellungsvertrages\/#primaryimage"},"thumbnailUrl":"https:\/\/www.ebg.de\/wp-content\/uploads\/2025\/10\/IMG_5387-1-scaled.jpg","datePublished":"2025-10-07T10:58:55+00:00","dateModified":"2025-10-07T12:41:02+00:00","author":{"@id":"https:\/\/www.ebg.de\/#\/schema\/person\/af645ea1741029d9a44ae532ceb268bc"},"description":"Das Europ\u00e4ische Bildungswerk bei EMO Hannover.","breadcrumb":{"@id":"https:\/\/www.ebg.de\/unterzeichnung-des-geschaeftsfuehreranstellungsvertrages\/#breadcrumb"},"inLanguage":"en-US","potentialAction":[{"@type":"ReadAction","target":["https:\/\/www.ebg.de\/unterzeichnung-des-geschaeftsfuehreranstellungsvertrages\/"]}]},{"@type":"ImageObject","inLanguage":"en-US","@id":"https:\/\/www.ebg.de\/unterzeichnung-des-geschaeftsfuehreranstellungsvertrages\/#primaryimage","url":"https:\/\/www.ebg.de\/wp-content\/uploads\/2025\/10\/IMG_5387-1-scaled.jpg","contentUrl":"https:\/\/www.ebg.de\/wp-content\/uploads\/2025\/10\/IMG_5387-1-scaled.jpg","width":2560,"height":1647},{"@type":"BreadcrumbList","@id":"https:\/\/www.ebg.de\/unterzeichnung-des-geschaeftsfuehreranstellungsvertrages\/#breadcrumb","itemListElement":[{"@type":"ListItem","position":1,"name":"Startseite","item":"https:\/\/www.ebg.de\/"},{"@type":"ListItem","position":2,"name":"Unterzeichnung des Gesch\u00e4ftsf\u00fchrervertrages"}]},{"@type":"WebSite","@id":"https:\/\/www.ebg.de\/#website","url":"https:\/\/www.ebg.de\/","name":"Europ\u00e4isches Bildungswerk f\u00fcr Beruf und Gesellschaft","description":"Bildung, Ausbildung und Weiterbildung","potentialAction":[{"@type":"SearchAction","target":{"@type":"EntryPoint","urlTemplate":"https:\/\/www.ebg.de\/?s={search_term_string}"},"query-input":{"@type":"PropertyValueSpecification","valueRequired":true,"valueName":"search_term_string"}}],"inLanguage":"en-US"},{"@type":"Person","@id":"https:\/\/www.ebg.de\/#\/schema\/person\/af645ea1741029d9a44ae532ceb268bc","name":"Stephan Deubner","image":{"@type":"ImageObject","inLanguage":"en-US","@id":"https:\/\/www.ebg.de\/#\/schema\/person\/image\/","url":"https:\/\/secure.gravatar.com\/avatar\/35731f6a08afa0518c45f153077f6135c0f41aa2ae0b76e850ef9508976a7bbe?s=96&d=mm&r=g","contentUrl":"https:\/\/secure.gravatar.com\/avatar\/35731f6a08afa0518c45f153077f6135c0f41aa2ae0b76e850ef9508976a7bbe?s=96&d=mm&r=g","caption":"Stephan Deubner"},"url":"https:\/\/www.ebg.de\/en\/author\/sdeubner\/"}]}},"_links":{"self":[{"href":"https:\/\/www.ebg.de\/en\/wp-json\/wp\/v2\/posts\/40007","targetHints":{"allow":["GET"]}}],"collection":[{"href":"https:\/\/www.ebg.de\/en\/wp-json\/wp\/v2\/posts"}],"about":[{"href":"https:\/\/www.ebg.de\/en\/wp-json\/wp\/v2\/types\/post"}],"author":[{"embeddable":true,"href":"https:\/\/www.ebg.de\/en\/wp-json\/wp\/v2\/users\/22"}],"replies":[{"embeddable":true,"href":"https:\/\/www.ebg.de\/en\/wp-json\/wp\/v2\/comments?post=40007"}],"version-history":[{"count":6,"href":"https:\/\/www.ebg.de\/en\/wp-json\/wp\/v2\/posts\/40007\/revisions"}],"predecessor-version":[{"id":40026,"href":"https:\/\/www.ebg.de\/en\/wp-json\/wp\/v2\/posts\/40007\/revisions\/40026"}],"wp:featuredmedia":[{"embeddable":true,"href":"https:\/\/www.ebg.de\/en\/wp-json\/wp\/v2\/media\/40021"}],"wp:attachment":[{"href":"https:\/\/www.ebg.de\/en\/wp-json\/wp\/v2\/media?parent=40007"}],"wp:term":[{"taxonomy":"category","embeddable":true,"href":"https:\/\/www.ebg.de\/en\/wp-json\/wp\/v2\/categories?post=40007"},{"taxonomy":"post_tag","embeddable":true,"href":"https:\/\/www.ebg.de\/en\/wp-json\/wp\/v2\/tags?post=40007"}],"curies":[{"name":"wp","href":"https:\/\/api.w.org\/{rel}","templated":true}]}}