{"id":39967,"date":"2025-09-29T14:33:04","date_gmt":"2025-09-29T12:33:04","guid":{"rendered":"https:\/\/www.ebg.de\/?p=39967"},"modified":"2025-09-29T14:33:13","modified_gmt":"2025-09-29T12:33:13","slug":"begegnung-mit-dem-neuen-botschafter-der-slowakischen-republik","status":"publish","type":"post","link":"https:\/\/www.ebg.de\/en\/begegnung-mit-dem-neuen-botschafter-der-slowakischen-republik\/","title":{"rendered":"Begegnung mit dem neuen Botschafter der Slowakischen Republik"},"content":{"rendered":"\n<p><\/p>\n\n\n\n<p>Am 17. September 2025 folgten unsere Prokuristin <strong>Grit Boraschke<\/strong> sowie unser Gesch\u00e4ftsf\u00fchrer <strong>Prof. Dr. Bernhard Beckmann<\/strong> der Einladung von <strong>S.E. Herrn Juraj Mach\u00e1\u010d<\/strong> (und <strong>Frau Adriana Mach\u00e1\u010dov\u00e1<\/strong>), dem neuen au\u00dferordentlichen und bevollm\u00e4chtigten Botschafter der Slowakischen Republik in Berlin.<\/p>\n\n\n\n<figure class=\"wp-block-gallery has-nested-images columns-default is-cropped wp-block-gallery-1 is-layout-flex wp-block-gallery-is-layout-flex\">\n<figure class=\"wp-block-image size-large\"><img loading=\"lazy\" decoding=\"async\" width=\"768\" height=\"1024\" data-id=\"39970\" src=\"https:\/\/www.ebg.de\/wp-content\/uploads\/2025\/09\/IMG_2577-768x1024.jpeg\" alt=\"\" class=\"wp-image-39970\" srcset=\"https:\/\/www.ebg.de\/wp-content\/uploads\/2025\/09\/IMG_2577-768x1024.jpeg 768w, https:\/\/www.ebg.de\/wp-content\/uploads\/2025\/09\/IMG_2577-225x300.jpeg 225w, https:\/\/www.ebg.de\/wp-content\/uploads\/2025\/09\/IMG_2577-1152x1536.jpeg 1152w, https:\/\/www.ebg.de\/wp-content\/uploads\/2025\/09\/IMG_2577-1536x2048.jpeg 1536w, https:\/\/www.ebg.de\/wp-content\/uploads\/2025\/09\/IMG_2577-900x1200.jpeg 900w, https:\/\/www.ebg.de\/wp-content\/uploads\/2025\/09\/IMG_2577-1200x1600.jpeg 1200w, https:\/\/www.ebg.de\/wp-content\/uploads\/2025\/09\/IMG_2577-scaled.jpeg 1920w\" sizes=\"auto, (max-width: 768px) 100vw, 768px\" \/><\/figure>\n\n\n\n<figure class=\"wp-block-image size-large\"><img loading=\"lazy\" decoding=\"async\" width=\"1024\" height=\"768\" data-id=\"39968\" src=\"https:\/\/www.ebg.de\/wp-content\/uploads\/2025\/09\/IMG_2579-1024x768.jpeg\" alt=\"\" class=\"wp-image-39968\" srcset=\"https:\/\/www.ebg.de\/wp-content\/uploads\/2025\/09\/IMG_2579-1024x768.jpeg 1024w, https:\/\/www.ebg.de\/wp-content\/uploads\/2025\/09\/IMG_2579-300x225.jpeg 300w, https:\/\/www.ebg.de\/wp-content\/uploads\/2025\/09\/IMG_2579-768x576.jpeg 768w, https:\/\/www.ebg.de\/wp-content\/uploads\/2025\/09\/IMG_2579-1536x1152.jpeg 1536w, https:\/\/www.ebg.de\/wp-content\/uploads\/2025\/09\/IMG_2579-900x675.jpeg 900w, https:\/\/www.ebg.de\/wp-content\/uploads\/2025\/09\/IMG_2579-1200x900.jpeg 1200w, https:\/\/www.ebg.de\/wp-content\/uploads\/2025\/09\/IMG_2579-rotated.jpeg 2000w\" sizes=\"auto, (max-width: 1024px) 100vw, 1024px\" \/><\/figure>\n<\/figure>\n\n\n\n<p>Die Begegnung in der Botschaft anl\u00e4sslich des slowakischen Nationalfeiertages war ein besonderes Erlebnis \u2013 feierlich, inspirierend und voller positiver Gespr\u00e4che.<\/p>\n\n\n\n<p>Als gr\u00f6\u00dfter Bildungstr\u00e4ger in der Slowakei verbindet uns eine lange und erfolgreiche Zusammenarbeit mit dem Land. Besonders mit dem Vorg\u00e4nger von Herrn Mach\u00e1\u010d durften wir eine ausgezeichnete, vertrauensvolle Kooperation erleben, die wir sehr zu sch\u00e4tzen wissen.<\/p>\n\n\n\n<p>Nun blicken wir mit Freude und Zuversicht auf die kommenden Jahre und hoffen, dass wir die erfolgreiche Zusammenarbeit auch mit Herrn Mach\u00e1\u010d in gleicher St\u00e4rke und Qualit\u00e4t fortf\u00fchren k\u00f6nnen.<\/p>\n\n\n\n<p><strong>Fazit:<\/strong> Ein gelungener Abend, ein herzlicher Empfang und ein weiterer wichtiger Schritt in unserer internationalen Partnerschaft.<\/p>\n\n\n\n<p><\/p>\n\n\n\n<p><\/p>\n\n\n\n<p><\/p>\n","protected":false},"excerpt":{"rendered":"<p>Auf zum neuen slowakischen Botschafter nach Berlin.<\/p>\n","protected":false},"author":22,"featured_media":39972,"comment_status":"closed","ping_status":"closed","sticky":false,"template":"","format":"standard","meta":{"_acf_changed":false,"footnotes":""},"categories":[22],"tags":[95,78,107,193,172],"class_list":["post-39967","post","type-post","status-publish","format-standard","has-post-thumbnail","hentry","category-news-gf","tag-ausbildung","tag-ebg","tag-europaeisches-bildungswerk","tag-international","tag-pflegefachkraft"],"acf":[],"yoast_head":"<!-- This site is optimized with the Yoast SEO plugin v26.9 - https:\/\/yoast.com\/product\/yoast-seo-wordpress\/ -->\n<title>Begegnung mit dem neuen Botschafter der Slowakischen Republik -<\/title>\n<meta name=\"description\" content=\"Das Europ\u00e4ische Bildungswerk bei EMO Hannover.\" \/>\n<meta name=\"robots\" content=\"index, follow, max-snippet:-1, max-image-preview:large, max-video-preview:-1\" \/>\n<link rel=\"canonical\" href=\"https:\/\/www.ebg.de\/begegnung-mit-dem-neuen-botschafter-der-slowakischen-republik\/\" \/>\n<meta property=\"og:locale\" content=\"en_US\" \/>\n<meta property=\"og:type\" content=\"article\" \/>\n<meta property=\"og:title\" content=\"Begegnung mit dem neuen Botschafter der Slowakischen Republik -\" \/>\n<meta property=\"og:description\" content=\"Das Europ\u00e4ische Bildungswerk bei EMO Hannover.\" \/>\n<meta property=\"og:url\" content=\"https:\/\/www.ebg.de\/begegnung-mit-dem-neuen-botschafter-der-slowakischen-republik\/\" \/>\n<meta property=\"og:site_name\" content=\"Europ\u00e4isches Bildungswerk f\u00fcr Beruf und Gesellschaft\" \/>\n<meta property=\"article:published_time\" content=\"2025-09-29T12:33:04+00:00\" \/>\n<meta property=\"article:modified_time\" content=\"2025-09-29T12:33:13+00:00\" \/>\n<meta property=\"og:image\" content=\"https:\/\/www.ebg.de\/wp-content\/uploads\/2025\/09\/IMG_2580-scaled.jpeg\" \/>\n\t<meta property=\"og:image:width\" content=\"2560\" \/>\n\t<meta property=\"og:image:height\" content=\"1498\" \/>\n\t<meta property=\"og:image:type\" content=\"image\/jpeg\" \/>\n<meta name=\"author\" content=\"Stephan Deubner\" \/>\n<meta name=\"twitter:card\" content=\"summary_large_image\" \/>\n<meta name=\"twitter:label1\" content=\"Written by\" \/>\n\t<meta name=\"twitter:data1\" content=\"Stephan Deubner\" \/>\n\t<meta name=\"twitter:label2\" content=\"Est. reading time\" \/>\n\t<meta name=\"twitter:data2\" content=\"2 minutes\" \/>\n<!-- \/ Yoast SEO plugin. -->","yoast_head_json":{"title":"Begegnung mit dem neuen Botschafter der Slowakischen Republik -","description":"Das Europ\u00e4ische Bildungswerk bei EMO Hannover.","robots":{"index":"index","follow":"follow","max-snippet":"max-snippet:-1","max-image-preview":"max-image-preview:large","max-video-preview":"max-video-preview:-1"},"canonical":"https:\/\/www.ebg.de\/begegnung-mit-dem-neuen-botschafter-der-slowakischen-republik\/","og_locale":"en_US","og_type":"article","og_title":"Begegnung mit dem neuen Botschafter der Slowakischen Republik -","og_description":"Das Europ\u00e4ische Bildungswerk bei EMO Hannover.","og_url":"https:\/\/www.ebg.de\/begegnung-mit-dem-neuen-botschafter-der-slowakischen-republik\/","og_site_name":"Europ\u00e4isches Bildungswerk f\u00fcr Beruf und Gesellschaft","article_published_time":"2025-09-29T12:33:04+00:00","article_modified_time":"2025-09-29T12:33:13+00:00","og_image":[{"width":2560,"height":1498,"url":"https:\/\/www.ebg.de\/wp-content\/uploads\/2025\/09\/IMG_2580-scaled.jpeg","type":"image\/jpeg"}],"author":"Stephan Deubner","twitter_card":"summary_large_image","twitter_misc":{"Written by":"Stephan Deubner","Est. reading time":"2 minutes"},"schema":{"@context":"https:\/\/schema.org","@graph":[{"@type":"Article","@id":"https:\/\/www.ebg.de\/begegnung-mit-dem-neuen-botschafter-der-slowakischen-republik\/#article","isPartOf":{"@id":"https:\/\/www.ebg.de\/begegnung-mit-dem-neuen-botschafter-der-slowakischen-republik\/"},"author":{"name":"Stephan Deubner","@id":"https:\/\/www.ebg.de\/#\/schema\/person\/af645ea1741029d9a44ae532ceb268bc"},"headline":"Begegnung mit dem neuen Botschafter der Slowakischen Republik","datePublished":"2025-09-29T12:33:04+00:00","dateModified":"2025-09-29T12:33:13+00:00","mainEntityOfPage":{"@id":"https:\/\/www.ebg.de\/begegnung-mit-dem-neuen-botschafter-der-slowakischen-republik\/"},"wordCount":160,"image":{"@id":"https:\/\/www.ebg.de\/begegnung-mit-dem-neuen-botschafter-der-slowakischen-republik\/#primaryimage"},"thumbnailUrl":"https:\/\/www.ebg.de\/wp-content\/uploads\/2025\/09\/IMG_2580-scaled.jpeg","keywords":["Ausbildung","EBG","Europ\u00e4isches Bildungswerk","international","Pflegefachkraft"],"articleSection":["News-GF"],"inLanguage":"en-US"},{"@type":"WebPage","@id":"https:\/\/www.ebg.de\/begegnung-mit-dem-neuen-botschafter-der-slowakischen-republik\/","url":"https:\/\/www.ebg.de\/begegnung-mit-dem-neuen-botschafter-der-slowakischen-republik\/","name":"Begegnung mit dem neuen Botschafter der Slowakischen Republik -","isPartOf":{"@id":"https:\/\/www.ebg.de\/#website"},"primaryImageOfPage":{"@id":"https:\/\/www.ebg.de\/begegnung-mit-dem-neuen-botschafter-der-slowakischen-republik\/#primaryimage"},"image":{"@id":"https:\/\/www.ebg.de\/begegnung-mit-dem-neuen-botschafter-der-slowakischen-republik\/#primaryimage"},"thumbnailUrl":"https:\/\/www.ebg.de\/wp-content\/uploads\/2025\/09\/IMG_2580-scaled.jpeg","datePublished":"2025-09-29T12:33:04+00:00","dateModified":"2025-09-29T12:33:13+00:00","author":{"@id":"https:\/\/www.ebg.de\/#\/schema\/person\/af645ea1741029d9a44ae532ceb268bc"},"description":"Das Europ\u00e4ische Bildungswerk bei EMO Hannover.","breadcrumb":{"@id":"https:\/\/www.ebg.de\/begegnung-mit-dem-neuen-botschafter-der-slowakischen-republik\/#breadcrumb"},"inLanguage":"en-US","potentialAction":[{"@type":"ReadAction","target":["https:\/\/www.ebg.de\/begegnung-mit-dem-neuen-botschafter-der-slowakischen-republik\/"]}]},{"@type":"ImageObject","inLanguage":"en-US","@id":"https:\/\/www.ebg.de\/begegnung-mit-dem-neuen-botschafter-der-slowakischen-republik\/#primaryimage","url":"https:\/\/www.ebg.de\/wp-content\/uploads\/2025\/09\/IMG_2580-scaled.jpeg","contentUrl":"https:\/\/www.ebg.de\/wp-content\/uploads\/2025\/09\/IMG_2580-scaled.jpeg","width":2560,"height":1498},{"@type":"BreadcrumbList","@id":"https:\/\/www.ebg.de\/begegnung-mit-dem-neuen-botschafter-der-slowakischen-republik\/#breadcrumb","itemListElement":[{"@type":"ListItem","position":1,"name":"Startseite","item":"https:\/\/www.ebg.de\/"},{"@type":"ListItem","position":2,"name":"Begegnung mit dem neuen Botschafter der Slowakischen Republik"}]},{"@type":"WebSite","@id":"https:\/\/www.ebg.de\/#website","url":"https:\/\/www.ebg.de\/","name":"Europ\u00e4isches Bildungswerk f\u00fcr Beruf und Gesellschaft","description":"Bildung, Ausbildung und Weiterbildung","potentialAction":[{"@type":"SearchAction","target":{"@type":"EntryPoint","urlTemplate":"https:\/\/www.ebg.de\/?s={search_term_string}"},"query-input":{"@type":"PropertyValueSpecification","valueRequired":true,"valueName":"search_term_string"}}],"inLanguage":"en-US"},{"@type":"Person","@id":"https:\/\/www.ebg.de\/#\/schema\/person\/af645ea1741029d9a44ae532ceb268bc","name":"Stephan Deubner","image":{"@type":"ImageObject","inLanguage":"en-US","@id":"https:\/\/www.ebg.de\/#\/schema\/person\/image\/","url":"https:\/\/secure.gravatar.com\/avatar\/35731f6a08afa0518c45f153077f6135c0f41aa2ae0b76e850ef9508976a7bbe?s=96&d=mm&r=g","contentUrl":"https:\/\/secure.gravatar.com\/avatar\/35731f6a08afa0518c45f153077f6135c0f41aa2ae0b76e850ef9508976a7bbe?s=96&d=mm&r=g","caption":"Stephan Deubner"},"url":"https:\/\/www.ebg.de\/en\/author\/sdeubner\/"}]}},"_links":{"self":[{"href":"https:\/\/www.ebg.de\/en\/wp-json\/wp\/v2\/posts\/39967","targetHints":{"allow":["GET"]}}],"collection":[{"href":"https:\/\/www.ebg.de\/en\/wp-json\/wp\/v2\/posts"}],"about":[{"href":"https:\/\/www.ebg.de\/en\/wp-json\/wp\/v2\/types\/post"}],"author":[{"embeddable":true,"href":"https:\/\/www.ebg.de\/en\/wp-json\/wp\/v2\/users\/22"}],"replies":[{"embeddable":true,"href":"https:\/\/www.ebg.de\/en\/wp-json\/wp\/v2\/comments?post=39967"}],"version-history":[{"count":1,"href":"https:\/\/www.ebg.de\/en\/wp-json\/wp\/v2\/posts\/39967\/revisions"}],"predecessor-version":[{"id":39974,"href":"https:\/\/www.ebg.de\/en\/wp-json\/wp\/v2\/posts\/39967\/revisions\/39974"}],"wp:featuredmedia":[{"embeddable":true,"href":"https:\/\/www.ebg.de\/en\/wp-json\/wp\/v2\/media\/39972"}],"wp:attachment":[{"href":"https:\/\/www.ebg.de\/en\/wp-json\/wp\/v2\/media?parent=39967"}],"wp:term":[{"taxonomy":"category","embeddable":true,"href":"https:\/\/www.ebg.de\/en\/wp-json\/wp\/v2\/categories?post=39967"},{"taxonomy":"post_tag","embeddable":true,"href":"https:\/\/www.ebg.de\/en\/wp-json\/wp\/v2\/tags?post=39967"}],"curies":[{"name":"wp","href":"https:\/\/api.w.org\/{rel}","templated":true}]}}