{"id":39904,"date":"2025-09-12T11:12:00","date_gmt":"2025-09-12T09:12:00","guid":{"rendered":"https:\/\/www.ebg.de\/?p=39904"},"modified":"2025-09-19T11:51:25","modified_gmt":"2025-09-19T09:51:25","slug":"willkommen-neue-erzieherschuler-in-brandenburg","status":"publish","type":"post","link":"https:\/\/www.ebg.de\/en\/willkommen-neue-erzieherschuler-in-brandenburg\/","title":{"rendered":"Willkommen, neue Sch\u00fcler beim EBG in Brandenburg!"},"content":{"rendered":"\n<p>Mit gro\u00dfer Vorfreude startete das neue Schuljahr. <strong>Frau Sabine Wilhelm<\/strong>, Leiterin des Fachschulzentrums, begr\u00fc\u00dfte die neuen Auszubildenden der Heilerziehungspflege, Heilp\u00e4dagogik und Erziehung.<br><\/p>\n\n\n\n<figure class=\"wp-block-gallery has-nested-images columns-default is-cropped wp-block-gallery-1 is-layout-flex wp-block-gallery-is-layout-flex\">\n<figure class=\"wp-block-image size-large\"><img loading=\"lazy\" decoding=\"async\" width=\"1024\" height=\"683\" data-id=\"39910\" src=\"https:\/\/www.ebg.de\/wp-content\/uploads\/2025\/09\/IMG_5126-1024x683.jpg\" alt=\"\" class=\"wp-image-39910\" srcset=\"https:\/\/www.ebg.de\/wp-content\/uploads\/2025\/09\/IMG_5126-1024x683.jpg 1024w, https:\/\/www.ebg.de\/wp-content\/uploads\/2025\/09\/IMG_5126-300x200.jpg 300w, https:\/\/www.ebg.de\/wp-content\/uploads\/2025\/09\/IMG_5126-768x512.jpg 768w, https:\/\/www.ebg.de\/wp-content\/uploads\/2025\/09\/IMG_5126-1536x1024.jpg 1536w, https:\/\/www.ebg.de\/wp-content\/uploads\/2025\/09\/IMG_5126-2048x1365.jpg 2048w, https:\/\/www.ebg.de\/wp-content\/uploads\/2025\/09\/IMG_5126-900x600.jpg 900w, https:\/\/www.ebg.de\/wp-content\/uploads\/2025\/09\/IMG_5126-1200x800.jpg 1200w\" sizes=\"auto, (max-width: 1024px) 100vw, 1024px\" \/><\/figure>\n\n\n\n<figure class=\"wp-block-image size-large\"><img loading=\"lazy\" decoding=\"async\" width=\"1024\" height=\"683\" data-id=\"39906\" src=\"https:\/\/www.ebg.de\/wp-content\/uploads\/2025\/09\/IMG_5135-1024x683.jpg\" alt=\"\" class=\"wp-image-39906\" srcset=\"https:\/\/www.ebg.de\/wp-content\/uploads\/2025\/09\/IMG_5135-1024x683.jpg 1024w, https:\/\/www.ebg.de\/wp-content\/uploads\/2025\/09\/IMG_5135-300x200.jpg 300w, https:\/\/www.ebg.de\/wp-content\/uploads\/2025\/09\/IMG_5135-768x512.jpg 768w, https:\/\/www.ebg.de\/wp-content\/uploads\/2025\/09\/IMG_5135-1536x1024.jpg 1536w, https:\/\/www.ebg.de\/wp-content\/uploads\/2025\/09\/IMG_5135-2048x1365.jpg 2048w, https:\/\/www.ebg.de\/wp-content\/uploads\/2025\/09\/IMG_5135-900x600.jpg 900w, https:\/\/www.ebg.de\/wp-content\/uploads\/2025\/09\/IMG_5135-1200x800.jpg 1200w\" sizes=\"auto, (max-width: 1024px) 100vw, 1024px\" \/><\/figure>\n\n\n\n<figure class=\"wp-block-image size-large\"><img loading=\"lazy\" decoding=\"async\" width=\"1024\" height=\"683\" data-id=\"39908\" src=\"https:\/\/www.ebg.de\/wp-content\/uploads\/2025\/09\/IMG_5137-1024x683.jpg\" alt=\"\" class=\"wp-image-39908\" srcset=\"https:\/\/www.ebg.de\/wp-content\/uploads\/2025\/09\/IMG_5137-1024x683.jpg 1024w, https:\/\/www.ebg.de\/wp-content\/uploads\/2025\/09\/IMG_5137-300x200.jpg 300w, https:\/\/www.ebg.de\/wp-content\/uploads\/2025\/09\/IMG_5137-768x512.jpg 768w, https:\/\/www.ebg.de\/wp-content\/uploads\/2025\/09\/IMG_5137-1536x1024.jpg 1536w, https:\/\/www.ebg.de\/wp-content\/uploads\/2025\/09\/IMG_5137-2048x1365.jpg 2048w, https:\/\/www.ebg.de\/wp-content\/uploads\/2025\/09\/IMG_5137-900x600.jpg 900w, https:\/\/www.ebg.de\/wp-content\/uploads\/2025\/09\/IMG_5137-1200x800.jpg 1200w\" sizes=\"auto, (max-width: 1024px) 100vw, 1024px\" \/><\/figure>\n<\/figure>\n\n\n\n<p>Auch <strong>Prof. Dr. Beckmann<\/strong> hie\u00df die Neuzug\u00e4nge in der EBG-Familie willkommen, gab einen Einblick in die Vielfalt der Schulen, Kompetenzzentren und Einrichtungen \u2013 und stellte den neuen Gesch\u00e4ftsf\u00fchrer vor: <strong>Prof. Dr. Georg Bouch\u00e9<\/strong>, der ab 1. Oktober \u00fcbernimmt und sich den Anwesenden bereits pers\u00f6nlich vorstellte. <\/p>\n\n\n\n<figure class=\"wp-block-gallery has-nested-images columns-default is-cropped wp-block-gallery-2 is-layout-flex wp-block-gallery-is-layout-flex\">\n<figure class=\"wp-block-image size-large\"><img loading=\"lazy\" decoding=\"async\" width=\"1024\" height=\"764\" data-id=\"39912\" src=\"https:\/\/www.ebg.de\/wp-content\/uploads\/2025\/09\/IMG_5075-1024x764.jpg\" alt=\"\" class=\"wp-image-39912\" srcset=\"https:\/\/www.ebg.de\/wp-content\/uploads\/2025\/09\/IMG_5075-1024x764.jpg 1024w, https:\/\/www.ebg.de\/wp-content\/uploads\/2025\/09\/IMG_5075-300x224.jpg 300w, https:\/\/www.ebg.de\/wp-content\/uploads\/2025\/09\/IMG_5075-768x573.jpg 768w, https:\/\/www.ebg.de\/wp-content\/uploads\/2025\/09\/IMG_5075-1536x1146.jpg 1536w, https:\/\/www.ebg.de\/wp-content\/uploads\/2025\/09\/IMG_5075-2048x1528.jpg 2048w, https:\/\/www.ebg.de\/wp-content\/uploads\/2025\/09\/IMG_5075-900x672.jpg 900w, https:\/\/www.ebg.de\/wp-content\/uploads\/2025\/09\/IMG_5075-1200x896.jpg 1200w\" sizes=\"auto, (max-width: 1024px) 100vw, 1024px\" \/><\/figure>\n\n\n\n<figure class=\"wp-block-image size-large\"><img loading=\"lazy\" decoding=\"async\" width=\"1024\" height=\"683\" data-id=\"39918\" src=\"https:\/\/www.ebg.de\/wp-content\/uploads\/2025\/09\/IMG_5156-1024x683.jpg\" alt=\"\" class=\"wp-image-39918\" srcset=\"https:\/\/www.ebg.de\/wp-content\/uploads\/2025\/09\/IMG_5156-1024x683.jpg 1024w, https:\/\/www.ebg.de\/wp-content\/uploads\/2025\/09\/IMG_5156-300x200.jpg 300w, https:\/\/www.ebg.de\/wp-content\/uploads\/2025\/09\/IMG_5156-768x512.jpg 768w, https:\/\/www.ebg.de\/wp-content\/uploads\/2025\/09\/IMG_5156-1536x1024.jpg 1536w, https:\/\/www.ebg.de\/wp-content\/uploads\/2025\/09\/IMG_5156-2048x1365.jpg 2048w, https:\/\/www.ebg.de\/wp-content\/uploads\/2025\/09\/IMG_5156-900x600.jpg 900w, https:\/\/www.ebg.de\/wp-content\/uploads\/2025\/09\/IMG_5156-1200x800.jpg 1200w\" sizes=\"auto, (max-width: 1024px) 100vw, 1024px\" \/><\/figure>\n\n\n\n<figure class=\"wp-block-image size-large\"><img loading=\"lazy\" decoding=\"async\" width=\"1024\" height=\"683\" data-id=\"39916\" src=\"https:\/\/www.ebg.de\/wp-content\/uploads\/2025\/09\/IMG_5167-1024x683.jpg\" alt=\"\" class=\"wp-image-39916\" srcset=\"https:\/\/www.ebg.de\/wp-content\/uploads\/2025\/09\/IMG_5167-1024x683.jpg 1024w, https:\/\/www.ebg.de\/wp-content\/uploads\/2025\/09\/IMG_5167-300x200.jpg 300w, https:\/\/www.ebg.de\/wp-content\/uploads\/2025\/09\/IMG_5167-768x512.jpg 768w, https:\/\/www.ebg.de\/wp-content\/uploads\/2025\/09\/IMG_5167-1536x1024.jpg 1536w, https:\/\/www.ebg.de\/wp-content\/uploads\/2025\/09\/IMG_5167-2048x1365.jpg 2048w, https:\/\/www.ebg.de\/wp-content\/uploads\/2025\/09\/IMG_5167-900x600.jpg 900w, https:\/\/www.ebg.de\/wp-content\/uploads\/2025\/09\/IMG_5167-1200x800.jpg 1200w\" sizes=\"auto, (max-width: 1024px) 100vw, 1024px\" \/><\/figure>\n\n\n\n<figure class=\"wp-block-image size-large\"><img loading=\"lazy\" decoding=\"async\" width=\"1024\" height=\"683\" data-id=\"39914\" src=\"https:\/\/www.ebg.de\/wp-content\/uploads\/2025\/09\/IMG_5174-1024x683.jpg\" alt=\"\" class=\"wp-image-39914\" srcset=\"https:\/\/www.ebg.de\/wp-content\/uploads\/2025\/09\/IMG_5174-1024x683.jpg 1024w, https:\/\/www.ebg.de\/wp-content\/uploads\/2025\/09\/IMG_5174-300x200.jpg 300w, https:\/\/www.ebg.de\/wp-content\/uploads\/2025\/09\/IMG_5174-768x512.jpg 768w, https:\/\/www.ebg.de\/wp-content\/uploads\/2025\/09\/IMG_5174-1536x1024.jpg 1536w, https:\/\/www.ebg.de\/wp-content\/uploads\/2025\/09\/IMG_5174-2048x1365.jpg 2048w, https:\/\/www.ebg.de\/wp-content\/uploads\/2025\/09\/IMG_5174-900x600.jpg 900w, https:\/\/www.ebg.de\/wp-content\/uploads\/2025\/09\/IMG_5174-1200x800.jpg 1200w\" sizes=\"auto, (max-width: 1024px) 100vw, 1024px\" \/><\/figure>\n<\/figure>\n\n\n\n<p>Besonderer Gast war <strong>Dr. Margrit Spielmann<\/strong>, ehemalige B\u00fcrgermeisterin und Bundestagsabgeordnete, die zu Gespr\u00e4chsrunden einlud. Ein sch\u00f6ner pers\u00f6nlicher Bezug: Ihr Enkel startet nun ebenfalls seine Ausbildung bei uns.<\/p>\n\n\n\n<figure class=\"wp-block-gallery has-nested-images columns-default is-cropped wp-block-gallery-3 is-layout-flex wp-block-gallery-is-layout-flex\">\n<figure class=\"wp-block-image size-large\"><img loading=\"lazy\" decoding=\"async\" width=\"1024\" height=\"683\" data-id=\"39922\" src=\"https:\/\/www.ebg.de\/wp-content\/uploads\/2025\/09\/IMG_5141-1024x683.jpg\" alt=\"\" class=\"wp-image-39922\" srcset=\"https:\/\/www.ebg.de\/wp-content\/uploads\/2025\/09\/IMG_5141-1024x683.jpg 1024w, https:\/\/www.ebg.de\/wp-content\/uploads\/2025\/09\/IMG_5141-300x200.jpg 300w, https:\/\/www.ebg.de\/wp-content\/uploads\/2025\/09\/IMG_5141-768x512.jpg 768w, https:\/\/www.ebg.de\/wp-content\/uploads\/2025\/09\/IMG_5141-1536x1024.jpg 1536w, https:\/\/www.ebg.de\/wp-content\/uploads\/2025\/09\/IMG_5141-2048x1365.jpg 2048w, https:\/\/www.ebg.de\/wp-content\/uploads\/2025\/09\/IMG_5141-900x600.jpg 900w, https:\/\/www.ebg.de\/wp-content\/uploads\/2025\/09\/IMG_5141-1200x800.jpg 1200w\" sizes=\"auto, (max-width: 1024px) 100vw, 1024px\" \/><\/figure>\n\n\n\n<figure class=\"wp-block-image size-large\"><img loading=\"lazy\" decoding=\"async\" width=\"1024\" height=\"683\" data-id=\"39924\" src=\"https:\/\/www.ebg.de\/wp-content\/uploads\/2025\/09\/IMG_5188-1024x683.jpg\" alt=\"\" class=\"wp-image-39924\" srcset=\"https:\/\/www.ebg.de\/wp-content\/uploads\/2025\/09\/IMG_5188-1024x683.jpg 1024w, https:\/\/www.ebg.de\/wp-content\/uploads\/2025\/09\/IMG_5188-300x200.jpg 300w, https:\/\/www.ebg.de\/wp-content\/uploads\/2025\/09\/IMG_5188-768x512.jpg 768w, https:\/\/www.ebg.de\/wp-content\/uploads\/2025\/09\/IMG_5188-1536x1024.jpg 1536w, https:\/\/www.ebg.de\/wp-content\/uploads\/2025\/09\/IMG_5188-2048x1365.jpg 2048w, https:\/\/www.ebg.de\/wp-content\/uploads\/2025\/09\/IMG_5188-900x600.jpg 900w, https:\/\/www.ebg.de\/wp-content\/uploads\/2025\/09\/IMG_5188-1200x800.jpg 1200w\" sizes=\"auto, (max-width: 1024px) 100vw, 1024px\" \/><\/figure>\n\n\n\n<figure class=\"wp-block-image size-large\"><img loading=\"lazy\" decoding=\"async\" width=\"1024\" height=\"683\" data-id=\"39926\" src=\"https:\/\/www.ebg.de\/wp-content\/uploads\/2025\/09\/IMG_5229-1024x683.jpg\" alt=\"\" class=\"wp-image-39926\" srcset=\"https:\/\/www.ebg.de\/wp-content\/uploads\/2025\/09\/IMG_5229-1024x683.jpg 1024w, https:\/\/www.ebg.de\/wp-content\/uploads\/2025\/09\/IMG_5229-300x200.jpg 300w, https:\/\/www.ebg.de\/wp-content\/uploads\/2025\/09\/IMG_5229-768x512.jpg 768w, https:\/\/www.ebg.de\/wp-content\/uploads\/2025\/09\/IMG_5229-1536x1024.jpg 1536w, https:\/\/www.ebg.de\/wp-content\/uploads\/2025\/09\/IMG_5229-2048x1365.jpg 2048w, https:\/\/www.ebg.de\/wp-content\/uploads\/2025\/09\/IMG_5229-900x600.jpg 900w, https:\/\/www.ebg.de\/wp-content\/uploads\/2025\/09\/IMG_5229-1200x800.jpg 1200w\" sizes=\"auto, (max-width: 1024px) 100vw, 1024px\" \/><\/figure>\n\n\n\n<figure class=\"wp-block-image size-large\"><img loading=\"lazy\" decoding=\"async\" width=\"1024\" height=\"769\" data-id=\"39920\" src=\"https:\/\/www.ebg.de\/wp-content\/uploads\/2025\/09\/IMG_5251-1024x769.jpg\" alt=\"\" class=\"wp-image-39920\" srcset=\"https:\/\/www.ebg.de\/wp-content\/uploads\/2025\/09\/IMG_5251-1024x769.jpg 1024w, https:\/\/www.ebg.de\/wp-content\/uploads\/2025\/09\/IMG_5251-300x225.jpg 300w, https:\/\/www.ebg.de\/wp-content\/uploads\/2025\/09\/IMG_5251-768x577.jpg 768w, https:\/\/www.ebg.de\/wp-content\/uploads\/2025\/09\/IMG_5251-1536x1153.jpg 1536w, https:\/\/www.ebg.de\/wp-content\/uploads\/2025\/09\/IMG_5251-2048x1538.jpg 2048w, https:\/\/www.ebg.de\/wp-content\/uploads\/2025\/09\/IMG_5251-900x676.jpg 900w, https:\/\/www.ebg.de\/wp-content\/uploads\/2025\/09\/IMG_5251-1200x901.jpg 1200w\" sizes=\"auto, (max-width: 1024px) 100vw, 1024px\" \/><\/figure>\n<\/figure>\n\n\n\n<p>Gar ein wenig emotional wurde es beim (vorab-) Abschied von <strong>Frau Timm<\/strong>, die nach <strong>34 Jahren EBG<\/strong> bald in den Ruhestand geht. Ihr Wirken hat Generationen gepr\u00e4gt \u2013 daf\u00fcr ein gro\u00dfes Dankesch\u00f6n.<\/p>\n\n\n\n<p>Allen neuen Auszubildenden w\u00fcnschen wir einen erfolgreichen Start und ein spannendes Schuljahr!<\/p>\n\n\n\n<p><\/p>\n\n\n\n<p><\/p>\n\n\n\n<p><\/p>\n","protected":false},"excerpt":{"rendered":"<p>Mit einer herzlichen Begr\u00fc\u00dfung durch Schulleiterin Sabine Wilhelm begann am 04 in Brandenburg die Schuljahreser\u00f6ffnung.<\/p>\n","protected":false},"author":22,"featured_media":39934,"comment_status":"closed","ping_status":"closed","sticky":false,"template":"","format":"standard","meta":{"_acf_changed":false,"footnotes":""},"categories":[26,22],"tags":[198,107,193],"class_list":["post-39904","post","type-post","status-publish","format-standard","has-post-thumbnail","hentry","category-news-brandenburg-schulen","category-news-gf","tag-auszubildende","tag-europaeisches-bildungswerk","tag-international"],"acf":[],"yoast_head":"<!-- This site is optimized with the Yoast SEO plugin v26.9 - https:\/\/yoast.com\/product\/yoast-seo-wordpress\/ -->\n<title>Das Willkommen, neue Sch\u00fcler beim EBG in Brandenburg!<\/title>\n<meta name=\"description\" content=\"Mit einer herzlichen Begr\u00fc\u00dfung durch Schulleiterin Sabine Moch begann am 01.08.2025 in Naumburg die Schuljahreser\u00f6ffnung.\" \/>\n<meta name=\"robots\" content=\"index, follow, max-snippet:-1, max-image-preview:large, max-video-preview:-1\" \/>\n<link rel=\"canonical\" href=\"https:\/\/www.ebg.de\/willkommen-neue-erzieherschuler-in-brandenburg\/\" \/>\n<meta property=\"og:locale\" content=\"en_US\" \/>\n<meta property=\"og:type\" content=\"article\" \/>\n<meta property=\"og:title\" content=\"Das Willkommen, neue Sch\u00fcler beim EBG in Brandenburg!\" \/>\n<meta property=\"og:description\" content=\"Mit einer herzlichen Begr\u00fc\u00dfung durch Schulleiterin Sabine Moch begann am 01.08.2025 in Naumburg die Schuljahreser\u00f6ffnung.\" \/>\n<meta property=\"og:url\" content=\"https:\/\/www.ebg.de\/willkommen-neue-erzieherschuler-in-brandenburg\/\" \/>\n<meta property=\"og:site_name\" content=\"Europ\u00e4isches Bildungswerk f\u00fcr Beruf und Gesellschaft\" \/>\n<meta property=\"article:published_time\" content=\"2025-09-12T09:12:00+00:00\" \/>\n<meta property=\"article:modified_time\" content=\"2025-09-19T09:51:25+00:00\" \/>\n<meta property=\"og:image\" content=\"https:\/\/www.ebg.de\/wp-content\/uploads\/2025\/09\/IMG_5249-scaled.jpg\" \/>\n\t<meta property=\"og:image:width\" content=\"2560\" \/>\n\t<meta property=\"og:image:height\" content=\"1922\" \/>\n\t<meta property=\"og:image:type\" content=\"image\/jpeg\" \/>\n<meta name=\"author\" content=\"Stephan Deubner\" \/>\n<meta name=\"twitter:card\" content=\"summary_large_image\" \/>\n<meta name=\"twitter:label1\" content=\"Written by\" \/>\n\t<meta name=\"twitter:data1\" content=\"Stephan Deubner\" \/>\n\t<meta name=\"twitter:label2\" content=\"Est. reading time\" \/>\n\t<meta name=\"twitter:data2\" content=\"4 minutes\" \/>\n<!-- \/ Yoast SEO plugin. -->","yoast_head_json":{"title":"Das Willkommen, neue Sch\u00fcler beim EBG in Brandenburg!","description":"Mit einer herzlichen Begr\u00fc\u00dfung durch Schulleiterin Sabine Moch begann am 01.08.2025 in Naumburg die Schuljahreser\u00f6ffnung.","robots":{"index":"index","follow":"follow","max-snippet":"max-snippet:-1","max-image-preview":"max-image-preview:large","max-video-preview":"max-video-preview:-1"},"canonical":"https:\/\/www.ebg.de\/willkommen-neue-erzieherschuler-in-brandenburg\/","og_locale":"en_US","og_type":"article","og_title":"Das Willkommen, neue Sch\u00fcler beim EBG in Brandenburg!","og_description":"Mit einer herzlichen Begr\u00fc\u00dfung durch Schulleiterin Sabine Moch begann am 01.08.2025 in Naumburg die Schuljahreser\u00f6ffnung.","og_url":"https:\/\/www.ebg.de\/willkommen-neue-erzieherschuler-in-brandenburg\/","og_site_name":"Europ\u00e4isches Bildungswerk f\u00fcr Beruf und Gesellschaft","article_published_time":"2025-09-12T09:12:00+00:00","article_modified_time":"2025-09-19T09:51:25+00:00","og_image":[{"width":2560,"height":1922,"url":"https:\/\/www.ebg.de\/wp-content\/uploads\/2025\/09\/IMG_5249-scaled.jpg","type":"image\/jpeg"}],"author":"Stephan Deubner","twitter_card":"summary_large_image","twitter_misc":{"Written by":"Stephan Deubner","Est. reading time":"4 minutes"},"schema":{"@context":"https:\/\/schema.org","@graph":[{"@type":"Article","@id":"https:\/\/www.ebg.de\/willkommen-neue-erzieherschuler-in-brandenburg\/#article","isPartOf":{"@id":"https:\/\/www.ebg.de\/willkommen-neue-erzieherschuler-in-brandenburg\/"},"author":{"name":"Stephan Deubner","@id":"https:\/\/www.ebg.de\/#\/schema\/person\/af645ea1741029d9a44ae532ceb268bc"},"headline":"Willkommen, neue Sch\u00fcler beim EBG in Brandenburg!","datePublished":"2025-09-12T09:12:00+00:00","dateModified":"2025-09-19T09:51:25+00:00","mainEntityOfPage":{"@id":"https:\/\/www.ebg.de\/willkommen-neue-erzieherschuler-in-brandenburg\/"},"wordCount":158,"image":{"@id":"https:\/\/www.ebg.de\/willkommen-neue-erzieherschuler-in-brandenburg\/#primaryimage"},"thumbnailUrl":"https:\/\/www.ebg.de\/wp-content\/uploads\/2025\/09\/IMG_5249-scaled.jpg","keywords":["Auszubildende","Europ\u00e4isches Bildungswerk","international"],"articleSection":["News - Brandenburg Schulen","News-GF"],"inLanguage":"en-US"},{"@type":"WebPage","@id":"https:\/\/www.ebg.de\/willkommen-neue-erzieherschuler-in-brandenburg\/","url":"https:\/\/www.ebg.de\/willkommen-neue-erzieherschuler-in-brandenburg\/","name":"Das Willkommen, neue Sch\u00fcler beim EBG in Brandenburg!","isPartOf":{"@id":"https:\/\/www.ebg.de\/#website"},"primaryImageOfPage":{"@id":"https:\/\/www.ebg.de\/willkommen-neue-erzieherschuler-in-brandenburg\/#primaryimage"},"image":{"@id":"https:\/\/www.ebg.de\/willkommen-neue-erzieherschuler-in-brandenburg\/#primaryimage"},"thumbnailUrl":"https:\/\/www.ebg.de\/wp-content\/uploads\/2025\/09\/IMG_5249-scaled.jpg","datePublished":"2025-09-12T09:12:00+00:00","dateModified":"2025-09-19T09:51:25+00:00","author":{"@id":"https:\/\/www.ebg.de\/#\/schema\/person\/af645ea1741029d9a44ae532ceb268bc"},"description":"Mit einer herzlichen Begr\u00fc\u00dfung durch Schulleiterin Sabine Moch begann am 01.08.2025 in Naumburg die Schuljahreser\u00f6ffnung.","breadcrumb":{"@id":"https:\/\/www.ebg.de\/willkommen-neue-erzieherschuler-in-brandenburg\/#breadcrumb"},"inLanguage":"en-US","potentialAction":[{"@type":"ReadAction","target":["https:\/\/www.ebg.de\/willkommen-neue-erzieherschuler-in-brandenburg\/"]}]},{"@type":"ImageObject","inLanguage":"en-US","@id":"https:\/\/www.ebg.de\/willkommen-neue-erzieherschuler-in-brandenburg\/#primaryimage","url":"https:\/\/www.ebg.de\/wp-content\/uploads\/2025\/09\/IMG_5249-scaled.jpg","contentUrl":"https:\/\/www.ebg.de\/wp-content\/uploads\/2025\/09\/IMG_5249-scaled.jpg","width":2560,"height":1922},{"@type":"BreadcrumbList","@id":"https:\/\/www.ebg.de\/willkommen-neue-erzieherschuler-in-brandenburg\/#breadcrumb","itemListElement":[{"@type":"ListItem","position":1,"name":"Startseite","item":"https:\/\/www.ebg.de\/"},{"@type":"ListItem","position":2,"name":"Willkommen, neue Sch\u00fcler beim EBG in Brandenburg!"}]},{"@type":"WebSite","@id":"https:\/\/www.ebg.de\/#website","url":"https:\/\/www.ebg.de\/","name":"Europ\u00e4isches Bildungswerk f\u00fcr Beruf und Gesellschaft","description":"Bildung, Ausbildung und Weiterbildung","potentialAction":[{"@type":"SearchAction","target":{"@type":"EntryPoint","urlTemplate":"https:\/\/www.ebg.de\/?s={search_term_string}"},"query-input":{"@type":"PropertyValueSpecification","valueRequired":true,"valueName":"search_term_string"}}],"inLanguage":"en-US"},{"@type":"Person","@id":"https:\/\/www.ebg.de\/#\/schema\/person\/af645ea1741029d9a44ae532ceb268bc","name":"Stephan Deubner","image":{"@type":"ImageObject","inLanguage":"en-US","@id":"https:\/\/www.ebg.de\/#\/schema\/person\/image\/","url":"https:\/\/secure.gravatar.com\/avatar\/35731f6a08afa0518c45f153077f6135c0f41aa2ae0b76e850ef9508976a7bbe?s=96&d=mm&r=g","contentUrl":"https:\/\/secure.gravatar.com\/avatar\/35731f6a08afa0518c45f153077f6135c0f41aa2ae0b76e850ef9508976a7bbe?s=96&d=mm&r=g","caption":"Stephan Deubner"},"url":"https:\/\/www.ebg.de\/en\/author\/sdeubner\/"}]}},"_links":{"self":[{"href":"https:\/\/www.ebg.de\/en\/wp-json\/wp\/v2\/posts\/39904","targetHints":{"allow":["GET"]}}],"collection":[{"href":"https:\/\/www.ebg.de\/en\/wp-json\/wp\/v2\/posts"}],"about":[{"href":"https:\/\/www.ebg.de\/en\/wp-json\/wp\/v2\/types\/post"}],"author":[{"embeddable":true,"href":"https:\/\/www.ebg.de\/en\/wp-json\/wp\/v2\/users\/22"}],"replies":[{"embeddable":true,"href":"https:\/\/www.ebg.de\/en\/wp-json\/wp\/v2\/comments?post=39904"}],"version-history":[{"count":5,"href":"https:\/\/www.ebg.de\/en\/wp-json\/wp\/v2\/posts\/39904\/revisions"}],"predecessor-version":[{"id":39938,"href":"https:\/\/www.ebg.de\/en\/wp-json\/wp\/v2\/posts\/39904\/revisions\/39938"}],"wp:featuredmedia":[{"embeddable":true,"href":"https:\/\/www.ebg.de\/en\/wp-json\/wp\/v2\/media\/39934"}],"wp:attachment":[{"href":"https:\/\/www.ebg.de\/en\/wp-json\/wp\/v2\/media?parent=39904"}],"wp:term":[{"taxonomy":"category","embeddable":true,"href":"https:\/\/www.ebg.de\/en\/wp-json\/wp\/v2\/categories?post=39904"},{"taxonomy":"post_tag","embeddable":true,"href":"https:\/\/www.ebg.de\/en\/wp-json\/wp\/v2\/tags?post=39904"}],"curies":[{"name":"wp","href":"https:\/\/api.w.org\/{rel}","templated":true}]}}