{"id":39818,"date":"2025-08-16T07:49:42","date_gmt":"2025-08-16T05:49:42","guid":{"rendered":"https:\/\/www.ebg.de\/?p=39818"},"modified":"2025-08-25T07:51:36","modified_gmt":"2025-08-25T05:51:36","slug":"willkommen-neue-erzieherschueler-in-naumburg","status":"publish","type":"post","link":"https:\/\/www.ebg.de\/en\/willkommen-neue-erzieherschueler-in-naumburg\/","title":{"rendered":"Willkommen, neue Erziehersch\u00fcler in Naumburg"},"content":{"rendered":"\n<p>Am <strong>11. August<\/strong> hie\u00df das Team des <strong>Fach- und Berufsschulzentrums Naumburg<\/strong> seine neuen Erziehersch\u00fclerinnen und -sch\u00fcler herzlich willkommen. Unter den Neuzug\u00e4ngen sind nicht nur frischgebackene Schulabg\u00e4nger, sondern auch Quereinsteiger und Wechsler von anderen Bildungseinrichtungen \u2013 alle mit einem Ziel: eine Ausbildung zu beginnen, bei der <strong>Praxisn\u00e4he, moderne Ausstattung und pers\u00f6nliche Betreuung<\/strong> an erster Stelle stehen.<\/p>\n\n\n\n<p>Zum feierlichen Auftakt begr\u00fc\u00dfte <strong>Prof. Dr. Beckmann<\/strong>, Vorstand des Europ\u00e4ischen Bildungswerks f\u00fcr Beruf und Gesellschaft (EBG), die neuen Sch\u00fclerinnen und Sch\u00fcler. In seiner Ansprache stellte er das EBG als starken Bildungspartner vor, der jungen Menschen den Weg in eine erfolgreiche berufliche Zukunft ebnet.<\/p>\n\n\n\n<figure class=\"wp-block-gallery has-nested-images columns-default is-cropped wp-block-gallery-1 is-layout-flex wp-block-gallery-is-layout-flex\">\n<figure class=\"wp-block-image size-large\"><img loading=\"lazy\" decoding=\"async\" width=\"1024\" height=\"683\" data-id=\"39794\" src=\"https:\/\/www.ebg.de\/wp-content\/uploads\/2025\/08\/IMG_4846-1024x683.jpg\" alt=\"\" class=\"wp-image-39794\" srcset=\"https:\/\/www.ebg.de\/wp-content\/uploads\/2025\/08\/IMG_4846-1024x683.jpg 1024w, https:\/\/www.ebg.de\/wp-content\/uploads\/2025\/08\/IMG_4846-300x200.jpg 300w, https:\/\/www.ebg.de\/wp-content\/uploads\/2025\/08\/IMG_4846-768x512.jpg 768w, https:\/\/www.ebg.de\/wp-content\/uploads\/2025\/08\/IMG_4846-1536x1024.jpg 1536w, https:\/\/www.ebg.de\/wp-content\/uploads\/2025\/08\/IMG_4846-2048x1365.jpg 2048w, https:\/\/www.ebg.de\/wp-content\/uploads\/2025\/08\/IMG_4846-900x600.jpg 900w, https:\/\/www.ebg.de\/wp-content\/uploads\/2025\/08\/IMG_4846-1200x800.jpg 1200w\" sizes=\"auto, (max-width: 1024px) 100vw, 1024px\" \/><\/figure>\n\n\n\n<figure class=\"wp-block-image size-large\"><img loading=\"lazy\" decoding=\"async\" width=\"1024\" height=\"683\" data-id=\"39795\" src=\"https:\/\/www.ebg.de\/wp-content\/uploads\/2025\/08\/IMG_4868-1024x683.jpg\" alt=\"\" class=\"wp-image-39795\" srcset=\"https:\/\/www.ebg.de\/wp-content\/uploads\/2025\/08\/IMG_4868-1024x683.jpg 1024w, https:\/\/www.ebg.de\/wp-content\/uploads\/2025\/08\/IMG_4868-300x200.jpg 300w, https:\/\/www.ebg.de\/wp-content\/uploads\/2025\/08\/IMG_4868-768x512.jpg 768w, https:\/\/www.ebg.de\/wp-content\/uploads\/2025\/08\/IMG_4868-1536x1024.jpg 1536w, https:\/\/www.ebg.de\/wp-content\/uploads\/2025\/08\/IMG_4868-2048x1365.jpg 2048w, https:\/\/www.ebg.de\/wp-content\/uploads\/2025\/08\/IMG_4868-900x600.jpg 900w, https:\/\/www.ebg.de\/wp-content\/uploads\/2025\/08\/IMG_4868-1200x800.jpg 1200w\" sizes=\"auto, (max-width: 1024px) 100vw, 1024px\" \/><\/figure>\n<\/figure>\n\n\n\n<p><\/p>\n\n\n\n<p>Im Anschluss er\u00f6ffnete die neue Schulleiterin, <strong>Frau Pusch<\/strong>, offiziell das Schuljahr und hie\u00df alle herzlich am Standort Naumburg willkommen<\/p>\n\n\n\n<p>Ein besonderes Highlight des Tages war der Besuch von <strong>R\u00fcdiger Erben<\/strong>, Parlamentarischer Staatssekret\u00e4r (SPD), der spannende Einblicke in die <strong>Bildungspolitik des Landes Sachsen-Anhalt<\/strong> gab.<\/p>\n\n\n\n<figure class=\"wp-block-gallery has-nested-images columns-default is-cropped wp-block-gallery-2 is-layout-flex wp-block-gallery-is-layout-flex\">\n<figure class=\"wp-block-image size-large\"><img loading=\"lazy\" decoding=\"async\" width=\"1024\" height=\"722\" data-id=\"39799\" src=\"https:\/\/www.ebg.de\/wp-content\/uploads\/2025\/08\/IMG_4874-1024x722.jpg\" alt=\"\" class=\"wp-image-39799\" srcset=\"https:\/\/www.ebg.de\/wp-content\/uploads\/2025\/08\/IMG_4874-1024x722.jpg 1024w, https:\/\/www.ebg.de\/wp-content\/uploads\/2025\/08\/IMG_4874-300x212.jpg 300w, https:\/\/www.ebg.de\/wp-content\/uploads\/2025\/08\/IMG_4874-768x542.jpg 768w, https:\/\/www.ebg.de\/wp-content\/uploads\/2025\/08\/IMG_4874-1536x1084.jpg 1536w, https:\/\/www.ebg.de\/wp-content\/uploads\/2025\/08\/IMG_4874-2048x1445.jpg 2048w, https:\/\/www.ebg.de\/wp-content\/uploads\/2025\/08\/IMG_4874-900x635.jpg 900w, https:\/\/www.ebg.de\/wp-content\/uploads\/2025\/08\/IMG_4874-1200x847.jpg 1200w\" sizes=\"auto, (max-width: 1024px) 100vw, 1024px\" \/><\/figure>\n\n\n\n<figure class=\"wp-block-image size-large\"><img loading=\"lazy\" decoding=\"async\" width=\"1024\" height=\"683\" data-id=\"39797\" src=\"https:\/\/www.ebg.de\/wp-content\/uploads\/2025\/08\/IMG_4826-1024x683.jpg\" alt=\"\" class=\"wp-image-39797\" srcset=\"https:\/\/www.ebg.de\/wp-content\/uploads\/2025\/08\/IMG_4826-1024x683.jpg 1024w, https:\/\/www.ebg.de\/wp-content\/uploads\/2025\/08\/IMG_4826-300x200.jpg 300w, https:\/\/www.ebg.de\/wp-content\/uploads\/2025\/08\/IMG_4826-768x512.jpg 768w, https:\/\/www.ebg.de\/wp-content\/uploads\/2025\/08\/IMG_4826-1536x1025.jpg 1536w, https:\/\/www.ebg.de\/wp-content\/uploads\/2025\/08\/IMG_4826-2048x1366.jpg 2048w, https:\/\/www.ebg.de\/wp-content\/uploads\/2025\/08\/IMG_4826-900x600.jpg 900w, https:\/\/www.ebg.de\/wp-content\/uploads\/2025\/08\/IMG_4826-1200x801.jpg 1200w\" sizes=\"auto, (max-width: 1024px) 100vw, 1024px\" \/><\/figure>\n\n\n\n<figure class=\"wp-block-image size-large\"><img loading=\"lazy\" decoding=\"async\" width=\"1024\" height=\"683\" data-id=\"39801\" src=\"https:\/\/www.ebg.de\/wp-content\/uploads\/2025\/08\/IMG_4829-1024x683.jpg\" alt=\"\" class=\"wp-image-39801\" srcset=\"https:\/\/www.ebg.de\/wp-content\/uploads\/2025\/08\/IMG_4829-1024x683.jpg 1024w, https:\/\/www.ebg.de\/wp-content\/uploads\/2025\/08\/IMG_4829-300x200.jpg 300w, https:\/\/www.ebg.de\/wp-content\/uploads\/2025\/08\/IMG_4829-768x512.jpg 768w, https:\/\/www.ebg.de\/wp-content\/uploads\/2025\/08\/IMG_4829-1536x1024.jpg 1536w, https:\/\/www.ebg.de\/wp-content\/uploads\/2025\/08\/IMG_4829-2048x1365.jpg 2048w, https:\/\/www.ebg.de\/wp-content\/uploads\/2025\/08\/IMG_4829-900x600.jpg 900w, https:\/\/www.ebg.de\/wp-content\/uploads\/2025\/08\/IMG_4829-1200x800.jpg 1200w\" sizes=\"auto, (max-width: 1024px) 100vw, 1024px\" \/><\/figure>\n<\/figure>\n\n\n\n<p><\/p>\n\n\n\n<p>Beim Rundgang durch die <strong>lichtdurchfluteten, modern ausgestatteten R\u00e4ume<\/strong> wurde schnell klar: Hier finden die Auszubildenden beste Bedingungen f\u00fcr eine praxisorientierte Ausbildung, die Theorie und Praxis optimal verbindet.<\/p>\n\n\n\n<p>Wir freuen uns auf ein spannendes Schuljahr und w\u00fcnschen allen neuen Sch\u00fclerinnen und Sch\u00fclern einen erfolgreichen Start!<\/p>\n\n\n\n<figure class=\"wp-block-gallery has-nested-images columns-default is-cropped wp-block-gallery-3 is-layout-flex wp-block-gallery-is-layout-flex\">\n<figure class=\"wp-block-image size-large\"><img loading=\"lazy\" decoding=\"async\" width=\"1024\" height=\"683\" data-id=\"39807\" src=\"https:\/\/www.ebg.de\/wp-content\/uploads\/2025\/08\/IMG_4883-1024x683.jpg\" alt=\"\" class=\"wp-image-39807\" srcset=\"https:\/\/www.ebg.de\/wp-content\/uploads\/2025\/08\/IMG_4883-1024x683.jpg 1024w, https:\/\/www.ebg.de\/wp-content\/uploads\/2025\/08\/IMG_4883-300x200.jpg 300w, https:\/\/www.ebg.de\/wp-content\/uploads\/2025\/08\/IMG_4883-768x512.jpg 768w, https:\/\/www.ebg.de\/wp-content\/uploads\/2025\/08\/IMG_4883-1536x1024.jpg 1536w, https:\/\/www.ebg.de\/wp-content\/uploads\/2025\/08\/IMG_4883-2048x1365.jpg 2048w, https:\/\/www.ebg.de\/wp-content\/uploads\/2025\/08\/IMG_4883-900x600.jpg 900w, https:\/\/www.ebg.de\/wp-content\/uploads\/2025\/08\/IMG_4883-1200x800.jpg 1200w\" sizes=\"auto, (max-width: 1024px) 100vw, 1024px\" \/><\/figure>\n\n\n\n<figure class=\"wp-block-image size-large\"><img loading=\"lazy\" decoding=\"async\" width=\"1024\" height=\"683\" data-id=\"39809\" src=\"https:\/\/www.ebg.de\/wp-content\/uploads\/2025\/08\/IMG_4907-1024x683.jpg\" alt=\"\" class=\"wp-image-39809\" srcset=\"https:\/\/www.ebg.de\/wp-content\/uploads\/2025\/08\/IMG_4907-1024x683.jpg 1024w, https:\/\/www.ebg.de\/wp-content\/uploads\/2025\/08\/IMG_4907-300x200.jpg 300w, https:\/\/www.ebg.de\/wp-content\/uploads\/2025\/08\/IMG_4907-768x512.jpg 768w, https:\/\/www.ebg.de\/wp-content\/uploads\/2025\/08\/IMG_4907-1536x1024.jpg 1536w, https:\/\/www.ebg.de\/wp-content\/uploads\/2025\/08\/IMG_4907-2048x1365.jpg 2048w, https:\/\/www.ebg.de\/wp-content\/uploads\/2025\/08\/IMG_4907-900x600.jpg 900w, https:\/\/www.ebg.de\/wp-content\/uploads\/2025\/08\/IMG_4907-1200x800.jpg 1200w\" sizes=\"auto, (max-width: 1024px) 100vw, 1024px\" \/><\/figure>\n<\/figure>\n\n\n\n<figure class=\"wp-block-image size-large\"><img loading=\"lazy\" decoding=\"async\" width=\"1024\" height=\"477\" src=\"https:\/\/www.ebg.de\/wp-content\/uploads\/2025\/08\/IMG_4914-1-1024x477.jpg\" alt=\"\" class=\"wp-image-39813\" srcset=\"https:\/\/www.ebg.de\/wp-content\/uploads\/2025\/08\/IMG_4914-1-1024x477.jpg 1024w, https:\/\/www.ebg.de\/wp-content\/uploads\/2025\/08\/IMG_4914-1-300x140.jpg 300w, https:\/\/www.ebg.de\/wp-content\/uploads\/2025\/08\/IMG_4914-1-768x358.jpg 768w, https:\/\/www.ebg.de\/wp-content\/uploads\/2025\/08\/IMG_4914-1-1536x716.jpg 1536w, https:\/\/www.ebg.de\/wp-content\/uploads\/2025\/08\/IMG_4914-1-2048x955.jpg 2048w, https:\/\/www.ebg.de\/wp-content\/uploads\/2025\/08\/IMG_4914-1-900x420.jpg 900w, https:\/\/www.ebg.de\/wp-content\/uploads\/2025\/08\/IMG_4914-1-1200x560.jpg 1200w\" sizes=\"auto, (max-width: 1024px) 100vw, 1024px\" \/><\/figure>\n\n\n\n<p><\/p>\n\n\n\n<p><\/p>\n","protected":false},"excerpt":{"rendered":"<p>Mit einer herzlichen Begr\u00fc\u00dfung durch Schulleiterin Sabine Moch begann am 01.08.2025 in Naumburg die Schuljahreser\u00f6ffnung.<\/p>\n","protected":false},"author":22,"featured_media":39815,"comment_status":"closed","ping_status":"closed","sticky":false,"template":"","format":"standard","meta":{"_acf_changed":false,"footnotes":""},"categories":[22],"tags":[198,107,193],"class_list":["post-39818","post","type-post","status-publish","format-standard","has-post-thumbnail","hentry","category-news-gf","tag-auszubildende","tag-europaeisches-bildungswerk","tag-international"],"acf":[],"yoast_head":"<!-- This site is optimized with the Yoast SEO plugin v26.9 - https:\/\/yoast.com\/product\/yoast-seo-wordpress\/ -->\n<title>Das Willkommen, neue Erziehersch\u00fcler in Naumburg<\/title>\n<meta name=\"description\" content=\"Mit einer herzlichen Begr\u00fc\u00dfung durch Schulleiterin Sabine Moch begann am 01.08.2025 in Naumburg die Schuljahreser\u00f6ffnung.\" \/>\n<meta name=\"robots\" content=\"index, follow, max-snippet:-1, max-image-preview:large, max-video-preview:-1\" \/>\n<link rel=\"canonical\" href=\"https:\/\/www.ebg.de\/willkommen-neue-erzieherschueler-in-naumburg\/\" \/>\n<meta property=\"og:locale\" content=\"en_US\" \/>\n<meta property=\"og:type\" content=\"article\" \/>\n<meta property=\"og:title\" content=\"Das Willkommen, neue Erziehersch\u00fcler in Naumburg\" \/>\n<meta property=\"og:description\" content=\"Mit einer herzlichen Begr\u00fc\u00dfung durch Schulleiterin Sabine Moch begann am 01.08.2025 in Naumburg die Schuljahreser\u00f6ffnung.\" \/>\n<meta property=\"og:url\" content=\"https:\/\/www.ebg.de\/willkommen-neue-erzieherschueler-in-naumburg\/\" \/>\n<meta property=\"og:site_name\" content=\"Europ\u00e4isches Bildungswerk f\u00fcr Beruf und Gesellschaft\" \/>\n<meta property=\"article:published_time\" content=\"2025-08-16T05:49:42+00:00\" \/>\n<meta property=\"article:modified_time\" content=\"2025-08-25T05:51:36+00:00\" \/>\n<meta property=\"og:image\" content=\"https:\/\/www.ebg.de\/wp-content\/uploads\/2025\/08\/IMG_4940-scaled.jpg\" \/>\n\t<meta property=\"og:image:width\" content=\"2560\" \/>\n\t<meta property=\"og:image:height\" content=\"1922\" \/>\n\t<meta property=\"og:image:type\" content=\"image\/jpeg\" \/>\n<meta name=\"author\" content=\"Stephan Deubner\" \/>\n<meta name=\"twitter:card\" content=\"summary_large_image\" \/>\n<meta name=\"twitter:label1\" content=\"Written by\" \/>\n\t<meta name=\"twitter:data1\" content=\"Stephan Deubner\" \/>\n\t<meta name=\"twitter:label2\" content=\"Est. reading time\" \/>\n\t<meta name=\"twitter:data2\" content=\"3 minutes\" \/>\n<!-- \/ Yoast SEO plugin. -->","yoast_head_json":{"title":"Das Willkommen, neue Erziehersch\u00fcler in Naumburg","description":"Mit einer herzlichen Begr\u00fc\u00dfung durch Schulleiterin Sabine Moch begann am 01.08.2025 in Naumburg die Schuljahreser\u00f6ffnung.","robots":{"index":"index","follow":"follow","max-snippet":"max-snippet:-1","max-image-preview":"max-image-preview:large","max-video-preview":"max-video-preview:-1"},"canonical":"https:\/\/www.ebg.de\/willkommen-neue-erzieherschueler-in-naumburg\/","og_locale":"en_US","og_type":"article","og_title":"Das Willkommen, neue Erziehersch\u00fcler in Naumburg","og_description":"Mit einer herzlichen Begr\u00fc\u00dfung durch Schulleiterin Sabine Moch begann am 01.08.2025 in Naumburg die Schuljahreser\u00f6ffnung.","og_url":"https:\/\/www.ebg.de\/willkommen-neue-erzieherschueler-in-naumburg\/","og_site_name":"Europ\u00e4isches Bildungswerk f\u00fcr Beruf und Gesellschaft","article_published_time":"2025-08-16T05:49:42+00:00","article_modified_time":"2025-08-25T05:51:36+00:00","og_image":[{"width":2560,"height":1922,"url":"https:\/\/www.ebg.de\/wp-content\/uploads\/2025\/08\/IMG_4940-scaled.jpg","type":"image\/jpeg"}],"author":"Stephan Deubner","twitter_card":"summary_large_image","twitter_misc":{"Written by":"Stephan Deubner","Est. reading time":"3 minutes"},"schema":{"@context":"https:\/\/schema.org","@graph":[{"@type":"Article","@id":"https:\/\/www.ebg.de\/willkommen-neue-erzieherschueler-in-naumburg\/#article","isPartOf":{"@id":"https:\/\/www.ebg.de\/willkommen-neue-erzieherschueler-in-naumburg\/"},"author":{"name":"Stephan Deubner","@id":"https:\/\/www.ebg.de\/#\/schema\/person\/af645ea1741029d9a44ae532ceb268bc"},"headline":"Willkommen, neue Erziehersch\u00fcler in Naumburg","datePublished":"2025-08-16T05:49:42+00:00","dateModified":"2025-08-25T05:51:36+00:00","mainEntityOfPage":{"@id":"https:\/\/www.ebg.de\/willkommen-neue-erzieherschueler-in-naumburg\/"},"wordCount":208,"image":{"@id":"https:\/\/www.ebg.de\/willkommen-neue-erzieherschueler-in-naumburg\/#primaryimage"},"thumbnailUrl":"https:\/\/www.ebg.de\/wp-content\/uploads\/2025\/08\/IMG_4940-scaled.jpg","keywords":["Auszubildende","Europ\u00e4isches Bildungswerk","international"],"articleSection":["News-GF"],"inLanguage":"en-US"},{"@type":"WebPage","@id":"https:\/\/www.ebg.de\/willkommen-neue-erzieherschueler-in-naumburg\/","url":"https:\/\/www.ebg.de\/willkommen-neue-erzieherschueler-in-naumburg\/","name":"Das Willkommen, neue Erziehersch\u00fcler in Naumburg","isPartOf":{"@id":"https:\/\/www.ebg.de\/#website"},"primaryImageOfPage":{"@id":"https:\/\/www.ebg.de\/willkommen-neue-erzieherschueler-in-naumburg\/#primaryimage"},"image":{"@id":"https:\/\/www.ebg.de\/willkommen-neue-erzieherschueler-in-naumburg\/#primaryimage"},"thumbnailUrl":"https:\/\/www.ebg.de\/wp-content\/uploads\/2025\/08\/IMG_4940-scaled.jpg","datePublished":"2025-08-16T05:49:42+00:00","dateModified":"2025-08-25T05:51:36+00:00","author":{"@id":"https:\/\/www.ebg.de\/#\/schema\/person\/af645ea1741029d9a44ae532ceb268bc"},"description":"Mit einer herzlichen Begr\u00fc\u00dfung durch Schulleiterin Sabine Moch begann am 01.08.2025 in Naumburg die Schuljahreser\u00f6ffnung.","breadcrumb":{"@id":"https:\/\/www.ebg.de\/willkommen-neue-erzieherschueler-in-naumburg\/#breadcrumb"},"inLanguage":"en-US","potentialAction":[{"@type":"ReadAction","target":["https:\/\/www.ebg.de\/willkommen-neue-erzieherschueler-in-naumburg\/"]}]},{"@type":"ImageObject","inLanguage":"en-US","@id":"https:\/\/www.ebg.de\/willkommen-neue-erzieherschueler-in-naumburg\/#primaryimage","url":"https:\/\/www.ebg.de\/wp-content\/uploads\/2025\/08\/IMG_4940-scaled.jpg","contentUrl":"https:\/\/www.ebg.de\/wp-content\/uploads\/2025\/08\/IMG_4940-scaled.jpg","width":2560,"height":1922},{"@type":"BreadcrumbList","@id":"https:\/\/www.ebg.de\/willkommen-neue-erzieherschueler-in-naumburg\/#breadcrumb","itemListElement":[{"@type":"ListItem","position":1,"name":"Startseite","item":"https:\/\/www.ebg.de\/"},{"@type":"ListItem","position":2,"name":"Willkommen, neue Erziehersch\u00fcler in Naumburg"}]},{"@type":"WebSite","@id":"https:\/\/www.ebg.de\/#website","url":"https:\/\/www.ebg.de\/","name":"Europ\u00e4isches Bildungswerk f\u00fcr Beruf und Gesellschaft","description":"Bildung, Ausbildung und Weiterbildung","potentialAction":[{"@type":"SearchAction","target":{"@type":"EntryPoint","urlTemplate":"https:\/\/www.ebg.de\/?s={search_term_string}"},"query-input":{"@type":"PropertyValueSpecification","valueRequired":true,"valueName":"search_term_string"}}],"inLanguage":"en-US"},{"@type":"Person","@id":"https:\/\/www.ebg.de\/#\/schema\/person\/af645ea1741029d9a44ae532ceb268bc","name":"Stephan Deubner","image":{"@type":"ImageObject","inLanguage":"en-US","@id":"https:\/\/www.ebg.de\/#\/schema\/person\/image\/","url":"https:\/\/secure.gravatar.com\/avatar\/35731f6a08afa0518c45f153077f6135c0f41aa2ae0b76e850ef9508976a7bbe?s=96&d=mm&r=g","contentUrl":"https:\/\/secure.gravatar.com\/avatar\/35731f6a08afa0518c45f153077f6135c0f41aa2ae0b76e850ef9508976a7bbe?s=96&d=mm&r=g","caption":"Stephan Deubner"},"url":"https:\/\/www.ebg.de\/en\/author\/sdeubner\/"}]}},"_links":{"self":[{"href":"https:\/\/www.ebg.de\/en\/wp-json\/wp\/v2\/posts\/39818","targetHints":{"allow":["GET"]}}],"collection":[{"href":"https:\/\/www.ebg.de\/en\/wp-json\/wp\/v2\/posts"}],"about":[{"href":"https:\/\/www.ebg.de\/en\/wp-json\/wp\/v2\/types\/post"}],"author":[{"embeddable":true,"href":"https:\/\/www.ebg.de\/en\/wp-json\/wp\/v2\/users\/22"}],"replies":[{"embeddable":true,"href":"https:\/\/www.ebg.de\/en\/wp-json\/wp\/v2\/comments?post=39818"}],"version-history":[{"count":1,"href":"https:\/\/www.ebg.de\/en\/wp-json\/wp\/v2\/posts\/39818\/revisions"}],"predecessor-version":[{"id":39819,"href":"https:\/\/www.ebg.de\/en\/wp-json\/wp\/v2\/posts\/39818\/revisions\/39819"}],"wp:featuredmedia":[{"embeddable":true,"href":"https:\/\/www.ebg.de\/en\/wp-json\/wp\/v2\/media\/39815"}],"wp:attachment":[{"href":"https:\/\/www.ebg.de\/en\/wp-json\/wp\/v2\/media?parent=39818"}],"wp:term":[{"taxonomy":"category","embeddable":true,"href":"https:\/\/www.ebg.de\/en\/wp-json\/wp\/v2\/categories?post=39818"},{"taxonomy":"post_tag","embeddable":true,"href":"https:\/\/www.ebg.de\/en\/wp-json\/wp\/v2\/tags?post=39818"}],"curies":[{"name":"wp","href":"https:\/\/api.w.org\/{rel}","templated":true}]}}