{"id":39771,"date":"2025-08-08T12:00:57","date_gmt":"2025-08-08T10:00:57","guid":{"rendered":"https:\/\/www.ebg.de\/?p=39771"},"modified":"2025-08-20T10:34:01","modified_gmt":"2025-08-20T08:34:01","slug":"neustart-in-naumburg-willkommen-an-unsere-neuen-pflege-azubis-2","status":"publish","type":"post","link":"https:\/\/www.ebg.de\/en\/neustart-in-naumburg-willkommen-an-unsere-neuen-pflege-azubis-2\/","title":{"rendered":"Neustart in Naumburg \u2013 Willkommen an unsere neuen Pflege-Azubis"},"content":{"rendered":"\n<p>Mit einer herzlichen Begr\u00fc\u00dfung durch <strong>Schulleiterin Sabine Moch<\/strong> begann am 01.08.2025 in Naumburg die Schuljahreser\u00f6ffnung f\u00fcr die neuen Auszubildenden in der <strong>Pflegefachkraft-<\/strong> und <strong>Pflegehelferausbildung<\/strong> bei unserer Fachbereitsleiterin Pflege Frau Susann Triska.<\/p>\n\n\n\n<figure class=\"wp-block-gallery has-nested-images columns-default is-cropped wp-block-gallery-1 is-layout-flex wp-block-gallery-is-layout-flex\">\n<figure class=\"wp-block-image size-large\"><img loading=\"lazy\" decoding=\"async\" width=\"1024\" height=\"769\" data-id=\"39741\" src=\"https:\/\/www.ebg.de\/wp-content\/uploads\/2025\/08\/IMG_4398-1024x769.jpg\" alt=\"\" class=\"wp-image-39741\" srcset=\"https:\/\/www.ebg.de\/wp-content\/uploads\/2025\/08\/IMG_4398-1024x769.jpg 1024w, https:\/\/www.ebg.de\/wp-content\/uploads\/2025\/08\/IMG_4398-300x225.jpg 300w, https:\/\/www.ebg.de\/wp-content\/uploads\/2025\/08\/IMG_4398-768x577.jpg 768w, https:\/\/www.ebg.de\/wp-content\/uploads\/2025\/08\/IMG_4398-1536x1153.jpg 1536w, https:\/\/www.ebg.de\/wp-content\/uploads\/2025\/08\/IMG_4398-2048x1538.jpg 2048w, https:\/\/www.ebg.de\/wp-content\/uploads\/2025\/08\/IMG_4398-900x676.jpg 900w, https:\/\/www.ebg.de\/wp-content\/uploads\/2025\/08\/IMG_4398-1200x901.jpg 1200w\" sizes=\"auto, (max-width: 1024px) 100vw, 1024px\" \/><\/figure>\n<\/figure>\n\n\n\n<p><strong>Maik Reichel<\/strong>, Direktor der Landeszentrale f\u00fcr politische Bildung, gab spannende Einblicke in die <strong>bildungspolitische Arbeit in Sachsen-Anhalt<\/strong> und stellte Bez\u00fcge zur Pflegeausbildung her. Anschlie\u00dfend pr\u00e4sentierte <strong>Prof. Dr. Bernhard Beckmann<\/strong>, Gesch\u00e4ftsf\u00fchrer des EBG, das Europ\u00e4ische Bildungswerk und die <strong>Schwerpunkte f\u00fcr das Schuljahr 2025\/26<\/strong>.<\/p>\n\n\n\n<figure class=\"wp-block-gallery has-nested-images columns-default is-cropped wp-block-gallery-2 is-layout-flex wp-block-gallery-is-layout-flex\">\n<figure class=\"wp-block-image size-large\"><img loading=\"lazy\" decoding=\"async\" width=\"1024\" height=\"769\" data-id=\"39743\" src=\"https:\/\/www.ebg.de\/wp-content\/uploads\/2025\/08\/IMG_4415-1024x769.jpg\" alt=\"\" class=\"wp-image-39743\" srcset=\"https:\/\/www.ebg.de\/wp-content\/uploads\/2025\/08\/IMG_4415-1024x769.jpg 1024w, https:\/\/www.ebg.de\/wp-content\/uploads\/2025\/08\/IMG_4415-300x225.jpg 300w, https:\/\/www.ebg.de\/wp-content\/uploads\/2025\/08\/IMG_4415-768x577.jpg 768w, https:\/\/www.ebg.de\/wp-content\/uploads\/2025\/08\/IMG_4415-1536x1153.jpg 1536w, https:\/\/www.ebg.de\/wp-content\/uploads\/2025\/08\/IMG_4415-2048x1538.jpg 2048w, https:\/\/www.ebg.de\/wp-content\/uploads\/2025\/08\/IMG_4415-900x676.jpg 900w, https:\/\/www.ebg.de\/wp-content\/uploads\/2025\/08\/IMG_4415-1200x901.jpg 1200w\" sizes=\"auto, (max-width: 1024px) 100vw, 1024px\" \/><\/figure>\n\n\n\n<figure class=\"wp-block-image size-large\"><img loading=\"lazy\" decoding=\"async\" width=\"1024\" height=\"683\" data-id=\"39747\" src=\"https:\/\/www.ebg.de\/wp-content\/uploads\/2025\/08\/IMG_4487-1024x683.jpg\" alt=\"\" class=\"wp-image-39747\" srcset=\"https:\/\/www.ebg.de\/wp-content\/uploads\/2025\/08\/IMG_4487-1024x683.jpg 1024w, https:\/\/www.ebg.de\/wp-content\/uploads\/2025\/08\/IMG_4487-300x200.jpg 300w, https:\/\/www.ebg.de\/wp-content\/uploads\/2025\/08\/IMG_4487-768x512.jpg 768w, https:\/\/www.ebg.de\/wp-content\/uploads\/2025\/08\/IMG_4487-1536x1024.jpg 1536w, https:\/\/www.ebg.de\/wp-content\/uploads\/2025\/08\/IMG_4487-2048x1365.jpg 2048w, https:\/\/www.ebg.de\/wp-content\/uploads\/2025\/08\/IMG_4487-900x600.jpg 900w, https:\/\/www.ebg.de\/wp-content\/uploads\/2025\/08\/IMG_4487-1200x800.jpg 1200w\" sizes=\"auto, (max-width: 1024px) 100vw, 1024px\" \/><\/figure>\n\n\n\n<figure class=\"wp-block-image size-large\"><img loading=\"lazy\" decoding=\"async\" width=\"1024\" height=\"683\" data-id=\"39749\" src=\"https:\/\/www.ebg.de\/wp-content\/uploads\/2025\/08\/IMG_4459-1024x683.jpg\" alt=\"\" class=\"wp-image-39749\" srcset=\"https:\/\/www.ebg.de\/wp-content\/uploads\/2025\/08\/IMG_4459-1024x683.jpg 1024w, https:\/\/www.ebg.de\/wp-content\/uploads\/2025\/08\/IMG_4459-300x200.jpg 300w, https:\/\/www.ebg.de\/wp-content\/uploads\/2025\/08\/IMG_4459-768x512.jpg 768w, https:\/\/www.ebg.de\/wp-content\/uploads\/2025\/08\/IMG_4459-1536x1024.jpg 1536w, https:\/\/www.ebg.de\/wp-content\/uploads\/2025\/08\/IMG_4459-2048x1365.jpg 2048w, https:\/\/www.ebg.de\/wp-content\/uploads\/2025\/08\/IMG_4459-900x600.jpg 900w, https:\/\/www.ebg.de\/wp-content\/uploads\/2025\/08\/IMG_4459-1200x800.jpg 1200w\" sizes=\"auto, (max-width: 1024px) 100vw, 1024px\" \/><\/figure>\n\n\n\n<figure class=\"wp-block-image size-large\"><img loading=\"lazy\" decoding=\"async\" width=\"1024\" height=\"683\" data-id=\"39751\" src=\"https:\/\/www.ebg.de\/wp-content\/uploads\/2025\/08\/IMG_4442-1024x683.jpg\" alt=\"\" class=\"wp-image-39751\" srcset=\"https:\/\/www.ebg.de\/wp-content\/uploads\/2025\/08\/IMG_4442-1024x683.jpg 1024w, https:\/\/www.ebg.de\/wp-content\/uploads\/2025\/08\/IMG_4442-300x200.jpg 300w, https:\/\/www.ebg.de\/wp-content\/uploads\/2025\/08\/IMG_4442-768x512.jpg 768w, https:\/\/www.ebg.de\/wp-content\/uploads\/2025\/08\/IMG_4442-1536x1024.jpg 1536w, https:\/\/www.ebg.de\/wp-content\/uploads\/2025\/08\/IMG_4442-2048x1365.jpg 2048w, https:\/\/www.ebg.de\/wp-content\/uploads\/2025\/08\/IMG_4442-900x600.jpg 900w, https:\/\/www.ebg.de\/wp-content\/uploads\/2025\/08\/IMG_4442-1200x800.jpg 1200w\" sizes=\"auto, (max-width: 1024px) 100vw, 1024px\" \/><\/figure>\n\n\n\n<figure class=\"wp-block-image size-large\"><img loading=\"lazy\" decoding=\"async\" width=\"683\" height=\"1024\" data-id=\"39753\" src=\"https:\/\/www.ebg.de\/wp-content\/uploads\/2025\/08\/IMG_4506-683x1024.jpg\" alt=\"\" class=\"wp-image-39753\" srcset=\"https:\/\/www.ebg.de\/wp-content\/uploads\/2025\/08\/IMG_4506-683x1024.jpg 683w, https:\/\/www.ebg.de\/wp-content\/uploads\/2025\/08\/IMG_4506-200x300.jpg 200w, https:\/\/www.ebg.de\/wp-content\/uploads\/2025\/08\/IMG_4506-768x1152.jpg 768w, https:\/\/www.ebg.de\/wp-content\/uploads\/2025\/08\/IMG_4506-1024x1536.jpg 1024w, https:\/\/www.ebg.de\/wp-content\/uploads\/2025\/08\/IMG_4506-1365x2048.jpg 1365w, https:\/\/www.ebg.de\/wp-content\/uploads\/2025\/08\/IMG_4506-900x1350.jpg 900w, https:\/\/www.ebg.de\/wp-content\/uploads\/2025\/08\/IMG_4506-1200x1800.jpg 1200w, https:\/\/www.ebg.de\/wp-content\/uploads\/2025\/08\/IMG_4506-scaled.jpg 1707w\" sizes=\"auto, (max-width: 683px) 100vw, 683px\" \/><\/figure>\n<\/figure>\n\n\n\n<p><\/p>\n\n\n\n<p><\/p>\n\n\n\n<figure class=\"wp-block-gallery has-nested-images columns-default is-cropped wp-block-gallery-3 is-layout-flex wp-block-gallery-is-layout-flex\">\n<figure class=\"wp-block-image size-large\"><img loading=\"lazy\" decoding=\"async\" width=\"1024\" height=\"683\" data-id=\"39761\" src=\"https:\/\/www.ebg.de\/wp-content\/uploads\/2025\/08\/IMG_4513-1024x683.jpg\" alt=\"\" class=\"wp-image-39761\" srcset=\"https:\/\/www.ebg.de\/wp-content\/uploads\/2025\/08\/IMG_4513-1024x683.jpg 1024w, https:\/\/www.ebg.de\/wp-content\/uploads\/2025\/08\/IMG_4513-300x200.jpg 300w, https:\/\/www.ebg.de\/wp-content\/uploads\/2025\/08\/IMG_4513-768x512.jpg 768w, https:\/\/www.ebg.de\/wp-content\/uploads\/2025\/08\/IMG_4513-1536x1024.jpg 1536w, https:\/\/www.ebg.de\/wp-content\/uploads\/2025\/08\/IMG_4513-2048x1365.jpg 2048w, https:\/\/www.ebg.de\/wp-content\/uploads\/2025\/08\/IMG_4513-900x600.jpg 900w, https:\/\/www.ebg.de\/wp-content\/uploads\/2025\/08\/IMG_4513-1200x800.jpg 1200w\" sizes=\"auto, (max-width: 1024px) 100vw, 1024px\" \/><\/figure>\n\n\n\n<figure class=\"wp-block-image size-large\"><img loading=\"lazy\" decoding=\"async\" width=\"1024\" height=\"683\" data-id=\"39759\" src=\"https:\/\/www.ebg.de\/wp-content\/uploads\/2025\/08\/IMG_4533-1024x683.jpg\" alt=\"\" class=\"wp-image-39759\" srcset=\"https:\/\/www.ebg.de\/wp-content\/uploads\/2025\/08\/IMG_4533-1024x683.jpg 1024w, https:\/\/www.ebg.de\/wp-content\/uploads\/2025\/08\/IMG_4533-300x200.jpg 300w, https:\/\/www.ebg.de\/wp-content\/uploads\/2025\/08\/IMG_4533-768x512.jpg 768w, https:\/\/www.ebg.de\/wp-content\/uploads\/2025\/08\/IMG_4533-1536x1024.jpg 1536w, https:\/\/www.ebg.de\/wp-content\/uploads\/2025\/08\/IMG_4533-2048x1365.jpg 2048w, https:\/\/www.ebg.de\/wp-content\/uploads\/2025\/08\/IMG_4533-900x600.jpg 900w, https:\/\/www.ebg.de\/wp-content\/uploads\/2025\/08\/IMG_4533-1200x800.jpg 1200w\" sizes=\"auto, (max-width: 1024px) 100vw, 1024px\" \/><\/figure>\n\n\n\n<figure class=\"wp-block-image size-large\"><img loading=\"lazy\" decoding=\"async\" width=\"1024\" height=\"683\" data-id=\"39755\" src=\"https:\/\/www.ebg.de\/wp-content\/uploads\/2025\/08\/IMG_4546-1024x683.jpg\" alt=\"\" class=\"wp-image-39755\" srcset=\"https:\/\/www.ebg.de\/wp-content\/uploads\/2025\/08\/IMG_4546-1024x683.jpg 1024w, https:\/\/www.ebg.de\/wp-content\/uploads\/2025\/08\/IMG_4546-300x200.jpg 300w, https:\/\/www.ebg.de\/wp-content\/uploads\/2025\/08\/IMG_4546-768x512.jpg 768w, https:\/\/www.ebg.de\/wp-content\/uploads\/2025\/08\/IMG_4546-1536x1024.jpg 1536w, https:\/\/www.ebg.de\/wp-content\/uploads\/2025\/08\/IMG_4546-2048x1365.jpg 2048w, https:\/\/www.ebg.de\/wp-content\/uploads\/2025\/08\/IMG_4546-900x600.jpg 900w, https:\/\/www.ebg.de\/wp-content\/uploads\/2025\/08\/IMG_4546-1200x800.jpg 1200w\" sizes=\"auto, (max-width: 1024px) 100vw, 1024px\" \/><\/figure>\n\n\n\n<figure class=\"wp-block-image size-large\"><img loading=\"lazy\" decoding=\"async\" width=\"1024\" height=\"769\" data-id=\"39757\" src=\"https:\/\/www.ebg.de\/wp-content\/uploads\/2025\/08\/IMG_4594-1024x769.jpg\" alt=\"\" class=\"wp-image-39757\" srcset=\"https:\/\/www.ebg.de\/wp-content\/uploads\/2025\/08\/IMG_4594-1024x769.jpg 1024w, https:\/\/www.ebg.de\/wp-content\/uploads\/2025\/08\/IMG_4594-300x225.jpg 300w, https:\/\/www.ebg.de\/wp-content\/uploads\/2025\/08\/IMG_4594-768x577.jpg 768w, https:\/\/www.ebg.de\/wp-content\/uploads\/2025\/08\/IMG_4594-1536x1153.jpg 1536w, https:\/\/www.ebg.de\/wp-content\/uploads\/2025\/08\/IMG_4594-2048x1538.jpg 2048w, https:\/\/www.ebg.de\/wp-content\/uploads\/2025\/08\/IMG_4594-900x676.jpg 900w, https:\/\/www.ebg.de\/wp-content\/uploads\/2025\/08\/IMG_4594-1200x901.jpg 1200w\" sizes=\"auto, (max-width: 1024px) 100vw, 1024px\" \/><\/figure>\n<\/figure>\n\n\n\n<p>Bei einer kleinen Kaffeepause nutzten G\u00e4ste und Auszubildende die Gelegenheit zum pers\u00f6nlichen Austausch. Ein <strong>Rundgang durch das Schulhaus<\/strong> rundete den gelungenen Auftakt ab.<\/p>\n","protected":false},"excerpt":{"rendered":"<p>Mit einer herzlichen Begr\u00fc\u00dfung durch Schulleiterin Sabine Moch begann am 01.08.2025 in Naumburg die Schuljahreser\u00f6ffnung.<\/p>\n","protected":false},"author":22,"featured_media":39765,"comment_status":"closed","ping_status":"closed","sticky":false,"template":"","format":"standard","meta":{"_acf_changed":false,"footnotes":""},"categories":[30],"tags":[198,107,193],"class_list":["post-39771","post","type-post","status-publish","format-standard","has-post-thumbnail","hentry","category-news-naumburg-schulen","tag-auszubildende","tag-europaeisches-bildungswerk","tag-international"],"acf":[],"yoast_head":"<!-- This site is optimized with the Yoast SEO plugin v26.9 - https:\/\/yoast.com\/product\/yoast-seo-wordpress\/ -->\n<title>Das Neustart in Naumburg \u2013 Willkommen an unsere neuen Pflege-Azubis<\/title>\n<meta name=\"description\" content=\"Mit einer herzlichen Begr\u00fc\u00dfung durch Schulleiterin Sabine Moch begann am 01.08.2025 in Naumburg die Schuljahreser\u00f6ffnung.\" \/>\n<meta name=\"robots\" content=\"index, follow, max-snippet:-1, max-image-preview:large, max-video-preview:-1\" \/>\n<link rel=\"canonical\" href=\"https:\/\/www.ebg.de\/neustart-in-naumburg-willkommen-an-unsere-neuen-pflege-azubis-2\/\" \/>\n<meta property=\"og:locale\" content=\"en_US\" \/>\n<meta property=\"og:type\" content=\"article\" \/>\n<meta property=\"og:title\" content=\"Das Neustart in Naumburg \u2013 Willkommen an unsere neuen Pflege-Azubis\" \/>\n<meta property=\"og:description\" content=\"Mit einer herzlichen Begr\u00fc\u00dfung durch Schulleiterin Sabine Moch begann am 01.08.2025 in Naumburg die Schuljahreser\u00f6ffnung.\" \/>\n<meta property=\"og:url\" content=\"https:\/\/www.ebg.de\/neustart-in-naumburg-willkommen-an-unsere-neuen-pflege-azubis-2\/\" \/>\n<meta property=\"og:site_name\" content=\"Europ\u00e4isches Bildungswerk f\u00fcr Beruf und Gesellschaft\" \/>\n<meta property=\"article:published_time\" content=\"2025-08-08T10:00:57+00:00\" \/>\n<meta property=\"article:modified_time\" content=\"2025-08-20T08:34:01+00:00\" \/>\n<meta property=\"og:image\" content=\"https:\/\/www.ebg.de\/wp-content\/uploads\/2025\/08\/IMG_4576-scaled.jpg\" \/>\n\t<meta property=\"og:image:width\" content=\"2560\" \/>\n\t<meta property=\"og:image:height\" content=\"1922\" \/>\n\t<meta property=\"og:image:type\" content=\"image\/jpeg\" \/>\n<meta name=\"author\" content=\"Stephan Deubner\" \/>\n<meta name=\"twitter:card\" content=\"summary_large_image\" \/>\n<meta name=\"twitter:label1\" content=\"Written by\" \/>\n\t<meta name=\"twitter:data1\" content=\"Stephan Deubner\" \/>\n\t<meta name=\"twitter:label2\" content=\"Est. reading time\" \/>\n\t<meta name=\"twitter:data2\" content=\"3 minutes\" \/>\n<!-- \/ Yoast SEO plugin. -->","yoast_head_json":{"title":"Das Neustart in Naumburg \u2013 Willkommen an unsere neuen Pflege-Azubis","description":"Mit einer herzlichen Begr\u00fc\u00dfung durch Schulleiterin Sabine Moch begann am 01.08.2025 in Naumburg die Schuljahreser\u00f6ffnung.","robots":{"index":"index","follow":"follow","max-snippet":"max-snippet:-1","max-image-preview":"max-image-preview:large","max-video-preview":"max-video-preview:-1"},"canonical":"https:\/\/www.ebg.de\/neustart-in-naumburg-willkommen-an-unsere-neuen-pflege-azubis-2\/","og_locale":"en_US","og_type":"article","og_title":"Das Neustart in Naumburg \u2013 Willkommen an unsere neuen Pflege-Azubis","og_description":"Mit einer herzlichen Begr\u00fc\u00dfung durch Schulleiterin Sabine Moch begann am 01.08.2025 in Naumburg die Schuljahreser\u00f6ffnung.","og_url":"https:\/\/www.ebg.de\/neustart-in-naumburg-willkommen-an-unsere-neuen-pflege-azubis-2\/","og_site_name":"Europ\u00e4isches Bildungswerk f\u00fcr Beruf und Gesellschaft","article_published_time":"2025-08-08T10:00:57+00:00","article_modified_time":"2025-08-20T08:34:01+00:00","og_image":[{"width":2560,"height":1922,"url":"https:\/\/www.ebg.de\/wp-content\/uploads\/2025\/08\/IMG_4576-scaled.jpg","type":"image\/jpeg"}],"author":"Stephan Deubner","twitter_card":"summary_large_image","twitter_misc":{"Written by":"Stephan Deubner","Est. reading time":"3 minutes"},"schema":{"@context":"https:\/\/schema.org","@graph":[{"@type":"Article","@id":"https:\/\/www.ebg.de\/neustart-in-naumburg-willkommen-an-unsere-neuen-pflege-azubis-2\/#article","isPartOf":{"@id":"https:\/\/www.ebg.de\/neustart-in-naumburg-willkommen-an-unsere-neuen-pflege-azubis-2\/"},"author":{"name":"Stephan Deubner","@id":"https:\/\/www.ebg.de\/#\/schema\/person\/af645ea1741029d9a44ae532ceb268bc"},"headline":"Neustart in Naumburg \u2013 Willkommen an unsere neuen Pflege-Azubis","datePublished":"2025-08-08T10:00:57+00:00","dateModified":"2025-08-20T08:34:01+00:00","mainEntityOfPage":{"@id":"https:\/\/www.ebg.de\/neustart-in-naumburg-willkommen-an-unsere-neuen-pflege-azubis-2\/"},"wordCount":115,"image":{"@id":"https:\/\/www.ebg.de\/neustart-in-naumburg-willkommen-an-unsere-neuen-pflege-azubis-2\/#primaryimage"},"thumbnailUrl":"https:\/\/www.ebg.de\/wp-content\/uploads\/2025\/08\/IMG_4576-scaled.jpg","keywords":["Auszubildende","Europ\u00e4isches Bildungswerk","international"],"articleSection":["News - Naumburg Schulen"],"inLanguage":"en-US"},{"@type":"WebPage","@id":"https:\/\/www.ebg.de\/neustart-in-naumburg-willkommen-an-unsere-neuen-pflege-azubis-2\/","url":"https:\/\/www.ebg.de\/neustart-in-naumburg-willkommen-an-unsere-neuen-pflege-azubis-2\/","name":"Das Neustart in Naumburg \u2013 Willkommen an unsere neuen Pflege-Azubis","isPartOf":{"@id":"https:\/\/www.ebg.de\/#website"},"primaryImageOfPage":{"@id":"https:\/\/www.ebg.de\/neustart-in-naumburg-willkommen-an-unsere-neuen-pflege-azubis-2\/#primaryimage"},"image":{"@id":"https:\/\/www.ebg.de\/neustart-in-naumburg-willkommen-an-unsere-neuen-pflege-azubis-2\/#primaryimage"},"thumbnailUrl":"https:\/\/www.ebg.de\/wp-content\/uploads\/2025\/08\/IMG_4576-scaled.jpg","datePublished":"2025-08-08T10:00:57+00:00","dateModified":"2025-08-20T08:34:01+00:00","author":{"@id":"https:\/\/www.ebg.de\/#\/schema\/person\/af645ea1741029d9a44ae532ceb268bc"},"description":"Mit einer herzlichen Begr\u00fc\u00dfung durch Schulleiterin Sabine Moch begann am 01.08.2025 in Naumburg die Schuljahreser\u00f6ffnung.","breadcrumb":{"@id":"https:\/\/www.ebg.de\/neustart-in-naumburg-willkommen-an-unsere-neuen-pflege-azubis-2\/#breadcrumb"},"inLanguage":"en-US","potentialAction":[{"@type":"ReadAction","target":["https:\/\/www.ebg.de\/neustart-in-naumburg-willkommen-an-unsere-neuen-pflege-azubis-2\/"]}]},{"@type":"ImageObject","inLanguage":"en-US","@id":"https:\/\/www.ebg.de\/neustart-in-naumburg-willkommen-an-unsere-neuen-pflege-azubis-2\/#primaryimage","url":"https:\/\/www.ebg.de\/wp-content\/uploads\/2025\/08\/IMG_4576-scaled.jpg","contentUrl":"https:\/\/www.ebg.de\/wp-content\/uploads\/2025\/08\/IMG_4576-scaled.jpg","width":2560,"height":1922},{"@type":"BreadcrumbList","@id":"https:\/\/www.ebg.de\/neustart-in-naumburg-willkommen-an-unsere-neuen-pflege-azubis-2\/#breadcrumb","itemListElement":[{"@type":"ListItem","position":1,"name":"Startseite","item":"https:\/\/www.ebg.de\/"},{"@type":"ListItem","position":2,"name":"Neustart in Naumburg \u2013 Willkommen an unsere neuen Pflege-Azubis"}]},{"@type":"WebSite","@id":"https:\/\/www.ebg.de\/#website","url":"https:\/\/www.ebg.de\/","name":"Europ\u00e4isches Bildungswerk f\u00fcr Beruf und Gesellschaft","description":"Bildung, Ausbildung und Weiterbildung","potentialAction":[{"@type":"SearchAction","target":{"@type":"EntryPoint","urlTemplate":"https:\/\/www.ebg.de\/?s={search_term_string}"},"query-input":{"@type":"PropertyValueSpecification","valueRequired":true,"valueName":"search_term_string"}}],"inLanguage":"en-US"},{"@type":"Person","@id":"https:\/\/www.ebg.de\/#\/schema\/person\/af645ea1741029d9a44ae532ceb268bc","name":"Stephan Deubner","image":{"@type":"ImageObject","inLanguage":"en-US","@id":"https:\/\/www.ebg.de\/#\/schema\/person\/image\/","url":"https:\/\/secure.gravatar.com\/avatar\/35731f6a08afa0518c45f153077f6135c0f41aa2ae0b76e850ef9508976a7bbe?s=96&d=mm&r=g","contentUrl":"https:\/\/secure.gravatar.com\/avatar\/35731f6a08afa0518c45f153077f6135c0f41aa2ae0b76e850ef9508976a7bbe?s=96&d=mm&r=g","caption":"Stephan Deubner"},"url":"https:\/\/www.ebg.de\/en\/author\/sdeubner\/"}]}},"_links":{"self":[{"href":"https:\/\/www.ebg.de\/en\/wp-json\/wp\/v2\/posts\/39771","targetHints":{"allow":["GET"]}}],"collection":[{"href":"https:\/\/www.ebg.de\/en\/wp-json\/wp\/v2\/posts"}],"about":[{"href":"https:\/\/www.ebg.de\/en\/wp-json\/wp\/v2\/types\/post"}],"author":[{"embeddable":true,"href":"https:\/\/www.ebg.de\/en\/wp-json\/wp\/v2\/users\/22"}],"replies":[{"embeddable":true,"href":"https:\/\/www.ebg.de\/en\/wp-json\/wp\/v2\/comments?post=39771"}],"version-history":[{"count":3,"href":"https:\/\/www.ebg.de\/en\/wp-json\/wp\/v2\/posts\/39771\/revisions"}],"predecessor-version":[{"id":39787,"href":"https:\/\/www.ebg.de\/en\/wp-json\/wp\/v2\/posts\/39771\/revisions\/39787"}],"wp:featuredmedia":[{"embeddable":true,"href":"https:\/\/www.ebg.de\/en\/wp-json\/wp\/v2\/media\/39765"}],"wp:attachment":[{"href":"https:\/\/www.ebg.de\/en\/wp-json\/wp\/v2\/media?parent=39771"}],"wp:term":[{"taxonomy":"category","embeddable":true,"href":"https:\/\/www.ebg.de\/en\/wp-json\/wp\/v2\/categories?post=39771"},{"taxonomy":"post_tag","embeddable":true,"href":"https:\/\/www.ebg.de\/en\/wp-json\/wp\/v2\/tags?post=39771"}],"curies":[{"name":"wp","href":"https:\/\/api.w.org\/{rel}","templated":true}]}}