{"id":39734,"date":"2025-08-07T18:00:49","date_gmt":"2025-08-07T16:00:49","guid":{"rendered":"https:\/\/www.ebg.de\/?p=39734"},"modified":"2025-08-08T11:12:06","modified_gmt":"2025-08-08T09:12:06","slug":"auftakt-in-magdeburg-schuljahreseroeffnung-in-der-pestalozziaula","status":"publish","type":"post","link":"https:\/\/www.ebg.de\/en\/auftakt-in-magdeburg-schuljahreseroeffnung-in-der-pestalozziaula\/","title":{"rendered":"Auftakt in Magdeburg \u2013 Schuljahreser\u00f6ffnung in der Pestalozziaula"},"content":{"rendered":"\n<p>Mit einem vollen Programm und vielen G\u00e4sten startete das Europ\u00e4ische Bildungswerk am 07.08.2025 in der Pestalozziaula Magdeburg in das neue Schuljahr. Lehrkr\u00e4fte aller Fachschaften aus allen Schulstandorten kamen zusammen \u2013 in diesem Jahr seit langem wieder in gro\u00dfer Runde mit Gesch\u00e4ftsf\u00fchrer Prof. Dr. B. Beckmann.<\/p>\n\n\n\n<figure class=\"wp-block-gallery has-nested-images columns-default is-cropped wp-block-gallery-1 is-layout-flex wp-block-gallery-is-layout-flex\">\n<figure class=\"wp-block-image size-large\"><img loading=\"lazy\" decoding=\"async\" width=\"1024\" height=\"683\" data-id=\"39687\" src=\"https:\/\/www.ebg.de\/wp-content\/uploads\/2025\/08\/IMG_4623-1024x683.jpg\" alt=\"\" class=\"wp-image-39687\" srcset=\"https:\/\/www.ebg.de\/wp-content\/uploads\/2025\/08\/IMG_4623-1024x683.jpg 1024w, https:\/\/www.ebg.de\/wp-content\/uploads\/2025\/08\/IMG_4623-300x200.jpg 300w, https:\/\/www.ebg.de\/wp-content\/uploads\/2025\/08\/IMG_4623-768x512.jpg 768w, https:\/\/www.ebg.de\/wp-content\/uploads\/2025\/08\/IMG_4623-1536x1024.jpg 1536w, https:\/\/www.ebg.de\/wp-content\/uploads\/2025\/08\/IMG_4623-2048x1365.jpg 2048w, https:\/\/www.ebg.de\/wp-content\/uploads\/2025\/08\/IMG_4623-900x600.jpg 900w, https:\/\/www.ebg.de\/wp-content\/uploads\/2025\/08\/IMG_4623-1200x800.jpg 1200w\" sizes=\"auto, (max-width: 1024px) 100vw, 1024px\" \/><\/figure>\n\n\n\n<figure class=\"wp-block-image size-large\"><img loading=\"lazy\" decoding=\"async\" width=\"1024\" height=\"683\" data-id=\"39685\" src=\"https:\/\/www.ebg.de\/wp-content\/uploads\/2025\/08\/IMG_4633-1024x683.jpg\" alt=\"\" class=\"wp-image-39685\" srcset=\"https:\/\/www.ebg.de\/wp-content\/uploads\/2025\/08\/IMG_4633-1024x683.jpg 1024w, https:\/\/www.ebg.de\/wp-content\/uploads\/2025\/08\/IMG_4633-300x200.jpg 300w, https:\/\/www.ebg.de\/wp-content\/uploads\/2025\/08\/IMG_4633-768x512.jpg 768w, https:\/\/www.ebg.de\/wp-content\/uploads\/2025\/08\/IMG_4633-1536x1024.jpg 1536w, https:\/\/www.ebg.de\/wp-content\/uploads\/2025\/08\/IMG_4633-2048x1365.jpg 2048w, https:\/\/www.ebg.de\/wp-content\/uploads\/2025\/08\/IMG_4633-900x600.jpg 900w, https:\/\/www.ebg.de\/wp-content\/uploads\/2025\/08\/IMG_4633-1200x800.jpg 1200w\" sizes=\"auto, (max-width: 1024px) 100vw, 1024px\" \/><\/figure>\n\n\n\n<figure class=\"wp-block-image size-large\"><img loading=\"lazy\" decoding=\"async\" width=\"1024\" height=\"683\" data-id=\"39683\" src=\"https:\/\/www.ebg.de\/wp-content\/uploads\/2025\/08\/IMG_4677-1-1024x683.jpg\" alt=\"\" class=\"wp-image-39683\" srcset=\"https:\/\/www.ebg.de\/wp-content\/uploads\/2025\/08\/IMG_4677-1-1024x683.jpg 1024w, https:\/\/www.ebg.de\/wp-content\/uploads\/2025\/08\/IMG_4677-1-300x200.jpg 300w, https:\/\/www.ebg.de\/wp-content\/uploads\/2025\/08\/IMG_4677-1-768x512.jpg 768w, https:\/\/www.ebg.de\/wp-content\/uploads\/2025\/08\/IMG_4677-1-1536x1024.jpg 1536w, https:\/\/www.ebg.de\/wp-content\/uploads\/2025\/08\/IMG_4677-1-2048x1365.jpg 2048w, https:\/\/www.ebg.de\/wp-content\/uploads\/2025\/08\/IMG_4677-1-900x600.jpg 900w, https:\/\/www.ebg.de\/wp-content\/uploads\/2025\/08\/IMG_4677-1-1200x800.jpg 1200w\" sizes=\"auto, (max-width: 1024px) 100vw, 1024px\" \/><\/figure>\n<\/figure>\n\n\n\n<p>Nach der Er\u00f6ffnung durch Schulleiterin S. Moch gab T. Krull, sozialpolitischer Sprecher der CDU-Landtagsfraktion, Einblicke in aktuelle bildungspolitische Themen der Lehrkr\u00e4fteausbildung in Sachsen-Anhalt. Gesch\u00e4ftsf\u00fchrer Prof. Dr. Beckmann stellte die Gr\u00fcndungsideen des EBG sowie die Schwerpunkte f\u00fcr das Schuljahr 2025\/26 vor und Frau Karbe, Leiterin des internationalen Bereiches, er\u00f6rterte die M\u00f6glichkeiten von Auslandaufenthalten f\u00fcr unsere Azubis als auch f\u00fcr unsere Mitarbeiter- europaweit!<br><\/p>\n\n\n\n<figure class=\"wp-block-gallery has-nested-images columns-default is-cropped wp-block-gallery-2 is-layout-flex wp-block-gallery-is-layout-flex\">\n<figure class=\"wp-block-image size-large\"><img loading=\"lazy\" decoding=\"async\" width=\"1024\" height=\"683\" data-id=\"39695\" src=\"https:\/\/www.ebg.de\/wp-content\/uploads\/2025\/08\/IMG_4639-1024x683.jpg\" alt=\"\" class=\"wp-image-39695\" srcset=\"https:\/\/www.ebg.de\/wp-content\/uploads\/2025\/08\/IMG_4639-1024x683.jpg 1024w, https:\/\/www.ebg.de\/wp-content\/uploads\/2025\/08\/IMG_4639-300x200.jpg 300w, https:\/\/www.ebg.de\/wp-content\/uploads\/2025\/08\/IMG_4639-768x512.jpg 768w, https:\/\/www.ebg.de\/wp-content\/uploads\/2025\/08\/IMG_4639-1536x1024.jpg 1536w, https:\/\/www.ebg.de\/wp-content\/uploads\/2025\/08\/IMG_4639-2048x1365.jpg 2048w, https:\/\/www.ebg.de\/wp-content\/uploads\/2025\/08\/IMG_4639-900x600.jpg 900w, https:\/\/www.ebg.de\/wp-content\/uploads\/2025\/08\/IMG_4639-1200x800.jpg 1200w\" sizes=\"auto, (max-width: 1024px) 100vw, 1024px\" \/><\/figure>\n\n\n\n<figure class=\"wp-block-image size-large\"><img loading=\"lazy\" decoding=\"async\" width=\"1024\" height=\"683\" data-id=\"39693\" src=\"https:\/\/www.ebg.de\/wp-content\/uploads\/2025\/08\/IMG_4644-1024x683.jpg\" alt=\"\" class=\"wp-image-39693\" srcset=\"https:\/\/www.ebg.de\/wp-content\/uploads\/2025\/08\/IMG_4644-1024x683.jpg 1024w, https:\/\/www.ebg.de\/wp-content\/uploads\/2025\/08\/IMG_4644-300x200.jpg 300w, https:\/\/www.ebg.de\/wp-content\/uploads\/2025\/08\/IMG_4644-768x512.jpg 768w, https:\/\/www.ebg.de\/wp-content\/uploads\/2025\/08\/IMG_4644-1536x1024.jpg 1536w, https:\/\/www.ebg.de\/wp-content\/uploads\/2025\/08\/IMG_4644-2048x1365.jpg 2048w, https:\/\/www.ebg.de\/wp-content\/uploads\/2025\/08\/IMG_4644-900x600.jpg 900w, https:\/\/www.ebg.de\/wp-content\/uploads\/2025\/08\/IMG_4644-1200x800.jpg 1200w\" sizes=\"auto, (max-width: 1024px) 100vw, 1024px\" \/><\/figure>\n\n\n\n<figure class=\"wp-block-image size-large\"><img loading=\"lazy\" decoding=\"async\" width=\"1024\" height=\"683\" data-id=\"39697\" src=\"https:\/\/www.ebg.de\/wp-content\/uploads\/2025\/08\/IMG_4687-1024x683.jpg\" alt=\"\" class=\"wp-image-39697\" srcset=\"https:\/\/www.ebg.de\/wp-content\/uploads\/2025\/08\/IMG_4687-1024x683.jpg 1024w, https:\/\/www.ebg.de\/wp-content\/uploads\/2025\/08\/IMG_4687-300x200.jpg 300w, https:\/\/www.ebg.de\/wp-content\/uploads\/2025\/08\/IMG_4687-768x512.jpg 768w, https:\/\/www.ebg.de\/wp-content\/uploads\/2025\/08\/IMG_4687-1536x1024.jpg 1536w, https:\/\/www.ebg.de\/wp-content\/uploads\/2025\/08\/IMG_4687-2048x1365.jpg 2048w, https:\/\/www.ebg.de\/wp-content\/uploads\/2025\/08\/IMG_4687-900x600.jpg 900w, https:\/\/www.ebg.de\/wp-content\/uploads\/2025\/08\/IMG_4687-1200x800.jpg 1200w\" sizes=\"auto, (max-width: 1024px) 100vw, 1024px\" \/><\/figure>\n\n\n\n<figure class=\"wp-block-image size-large\"><img loading=\"lazy\" decoding=\"async\" width=\"683\" height=\"1024\" data-id=\"39699\" src=\"https:\/\/www.ebg.de\/wp-content\/uploads\/2025\/08\/IMG_4689-683x1024.jpg\" alt=\"\" class=\"wp-image-39699\" srcset=\"https:\/\/www.ebg.de\/wp-content\/uploads\/2025\/08\/IMG_4689-683x1024.jpg 683w, https:\/\/www.ebg.de\/wp-content\/uploads\/2025\/08\/IMG_4689-200x300.jpg 200w, https:\/\/www.ebg.de\/wp-content\/uploads\/2025\/08\/IMG_4689-768x1152.jpg 768w, https:\/\/www.ebg.de\/wp-content\/uploads\/2025\/08\/IMG_4689-1024x1536.jpg 1024w, https:\/\/www.ebg.de\/wp-content\/uploads\/2025\/08\/IMG_4689-1365x2048.jpg 1365w, https:\/\/www.ebg.de\/wp-content\/uploads\/2025\/08\/IMG_4689-900x1350.jpg 900w, https:\/\/www.ebg.de\/wp-content\/uploads\/2025\/08\/IMG_4689-1200x1800.jpg 1200w, https:\/\/www.ebg.de\/wp-content\/uploads\/2025\/08\/IMG_4689-scaled.jpg 1707w\" sizes=\"auto, (max-width: 683px) 100vw, 683px\" \/><\/figure>\n\n\n\n<figure class=\"wp-block-image size-large\"><img loading=\"lazy\" decoding=\"async\" width=\"1024\" height=\"683\" data-id=\"39691\" src=\"https:\/\/www.ebg.de\/wp-content\/uploads\/2025\/08\/IMG_4728-1024x683.jpg\" alt=\"\" class=\"wp-image-39691\" srcset=\"https:\/\/www.ebg.de\/wp-content\/uploads\/2025\/08\/IMG_4728-1024x683.jpg 1024w, https:\/\/www.ebg.de\/wp-content\/uploads\/2025\/08\/IMG_4728-300x200.jpg 300w, https:\/\/www.ebg.de\/wp-content\/uploads\/2025\/08\/IMG_4728-768x512.jpg 768w, https:\/\/www.ebg.de\/wp-content\/uploads\/2025\/08\/IMG_4728-1536x1024.jpg 1536w, https:\/\/www.ebg.de\/wp-content\/uploads\/2025\/08\/IMG_4728-2048x1365.jpg 2048w, https:\/\/www.ebg.de\/wp-content\/uploads\/2025\/08\/IMG_4728-900x600.jpg 900w, https:\/\/www.ebg.de\/wp-content\/uploads\/2025\/08\/IMG_4728-1200x800.jpg 1200w\" sizes=\"auto, (max-width: 1024px) 100vw, 1024px\" \/><\/figure>\n\n\n\n<figure class=\"wp-block-image size-large\"><img loading=\"lazy\" decoding=\"async\" width=\"683\" height=\"1024\" data-id=\"39689\" src=\"https:\/\/www.ebg.de\/wp-content\/uploads\/2025\/08\/IMG_4735-683x1024.jpg\" alt=\"\" class=\"wp-image-39689\" srcset=\"https:\/\/www.ebg.de\/wp-content\/uploads\/2025\/08\/IMG_4735-683x1024.jpg 683w, https:\/\/www.ebg.de\/wp-content\/uploads\/2025\/08\/IMG_4735-200x300.jpg 200w, https:\/\/www.ebg.de\/wp-content\/uploads\/2025\/08\/IMG_4735-768x1152.jpg 768w, https:\/\/www.ebg.de\/wp-content\/uploads\/2025\/08\/IMG_4735-1024x1536.jpg 1024w, https:\/\/www.ebg.de\/wp-content\/uploads\/2025\/08\/IMG_4735-1365x2048.jpg 1365w, https:\/\/www.ebg.de\/wp-content\/uploads\/2025\/08\/IMG_4735-900x1350.jpg 900w, https:\/\/www.ebg.de\/wp-content\/uploads\/2025\/08\/IMG_4735-1200x1800.jpg 1200w, https:\/\/www.ebg.de\/wp-content\/uploads\/2025\/08\/IMG_4735-scaled.jpg 1707w\" sizes=\"auto, (max-width: 683px) 100vw, 683px\" \/><\/figure>\n<\/figure>\n\n\n\n<p>Ein H\u00f6hepunkt war der spannende Fachvortrag zur Nutzung von K\u00fcnstlicher Intelligenz im schulischen Kontext durch M. Melzer und R. H\u00f6hne von der workshoppen eG \u2013 informativ, praxisnah und horizonterweiternd.<\/p>\n\n\n\n<figure class=\"wp-block-gallery has-nested-images columns-default is-cropped wp-block-gallery-3 is-layout-flex wp-block-gallery-is-layout-flex\">\n<figure class=\"wp-block-image size-large\"><img loading=\"lazy\" decoding=\"async\" width=\"1024\" height=\"683\" data-id=\"39712\" src=\"https:\/\/www.ebg.de\/wp-content\/uploads\/2025\/08\/IMG_4716-1024x683.jpg\" alt=\"\" class=\"wp-image-39712\" srcset=\"https:\/\/www.ebg.de\/wp-content\/uploads\/2025\/08\/IMG_4716-1024x683.jpg 1024w, https:\/\/www.ebg.de\/wp-content\/uploads\/2025\/08\/IMG_4716-300x200.jpg 300w, https:\/\/www.ebg.de\/wp-content\/uploads\/2025\/08\/IMG_4716-768x512.jpg 768w, https:\/\/www.ebg.de\/wp-content\/uploads\/2025\/08\/IMG_4716-1536x1024.jpg 1536w, https:\/\/www.ebg.de\/wp-content\/uploads\/2025\/08\/IMG_4716-2048x1365.jpg 2048w, https:\/\/www.ebg.de\/wp-content\/uploads\/2025\/08\/IMG_4716-900x600.jpg 900w, https:\/\/www.ebg.de\/wp-content\/uploads\/2025\/08\/IMG_4716-1200x800.jpg 1200w\" sizes=\"auto, (max-width: 1024px) 100vw, 1024px\" \/><\/figure>\n\n\n\n<figure class=\"wp-block-image size-large\"><img loading=\"lazy\" decoding=\"async\" width=\"1024\" height=\"683\" data-id=\"39703\" src=\"https:\/\/www.ebg.de\/wp-content\/uploads\/2025\/08\/IMG_4722-1024x683.jpg\" alt=\"\" class=\"wp-image-39703\" srcset=\"https:\/\/www.ebg.de\/wp-content\/uploads\/2025\/08\/IMG_4722-1024x683.jpg 1024w, https:\/\/www.ebg.de\/wp-content\/uploads\/2025\/08\/IMG_4722-300x200.jpg 300w, https:\/\/www.ebg.de\/wp-content\/uploads\/2025\/08\/IMG_4722-768x512.jpg 768w, https:\/\/www.ebg.de\/wp-content\/uploads\/2025\/08\/IMG_4722-1536x1024.jpg 1536w, https:\/\/www.ebg.de\/wp-content\/uploads\/2025\/08\/IMG_4722-2048x1365.jpg 2048w, https:\/\/www.ebg.de\/wp-content\/uploads\/2025\/08\/IMG_4722-900x600.jpg 900w, https:\/\/www.ebg.de\/wp-content\/uploads\/2025\/08\/IMG_4722-1200x800.jpg 1200w\" sizes=\"auto, (max-width: 1024px) 100vw, 1024px\" \/><\/figure>\n\n\n\n<figure class=\"wp-block-image size-large\"><img loading=\"lazy\" decoding=\"async\" width=\"1024\" height=\"683\" data-id=\"39705\" src=\"https:\/\/www.ebg.de\/wp-content\/uploads\/2025\/08\/IMG_4812-1024x683.jpg\" alt=\"\" class=\"wp-image-39705\" srcset=\"https:\/\/www.ebg.de\/wp-content\/uploads\/2025\/08\/IMG_4812-1024x683.jpg 1024w, https:\/\/www.ebg.de\/wp-content\/uploads\/2025\/08\/IMG_4812-300x200.jpg 300w, https:\/\/www.ebg.de\/wp-content\/uploads\/2025\/08\/IMG_4812-768x512.jpg 768w, https:\/\/www.ebg.de\/wp-content\/uploads\/2025\/08\/IMG_4812-1536x1024.jpg 1536w, https:\/\/www.ebg.de\/wp-content\/uploads\/2025\/08\/IMG_4812-2048x1365.jpg 2048w, https:\/\/www.ebg.de\/wp-content\/uploads\/2025\/08\/IMG_4812-900x600.jpg 900w, https:\/\/www.ebg.de\/wp-content\/uploads\/2025\/08\/IMG_4812-1200x800.jpg 1200w\" sizes=\"auto, (max-width: 1024px) 100vw, 1024px\" \/><\/figure>\n<\/figure>\n\n\n\n<p>Durch Herrn W\u00f6pke vom Kriegsgr\u00e4berverein bekamen die Mitarbeiter und Mitarbeiterinnen Einblicke in die Kooperation zwischen EBG und der deutschen Kriegsgr\u00e4berf\u00fcrsorge e.V sowie den Projektfahrten unserer Azubis.<\/p>\n\n\n\n<p>Zwischen den Vortr\u00e4gen blieb Zeit f\u00fcr regen Austausch bei Kaffee und in Arbeitsgruppen, bevor am Nachmittag die Ergebnisse der Fachschaften pr\u00e4sentiert wurden. Neben fachlicher Arbeit ging es aber auch um sichtbare Pr\u00e4senz des EBG in Politik und \u00d6ffentlichkeit \u2013 ein gelungener Schritt in diese Richtung.<\/p>\n\n\n\n<figure class=\"wp-block-gallery has-nested-images columns-default is-cropped wp-block-gallery-4 is-layout-flex wp-block-gallery-is-layout-flex\">\n<figure class=\"wp-block-image size-large\"><img loading=\"lazy\" decoding=\"async\" width=\"1024\" height=\"683\" data-id=\"39726\" src=\"https:\/\/www.ebg.de\/wp-content\/uploads\/2025\/08\/IMG_4778-1024x683.jpg\" alt=\"\" class=\"wp-image-39726\" srcset=\"https:\/\/www.ebg.de\/wp-content\/uploads\/2025\/08\/IMG_4778-1024x683.jpg 1024w, https:\/\/www.ebg.de\/wp-content\/uploads\/2025\/08\/IMG_4778-300x200.jpg 300w, https:\/\/www.ebg.de\/wp-content\/uploads\/2025\/08\/IMG_4778-768x512.jpg 768w, https:\/\/www.ebg.de\/wp-content\/uploads\/2025\/08\/IMG_4778-1536x1024.jpg 1536w, https:\/\/www.ebg.de\/wp-content\/uploads\/2025\/08\/IMG_4778-2048x1365.jpg 2048w, https:\/\/www.ebg.de\/wp-content\/uploads\/2025\/08\/IMG_4778-900x600.jpg 900w, https:\/\/www.ebg.de\/wp-content\/uploads\/2025\/08\/IMG_4778-1200x800.jpg 1200w\" sizes=\"auto, (max-width: 1024px) 100vw, 1024px\" \/><\/figure>\n\n\n\n<figure class=\"wp-block-image size-large\"><img loading=\"lazy\" decoding=\"async\" width=\"1024\" height=\"683\" data-id=\"39720\" src=\"https:\/\/www.ebg.de\/wp-content\/uploads\/2025\/08\/IMG_4786-1024x683.jpg\" alt=\"\" class=\"wp-image-39720\" srcset=\"https:\/\/www.ebg.de\/wp-content\/uploads\/2025\/08\/IMG_4786-1024x683.jpg 1024w, https:\/\/www.ebg.de\/wp-content\/uploads\/2025\/08\/IMG_4786-300x200.jpg 300w, https:\/\/www.ebg.de\/wp-content\/uploads\/2025\/08\/IMG_4786-768x512.jpg 768w, https:\/\/www.ebg.de\/wp-content\/uploads\/2025\/08\/IMG_4786-1536x1024.jpg 1536w, https:\/\/www.ebg.de\/wp-content\/uploads\/2025\/08\/IMG_4786-2048x1365.jpg 2048w, https:\/\/www.ebg.de\/wp-content\/uploads\/2025\/08\/IMG_4786-900x600.jpg 900w, https:\/\/www.ebg.de\/wp-content\/uploads\/2025\/08\/IMG_4786-1200x800.jpg 1200w\" sizes=\"auto, (max-width: 1024px) 100vw, 1024px\" \/><\/figure>\n\n\n\n<figure class=\"wp-block-image size-large\"><img loading=\"lazy\" decoding=\"async\" width=\"1024\" height=\"683\" data-id=\"39722\" src=\"https:\/\/www.ebg.de\/wp-content\/uploads\/2025\/08\/IMG_4790-1024x683.jpg\" alt=\"\" class=\"wp-image-39722\" srcset=\"https:\/\/www.ebg.de\/wp-content\/uploads\/2025\/08\/IMG_4790-1024x683.jpg 1024w, https:\/\/www.ebg.de\/wp-content\/uploads\/2025\/08\/IMG_4790-300x200.jpg 300w, https:\/\/www.ebg.de\/wp-content\/uploads\/2025\/08\/IMG_4790-768x512.jpg 768w, https:\/\/www.ebg.de\/wp-content\/uploads\/2025\/08\/IMG_4790-1536x1024.jpg 1536w, https:\/\/www.ebg.de\/wp-content\/uploads\/2025\/08\/IMG_4790-2048x1365.jpg 2048w, https:\/\/www.ebg.de\/wp-content\/uploads\/2025\/08\/IMG_4790-900x600.jpg 900w, https:\/\/www.ebg.de\/wp-content\/uploads\/2025\/08\/IMG_4790-1200x800.jpg 1200w\" sizes=\"auto, (max-width: 1024px) 100vw, 1024px\" \/><\/figure>\n\n\n\n<figure class=\"wp-block-image size-large\"><img loading=\"lazy\" decoding=\"async\" width=\"1024\" height=\"683\" data-id=\"39724\" src=\"https:\/\/www.ebg.de\/wp-content\/uploads\/2025\/08\/IMG_4795-1024x683.jpg\" alt=\"\" class=\"wp-image-39724\" srcset=\"https:\/\/www.ebg.de\/wp-content\/uploads\/2025\/08\/IMG_4795-1024x683.jpg 1024w, https:\/\/www.ebg.de\/wp-content\/uploads\/2025\/08\/IMG_4795-300x200.jpg 300w, https:\/\/www.ebg.de\/wp-content\/uploads\/2025\/08\/IMG_4795-768x512.jpg 768w, https:\/\/www.ebg.de\/wp-content\/uploads\/2025\/08\/IMG_4795-1536x1024.jpg 1536w, https:\/\/www.ebg.de\/wp-content\/uploads\/2025\/08\/IMG_4795-2048x1365.jpg 2048w, https:\/\/www.ebg.de\/wp-content\/uploads\/2025\/08\/IMG_4795-900x600.jpg 900w, https:\/\/www.ebg.de\/wp-content\/uploads\/2025\/08\/IMG_4795-1200x800.jpg 1200w\" sizes=\"auto, (max-width: 1024px) 100vw, 1024px\" \/><\/figure>\n\n\n\n<figure class=\"wp-block-image size-large\"><img loading=\"lazy\" decoding=\"async\" width=\"1024\" height=\"683\" data-id=\"39718\" src=\"https:\/\/www.ebg.de\/wp-content\/uploads\/2025\/08\/IMG_4801-1024x683.jpg\" alt=\"\" class=\"wp-image-39718\" srcset=\"https:\/\/www.ebg.de\/wp-content\/uploads\/2025\/08\/IMG_4801-1024x683.jpg 1024w, https:\/\/www.ebg.de\/wp-content\/uploads\/2025\/08\/IMG_4801-300x200.jpg 300w, https:\/\/www.ebg.de\/wp-content\/uploads\/2025\/08\/IMG_4801-768x512.jpg 768w, https:\/\/www.ebg.de\/wp-content\/uploads\/2025\/08\/IMG_4801-1536x1024.jpg 1536w, https:\/\/www.ebg.de\/wp-content\/uploads\/2025\/08\/IMG_4801-2048x1365.jpg 2048w, https:\/\/www.ebg.de\/wp-content\/uploads\/2025\/08\/IMG_4801-900x600.jpg 900w, https:\/\/www.ebg.de\/wp-content\/uploads\/2025\/08\/IMG_4801-1200x800.jpg 1200w\" sizes=\"auto, (max-width: 1024px) 100vw, 1024px\" \/><\/figure>\n<\/figure>\n\n\n\n<p>Ug.<\/p>\n\n\n\n<p><\/p>\n\n\n\n<p><\/p>\n\n\n\n<p><\/p>\n\n\n\n<p><\/p>\n\n\n\n<p><\/p>\n","protected":false},"excerpt":{"rendered":"<p>Mit einem vollen Programm und vielen G\u00e4sten startete das Europ\u00e4ische Bildungswerk am 07.08.2025 in der Pestalozziaula Magdeburg in das neue Schuljahr. <\/p>\n","protected":false},"author":22,"featured_media":39685,"comment_status":"closed","ping_status":"closed","sticky":false,"template":"","format":"standard","meta":{"_acf_changed":false,"footnotes":""},"categories":[19],"tags":[198,107,193],"class_list":["post-39734","post","type-post","status-publish","format-standard","has-post-thumbnail","hentry","category-news-magdeburg-schulen","tag-auszubildende","tag-europaeisches-bildungswerk","tag-international"],"acf":[],"yoast_head":"<!-- This site is optimized with the Yoast SEO plugin v26.9 - https:\/\/yoast.com\/product\/yoast-seo-wordpress\/ -->\n<title>Das Auftakt in Magdeburg \u2013 Schuljahreser\u00f6ffnung in der Pestalozziaula<\/title>\n<meta name=\"description\" content=\"Mehr als 600 marokkanische Sch\u00fclerinnen und Sch\u00fcler informierten sich am 15.Februar \u00b425 in Rabat \u00fcber Studien- und Ausbildungsm\u00f6glichkeiten in Deutschland.\" \/>\n<meta name=\"robots\" content=\"index, follow, max-snippet:-1, max-image-preview:large, max-video-preview:-1\" \/>\n<link rel=\"canonical\" href=\"https:\/\/www.ebg.de\/auftakt-in-magdeburg-schuljahreseroeffnung-in-der-pestalozziaula\/\" \/>\n<meta property=\"og:locale\" content=\"en_US\" \/>\n<meta property=\"og:type\" content=\"article\" \/>\n<meta property=\"og:title\" content=\"Das Auftakt in Magdeburg \u2013 Schuljahreser\u00f6ffnung in der Pestalozziaula\" \/>\n<meta property=\"og:description\" content=\"Mehr als 600 marokkanische Sch\u00fclerinnen und Sch\u00fcler informierten sich am 15.Februar \u00b425 in Rabat \u00fcber Studien- und Ausbildungsm\u00f6glichkeiten in Deutschland.\" \/>\n<meta property=\"og:url\" content=\"https:\/\/www.ebg.de\/auftakt-in-magdeburg-schuljahreseroeffnung-in-der-pestalozziaula\/\" \/>\n<meta property=\"og:site_name\" content=\"Europ\u00e4isches Bildungswerk f\u00fcr Beruf und Gesellschaft\" \/>\n<meta property=\"article:published_time\" content=\"2025-08-07T16:00:49+00:00\" \/>\n<meta property=\"article:modified_time\" content=\"2025-08-08T09:12:06+00:00\" \/>\n<meta property=\"og:image\" content=\"https:\/\/www.ebg.de\/wp-content\/uploads\/2025\/08\/IMG_4633-scaled.jpg\" \/>\n\t<meta property=\"og:image:width\" content=\"2560\" \/>\n\t<meta property=\"og:image:height\" content=\"1707\" \/>\n\t<meta property=\"og:image:type\" content=\"image\/jpeg\" \/>\n<meta name=\"author\" content=\"Stephan Deubner\" \/>\n<meta name=\"twitter:card\" content=\"summary_large_image\" \/>\n<meta name=\"twitter:label1\" content=\"Written by\" \/>\n\t<meta name=\"twitter:data1\" content=\"Stephan Deubner\" \/>\n\t<meta name=\"twitter:label2\" content=\"Est. reading time\" \/>\n\t<meta name=\"twitter:data2\" content=\"5 minutes\" \/>\n<!-- \/ Yoast SEO plugin. -->","yoast_head_json":{"title":"Das Auftakt in Magdeburg \u2013 Schuljahreser\u00f6ffnung in der Pestalozziaula","description":"Mehr als 600 marokkanische Sch\u00fclerinnen und Sch\u00fcler informierten sich am 15.Februar \u00b425 in Rabat \u00fcber Studien- und Ausbildungsm\u00f6glichkeiten in Deutschland.","robots":{"index":"index","follow":"follow","max-snippet":"max-snippet:-1","max-image-preview":"max-image-preview:large","max-video-preview":"max-video-preview:-1"},"canonical":"https:\/\/www.ebg.de\/auftakt-in-magdeburg-schuljahreseroeffnung-in-der-pestalozziaula\/","og_locale":"en_US","og_type":"article","og_title":"Das Auftakt in Magdeburg \u2013 Schuljahreser\u00f6ffnung in der Pestalozziaula","og_description":"Mehr als 600 marokkanische Sch\u00fclerinnen und Sch\u00fcler informierten sich am 15.Februar \u00b425 in Rabat \u00fcber Studien- und Ausbildungsm\u00f6glichkeiten in Deutschland.","og_url":"https:\/\/www.ebg.de\/auftakt-in-magdeburg-schuljahreseroeffnung-in-der-pestalozziaula\/","og_site_name":"Europ\u00e4isches Bildungswerk f\u00fcr Beruf und Gesellschaft","article_published_time":"2025-08-07T16:00:49+00:00","article_modified_time":"2025-08-08T09:12:06+00:00","og_image":[{"width":2560,"height":1707,"url":"https:\/\/www.ebg.de\/wp-content\/uploads\/2025\/08\/IMG_4633-scaled.jpg","type":"image\/jpeg"}],"author":"Stephan Deubner","twitter_card":"summary_large_image","twitter_misc":{"Written by":"Stephan Deubner","Est. reading time":"5 minutes"},"schema":{"@context":"https:\/\/schema.org","@graph":[{"@type":"Article","@id":"https:\/\/www.ebg.de\/auftakt-in-magdeburg-schuljahreseroeffnung-in-der-pestalozziaula\/#article","isPartOf":{"@id":"https:\/\/www.ebg.de\/auftakt-in-magdeburg-schuljahreseroeffnung-in-der-pestalozziaula\/"},"author":{"name":"Stephan Deubner","@id":"https:\/\/www.ebg.de\/#\/schema\/person\/af645ea1741029d9a44ae532ceb268bc"},"headline":"Auftakt in Magdeburg \u2013 Schuljahreser\u00f6ffnung in der Pestalozziaula","datePublished":"2025-08-07T16:00:49+00:00","dateModified":"2025-08-08T09:12:06+00:00","mainEntityOfPage":{"@id":"https:\/\/www.ebg.de\/auftakt-in-magdeburg-schuljahreseroeffnung-in-der-pestalozziaula\/"},"wordCount":238,"image":{"@id":"https:\/\/www.ebg.de\/auftakt-in-magdeburg-schuljahreseroeffnung-in-der-pestalozziaula\/#primaryimage"},"thumbnailUrl":"https:\/\/www.ebg.de\/wp-content\/uploads\/2025\/08\/IMG_4633-scaled.jpg","keywords":["Auszubildende","Europ\u00e4isches Bildungswerk","international"],"articleSection":["News - Magdeburg Schulen"],"inLanguage":"en-US"},{"@type":"WebPage","@id":"https:\/\/www.ebg.de\/auftakt-in-magdeburg-schuljahreseroeffnung-in-der-pestalozziaula\/","url":"https:\/\/www.ebg.de\/auftakt-in-magdeburg-schuljahreseroeffnung-in-der-pestalozziaula\/","name":"Das Auftakt in Magdeburg \u2013 Schuljahreser\u00f6ffnung in der Pestalozziaula","isPartOf":{"@id":"https:\/\/www.ebg.de\/#website"},"primaryImageOfPage":{"@id":"https:\/\/www.ebg.de\/auftakt-in-magdeburg-schuljahreseroeffnung-in-der-pestalozziaula\/#primaryimage"},"image":{"@id":"https:\/\/www.ebg.de\/auftakt-in-magdeburg-schuljahreseroeffnung-in-der-pestalozziaula\/#primaryimage"},"thumbnailUrl":"https:\/\/www.ebg.de\/wp-content\/uploads\/2025\/08\/IMG_4633-scaled.jpg","datePublished":"2025-08-07T16:00:49+00:00","dateModified":"2025-08-08T09:12:06+00:00","author":{"@id":"https:\/\/www.ebg.de\/#\/schema\/person\/af645ea1741029d9a44ae532ceb268bc"},"description":"Mehr als 600 marokkanische Sch\u00fclerinnen und Sch\u00fcler informierten sich am 15.Februar \u00b425 in Rabat \u00fcber Studien- und Ausbildungsm\u00f6glichkeiten in Deutschland.","breadcrumb":{"@id":"https:\/\/www.ebg.de\/auftakt-in-magdeburg-schuljahreseroeffnung-in-der-pestalozziaula\/#breadcrumb"},"inLanguage":"en-US","potentialAction":[{"@type":"ReadAction","target":["https:\/\/www.ebg.de\/auftakt-in-magdeburg-schuljahreseroeffnung-in-der-pestalozziaula\/"]}]},{"@type":"ImageObject","inLanguage":"en-US","@id":"https:\/\/www.ebg.de\/auftakt-in-magdeburg-schuljahreseroeffnung-in-der-pestalozziaula\/#primaryimage","url":"https:\/\/www.ebg.de\/wp-content\/uploads\/2025\/08\/IMG_4633-scaled.jpg","contentUrl":"https:\/\/www.ebg.de\/wp-content\/uploads\/2025\/08\/IMG_4633-scaled.jpg","width":2560,"height":1707},{"@type":"BreadcrumbList","@id":"https:\/\/www.ebg.de\/auftakt-in-magdeburg-schuljahreseroeffnung-in-der-pestalozziaula\/#breadcrumb","itemListElement":[{"@type":"ListItem","position":1,"name":"Startseite","item":"https:\/\/www.ebg.de\/"},{"@type":"ListItem","position":2,"name":"Auftakt in Magdeburg \u2013 Schuljahreser\u00f6ffnung in der Pestalozziaula"}]},{"@type":"WebSite","@id":"https:\/\/www.ebg.de\/#website","url":"https:\/\/www.ebg.de\/","name":"Europ\u00e4isches Bildungswerk f\u00fcr Beruf und Gesellschaft","description":"Bildung, Ausbildung und Weiterbildung","potentialAction":[{"@type":"SearchAction","target":{"@type":"EntryPoint","urlTemplate":"https:\/\/www.ebg.de\/?s={search_term_string}"},"query-input":{"@type":"PropertyValueSpecification","valueRequired":true,"valueName":"search_term_string"}}],"inLanguage":"en-US"},{"@type":"Person","@id":"https:\/\/www.ebg.de\/#\/schema\/person\/af645ea1741029d9a44ae532ceb268bc","name":"Stephan Deubner","image":{"@type":"ImageObject","inLanguage":"en-US","@id":"https:\/\/www.ebg.de\/#\/schema\/person\/image\/","url":"https:\/\/secure.gravatar.com\/avatar\/35731f6a08afa0518c45f153077f6135c0f41aa2ae0b76e850ef9508976a7bbe?s=96&d=mm&r=g","contentUrl":"https:\/\/secure.gravatar.com\/avatar\/35731f6a08afa0518c45f153077f6135c0f41aa2ae0b76e850ef9508976a7bbe?s=96&d=mm&r=g","caption":"Stephan Deubner"},"url":"https:\/\/www.ebg.de\/en\/author\/sdeubner\/"}]}},"_links":{"self":[{"href":"https:\/\/www.ebg.de\/en\/wp-json\/wp\/v2\/posts\/39734","targetHints":{"allow":["GET"]}}],"collection":[{"href":"https:\/\/www.ebg.de\/en\/wp-json\/wp\/v2\/posts"}],"about":[{"href":"https:\/\/www.ebg.de\/en\/wp-json\/wp\/v2\/types\/post"}],"author":[{"embeddable":true,"href":"https:\/\/www.ebg.de\/en\/wp-json\/wp\/v2\/users\/22"}],"replies":[{"embeddable":true,"href":"https:\/\/www.ebg.de\/en\/wp-json\/wp\/v2\/comments?post=39734"}],"version-history":[{"count":1,"href":"https:\/\/www.ebg.de\/en\/wp-json\/wp\/v2\/posts\/39734\/revisions"}],"predecessor-version":[{"id":39735,"href":"https:\/\/www.ebg.de\/en\/wp-json\/wp\/v2\/posts\/39734\/revisions\/39735"}],"wp:featuredmedia":[{"embeddable":true,"href":"https:\/\/www.ebg.de\/en\/wp-json\/wp\/v2\/media\/39685"}],"wp:attachment":[{"href":"https:\/\/www.ebg.de\/en\/wp-json\/wp\/v2\/media?parent=39734"}],"wp:term":[{"taxonomy":"category","embeddable":true,"href":"https:\/\/www.ebg.de\/en\/wp-json\/wp\/v2\/categories?post=39734"},{"taxonomy":"post_tag","embeddable":true,"href":"https:\/\/www.ebg.de\/en\/wp-json\/wp\/v2\/tags?post=39734"}],"curies":[{"name":"wp","href":"https:\/\/api.w.org\/{rel}","templated":true}]}}