{"id":39254,"date":"2025-05-15T13:11:36","date_gmt":"2025-05-15T11:11:36","guid":{"rendered":"https:\/\/www.ebg.de\/?p=39254"},"modified":"2025-06-02T14:44:44","modified_gmt":"2025-06-02T12:44:44","slug":"beim-ebg-brennt-nix-an","status":"publish","type":"post","link":"https:\/\/www.ebg.de\/en\/beim-ebg-brennt-nix-an\/","title":{"rendered":"Beim EBG brennt nix an!"},"content":{"rendered":"\n<p><strong>Feuerfrei? Aber sicher doch \u2013 mit  Herrn Dr. Siebeck und VR-Brille! \ud83d\udd25\ud83e\uddef<\/strong><\/p>\n\n\n\n<p>Alle f\u00fcnf Jahre hei\u00dft es bei uns im Europ\u00e4ischen Bildungswerk: <em>Feuerl\u00f6scher polieren, Sicherheitsweste an \u2013 es wird hei\u00df!<\/em> Zumindest theoretisch. Denn beim zentralen <strong>Brandschutzseminar f\u00fcr unsere Brandschutzhelferinnen und -helfer<\/strong> stehen nicht nur Fachwissen, sondern auch praktische Szenarien im Fokus \u2013 diesmal allerdings ganz ohne echten Rauch und Flammen. Warum? Ganz einfach: <strong>Waldbrandstufe zu hoch, Risiko zu gro\u00df, Verantwortung geht vor.<\/strong><\/p>\n\n\n\n<p>Doch keine Sorge: Unter der souver\u00e4nen und fachlich einwandfreien Leitung Herrn Matthias vo <strong>Fa. Brandschutztechnik H\u00e4drich, <\/strong>wurde das EBG kurzerhand zur digitalen Feuerwehrakademie. Mithilfe modernster <strong>Virtual-Reality-Technik<\/strong> konnten unsere Mitarbeitenden realit\u00e4tsnahe Brandsituationen erleben .<\/p>\n\n\n\n<figure class=\"wp-block-gallery has-nested-images columns-default is-cropped wp-block-gallery-1 is-layout-flex wp-block-gallery-is-layout-flex\">\n<figure class=\"wp-block-image size-large\"><img loading=\"lazy\" decoding=\"async\" width=\"683\" height=\"1024\" data-id=\"39257\" src=\"https:\/\/www.ebg.de\/wp-content\/uploads\/2025\/05\/IMG_3488-683x1024.jpg\" alt=\"\" class=\"wp-image-39257\" srcset=\"https:\/\/www.ebg.de\/wp-content\/uploads\/2025\/05\/IMG_3488-683x1024.jpg 683w, https:\/\/www.ebg.de\/wp-content\/uploads\/2025\/05\/IMG_3488-200x300.jpg 200w, https:\/\/www.ebg.de\/wp-content\/uploads\/2025\/05\/IMG_3488-768x1152.jpg 768w, https:\/\/www.ebg.de\/wp-content\/uploads\/2025\/05\/IMG_3488-1024x1536.jpg 1024w, https:\/\/www.ebg.de\/wp-content\/uploads\/2025\/05\/IMG_3488-1365x2048.jpg 1365w, https:\/\/www.ebg.de\/wp-content\/uploads\/2025\/05\/IMG_3488-900x1350.jpg 900w, https:\/\/www.ebg.de\/wp-content\/uploads\/2025\/05\/IMG_3488-1200x1800.jpg 1200w, https:\/\/www.ebg.de\/wp-content\/uploads\/2025\/05\/IMG_3488-scaled.jpg 1707w\" sizes=\"auto, (max-width: 683px) 100vw, 683px\" \/><\/figure>\n\n\n\n<figure class=\"wp-block-image size-large\"><img loading=\"lazy\" decoding=\"async\" width=\"683\" height=\"1024\" data-id=\"39259\" src=\"https:\/\/www.ebg.de\/wp-content\/uploads\/2025\/05\/IMG_3529-683x1024.jpg\" alt=\"\" class=\"wp-image-39259\" srcset=\"https:\/\/www.ebg.de\/wp-content\/uploads\/2025\/05\/IMG_3529-683x1024.jpg 683w, https:\/\/www.ebg.de\/wp-content\/uploads\/2025\/05\/IMG_3529-200x300.jpg 200w, https:\/\/www.ebg.de\/wp-content\/uploads\/2025\/05\/IMG_3529-768x1152.jpg 768w, https:\/\/www.ebg.de\/wp-content\/uploads\/2025\/05\/IMG_3529-1024x1536.jpg 1024w, https:\/\/www.ebg.de\/wp-content\/uploads\/2025\/05\/IMG_3529-1365x2048.jpg 1365w, https:\/\/www.ebg.de\/wp-content\/uploads\/2025\/05\/IMG_3529-900x1350.jpg 900w, https:\/\/www.ebg.de\/wp-content\/uploads\/2025\/05\/IMG_3529-1200x1800.jpg 1200w, https:\/\/www.ebg.de\/wp-content\/uploads\/2025\/05\/IMG_3529-scaled.jpg 1707w\" sizes=\"auto, (max-width: 683px) 100vw, 683px\" \/><\/figure>\n<\/figure>\n\n\n\n<p>Die VR-Brillen zauberten Flammen auf Knopfdruck \u2013 das Adrenalin war echt, das Feuer zum Gl\u00fcck nicht. So wurde ge\u00fcbt, gel\u00f6scht, reagiert und reflektiert \u2013 ganz wie im Ernstfall. Nur eben sicher, nachhaltig und absolut <em>low risk \u2013 high tech<\/em>.<\/p>\n\n\n\n<figure class=\"wp-block-gallery has-nested-images columns-default is-cropped wp-block-gallery-2 is-layout-flex wp-block-gallery-is-layout-flex\">\n<figure class=\"wp-block-image size-large\"><img loading=\"lazy\" decoding=\"async\" width=\"683\" height=\"1024\" data-id=\"39269\" src=\"https:\/\/www.ebg.de\/wp-content\/uploads\/2025\/05\/IMG_3543-1-683x1024.jpg\" alt=\"\" class=\"wp-image-39269\" srcset=\"https:\/\/www.ebg.de\/wp-content\/uploads\/2025\/05\/IMG_3543-1-683x1024.jpg 683w, https:\/\/www.ebg.de\/wp-content\/uploads\/2025\/05\/IMG_3543-1-200x300.jpg 200w, https:\/\/www.ebg.de\/wp-content\/uploads\/2025\/05\/IMG_3543-1-768x1152.jpg 768w, https:\/\/www.ebg.de\/wp-content\/uploads\/2025\/05\/IMG_3543-1-1024x1536.jpg 1024w, https:\/\/www.ebg.de\/wp-content\/uploads\/2025\/05\/IMG_3543-1-1365x2048.jpg 1365w, https:\/\/www.ebg.de\/wp-content\/uploads\/2025\/05\/IMG_3543-1-900x1350.jpg 900w, https:\/\/www.ebg.de\/wp-content\/uploads\/2025\/05\/IMG_3543-1-1200x1800.jpg 1200w, https:\/\/www.ebg.de\/wp-content\/uploads\/2025\/05\/IMG_3543-1-scaled.jpg 1707w\" sizes=\"auto, (max-width: 683px) 100vw, 683px\" \/><\/figure>\n\n\n\n<figure class=\"wp-block-image size-large\"><img loading=\"lazy\" decoding=\"async\" width=\"1024\" height=\"683\" data-id=\"39267\" src=\"https:\/\/www.ebg.de\/wp-content\/uploads\/2025\/05\/IMG_3480-1-1024x683.jpg\" alt=\"\" class=\"wp-image-39267\" srcset=\"https:\/\/www.ebg.de\/wp-content\/uploads\/2025\/05\/IMG_3480-1-1024x683.jpg 1024w, https:\/\/www.ebg.de\/wp-content\/uploads\/2025\/05\/IMG_3480-1-300x200.jpg 300w, https:\/\/www.ebg.de\/wp-content\/uploads\/2025\/05\/IMG_3480-1-768x512.jpg 768w, https:\/\/www.ebg.de\/wp-content\/uploads\/2025\/05\/IMG_3480-1-1536x1024.jpg 1536w, https:\/\/www.ebg.de\/wp-content\/uploads\/2025\/05\/IMG_3480-1-2048x1365.jpg 2048w, https:\/\/www.ebg.de\/wp-content\/uploads\/2025\/05\/IMG_3480-1-900x600.jpg 900w, https:\/\/www.ebg.de\/wp-content\/uploads\/2025\/05\/IMG_3480-1-1200x800.jpg 1200w\" sizes=\"auto, (max-width: 1024px) 100vw, 1024px\" \/><\/figure>\n<\/figure>\n\n\n\n<figure class=\"wp-block-image size-large is-resized\"><img loading=\"lazy\" decoding=\"async\" width=\"1024\" height=\"683\" src=\"https:\/\/www.ebg.de\/wp-content\/uploads\/2025\/05\/IMG_3490-1024x683.jpg\" alt=\"\" class=\"wp-image-39261\" style=\"width:704px;height:auto\" srcset=\"https:\/\/www.ebg.de\/wp-content\/uploads\/2025\/05\/IMG_3490-1024x683.jpg 1024w, https:\/\/www.ebg.de\/wp-content\/uploads\/2025\/05\/IMG_3490-300x200.jpg 300w, https:\/\/www.ebg.de\/wp-content\/uploads\/2025\/05\/IMG_3490-768x512.jpg 768w, https:\/\/www.ebg.de\/wp-content\/uploads\/2025\/05\/IMG_3490-1536x1024.jpg 1536w, https:\/\/www.ebg.de\/wp-content\/uploads\/2025\/05\/IMG_3490-2048x1365.jpg 2048w, https:\/\/www.ebg.de\/wp-content\/uploads\/2025\/05\/IMG_3490-900x600.jpg 900w, https:\/\/www.ebg.de\/wp-content\/uploads\/2025\/05\/IMG_3490-1200x800.jpg 1200w\" sizes=\"auto, (max-width: 1024px) 100vw, 1024px\" \/><\/figure>\n\n\n\n<p>Und das Beste: Dank der klugen Planung und dem Know-how von Dr. Siebeck brannte \u2013 wie immer bei uns \u2013 <strong>gar nichts an.<\/strong><\/p>\n\n\n\n<hr class=\"wp-block-separator has-alpha-channel-opacity\"\/>\n\n\n\n<p><strong>Fazit:<\/strong><br>Brandschutz ist kein \u201ehei\u00dfes Eisen\u201c, sondern eine <strong>verantwortungsvolle Pflicht<\/strong> \u2013 und mit innovativen Methoden wie diesen bleibt unser Team bestens vorbereitet. Danke an alle Teilnehmenden und besonders an Dr. Siebeck f\u00fcr die souver\u00e4ne Brandbek\u00e4mpfung.<\/p>\n\n\n\n<p><\/p>\n\n\n\n<p><\/p>\n\n\n\n<p><\/p>\n\n\n\n<p><\/p>\n\n\n\n<p><\/p>\n","protected":false},"excerpt":{"rendered":"<p>Brandhei\u00df und gleichzeitig nichts anbrennen lassen! Die Brandschutzhelfer des EBG in Bestform!<\/p>\n","protected":false},"author":22,"featured_media":39255,"comment_status":"closed","ping_status":"closed","sticky":false,"template":"","format":"standard","meta":{"_acf_changed":false,"footnotes":""},"categories":[26,28,29,27,101,19,30,205,22],"tags":[198,107,193],"class_list":["post-39254","post","type-post","status-publish","format-standard","has-post-thumbnail","hentry","category-news-brandenburg-schulen","category-news-halberstadt-schulen","category-news-halle-schulen","category-news-leipzig-schulen","category-news-magdeburg-rkz","category-news-magdeburg-schulen","category-news-naumburg-schulen","category-news-technikum","category-news-gf","tag-auszubildende","tag-europaeisches-bildungswerk","tag-international"],"acf":[],"yoast_head":"<!-- This site is optimized with the Yoast SEO plugin v26.9 - https:\/\/yoast.com\/product\/yoast-seo-wordpress\/ -->\n<title>Das Beim EBG brennt nix an!<\/title>\n<meta name=\"description\" content=\"Mehr als 600 marokkanische Sch\u00fclerinnen und Sch\u00fcler informierten sich am 15.Februar \u00b425 in Rabat \u00fcber Studien- und Ausbildungsm\u00f6glichkeiten in Deutschland.\" \/>\n<meta name=\"robots\" content=\"index, follow, max-snippet:-1, max-image-preview:large, max-video-preview:-1\" \/>\n<link rel=\"canonical\" href=\"https:\/\/www.ebg.de\/beim-ebg-brennt-nix-an\/\" \/>\n<meta property=\"og:locale\" content=\"en_US\" \/>\n<meta property=\"og:type\" content=\"article\" \/>\n<meta property=\"og:title\" content=\"Das Beim EBG brennt nix an!\" \/>\n<meta property=\"og:description\" content=\"Mehr als 600 marokkanische Sch\u00fclerinnen und Sch\u00fcler informierten sich am 15.Februar \u00b425 in Rabat \u00fcber Studien- und Ausbildungsm\u00f6glichkeiten in Deutschland.\" \/>\n<meta property=\"og:url\" content=\"https:\/\/www.ebg.de\/beim-ebg-brennt-nix-an\/\" \/>\n<meta property=\"og:site_name\" content=\"Europ\u00e4isches Bildungswerk f\u00fcr Beruf und Gesellschaft\" \/>\n<meta property=\"article:published_time\" content=\"2025-05-15T11:11:36+00:00\" \/>\n<meta property=\"article:modified_time\" content=\"2025-06-02T12:44:44+00:00\" \/>\n<meta property=\"og:image\" content=\"https:\/\/www.ebg.de\/wp-content\/uploads\/2025\/05\/IMG_3448-scaled.jpg\" \/>\n\t<meta property=\"og:image:width\" content=\"2560\" \/>\n\t<meta property=\"og:image:height\" content=\"1707\" \/>\n\t<meta property=\"og:image:type\" content=\"image\/jpeg\" \/>\n<meta name=\"author\" content=\"Stephan Deubner\" \/>\n<meta name=\"twitter:card\" content=\"summary_large_image\" \/>\n<meta name=\"twitter:label1\" content=\"Written by\" \/>\n\t<meta name=\"twitter:data1\" content=\"Stephan Deubner\" \/>\n\t<meta name=\"twitter:label2\" content=\"Est. reading time\" \/>\n\t<meta name=\"twitter:data2\" content=\"3 minutes\" \/>\n<!-- \/ Yoast SEO plugin. -->","yoast_head_json":{"title":"Das Beim EBG brennt nix an!","description":"Mehr als 600 marokkanische Sch\u00fclerinnen und Sch\u00fcler informierten sich am 15.Februar \u00b425 in Rabat \u00fcber Studien- und Ausbildungsm\u00f6glichkeiten in Deutschland.","robots":{"index":"index","follow":"follow","max-snippet":"max-snippet:-1","max-image-preview":"max-image-preview:large","max-video-preview":"max-video-preview:-1"},"canonical":"https:\/\/www.ebg.de\/beim-ebg-brennt-nix-an\/","og_locale":"en_US","og_type":"article","og_title":"Das Beim EBG brennt nix an!","og_description":"Mehr als 600 marokkanische Sch\u00fclerinnen und Sch\u00fcler informierten sich am 15.Februar \u00b425 in Rabat \u00fcber Studien- und Ausbildungsm\u00f6glichkeiten in Deutschland.","og_url":"https:\/\/www.ebg.de\/beim-ebg-brennt-nix-an\/","og_site_name":"Europ\u00e4isches Bildungswerk f\u00fcr Beruf und Gesellschaft","article_published_time":"2025-05-15T11:11:36+00:00","article_modified_time":"2025-06-02T12:44:44+00:00","og_image":[{"width":2560,"height":1707,"url":"https:\/\/www.ebg.de\/wp-content\/uploads\/2025\/05\/IMG_3448-scaled.jpg","type":"image\/jpeg"}],"author":"Stephan Deubner","twitter_card":"summary_large_image","twitter_misc":{"Written by":"Stephan Deubner","Est. reading time":"3 minutes"},"schema":{"@context":"https:\/\/schema.org","@graph":[{"@type":"Article","@id":"https:\/\/www.ebg.de\/beim-ebg-brennt-nix-an\/#article","isPartOf":{"@id":"https:\/\/www.ebg.de\/beim-ebg-brennt-nix-an\/"},"author":{"name":"Stephan Deubner","@id":"https:\/\/www.ebg.de\/#\/schema\/person\/af645ea1741029d9a44ae532ceb268bc"},"headline":"Beim EBG brennt nix an!","datePublished":"2025-05-15T11:11:36+00:00","dateModified":"2025-06-02T12:44:44+00:00","mainEntityOfPage":{"@id":"https:\/\/www.ebg.de\/beim-ebg-brennt-nix-an\/"},"wordCount":211,"image":{"@id":"https:\/\/www.ebg.de\/beim-ebg-brennt-nix-an\/#primaryimage"},"thumbnailUrl":"https:\/\/www.ebg.de\/wp-content\/uploads\/2025\/05\/IMG_3448-scaled.jpg","keywords":["Auszubildende","Europ\u00e4isches Bildungswerk","international"],"articleSection":["News - Brandenburg Schulen","News - Halberstadt Schulen","News - Halle Schulen","News - Leipzig Schulen","News - Magdeburg RKZ","News - Magdeburg Schulen","News - Naumburg Schulen","News Technikum","News-GF"],"inLanguage":"en-US"},{"@type":"WebPage","@id":"https:\/\/www.ebg.de\/beim-ebg-brennt-nix-an\/","url":"https:\/\/www.ebg.de\/beim-ebg-brennt-nix-an\/","name":"Das Beim EBG brennt nix an!","isPartOf":{"@id":"https:\/\/www.ebg.de\/#website"},"primaryImageOfPage":{"@id":"https:\/\/www.ebg.de\/beim-ebg-brennt-nix-an\/#primaryimage"},"image":{"@id":"https:\/\/www.ebg.de\/beim-ebg-brennt-nix-an\/#primaryimage"},"thumbnailUrl":"https:\/\/www.ebg.de\/wp-content\/uploads\/2025\/05\/IMG_3448-scaled.jpg","datePublished":"2025-05-15T11:11:36+00:00","dateModified":"2025-06-02T12:44:44+00:00","author":{"@id":"https:\/\/www.ebg.de\/#\/schema\/person\/af645ea1741029d9a44ae532ceb268bc"},"description":"Mehr als 600 marokkanische Sch\u00fclerinnen und Sch\u00fcler informierten sich am 15.Februar \u00b425 in Rabat \u00fcber Studien- und Ausbildungsm\u00f6glichkeiten in Deutschland.","breadcrumb":{"@id":"https:\/\/www.ebg.de\/beim-ebg-brennt-nix-an\/#breadcrumb"},"inLanguage":"en-US","potentialAction":[{"@type":"ReadAction","target":["https:\/\/www.ebg.de\/beim-ebg-brennt-nix-an\/"]}]},{"@type":"ImageObject","inLanguage":"en-US","@id":"https:\/\/www.ebg.de\/beim-ebg-brennt-nix-an\/#primaryimage","url":"https:\/\/www.ebg.de\/wp-content\/uploads\/2025\/05\/IMG_3448-scaled.jpg","contentUrl":"https:\/\/www.ebg.de\/wp-content\/uploads\/2025\/05\/IMG_3448-scaled.jpg","width":2560,"height":1707},{"@type":"BreadcrumbList","@id":"https:\/\/www.ebg.de\/beim-ebg-brennt-nix-an\/#breadcrumb","itemListElement":[{"@type":"ListItem","position":1,"name":"Startseite","item":"https:\/\/www.ebg.de\/"},{"@type":"ListItem","position":2,"name":"Beim EBG brennt nix an!"}]},{"@type":"WebSite","@id":"https:\/\/www.ebg.de\/#website","url":"https:\/\/www.ebg.de\/","name":"Europ\u00e4isches Bildungswerk f\u00fcr Beruf und Gesellschaft","description":"Bildung, Ausbildung und Weiterbildung","potentialAction":[{"@type":"SearchAction","target":{"@type":"EntryPoint","urlTemplate":"https:\/\/www.ebg.de\/?s={search_term_string}"},"query-input":{"@type":"PropertyValueSpecification","valueRequired":true,"valueName":"search_term_string"}}],"inLanguage":"en-US"},{"@type":"Person","@id":"https:\/\/www.ebg.de\/#\/schema\/person\/af645ea1741029d9a44ae532ceb268bc","name":"Stephan Deubner","image":{"@type":"ImageObject","inLanguage":"en-US","@id":"https:\/\/www.ebg.de\/#\/schema\/person\/image\/","url":"https:\/\/secure.gravatar.com\/avatar\/35731f6a08afa0518c45f153077f6135c0f41aa2ae0b76e850ef9508976a7bbe?s=96&d=mm&r=g","contentUrl":"https:\/\/secure.gravatar.com\/avatar\/35731f6a08afa0518c45f153077f6135c0f41aa2ae0b76e850ef9508976a7bbe?s=96&d=mm&r=g","caption":"Stephan Deubner"},"url":"https:\/\/www.ebg.de\/en\/author\/sdeubner\/"}]}},"_links":{"self":[{"href":"https:\/\/www.ebg.de\/en\/wp-json\/wp\/v2\/posts\/39254","targetHints":{"allow":["GET"]}}],"collection":[{"href":"https:\/\/www.ebg.de\/en\/wp-json\/wp\/v2\/posts"}],"about":[{"href":"https:\/\/www.ebg.de\/en\/wp-json\/wp\/v2\/types\/post"}],"author":[{"embeddable":true,"href":"https:\/\/www.ebg.de\/en\/wp-json\/wp\/v2\/users\/22"}],"replies":[{"embeddable":true,"href":"https:\/\/www.ebg.de\/en\/wp-json\/wp\/v2\/comments?post=39254"}],"version-history":[{"count":1,"href":"https:\/\/www.ebg.de\/en\/wp-json\/wp\/v2\/posts\/39254\/revisions"}],"predecessor-version":[{"id":39271,"href":"https:\/\/www.ebg.de\/en\/wp-json\/wp\/v2\/posts\/39254\/revisions\/39271"}],"wp:featuredmedia":[{"embeddable":true,"href":"https:\/\/www.ebg.de\/en\/wp-json\/wp\/v2\/media\/39255"}],"wp:attachment":[{"href":"https:\/\/www.ebg.de\/en\/wp-json\/wp\/v2\/media?parent=39254"}],"wp:term":[{"taxonomy":"category","embeddable":true,"href":"https:\/\/www.ebg.de\/en\/wp-json\/wp\/v2\/categories?post=39254"},{"taxonomy":"post_tag","embeddable":true,"href":"https:\/\/www.ebg.de\/en\/wp-json\/wp\/v2\/tags?post=39254"}],"curies":[{"name":"wp","href":"https:\/\/api.w.org\/{rel}","templated":true}]}}