{"id":3915,"date":"2019-04-17T14:14:51","date_gmt":"2019-04-17T12:14:51","guid":{"rendered":"https:\/\/www.ebg.de\/?p=3915"},"modified":"2019-04-17T14:14:54","modified_gmt":"2019-04-17T12:14:54","slug":"das-fach-und-berufsfachschulzentrum-halle-erhaelt-neue-ik-technik","status":"publish","type":"post","link":"https:\/\/www.ebg.de\/en\/das-fach-und-berufsfachschulzentrum-halle-erhaelt-neue-ik-technik\/","title":{"rendered":"Das Fach- und Berufsfachschulzentrum Halle erh\u00e4lt neue IK-Technik"},"content":{"rendered":"\n<p>Das FBZ Halle konnte im Rahmen der\nF\u00f6rderung des Zugangs zu Informations- und Kommunikationstechnologien (IKT) und\nihres Einsatzes an den allgemeinbildenden und berufsbildenden Schulen in\nSachsen-Anhalt einen Zuwendungsbescheid f\u00fcr die Ausstattung des Standortes mit\nIK-Technik erhalten. <\/p>\n\n\n\n<p>Diese Mittel, welche aus dem Europ\u00e4ischen\nLandwirtschaftsfond f\u00fcr die Entwicklung des l\u00e4ndlichen Raumes (ELER) stammen,\nerlaubten es neue interaktive Tafeln, Notebooks, Tablets sowie\nInfrastrukturkomponenten zu beschaffen. Diese sind nun eingetroffen, in Betrieb\ngenommen und werden ab sofort den Unterricht bereichern.<\/p>\n\n\n\n<p>Damit reagiert das Europ\u00e4ische\nBildungswerk, als Tr\u00e4ger dieser staatlich anerkannten Ersatzschule, auf die Anforderungen,\nwelche mit der zunehmenden Digitalisierung einhergehen.<\/p>\n\n\n\n<p>Der qualifizierte Umgang mit\nInformations- und Kommunikationstechnik (IKT), gewinnt in allen Lebens- und\nArbeitsbereichen immer mehr an Bedeutung. So bringt bspw. die Digitalisierung\nvon Produktionsabl\u00e4ufen und Dienstleistungen, Flexibilisierung von\nArbeitspl\u00e4tzen, Steigerung von Kommunikationsaktivit\u00e4ten, Beschleunigung von\nInformationsprozessen, neue Formen der Zusammenarbeit \u00fcber die Grenzen von\nOrganisationen, Orten und Disziplinen hinweg neue Herausforderungen mit sich.\nMehr Flexibilit\u00e4t und Methodenkenntnisse beim Einsatz von digitalen\nTechnologien werden k\u00fcnftig von den Fachkr\u00e4ften erwartet. Die neu angeschaffte\nIK-Technik unterst\u00fctzt Lehrkr\u00e4fte dabei die Auszubildenden auf die genannten Herausforderungen\nvorzubereiten. <\/p>\n\n\n\n<figure class=\"wp-block-image\"><img loading=\"lazy\" decoding=\"async\" width=\"1024\" height=\"150\" src=\"https:\/\/www.ebg.de\/wp-content\/uploads\/2019\/04\/ELER_signetpaar_rgb-1-1024x150.jpg\" alt=\"\" class=\"wp-image-3916\" srcset=\"https:\/\/www.ebg.de\/wp-content\/uploads\/2019\/04\/ELER_signetpaar_rgb-1-1024x150.jpg 1024w, https:\/\/www.ebg.de\/wp-content\/uploads\/2019\/04\/ELER_signetpaar_rgb-1-300x44.jpg 300w, https:\/\/www.ebg.de\/wp-content\/uploads\/2019\/04\/ELER_signetpaar_rgb-1-768x113.jpg 768w, https:\/\/www.ebg.de\/wp-content\/uploads\/2019\/04\/ELER_signetpaar_rgb-1-900x132.jpg 900w, https:\/\/www.ebg.de\/wp-content\/uploads\/2019\/04\/ELER_signetpaar_rgb-1-1200x176.jpg 1200w, https:\/\/www.ebg.de\/wp-content\/uploads\/2019\/04\/ELER_signetpaar_rgb-1.jpg 1691w\" sizes=\"auto, (max-width: 1024px) 100vw, 1024px\" \/><\/figure>\n","protected":false},"excerpt":{"rendered":"<p>Damit reagiert das Europ\u00e4ische Bildungswerk, als Tr\u00e4ger dieser staatlich anerkannten Ersatzschule, auf die Anforderungen, welche mit der zunehmenden Digitalisierung einhergehen.<\/p>\n","protected":false},"author":22,"featured_media":3912,"comment_status":"closed","ping_status":"closed","sticky":false,"template":"","format":"standard","meta":{"_acf_changed":false,"footnotes":""},"categories":[29],"tags":[],"class_list":["post-3915","post","type-post","status-publish","format-standard","has-post-thumbnail","hentry","category-news-halle-schulen"],"acf":[],"yoast_head":"<!-- This site is optimized with the Yoast SEO plugin v26.9 - https:\/\/yoast.com\/product\/yoast-seo-wordpress\/ -->\n<title>Das Fach- und Berufsfachschulzentrum Halle erh\u00e4lt neue IK-Technik - Europ\u00e4isches Bildungswerk f\u00fcr Beruf und Gesellschaft<\/title>\n<meta name=\"robots\" content=\"index, follow, max-snippet:-1, max-image-preview:large, max-video-preview:-1\" \/>\n<link rel=\"canonical\" href=\"https:\/\/www.ebg.de\/das-fach-und-berufsfachschulzentrum-halle-erhaelt-neue-ik-technik\/\" \/>\n<meta property=\"og:locale\" content=\"en_US\" \/>\n<meta property=\"og:type\" content=\"article\" \/>\n<meta property=\"og:title\" content=\"Das Fach- und Berufsfachschulzentrum Halle erh\u00e4lt neue IK-Technik - Europ\u00e4isches Bildungswerk f\u00fcr Beruf und Gesellschaft\" \/>\n<meta property=\"og:description\" content=\"Damit reagiert das Europ\u00e4ische Bildungswerk, als Tr\u00e4ger dieser staatlich anerkannten Ersatzschule, auf die Anforderungen, welche mit der zunehmenden Digitalisierung einhergehen.\" \/>\n<meta property=\"og:url\" content=\"https:\/\/www.ebg.de\/das-fach-und-berufsfachschulzentrum-halle-erhaelt-neue-ik-technik\/\" \/>\n<meta property=\"og:site_name\" content=\"Europ\u00e4isches Bildungswerk f\u00fcr Beruf und Gesellschaft\" \/>\n<meta property=\"article:published_time\" content=\"2019-04-17T12:14:51+00:00\" \/>\n<meta property=\"article:modified_time\" content=\"2019-04-17T12:14:54+00:00\" \/>\n<meta property=\"og:image\" content=\"https:\/\/www.ebg.de\/wp-content\/uploads\/2019\/04\/Karussell1-1.jpg\" \/>\n\t<meta property=\"og:image:width\" content=\"900\" \/>\n\t<meta property=\"og:image:height\" content=\"453\" \/>\n\t<meta property=\"og:image:type\" content=\"image\/jpeg\" \/>\n<meta name=\"author\" content=\"Stephan Deubner\" \/>\n<meta name=\"twitter:card\" content=\"summary_large_image\" \/>\n<meta name=\"twitter:label1\" content=\"Written by\" \/>\n\t<meta name=\"twitter:data1\" content=\"Stephan Deubner\" \/>\n\t<meta name=\"twitter:label2\" content=\"Est. reading time\" \/>\n\t<meta name=\"twitter:data2\" content=\"1 minute\" \/>\n<!-- \/ Yoast SEO plugin. -->","yoast_head_json":{"title":"Das Fach- und Berufsfachschulzentrum Halle erh\u00e4lt neue IK-Technik - Europ\u00e4isches Bildungswerk f\u00fcr Beruf und Gesellschaft","robots":{"index":"index","follow":"follow","max-snippet":"max-snippet:-1","max-image-preview":"max-image-preview:large","max-video-preview":"max-video-preview:-1"},"canonical":"https:\/\/www.ebg.de\/das-fach-und-berufsfachschulzentrum-halle-erhaelt-neue-ik-technik\/","og_locale":"en_US","og_type":"article","og_title":"Das Fach- und Berufsfachschulzentrum Halle erh\u00e4lt neue IK-Technik - Europ\u00e4isches Bildungswerk f\u00fcr Beruf und Gesellschaft","og_description":"Damit reagiert das Europ\u00e4ische Bildungswerk, als Tr\u00e4ger dieser staatlich anerkannten Ersatzschule, auf die Anforderungen, welche mit der zunehmenden Digitalisierung einhergehen.","og_url":"https:\/\/www.ebg.de\/das-fach-und-berufsfachschulzentrum-halle-erhaelt-neue-ik-technik\/","og_site_name":"Europ\u00e4isches Bildungswerk f\u00fcr Beruf und Gesellschaft","article_published_time":"2019-04-17T12:14:51+00:00","article_modified_time":"2019-04-17T12:14:54+00:00","og_image":[{"width":900,"height":453,"url":"https:\/\/www.ebg.de\/wp-content\/uploads\/2019\/04\/Karussell1-1.jpg","type":"image\/jpeg"}],"author":"Stephan Deubner","twitter_card":"summary_large_image","twitter_misc":{"Written by":"Stephan Deubner","Est. reading time":"1 minute"},"schema":{"@context":"https:\/\/schema.org","@graph":[{"@type":"Article","@id":"https:\/\/www.ebg.de\/das-fach-und-berufsfachschulzentrum-halle-erhaelt-neue-ik-technik\/#article","isPartOf":{"@id":"https:\/\/www.ebg.de\/das-fach-und-berufsfachschulzentrum-halle-erhaelt-neue-ik-technik\/"},"author":{"name":"Stephan Deubner","@id":"https:\/\/www.ebg.de\/#\/schema\/person\/af645ea1741029d9a44ae532ceb268bc"},"headline":"Das Fach- und Berufsfachschulzentrum Halle erh\u00e4lt neue IK-Technik","datePublished":"2019-04-17T12:14:51+00:00","dateModified":"2019-04-17T12:14:54+00:00","mainEntityOfPage":{"@id":"https:\/\/www.ebg.de\/das-fach-und-berufsfachschulzentrum-halle-erhaelt-neue-ik-technik\/"},"wordCount":202,"image":{"@id":"https:\/\/www.ebg.de\/das-fach-und-berufsfachschulzentrum-halle-erhaelt-neue-ik-technik\/#primaryimage"},"thumbnailUrl":"https:\/\/www.ebg.de\/wp-content\/uploads\/2019\/04\/Karussell1-1.jpg","articleSection":["News - Halle Schulen"],"inLanguage":"en-US"},{"@type":"WebPage","@id":"https:\/\/www.ebg.de\/das-fach-und-berufsfachschulzentrum-halle-erhaelt-neue-ik-technik\/","url":"https:\/\/www.ebg.de\/das-fach-und-berufsfachschulzentrum-halle-erhaelt-neue-ik-technik\/","name":"Das Fach- und Berufsfachschulzentrum Halle erh\u00e4lt neue IK-Technik - Europ\u00e4isches Bildungswerk f\u00fcr Beruf und Gesellschaft","isPartOf":{"@id":"https:\/\/www.ebg.de\/#website"},"primaryImageOfPage":{"@id":"https:\/\/www.ebg.de\/das-fach-und-berufsfachschulzentrum-halle-erhaelt-neue-ik-technik\/#primaryimage"},"image":{"@id":"https:\/\/www.ebg.de\/das-fach-und-berufsfachschulzentrum-halle-erhaelt-neue-ik-technik\/#primaryimage"},"thumbnailUrl":"https:\/\/www.ebg.de\/wp-content\/uploads\/2019\/04\/Karussell1-1.jpg","datePublished":"2019-04-17T12:14:51+00:00","dateModified":"2019-04-17T12:14:54+00:00","author":{"@id":"https:\/\/www.ebg.de\/#\/schema\/person\/af645ea1741029d9a44ae532ceb268bc"},"breadcrumb":{"@id":"https:\/\/www.ebg.de\/das-fach-und-berufsfachschulzentrum-halle-erhaelt-neue-ik-technik\/#breadcrumb"},"inLanguage":"en-US","potentialAction":[{"@type":"ReadAction","target":["https:\/\/www.ebg.de\/das-fach-und-berufsfachschulzentrum-halle-erhaelt-neue-ik-technik\/"]}]},{"@type":"ImageObject","inLanguage":"en-US","@id":"https:\/\/www.ebg.de\/das-fach-und-berufsfachschulzentrum-halle-erhaelt-neue-ik-technik\/#primaryimage","url":"https:\/\/www.ebg.de\/wp-content\/uploads\/2019\/04\/Karussell1-1.jpg","contentUrl":"https:\/\/www.ebg.de\/wp-content\/uploads\/2019\/04\/Karussell1-1.jpg","width":900,"height":453},{"@type":"BreadcrumbList","@id":"https:\/\/www.ebg.de\/das-fach-und-berufsfachschulzentrum-halle-erhaelt-neue-ik-technik\/#breadcrumb","itemListElement":[{"@type":"ListItem","position":1,"name":"Startseite","item":"https:\/\/www.ebg.de\/"},{"@type":"ListItem","position":2,"name":"Das Fach- und Berufsfachschulzentrum Halle erh\u00e4lt neue IK-Technik"}]},{"@type":"WebSite","@id":"https:\/\/www.ebg.de\/#website","url":"https:\/\/www.ebg.de\/","name":"Europ\u00e4isches Bildungswerk f\u00fcr Beruf und Gesellschaft","description":"Bildung, Ausbildung und Weiterbildung","potentialAction":[{"@type":"SearchAction","target":{"@type":"EntryPoint","urlTemplate":"https:\/\/www.ebg.de\/?s={search_term_string}"},"query-input":{"@type":"PropertyValueSpecification","valueRequired":true,"valueName":"search_term_string"}}],"inLanguage":"en-US"},{"@type":"Person","@id":"https:\/\/www.ebg.de\/#\/schema\/person\/af645ea1741029d9a44ae532ceb268bc","name":"Stephan Deubner","image":{"@type":"ImageObject","inLanguage":"en-US","@id":"https:\/\/www.ebg.de\/#\/schema\/person\/image\/","url":"https:\/\/secure.gravatar.com\/avatar\/35731f6a08afa0518c45f153077f6135c0f41aa2ae0b76e850ef9508976a7bbe?s=96&d=mm&r=g","contentUrl":"https:\/\/secure.gravatar.com\/avatar\/35731f6a08afa0518c45f153077f6135c0f41aa2ae0b76e850ef9508976a7bbe?s=96&d=mm&r=g","caption":"Stephan Deubner"},"url":"https:\/\/www.ebg.de\/en\/author\/sdeubner\/"}]}},"_links":{"self":[{"href":"https:\/\/www.ebg.de\/en\/wp-json\/wp\/v2\/posts\/3915","targetHints":{"allow":["GET"]}}],"collection":[{"href":"https:\/\/www.ebg.de\/en\/wp-json\/wp\/v2\/posts"}],"about":[{"href":"https:\/\/www.ebg.de\/en\/wp-json\/wp\/v2\/types\/post"}],"author":[{"embeddable":true,"href":"https:\/\/www.ebg.de\/en\/wp-json\/wp\/v2\/users\/22"}],"replies":[{"embeddable":true,"href":"https:\/\/www.ebg.de\/en\/wp-json\/wp\/v2\/comments?post=3915"}],"version-history":[{"count":1,"href":"https:\/\/www.ebg.de\/en\/wp-json\/wp\/v2\/posts\/3915\/revisions"}],"predecessor-version":[{"id":3918,"href":"https:\/\/www.ebg.de\/en\/wp-json\/wp\/v2\/posts\/3915\/revisions\/3918"}],"wp:featuredmedia":[{"embeddable":true,"href":"https:\/\/www.ebg.de\/en\/wp-json\/wp\/v2\/media\/3912"}],"wp:attachment":[{"href":"https:\/\/www.ebg.de\/en\/wp-json\/wp\/v2\/media?parent=3915"}],"wp:term":[{"taxonomy":"category","embeddable":true,"href":"https:\/\/www.ebg.de\/en\/wp-json\/wp\/v2\/categories?post=3915"},{"taxonomy":"post_tag","embeddable":true,"href":"https:\/\/www.ebg.de\/en\/wp-json\/wp\/v2\/tags?post=3915"}],"curies":[{"name":"wp","href":"https:\/\/api.w.org\/{rel}","templated":true}]}}