{"id":39073,"date":"2025-04-03T12:09:45","date_gmt":"2025-04-03T10:09:45","guid":{"rendered":"https:\/\/www.ebg.de\/?p=39073"},"modified":"2025-04-24T08:53:57","modified_gmt":"2025-04-24T06:53:57","slug":"heute-in-der-ihk-magdeburg-zukunft-gestalten-2","status":"publish","type":"post","link":"https:\/\/www.ebg.de\/en\/heute-in-der-ihk-magdeburg-zukunft-gestalten-2\/","title":{"rendered":"Heute in der IHK Magdeburg: Zukunft gestalten!"},"content":{"rendered":"\n<p>Das Regionale Kompetenzzentrum Magdeburg ist mit einem Messestand auf der Kontaktb\u00f6rse f\u00fcr die berufliche Integration und Qualifikation von Migranten vertreten.<\/p>\n\n\n\n<p>Hier informieren wir \u00fcber unsere Qualifizierungsangebote f\u00fcr internationale Juristen und Juristinnen sowie \u00fcber unser Technikum, in dem sich Mechatroniker &amp; Mechatronikerinnen, Industriemechaniker und Industriemechanikerinnen sowie Zerspanungsmechaniker und Zerspanungsmechanikerinnen f\u00fcr den deutschen Arbeitsmarkt anerkennen und qualifizieren k\u00f6nnen.<\/p>\n\n\n\n<p><\/p>\n\n\n\n<p><\/p>\n\n\n\n<p><\/p>\n","protected":false},"excerpt":{"rendered":"<p>Messestand bei der IHK Magdeburg<\/p>\n","protected":false},"author":22,"featured_media":39066,"comment_status":"closed","ping_status":"closed","sticky":false,"template":"","format":"standard","meta":{"_acf_changed":false,"footnotes":""},"categories":[101,205,160],"tags":[95,107,201,200,199,204,203],"class_list":["post-39073","post","type-post","status-publish","format-standard","has-post-thumbnail","hentry","category-news-magdeburg-rkz","category-news-technikum","category-technikum","tag-ausbildung","tag-europaeisches-bildungswerk","tag-industriemechaniker","tag-juristen","tag-mechatroniker","tag-regionales-kompetenzzentrum-magdeburg","tag-technikum"],"acf":[],"yoast_head":"<!-- This site is optimized with the Yoast SEO plugin v26.9 - https:\/\/yoast.com\/product\/yoast-seo-wordpress\/ -->\n<title>Heute in der IHK Magdeburg: Zukunft gestalten! -<\/title>\n<meta name=\"description\" content=\"Das Europ\u00e4ische Bildungswerk bei der IHK Magdeburg\" \/>\n<meta name=\"robots\" content=\"index, follow, max-snippet:-1, max-image-preview:large, max-video-preview:-1\" \/>\n<link rel=\"canonical\" href=\"https:\/\/www.ebg.de\/heute-in-der-ihk-magdeburg-zukunft-gestalten-2\/\" \/>\n<meta property=\"og:locale\" content=\"en_US\" \/>\n<meta property=\"og:type\" content=\"article\" \/>\n<meta property=\"og:title\" content=\"Heute in der IHK Magdeburg: Zukunft gestalten! -\" \/>\n<meta property=\"og:description\" content=\"Das Europ\u00e4ische Bildungswerk bei der IHK Magdeburg\" \/>\n<meta property=\"og:url\" content=\"https:\/\/www.ebg.de\/heute-in-der-ihk-magdeburg-zukunft-gestalten-2\/\" \/>\n<meta property=\"og:site_name\" content=\"Europ\u00e4isches Bildungswerk f\u00fcr Beruf und Gesellschaft\" \/>\n<meta property=\"article:published_time\" content=\"2025-04-03T10:09:45+00:00\" \/>\n<meta property=\"article:modified_time\" content=\"2025-04-24T06:53:57+00:00\" \/>\n<meta property=\"og:image\" content=\"https:\/\/www.ebg.de\/wp-content\/uploads\/2025\/04\/IMG_3101-scaled.jpg\" \/>\n\t<meta property=\"og:image:width\" content=\"2560\" \/>\n\t<meta property=\"og:image:height\" content=\"1879\" \/>\n\t<meta property=\"og:image:type\" content=\"image\/jpeg\" \/>\n<meta name=\"author\" content=\"Stephan Deubner\" \/>\n<meta name=\"twitter:card\" content=\"summary_large_image\" \/>\n<meta name=\"twitter:label1\" content=\"Written by\" \/>\n\t<meta name=\"twitter:data1\" content=\"Stephan Deubner\" \/>\n\t<meta name=\"twitter:label2\" content=\"Est. reading time\" \/>\n\t<meta name=\"twitter:data2\" content=\"1 minute\" \/>\n<!-- \/ Yoast SEO plugin. -->","yoast_head_json":{"title":"Heute in der IHK Magdeburg: Zukunft gestalten! -","description":"Das Europ\u00e4ische Bildungswerk bei der IHK Magdeburg","robots":{"index":"index","follow":"follow","max-snippet":"max-snippet:-1","max-image-preview":"max-image-preview:large","max-video-preview":"max-video-preview:-1"},"canonical":"https:\/\/www.ebg.de\/heute-in-der-ihk-magdeburg-zukunft-gestalten-2\/","og_locale":"en_US","og_type":"article","og_title":"Heute in der IHK Magdeburg: Zukunft gestalten! -","og_description":"Das Europ\u00e4ische Bildungswerk bei der IHK Magdeburg","og_url":"https:\/\/www.ebg.de\/heute-in-der-ihk-magdeburg-zukunft-gestalten-2\/","og_site_name":"Europ\u00e4isches Bildungswerk f\u00fcr Beruf und Gesellschaft","article_published_time":"2025-04-03T10:09:45+00:00","article_modified_time":"2025-04-24T06:53:57+00:00","og_image":[{"width":2560,"height":1879,"url":"https:\/\/www.ebg.de\/wp-content\/uploads\/2025\/04\/IMG_3101-scaled.jpg","type":"image\/jpeg"}],"author":"Stephan Deubner","twitter_card":"summary_large_image","twitter_misc":{"Written by":"Stephan Deubner","Est. reading time":"1 minute"},"schema":{"@context":"https:\/\/schema.org","@graph":[{"@type":"Article","@id":"https:\/\/www.ebg.de\/heute-in-der-ihk-magdeburg-zukunft-gestalten-2\/#article","isPartOf":{"@id":"https:\/\/www.ebg.de\/heute-in-der-ihk-magdeburg-zukunft-gestalten-2\/"},"author":{"name":"Stephan Deubner","@id":"https:\/\/www.ebg.de\/#\/schema\/person\/af645ea1741029d9a44ae532ceb268bc"},"headline":"Heute in der IHK Magdeburg: Zukunft gestalten!","datePublished":"2025-04-03T10:09:45+00:00","dateModified":"2025-04-24T06:53:57+00:00","mainEntityOfPage":{"@id":"https:\/\/www.ebg.de\/heute-in-der-ihk-magdeburg-zukunft-gestalten-2\/"},"wordCount":68,"image":{"@id":"https:\/\/www.ebg.de\/heute-in-der-ihk-magdeburg-zukunft-gestalten-2\/#primaryimage"},"thumbnailUrl":"https:\/\/www.ebg.de\/wp-content\/uploads\/2025\/04\/IMG_3101-scaled.jpg","keywords":["Ausbildung","Europ\u00e4isches Bildungswerk","Industriemechaniker","Juristen","Mechatroniker","regionales Kompetenzzentrum Magdeburg","Technikum"],"articleSection":["News - Magdeburg RKZ","News Technikum","Technikum"],"inLanguage":"en-US"},{"@type":"WebPage","@id":"https:\/\/www.ebg.de\/heute-in-der-ihk-magdeburg-zukunft-gestalten-2\/","url":"https:\/\/www.ebg.de\/heute-in-der-ihk-magdeburg-zukunft-gestalten-2\/","name":"Heute in der IHK Magdeburg: Zukunft gestalten! -","isPartOf":{"@id":"https:\/\/www.ebg.de\/#website"},"primaryImageOfPage":{"@id":"https:\/\/www.ebg.de\/heute-in-der-ihk-magdeburg-zukunft-gestalten-2\/#primaryimage"},"image":{"@id":"https:\/\/www.ebg.de\/heute-in-der-ihk-magdeburg-zukunft-gestalten-2\/#primaryimage"},"thumbnailUrl":"https:\/\/www.ebg.de\/wp-content\/uploads\/2025\/04\/IMG_3101-scaled.jpg","datePublished":"2025-04-03T10:09:45+00:00","dateModified":"2025-04-24T06:53:57+00:00","author":{"@id":"https:\/\/www.ebg.de\/#\/schema\/person\/af645ea1741029d9a44ae532ceb268bc"},"description":"Das Europ\u00e4ische Bildungswerk bei der IHK Magdeburg","breadcrumb":{"@id":"https:\/\/www.ebg.de\/heute-in-der-ihk-magdeburg-zukunft-gestalten-2\/#breadcrumb"},"inLanguage":"en-US","potentialAction":[{"@type":"ReadAction","target":["https:\/\/www.ebg.de\/heute-in-der-ihk-magdeburg-zukunft-gestalten-2\/"]}]},{"@type":"ImageObject","inLanguage":"en-US","@id":"https:\/\/www.ebg.de\/heute-in-der-ihk-magdeburg-zukunft-gestalten-2\/#primaryimage","url":"https:\/\/www.ebg.de\/wp-content\/uploads\/2025\/04\/IMG_3101-scaled.jpg","contentUrl":"https:\/\/www.ebg.de\/wp-content\/uploads\/2025\/04\/IMG_3101-scaled.jpg","width":2560,"height":1879,"caption":"Keyvisual Messestand IHK"},{"@type":"BreadcrumbList","@id":"https:\/\/www.ebg.de\/heute-in-der-ihk-magdeburg-zukunft-gestalten-2\/#breadcrumb","itemListElement":[{"@type":"ListItem","position":1,"name":"Startseite","item":"https:\/\/www.ebg.de\/"},{"@type":"ListItem","position":2,"name":"Heute in der IHK Magdeburg: Zukunft gestalten!"}]},{"@type":"WebSite","@id":"https:\/\/www.ebg.de\/#website","url":"https:\/\/www.ebg.de\/","name":"Europ\u00e4isches Bildungswerk f\u00fcr Beruf und Gesellschaft","description":"Bildung, Ausbildung und Weiterbildung","potentialAction":[{"@type":"SearchAction","target":{"@type":"EntryPoint","urlTemplate":"https:\/\/www.ebg.de\/?s={search_term_string}"},"query-input":{"@type":"PropertyValueSpecification","valueRequired":true,"valueName":"search_term_string"}}],"inLanguage":"en-US"},{"@type":"Person","@id":"https:\/\/www.ebg.de\/#\/schema\/person\/af645ea1741029d9a44ae532ceb268bc","name":"Stephan Deubner","image":{"@type":"ImageObject","inLanguage":"en-US","@id":"https:\/\/www.ebg.de\/#\/schema\/person\/image\/","url":"https:\/\/secure.gravatar.com\/avatar\/35731f6a08afa0518c45f153077f6135c0f41aa2ae0b76e850ef9508976a7bbe?s=96&d=mm&r=g","contentUrl":"https:\/\/secure.gravatar.com\/avatar\/35731f6a08afa0518c45f153077f6135c0f41aa2ae0b76e850ef9508976a7bbe?s=96&d=mm&r=g","caption":"Stephan Deubner"},"url":"https:\/\/www.ebg.de\/en\/author\/sdeubner\/"}]}},"_links":{"self":[{"href":"https:\/\/www.ebg.de\/en\/wp-json\/wp\/v2\/posts\/39073","targetHints":{"allow":["GET"]}}],"collection":[{"href":"https:\/\/www.ebg.de\/en\/wp-json\/wp\/v2\/posts"}],"about":[{"href":"https:\/\/www.ebg.de\/en\/wp-json\/wp\/v2\/types\/post"}],"author":[{"embeddable":true,"href":"https:\/\/www.ebg.de\/en\/wp-json\/wp\/v2\/users\/22"}],"replies":[{"embeddable":true,"href":"https:\/\/www.ebg.de\/en\/wp-json\/wp\/v2\/comments?post=39073"}],"version-history":[{"count":3,"href":"https:\/\/www.ebg.de\/en\/wp-json\/wp\/v2\/posts\/39073\/revisions"}],"predecessor-version":[{"id":39139,"href":"https:\/\/www.ebg.de\/en\/wp-json\/wp\/v2\/posts\/39073\/revisions\/39139"}],"wp:featuredmedia":[{"embeddable":true,"href":"https:\/\/www.ebg.de\/en\/wp-json\/wp\/v2\/media\/39066"}],"wp:attachment":[{"href":"https:\/\/www.ebg.de\/en\/wp-json\/wp\/v2\/media?parent=39073"}],"wp:term":[{"taxonomy":"category","embeddable":true,"href":"https:\/\/www.ebg.de\/en\/wp-json\/wp\/v2\/categories?post=39073"},{"taxonomy":"post_tag","embeddable":true,"href":"https:\/\/www.ebg.de\/en\/wp-json\/wp\/v2\/tags?post=39073"}],"curies":[{"name":"wp","href":"https:\/\/api.w.org\/{rel}","templated":true}]}}