{"id":39052,"date":"2025-04-02T07:23:33","date_gmt":"2025-04-02T05:23:33","guid":{"rendered":"https:\/\/www.ebg.de\/?p=39052"},"modified":"2025-04-24T08:48:28","modified_gmt":"2025-04-24T06:48:28","slug":"eid-mubarak-1","status":"publish","type":"post","link":"https:\/\/www.ebg.de\/en\/eid-mubarak-1\/","title":{"rendered":"Eid Mubarak"},"content":{"rendered":"\n<p>F\u00fcr unsere marokkanischen Sch\u00fcler der Pflegeklasse VZ 24\/2 gab es einen besonderen Moment des Miteinanders. Mit dem Ende des Ramadan wurde das <strong>Zuckerfest<\/strong> eingel\u00e4utet \u2013 und nat\u00fcrlich durfte eine Feier nicht fehlen! <\/p>\n\n\n\n<p>Lehrer und Sch\u00fcler organisierten spontan ein gemeinsames Essen nach dem Unterricht, um diesen besonderen Tag auch fernab der Heimat geb\u00fchrend zu feiern. <strong>Gemeinschaft, Freude und leckeres Essen \u2013 ein Fest, das verbindet!<\/strong> <\/p>\n\n\n\n<figure class=\"wp-block-image size-large\"><img loading=\"lazy\" decoding=\"async\" width=\"1024\" height=\"718\" src=\"https:\/\/www.ebg.de\/wp-content\/uploads\/2025\/04\/Zuckerfeste-1024x718.jpg\" alt=\"Zuckerfest marokkanischer Sch\u00fcler nach dem Ende des Ramadan\" class=\"wp-image-39053\" srcset=\"https:\/\/www.ebg.de\/wp-content\/uploads\/2025\/04\/Zuckerfeste-1024x718.jpg 1024w, https:\/\/www.ebg.de\/wp-content\/uploads\/2025\/04\/Zuckerfeste-300x210.jpg 300w, https:\/\/www.ebg.de\/wp-content\/uploads\/2025\/04\/Zuckerfeste-768x538.jpg 768w, https:\/\/www.ebg.de\/wp-content\/uploads\/2025\/04\/Zuckerfeste-1536x1077.jpg 1536w, https:\/\/www.ebg.de\/wp-content\/uploads\/2025\/04\/Zuckerfeste-2048x1436.jpg 2048w, https:\/\/www.ebg.de\/wp-content\/uploads\/2025\/04\/Zuckerfeste-900x631.jpg 900w, https:\/\/www.ebg.de\/wp-content\/uploads\/2025\/04\/Zuckerfeste-1200x841.jpg 1200w\" sizes=\"auto, (max-width: 1024px) 100vw, 1024px\" \/><\/figure>\n\n\n\n<p><\/p>\n\n\n\n<p><\/p>\n\n\n\n<p><\/p>\n\n\n\n<p><\/p>\n\n\n\n<p><\/p>\n","protected":false},"excerpt":{"rendered":"<p>\u201eEid Mubarak\u201c hie\u00df es  f\u00fcr die marokkanischen Sch\u00fcler der Pflegeklasse<\/p>\n","protected":false},"author":22,"featured_media":39058,"comment_status":"closed","ping_status":"closed","sticky":false,"template":"","format":"standard","meta":{"_acf_changed":false,"footnotes":""},"categories":[19],"tags":[95,107,172],"class_list":["post-39052","post","type-post","status-publish","format-standard","has-post-thumbnail","hentry","category-news-magdeburg-schulen","tag-ausbildung","tag-europaeisches-bildungswerk","tag-pflegefachkraft"],"acf":[],"yoast_head":"<!-- This site is optimized with the Yoast SEO plugin v26.9 - https:\/\/yoast.com\/product\/yoast-seo-wordpress\/ -->\n<title>Eid Mubarak - Europ\u00e4isches Bildungswerk f\u00fcr Beruf und Gesellschaft<\/title>\n<meta name=\"description\" content=\"Marokkanischen Sch\u00fcler der Pflegeklasse des FBZ Magdeburg feierten nach dem Ende des Ramadan ein Zuckerfest.\" \/>\n<meta name=\"robots\" content=\"index, follow, max-snippet:-1, max-image-preview:large, max-video-preview:-1\" \/>\n<link rel=\"canonical\" href=\"https:\/\/www.ebg.de\/eid-mubarak-1\/\" \/>\n<meta property=\"og:locale\" content=\"en_US\" \/>\n<meta property=\"og:type\" content=\"article\" \/>\n<meta property=\"og:title\" content=\"Eid Mubarak - Europ\u00e4isches Bildungswerk f\u00fcr Beruf und Gesellschaft\" \/>\n<meta property=\"og:description\" content=\"Marokkanischen Sch\u00fcler der Pflegeklasse des FBZ Magdeburg feierten nach dem Ende des Ramadan ein Zuckerfest.\" \/>\n<meta property=\"og:url\" content=\"https:\/\/www.ebg.de\/eid-mubarak-1\/\" \/>\n<meta property=\"og:site_name\" content=\"Europ\u00e4isches Bildungswerk f\u00fcr Beruf und Gesellschaft\" \/>\n<meta property=\"article:published_time\" content=\"2025-04-02T05:23:33+00:00\" \/>\n<meta property=\"article:modified_time\" content=\"2025-04-24T06:48:28+00:00\" \/>\n<meta property=\"og:image\" content=\"https:\/\/www.ebg.de\/wp-content\/uploads\/2025\/04\/Eid-Mubarak.png\" \/>\n\t<meta property=\"og:image:width\" content=\"1024\" \/>\n\t<meta property=\"og:image:height\" content=\"1024\" \/>\n\t<meta property=\"og:image:type\" content=\"image\/png\" \/>\n<meta name=\"author\" content=\"Stephan Deubner\" \/>\n<meta name=\"twitter:card\" content=\"summary_large_image\" \/>\n<meta name=\"twitter:label1\" content=\"Written by\" \/>\n\t<meta name=\"twitter:data1\" content=\"Stephan Deubner\" \/>\n\t<meta name=\"twitter:label2\" content=\"Est. reading time\" \/>\n\t<meta name=\"twitter:data2\" content=\"1 minute\" \/>\n<!-- \/ Yoast SEO plugin. -->","yoast_head_json":{"title":"Eid Mubarak - Europ\u00e4isches Bildungswerk f\u00fcr Beruf und Gesellschaft","description":"Marokkanischen Sch\u00fcler der Pflegeklasse des FBZ Magdeburg feierten nach dem Ende des Ramadan ein Zuckerfest.","robots":{"index":"index","follow":"follow","max-snippet":"max-snippet:-1","max-image-preview":"max-image-preview:large","max-video-preview":"max-video-preview:-1"},"canonical":"https:\/\/www.ebg.de\/eid-mubarak-1\/","og_locale":"en_US","og_type":"article","og_title":"Eid Mubarak - Europ\u00e4isches Bildungswerk f\u00fcr Beruf und Gesellschaft","og_description":"Marokkanischen Sch\u00fcler der Pflegeklasse des FBZ Magdeburg feierten nach dem Ende des Ramadan ein Zuckerfest.","og_url":"https:\/\/www.ebg.de\/eid-mubarak-1\/","og_site_name":"Europ\u00e4isches Bildungswerk f\u00fcr Beruf und Gesellschaft","article_published_time":"2025-04-02T05:23:33+00:00","article_modified_time":"2025-04-24T06:48:28+00:00","og_image":[{"width":1024,"height":1024,"url":"https:\/\/www.ebg.de\/wp-content\/uploads\/2025\/04\/Eid-Mubarak.png","type":"image\/png"}],"author":"Stephan Deubner","twitter_card":"summary_large_image","twitter_misc":{"Written by":"Stephan Deubner","Est. reading time":"1 minute"},"schema":{"@context":"https:\/\/schema.org","@graph":[{"@type":"Article","@id":"https:\/\/www.ebg.de\/eid-mubarak-1\/#article","isPartOf":{"@id":"https:\/\/www.ebg.de\/eid-mubarak-1\/"},"author":{"name":"Stephan Deubner","@id":"https:\/\/www.ebg.de\/#\/schema\/person\/af645ea1741029d9a44ae532ceb268bc"},"headline":"Eid Mubarak","datePublished":"2025-04-02T05:23:33+00:00","dateModified":"2025-04-24T06:48:28+00:00","mainEntityOfPage":{"@id":"https:\/\/www.ebg.de\/eid-mubarak-1\/"},"wordCount":69,"image":{"@id":"https:\/\/www.ebg.de\/eid-mubarak-1\/#primaryimage"},"thumbnailUrl":"https:\/\/www.ebg.de\/wp-content\/uploads\/2025\/04\/Eid-Mubarak.png","keywords":["Ausbildung","Europ\u00e4isches Bildungswerk","Pflegefachkraft"],"articleSection":["News - Magdeburg Schulen"],"inLanguage":"en-US"},{"@type":"WebPage","@id":"https:\/\/www.ebg.de\/eid-mubarak-1\/","url":"https:\/\/www.ebg.de\/eid-mubarak-1\/","name":"Eid Mubarak - Europ\u00e4isches Bildungswerk f\u00fcr Beruf und Gesellschaft","isPartOf":{"@id":"https:\/\/www.ebg.de\/#website"},"primaryImageOfPage":{"@id":"https:\/\/www.ebg.de\/eid-mubarak-1\/#primaryimage"},"image":{"@id":"https:\/\/www.ebg.de\/eid-mubarak-1\/#primaryimage"},"thumbnailUrl":"https:\/\/www.ebg.de\/wp-content\/uploads\/2025\/04\/Eid-Mubarak.png","datePublished":"2025-04-02T05:23:33+00:00","dateModified":"2025-04-24T06:48:28+00:00","author":{"@id":"https:\/\/www.ebg.de\/#\/schema\/person\/af645ea1741029d9a44ae532ceb268bc"},"description":"Marokkanischen Sch\u00fcler der Pflegeklasse des FBZ Magdeburg feierten nach dem Ende des Ramadan ein Zuckerfest.","breadcrumb":{"@id":"https:\/\/www.ebg.de\/eid-mubarak-1\/#breadcrumb"},"inLanguage":"en-US","potentialAction":[{"@type":"ReadAction","target":["https:\/\/www.ebg.de\/eid-mubarak-1\/"]}]},{"@type":"ImageObject","inLanguage":"en-US","@id":"https:\/\/www.ebg.de\/eid-mubarak-1\/#primaryimage","url":"https:\/\/www.ebg.de\/wp-content\/uploads\/2025\/04\/Eid-Mubarak.png","contentUrl":"https:\/\/www.ebg.de\/wp-content\/uploads\/2025\/04\/Eid-Mubarak.png","width":1024,"height":1024},{"@type":"BreadcrumbList","@id":"https:\/\/www.ebg.de\/eid-mubarak-1\/#breadcrumb","itemListElement":[{"@type":"ListItem","position":1,"name":"Startseite","item":"https:\/\/www.ebg.de\/"},{"@type":"ListItem","position":2,"name":"Eid Mubarak"}]},{"@type":"WebSite","@id":"https:\/\/www.ebg.de\/#website","url":"https:\/\/www.ebg.de\/","name":"Europ\u00e4isches Bildungswerk f\u00fcr Beruf und Gesellschaft","description":"Bildung, Ausbildung und Weiterbildung","potentialAction":[{"@type":"SearchAction","target":{"@type":"EntryPoint","urlTemplate":"https:\/\/www.ebg.de\/?s={search_term_string}"},"query-input":{"@type":"PropertyValueSpecification","valueRequired":true,"valueName":"search_term_string"}}],"inLanguage":"en-US"},{"@type":"Person","@id":"https:\/\/www.ebg.de\/#\/schema\/person\/af645ea1741029d9a44ae532ceb268bc","name":"Stephan Deubner","image":{"@type":"ImageObject","inLanguage":"en-US","@id":"https:\/\/www.ebg.de\/#\/schema\/person\/image\/","url":"https:\/\/secure.gravatar.com\/avatar\/35731f6a08afa0518c45f153077f6135c0f41aa2ae0b76e850ef9508976a7bbe?s=96&d=mm&r=g","contentUrl":"https:\/\/secure.gravatar.com\/avatar\/35731f6a08afa0518c45f153077f6135c0f41aa2ae0b76e850ef9508976a7bbe?s=96&d=mm&r=g","caption":"Stephan Deubner"},"url":"https:\/\/www.ebg.de\/en\/author\/sdeubner\/"}]}},"_links":{"self":[{"href":"https:\/\/www.ebg.de\/en\/wp-json\/wp\/v2\/posts\/39052","targetHints":{"allow":["GET"]}}],"collection":[{"href":"https:\/\/www.ebg.de\/en\/wp-json\/wp\/v2\/posts"}],"about":[{"href":"https:\/\/www.ebg.de\/en\/wp-json\/wp\/v2\/types\/post"}],"author":[{"embeddable":true,"href":"https:\/\/www.ebg.de\/en\/wp-json\/wp\/v2\/users\/22"}],"replies":[{"embeddable":true,"href":"https:\/\/www.ebg.de\/en\/wp-json\/wp\/v2\/comments?post=39052"}],"version-history":[{"count":5,"href":"https:\/\/www.ebg.de\/en\/wp-json\/wp\/v2\/posts\/39052\/revisions"}],"predecessor-version":[{"id":39179,"href":"https:\/\/www.ebg.de\/en\/wp-json\/wp\/v2\/posts\/39052\/revisions\/39179"}],"wp:featuredmedia":[{"embeddable":true,"href":"https:\/\/www.ebg.de\/en\/wp-json\/wp\/v2\/media\/39058"}],"wp:attachment":[{"href":"https:\/\/www.ebg.de\/en\/wp-json\/wp\/v2\/media?parent=39052"}],"wp:term":[{"taxonomy":"category","embeddable":true,"href":"https:\/\/www.ebg.de\/en\/wp-json\/wp\/v2\/categories?post=39052"},{"taxonomy":"post_tag","embeddable":true,"href":"https:\/\/www.ebg.de\/en\/wp-json\/wp\/v2\/tags?post=39052"}],"curies":[{"name":"wp","href":"https:\/\/api.w.org\/{rel}","templated":true}]}}