{"id":38944,"date":"2025-03-19T10:23:53","date_gmt":"2025-03-19T09:23:53","guid":{"rendered":"https:\/\/www.ebg.de\/?p=38944"},"modified":"2025-03-19T10:23:55","modified_gmt":"2025-03-19T09:23:55","slug":"wahlpflichtwoche","status":"publish","type":"post","link":"https:\/\/www.ebg.de\/en\/wahlpflichtwoche\/","title":{"rendered":"Wahlpflichtwoche"},"content":{"rendered":"\n<p>Wahlpflichtwoche \u2013 klingt trocken daf\u00fcr, dass es so viel Spa\u00df gemacht hat. <\/p>\n\n\n\n<p>F\u00fcr die Erzieherinnen und Erzieher ging es raus in die Natur ins nahegelegene Rosental zum Kurs Erlebnisp\u00e4dagogik bei eisigen Temperaturen und Sonne satt.\u00a0<\/p>\n\n\n\n<p>Verschiedene Herausforderungen wurden im Team bravour\u00f6s gemeistert und anschlie\u00dfend am Lagerfeuer mit dem Fazit reflektiert, dass Kommunikation und R\u00fccksichtnahme f\u00fcr ein gelungenes Miteinander in Gruppen entscheidend sind.\u00a0<\/p>\n\n\n\n<p><\/p>\n\n\n\n<p><br><\/p>\n\n\n\n<p><\/p>\n","protected":false},"excerpt":{"rendered":"<p>Sonne satt bei eisigen Temperaturen<\/p>\n","protected":false},"author":8,"featured_media":38946,"comment_status":"closed","ping_status":"closed","sticky":false,"template":"","format":"standard","meta":{"_acf_changed":false,"footnotes":""},"categories":[27],"tags":[],"class_list":["post-38944","post","type-post","status-publish","format-standard","has-post-thumbnail","hentry","category-news-leipzig-schulen"],"acf":[],"yoast_head":"<!-- This site is optimized with the Yoast SEO plugin v26.9 - https:\/\/yoast.com\/product\/yoast-seo-wordpress\/ -->\n<title>Wahlpflichtwoche - Europ\u00e4isches Bildungswerk f\u00fcr Beruf und Gesellschaft<\/title>\n<meta name=\"robots\" content=\"index, follow, max-snippet:-1, max-image-preview:large, max-video-preview:-1\" \/>\n<link rel=\"canonical\" href=\"https:\/\/www.ebg.de\/wahlpflichtwoche\/\" \/>\n<meta property=\"og:locale\" content=\"en_US\" \/>\n<meta property=\"og:type\" content=\"article\" \/>\n<meta property=\"og:title\" content=\"Wahlpflichtwoche - Europ\u00e4isches Bildungswerk f\u00fcr Beruf und Gesellschaft\" \/>\n<meta property=\"og:description\" content=\"Sonne satt bei eisigen Temperaturen\" \/>\n<meta property=\"og:url\" content=\"https:\/\/www.ebg.de\/wahlpflichtwoche\/\" \/>\n<meta property=\"og:site_name\" content=\"Europ\u00e4isches Bildungswerk f\u00fcr Beruf und Gesellschaft\" \/>\n<meta property=\"article:published_time\" content=\"2025-03-19T09:23:53+00:00\" \/>\n<meta property=\"article:modified_time\" content=\"2025-03-19T09:23:55+00:00\" \/>\n<meta property=\"og:image\" content=\"https:\/\/www.ebg.de\/wp-content\/uploads\/2025\/03\/fbz-leipzig-wahlpflichtwoche-1.jpg\" \/>\n\t<meta property=\"og:image:width\" content=\"860\" \/>\n\t<meta property=\"og:image:height\" content=\"540\" \/>\n\t<meta property=\"og:image:type\" content=\"image\/jpeg\" \/>\n<meta name=\"author\" content=\"Christiane Selbig\" \/>\n<meta name=\"twitter:card\" content=\"summary_large_image\" \/>\n<meta name=\"twitter:label1\" content=\"Written by\" \/>\n\t<meta name=\"twitter:data1\" content=\"Christiane Selbig\" \/>\n\t<meta name=\"twitter:label2\" content=\"Est. reading time\" \/>\n\t<meta name=\"twitter:data2\" content=\"1 minute\" \/>\n<!-- \/ Yoast SEO plugin. -->","yoast_head_json":{"title":"Wahlpflichtwoche - Europ\u00e4isches Bildungswerk f\u00fcr Beruf und Gesellschaft","robots":{"index":"index","follow":"follow","max-snippet":"max-snippet:-1","max-image-preview":"max-image-preview:large","max-video-preview":"max-video-preview:-1"},"canonical":"https:\/\/www.ebg.de\/wahlpflichtwoche\/","og_locale":"en_US","og_type":"article","og_title":"Wahlpflichtwoche - Europ\u00e4isches Bildungswerk f\u00fcr Beruf und Gesellschaft","og_description":"Sonne satt bei eisigen Temperaturen","og_url":"https:\/\/www.ebg.de\/wahlpflichtwoche\/","og_site_name":"Europ\u00e4isches Bildungswerk f\u00fcr Beruf und Gesellschaft","article_published_time":"2025-03-19T09:23:53+00:00","article_modified_time":"2025-03-19T09:23:55+00:00","og_image":[{"width":860,"height":540,"url":"https:\/\/www.ebg.de\/wp-content\/uploads\/2025\/03\/fbz-leipzig-wahlpflichtwoche-1.jpg","type":"image\/jpeg"}],"author":"Christiane Selbig","twitter_card":"summary_large_image","twitter_misc":{"Written by":"Christiane Selbig","Est. reading time":"1 minute"},"schema":{"@context":"https:\/\/schema.org","@graph":[{"@type":"Article","@id":"https:\/\/www.ebg.de\/wahlpflichtwoche\/#article","isPartOf":{"@id":"https:\/\/www.ebg.de\/wahlpflichtwoche\/"},"author":{"name":"Christiane Selbig","@id":"https:\/\/www.ebg.de\/#\/schema\/person\/841de16928f485ad75bab4e688fe3436"},"headline":"Wahlpflichtwoche","datePublished":"2025-03-19T09:23:53+00:00","dateModified":"2025-03-19T09:23:55+00:00","mainEntityOfPage":{"@id":"https:\/\/www.ebg.de\/wahlpflichtwoche\/"},"wordCount":69,"image":{"@id":"https:\/\/www.ebg.de\/wahlpflichtwoche\/#primaryimage"},"thumbnailUrl":"https:\/\/www.ebg.de\/wp-content\/uploads\/2025\/03\/fbz-leipzig-wahlpflichtwoche-1.jpg","articleSection":["News - Leipzig Schulen"],"inLanguage":"en-US"},{"@type":"WebPage","@id":"https:\/\/www.ebg.de\/wahlpflichtwoche\/","url":"https:\/\/www.ebg.de\/wahlpflichtwoche\/","name":"Wahlpflichtwoche - Europ\u00e4isches Bildungswerk f\u00fcr Beruf und Gesellschaft","isPartOf":{"@id":"https:\/\/www.ebg.de\/#website"},"primaryImageOfPage":{"@id":"https:\/\/www.ebg.de\/wahlpflichtwoche\/#primaryimage"},"image":{"@id":"https:\/\/www.ebg.de\/wahlpflichtwoche\/#primaryimage"},"thumbnailUrl":"https:\/\/www.ebg.de\/wp-content\/uploads\/2025\/03\/fbz-leipzig-wahlpflichtwoche-1.jpg","datePublished":"2025-03-19T09:23:53+00:00","dateModified":"2025-03-19T09:23:55+00:00","author":{"@id":"https:\/\/www.ebg.de\/#\/schema\/person\/841de16928f485ad75bab4e688fe3436"},"breadcrumb":{"@id":"https:\/\/www.ebg.de\/wahlpflichtwoche\/#breadcrumb"},"inLanguage":"en-US","potentialAction":[{"@type":"ReadAction","target":["https:\/\/www.ebg.de\/wahlpflichtwoche\/"]}]},{"@type":"ImageObject","inLanguage":"en-US","@id":"https:\/\/www.ebg.de\/wahlpflichtwoche\/#primaryimage","url":"https:\/\/www.ebg.de\/wp-content\/uploads\/2025\/03\/fbz-leipzig-wahlpflichtwoche-1.jpg","contentUrl":"https:\/\/www.ebg.de\/wp-content\/uploads\/2025\/03\/fbz-leipzig-wahlpflichtwoche-1.jpg","width":860,"height":540,"caption":"Wahlpflichtwoche der Erzieherinnen und Erzieher im FBZ Leipzig: Teamaufgabe"},{"@type":"BreadcrumbList","@id":"https:\/\/www.ebg.de\/wahlpflichtwoche\/#breadcrumb","itemListElement":[{"@type":"ListItem","position":1,"name":"Startseite","item":"https:\/\/www.ebg.de\/"},{"@type":"ListItem","position":2,"name":"Wahlpflichtwoche"}]},{"@type":"WebSite","@id":"https:\/\/www.ebg.de\/#website","url":"https:\/\/www.ebg.de\/","name":"Europ\u00e4isches Bildungswerk f\u00fcr Beruf und Gesellschaft","description":"Bildung, Ausbildung und Weiterbildung","potentialAction":[{"@type":"SearchAction","target":{"@type":"EntryPoint","urlTemplate":"https:\/\/www.ebg.de\/?s={search_term_string}"},"query-input":{"@type":"PropertyValueSpecification","valueRequired":true,"valueName":"search_term_string"}}],"inLanguage":"en-US"},{"@type":"Person","@id":"https:\/\/www.ebg.de\/#\/schema\/person\/841de16928f485ad75bab4e688fe3436","name":"Christiane Selbig","image":{"@type":"ImageObject","inLanguage":"en-US","@id":"https:\/\/www.ebg.de\/#\/schema\/person\/image\/","url":"https:\/\/secure.gravatar.com\/avatar\/2cc1d2ea88bd46e448d57ac18ac9f028486b7c08a90951b9d99326eeec001739?s=96&d=mm&r=g","contentUrl":"https:\/\/secure.gravatar.com\/avatar\/2cc1d2ea88bd46e448d57ac18ac9f028486b7c08a90951b9d99326eeec001739?s=96&d=mm&r=g","caption":"Christiane Selbig"},"url":"https:\/\/www.ebg.de\/en\/author\/cselbig\/"}]}},"_links":{"self":[{"href":"https:\/\/www.ebg.de\/en\/wp-json\/wp\/v2\/posts\/38944","targetHints":{"allow":["GET"]}}],"collection":[{"href":"https:\/\/www.ebg.de\/en\/wp-json\/wp\/v2\/posts"}],"about":[{"href":"https:\/\/www.ebg.de\/en\/wp-json\/wp\/v2\/types\/post"}],"author":[{"embeddable":true,"href":"https:\/\/www.ebg.de\/en\/wp-json\/wp\/v2\/users\/8"}],"replies":[{"embeddable":true,"href":"https:\/\/www.ebg.de\/en\/wp-json\/wp\/v2\/comments?post=38944"}],"version-history":[{"count":1,"href":"https:\/\/www.ebg.de\/en\/wp-json\/wp\/v2\/posts\/38944\/revisions"}],"predecessor-version":[{"id":38952,"href":"https:\/\/www.ebg.de\/en\/wp-json\/wp\/v2\/posts\/38944\/revisions\/38952"}],"wp:featuredmedia":[{"embeddable":true,"href":"https:\/\/www.ebg.de\/en\/wp-json\/wp\/v2\/media\/38946"}],"wp:attachment":[{"href":"https:\/\/www.ebg.de\/en\/wp-json\/wp\/v2\/media?parent=38944"}],"wp:term":[{"taxonomy":"category","embeddable":true,"href":"https:\/\/www.ebg.de\/en\/wp-json\/wp\/v2\/categories?post=38944"},{"taxonomy":"post_tag","embeddable":true,"href":"https:\/\/www.ebg.de\/en\/wp-json\/wp\/v2\/tags?post=38944"}],"curies":[{"name":"wp","href":"https:\/\/api.w.org\/{rel}","templated":true}]}}