{"id":38926,"date":"2025-03-13T09:52:02","date_gmt":"2025-03-13T08:52:02","guid":{"rendered":"https:\/\/www.ebg.de\/?p=38926"},"modified":"2025-04-16T12:42:41","modified_gmt":"2025-04-16T10:42:41","slug":"tag-der-offenen-tuer-7","status":"publish","type":"post","link":"https:\/\/www.ebg.de\/en\/tag-der-offenen-tuer-7\/","title":{"rendered":"Tag der offenen T\u00fcr"},"content":{"rendered":"\n<p>Das Fach- und Berufsfachschulzentrum Magdeburg \u00f6ffnete seine Pforten f\u00fcr Neugierige am Tag der offenen T\u00fcr im Februar. <\/p>\n\n\n\n<p>Interessenten und zuk\u00fcnftige Sch\u00fcler und Sch\u00fclerinnen haben die Gelegenheit genutzt, die vielf\u00e4ltigen Ausbildungsrichtungen pers\u00f6nlich kennenzulernen. In entspannter Atmosph\u00e4re konnten sie sich vor Ort ein Bild von den Unterrichtsr\u00e4umen machen, mit Lehrern ins Gespr\u00e4ch kommen und die jeweiligen p\u00e4dagogischen Konzepte erkunden, im Besonderen die \u201eneue\u201c bzw. aktualisierte Ausbildung in der Heilerziehungspflege.<\/p>\n\n\n\n<p><\/p>\n\n\n\n<p><\/p>\n\n\n\n<p><\/p>\n\n\n\n<p><\/p>\n\n\n\n<p><\/p>\n","protected":false},"excerpt":{"rendered":"<p>Offene Pforten f\u00fcr Neugierige am Tag der offenen T\u00fcr \u2026<\/p>\n","protected":false},"author":8,"featured_media":38934,"comment_status":"closed","ping_status":"closed","sticky":false,"template":"","format":"standard","meta":{"_acf_changed":false,"footnotes":""},"categories":[19],"tags":[],"class_list":["post-38926","post","type-post","status-publish","format-standard","has-post-thumbnail","hentry","category-news-magdeburg-schulen"],"acf":[],"yoast_head":"<!-- This site is optimized with the Yoast SEO plugin v26.9 - https:\/\/yoast.com\/product\/yoast-seo-wordpress\/ -->\n<title>Tag der offenen T\u00fcr - Europ\u00e4isches Bildungswerk f\u00fcr Beruf und Gesellschaft<\/title>\n<meta name=\"description\" content=\"Das Fach- und Berufsfachschulzentrum Magdeburg \u00f6ffnete seine Pforten f\u00fcr Neugierige am Tag der offenen T\u00fcr im Februar.\" \/>\n<meta name=\"robots\" content=\"index, follow, max-snippet:-1, max-image-preview:large, max-video-preview:-1\" \/>\n<link rel=\"canonical\" href=\"https:\/\/www.ebg.de\/tag-der-offenen-tuer-7\/\" \/>\n<meta property=\"og:locale\" content=\"en_US\" \/>\n<meta property=\"og:type\" content=\"article\" \/>\n<meta property=\"og:title\" content=\"Tag der offenen T\u00fcr - Europ\u00e4isches Bildungswerk f\u00fcr Beruf und Gesellschaft\" \/>\n<meta property=\"og:description\" content=\"Das Fach- und Berufsfachschulzentrum Magdeburg \u00f6ffnete seine Pforten f\u00fcr Neugierige am Tag der offenen T\u00fcr im Februar.\" \/>\n<meta property=\"og:url\" content=\"https:\/\/www.ebg.de\/tag-der-offenen-tuer-7\/\" \/>\n<meta property=\"og:site_name\" content=\"Europ\u00e4isches Bildungswerk f\u00fcr Beruf und Gesellschaft\" \/>\n<meta property=\"article:published_time\" content=\"2025-03-13T08:52:02+00:00\" \/>\n<meta property=\"article:modified_time\" content=\"2025-04-16T10:42:41+00:00\" \/>\n<meta property=\"og:image\" content=\"https:\/\/www.ebg.de\/wp-content\/uploads\/2025\/03\/ebg-fbz-magdeburg-tag-offene-tuer-2025-maerz-1.jpg\" \/>\n\t<meta property=\"og:image:width\" content=\"500\" \/>\n\t<meta property=\"og:image:height\" content=\"281\" \/>\n\t<meta property=\"og:image:type\" content=\"image\/jpeg\" \/>\n<meta name=\"author\" content=\"Christiane Selbig\" \/>\n<meta name=\"twitter:card\" content=\"summary_large_image\" \/>\n<meta name=\"twitter:label1\" content=\"Written by\" \/>\n\t<meta name=\"twitter:data1\" content=\"Christiane Selbig\" \/>\n\t<meta name=\"twitter:label2\" content=\"Est. reading time\" \/>\n\t<meta name=\"twitter:data2\" content=\"1 minute\" \/>\n<!-- \/ Yoast SEO plugin. -->","yoast_head_json":{"title":"Tag der offenen T\u00fcr - Europ\u00e4isches Bildungswerk f\u00fcr Beruf und Gesellschaft","description":"Das Fach- und Berufsfachschulzentrum Magdeburg \u00f6ffnete seine Pforten f\u00fcr Neugierige am Tag der offenen T\u00fcr im Februar.","robots":{"index":"index","follow":"follow","max-snippet":"max-snippet:-1","max-image-preview":"max-image-preview:large","max-video-preview":"max-video-preview:-1"},"canonical":"https:\/\/www.ebg.de\/tag-der-offenen-tuer-7\/","og_locale":"en_US","og_type":"article","og_title":"Tag der offenen T\u00fcr - Europ\u00e4isches Bildungswerk f\u00fcr Beruf und Gesellschaft","og_description":"Das Fach- und Berufsfachschulzentrum Magdeburg \u00f6ffnete seine Pforten f\u00fcr Neugierige am Tag der offenen T\u00fcr im Februar.","og_url":"https:\/\/www.ebg.de\/tag-der-offenen-tuer-7\/","og_site_name":"Europ\u00e4isches Bildungswerk f\u00fcr Beruf und Gesellschaft","article_published_time":"2025-03-13T08:52:02+00:00","article_modified_time":"2025-04-16T10:42:41+00:00","og_image":[{"width":500,"height":281,"url":"https:\/\/www.ebg.de\/wp-content\/uploads\/2025\/03\/ebg-fbz-magdeburg-tag-offene-tuer-2025-maerz-1.jpg","type":"image\/jpeg"}],"author":"Christiane Selbig","twitter_card":"summary_large_image","twitter_misc":{"Written by":"Christiane Selbig","Est. reading time":"1 minute"},"schema":{"@context":"https:\/\/schema.org","@graph":[{"@type":"Article","@id":"https:\/\/www.ebg.de\/tag-der-offenen-tuer-7\/#article","isPartOf":{"@id":"https:\/\/www.ebg.de\/tag-der-offenen-tuer-7\/"},"author":{"name":"Christiane Selbig","@id":"https:\/\/www.ebg.de\/#\/schema\/person\/841de16928f485ad75bab4e688fe3436"},"headline":"Tag der offenen T\u00fcr","datePublished":"2025-03-13T08:52:02+00:00","dateModified":"2025-04-16T10:42:41+00:00","mainEntityOfPage":{"@id":"https:\/\/www.ebg.de\/tag-der-offenen-tuer-7\/"},"wordCount":83,"image":{"@id":"https:\/\/www.ebg.de\/tag-der-offenen-tuer-7\/#primaryimage"},"thumbnailUrl":"https:\/\/www.ebg.de\/wp-content\/uploads\/2025\/03\/ebg-fbz-magdeburg-tag-offene-tuer-2025-maerz-1.jpg","articleSection":["News - Magdeburg Schulen"],"inLanguage":"en-US"},{"@type":"WebPage","@id":"https:\/\/www.ebg.de\/tag-der-offenen-tuer-7\/","url":"https:\/\/www.ebg.de\/tag-der-offenen-tuer-7\/","name":"Tag der offenen T\u00fcr - Europ\u00e4isches Bildungswerk f\u00fcr Beruf und Gesellschaft","isPartOf":{"@id":"https:\/\/www.ebg.de\/#website"},"primaryImageOfPage":{"@id":"https:\/\/www.ebg.de\/tag-der-offenen-tuer-7\/#primaryimage"},"image":{"@id":"https:\/\/www.ebg.de\/tag-der-offenen-tuer-7\/#primaryimage"},"thumbnailUrl":"https:\/\/www.ebg.de\/wp-content\/uploads\/2025\/03\/ebg-fbz-magdeburg-tag-offene-tuer-2025-maerz-1.jpg","datePublished":"2025-03-13T08:52:02+00:00","dateModified":"2025-04-16T10:42:41+00:00","author":{"@id":"https:\/\/www.ebg.de\/#\/schema\/person\/841de16928f485ad75bab4e688fe3436"},"description":"Das Fach- und Berufsfachschulzentrum Magdeburg \u00f6ffnete seine Pforten f\u00fcr Neugierige am Tag der offenen T\u00fcr im Februar.","breadcrumb":{"@id":"https:\/\/www.ebg.de\/tag-der-offenen-tuer-7\/#breadcrumb"},"inLanguage":"en-US","potentialAction":[{"@type":"ReadAction","target":["https:\/\/www.ebg.de\/tag-der-offenen-tuer-7\/"]}]},{"@type":"ImageObject","inLanguage":"en-US","@id":"https:\/\/www.ebg.de\/tag-der-offenen-tuer-7\/#primaryimage","url":"https:\/\/www.ebg.de\/wp-content\/uploads\/2025\/03\/ebg-fbz-magdeburg-tag-offene-tuer-2025-maerz-1.jpg","contentUrl":"https:\/\/www.ebg.de\/wp-content\/uploads\/2025\/03\/ebg-fbz-magdeburg-tag-offene-tuer-2025-maerz-1.jpg","width":500,"height":281,"caption":"Tag der offenen T\u00fcr im Fach- und Berufsfachschulzentrum Magdeburg \u2013 Interessierte erkunden die Schule"},{"@type":"BreadcrumbList","@id":"https:\/\/www.ebg.de\/tag-der-offenen-tuer-7\/#breadcrumb","itemListElement":[{"@type":"ListItem","position":1,"name":"Startseite","item":"https:\/\/www.ebg.de\/"},{"@type":"ListItem","position":2,"name":"Tag der offenen T\u00fcr"}]},{"@type":"WebSite","@id":"https:\/\/www.ebg.de\/#website","url":"https:\/\/www.ebg.de\/","name":"Europ\u00e4isches Bildungswerk f\u00fcr Beruf und Gesellschaft","description":"Bildung, Ausbildung und Weiterbildung","potentialAction":[{"@type":"SearchAction","target":{"@type":"EntryPoint","urlTemplate":"https:\/\/www.ebg.de\/?s={search_term_string}"},"query-input":{"@type":"PropertyValueSpecification","valueRequired":true,"valueName":"search_term_string"}}],"inLanguage":"en-US"},{"@type":"Person","@id":"https:\/\/www.ebg.de\/#\/schema\/person\/841de16928f485ad75bab4e688fe3436","name":"Christiane Selbig","image":{"@type":"ImageObject","inLanguage":"en-US","@id":"https:\/\/www.ebg.de\/#\/schema\/person\/image\/","url":"https:\/\/secure.gravatar.com\/avatar\/2cc1d2ea88bd46e448d57ac18ac9f028486b7c08a90951b9d99326eeec001739?s=96&d=mm&r=g","contentUrl":"https:\/\/secure.gravatar.com\/avatar\/2cc1d2ea88bd46e448d57ac18ac9f028486b7c08a90951b9d99326eeec001739?s=96&d=mm&r=g","caption":"Christiane Selbig"},"url":"https:\/\/www.ebg.de\/en\/author\/cselbig\/"}]}},"_links":{"self":[{"href":"https:\/\/www.ebg.de\/en\/wp-json\/wp\/v2\/posts\/38926","targetHints":{"allow":["GET"]}}],"collection":[{"href":"https:\/\/www.ebg.de\/en\/wp-json\/wp\/v2\/posts"}],"about":[{"href":"https:\/\/www.ebg.de\/en\/wp-json\/wp\/v2\/types\/post"}],"author":[{"embeddable":true,"href":"https:\/\/www.ebg.de\/en\/wp-json\/wp\/v2\/users\/8"}],"replies":[{"embeddable":true,"href":"https:\/\/www.ebg.de\/en\/wp-json\/wp\/v2\/comments?post=38926"}],"version-history":[{"count":4,"href":"https:\/\/www.ebg.de\/en\/wp-json\/wp\/v2\/posts\/38926\/revisions"}],"predecessor-version":[{"id":38933,"href":"https:\/\/www.ebg.de\/en\/wp-json\/wp\/v2\/posts\/38926\/revisions\/38933"}],"wp:featuredmedia":[{"embeddable":true,"href":"https:\/\/www.ebg.de\/en\/wp-json\/wp\/v2\/media\/38934"}],"wp:attachment":[{"href":"https:\/\/www.ebg.de\/en\/wp-json\/wp\/v2\/media?parent=38926"}],"wp:term":[{"taxonomy":"category","embeddable":true,"href":"https:\/\/www.ebg.de\/en\/wp-json\/wp\/v2\/categories?post=38926"},{"taxonomy":"post_tag","embeddable":true,"href":"https:\/\/www.ebg.de\/en\/wp-json\/wp\/v2\/tags?post=38926"}],"curies":[{"name":"wp","href":"https:\/\/api.w.org\/{rel}","templated":true}]}}