{"id":38872,"date":"2025-02-27T07:57:56","date_gmt":"2025-02-27T06:57:56","guid":{"rendered":"https:\/\/www.ebg.de\/?p=38872"},"modified":"2025-02-27T07:58:00","modified_gmt":"2025-02-27T06:58:00","slug":"ebg-beim-deutsch-forum-in-rabat-i-marokko","status":"publish","type":"post","link":"https:\/\/www.ebg.de\/en\/ebg-beim-deutsch-forum-in-rabat-i-marokko\/","title":{"rendered":"EBG beim Deutsch-Forum in Rabat I Marokko"},"content":{"rendered":"\n<p>Mehr als 600 marokkanische Sch\u00fclerinnen und Sch\u00fcler informierten sich am 15. Februar 2025 in Rabat beim Deutsch-Forum \u00fcber Studien- und Ausbildungsm\u00f6glichkeiten in Deutschland. Zu hochrangigen G\u00e4sten z\u00e4hlten der Honorarkonsul der Bundesrepublik Deutschland in Marokko, Herr Magour, der Rektor der <a href=\"https:\/\/steinbeis-magdeburg.org\/\">Steinbeis-Hochschule Magdeburg<\/a>, Prof. Abendschein, Prof. Wenz von der Hochschule Hamm-Lippstadt sowie der Gesch\u00e4ftsf\u00fchrer des <a href=\"https:\/\/www.ebg.de\/\">Europ\u00e4ischen Bildungswerkes<\/a>, <a href=\"mailto:gf@ebg.de\">Herr Reichelt<\/a>, die den Teilnehmenden f\u00fcr Fragen rund um Studienvorbereitung und Ausbildung zur Pflegefachkraft zur Verf\u00fcgung standen.<\/p>\n\n\n\n<figure class=\"wp-block-image size-large is-resized\"><img loading=\"lazy\" decoding=\"async\" width=\"807\" height=\"1024\" src=\"https:\/\/www.ebg.de\/wp-content\/uploads\/2025\/02\/EBG-Rabatt-807x1024.png\" alt=\"\" class=\"wp-image-38873\" style=\"width:350px;height:auto\" srcset=\"https:\/\/www.ebg.de\/wp-content\/uploads\/2025\/02\/EBG-Rabatt-807x1024.png 807w, https:\/\/www.ebg.de\/wp-content\/uploads\/2025\/02\/EBG-Rabatt-236x300.png 236w, https:\/\/www.ebg.de\/wp-content\/uploads\/2025\/02\/EBG-Rabatt-768x975.png 768w, https:\/\/www.ebg.de\/wp-content\/uploads\/2025\/02\/EBG-Rabatt.png 816w\" sizes=\"auto, (max-width: 807px) 100vw, 807px\" \/><\/figure>\n\n\n\n<p>Einige der Sch\u00fclerinnen und Sch\u00fcler werden wir sicherlich bald als Kollegiaten oder <a href=\"https:\/\/www.ebg.de\/standort\/magdeburg-schulen\/\">Auszubildende in Magdeburg <\/a>begr\u00fc\u00dfen d\u00fcrfen \u2013 wir freuen uns auf sie!<\/p>\n\n\n\n<p><strong><strong>\u0646\u062a\u0637\u0644\u0639 \u0644\u0631\u0624\u064a\u062a\u0643\u0645 \u0642\u0631\u064a\u0628\u064b\u0627!<\/strong><\/strong><\/p>\n\n\n\n<p><\/p>\n\n\n\n<p><\/p>\n\n\n\n<p><\/p>\n\n\n\n<p><\/p>\n","protected":false},"excerpt":{"rendered":"<p>Mehr als 600 marokkanische Sch\u00fclerinnen und Sch\u00fcler informierten sich am 15. Februar 2025 in Rabat beim Deutsch-Forum \u00fcber Studien- und Ausbildungsm\u00f6glichkeiten in Deutschland.<\/p>\n","protected":false},"author":22,"featured_media":38875,"comment_status":"closed","ping_status":"closed","sticky":false,"template":"","format":"standard","meta":{"_acf_changed":false,"footnotes":""},"categories":[22],"tags":[198,107,193,183],"class_list":["post-38872","post","type-post","status-publish","format-standard","has-post-thumbnail","hentry","category-news-gf","tag-auszubildende","tag-europaeisches-bildungswerk","tag-international","tag-marokko"],"acf":[],"yoast_head":"<!-- This site is optimized with the Yoast SEO plugin v26.9 - https:\/\/yoast.com\/product\/yoast-seo-wordpress\/ -->\n<title>Das EBG beim Deutsch-Forum in Rabat I Marokko<\/title>\n<meta name=\"description\" content=\"Mehr als 600 marokkanische Sch\u00fclerinnen und Sch\u00fcler informierten sich am 15.Februar \u00b425 in Rabat \u00fcber Studien- und Ausbildungsm\u00f6glichkeiten in Deutschland.\" \/>\n<meta name=\"robots\" content=\"index, follow, max-snippet:-1, max-image-preview:large, max-video-preview:-1\" \/>\n<link rel=\"canonical\" href=\"https:\/\/www.ebg.de\/ebg-beim-deutsch-forum-in-rabat-i-marokko\/\" \/>\n<meta property=\"og:locale\" content=\"en_US\" \/>\n<meta property=\"og:type\" content=\"article\" \/>\n<meta property=\"og:title\" content=\"Das EBG beim Deutsch-Forum in Rabat I Marokko\" \/>\n<meta property=\"og:description\" content=\"Mehr als 600 marokkanische Sch\u00fclerinnen und Sch\u00fcler informierten sich am 15.Februar \u00b425 in Rabat \u00fcber Studien- und Ausbildungsm\u00f6glichkeiten in Deutschland.\" \/>\n<meta property=\"og:url\" content=\"https:\/\/www.ebg.de\/ebg-beim-deutsch-forum-in-rabat-i-marokko\/\" \/>\n<meta property=\"og:site_name\" content=\"Europ\u00e4isches Bildungswerk f\u00fcr Beruf und Gesellschaft\" \/>\n<meta property=\"article:published_time\" content=\"2025-02-27T06:57:56+00:00\" \/>\n<meta property=\"article:modified_time\" content=\"2025-02-27T06:58:00+00:00\" \/>\n<meta property=\"og:image\" content=\"https:\/\/www.ebg.de\/wp-content\/uploads\/2025\/02\/Flag_of_Morocco.svg_.png\" \/>\n\t<meta property=\"og:image:width\" content=\"1920\" \/>\n\t<meta property=\"og:image:height\" content=\"1280\" \/>\n\t<meta property=\"og:image:type\" content=\"image\/png\" \/>\n<meta name=\"author\" content=\"Stephan Deubner\" \/>\n<meta name=\"twitter:card\" content=\"summary_large_image\" \/>\n<meta name=\"twitter:label1\" content=\"Written by\" \/>\n\t<meta name=\"twitter:data1\" content=\"Stephan Deubner\" \/>\n\t<meta name=\"twitter:label2\" content=\"Est. reading time\" \/>\n\t<meta name=\"twitter:data2\" content=\"1 minute\" \/>\n<!-- \/ Yoast SEO plugin. -->","yoast_head_json":{"title":"Das EBG beim Deutsch-Forum in Rabat I Marokko","description":"Mehr als 600 marokkanische Sch\u00fclerinnen und Sch\u00fcler informierten sich am 15.Februar \u00b425 in Rabat \u00fcber Studien- und Ausbildungsm\u00f6glichkeiten in Deutschland.","robots":{"index":"index","follow":"follow","max-snippet":"max-snippet:-1","max-image-preview":"max-image-preview:large","max-video-preview":"max-video-preview:-1"},"canonical":"https:\/\/www.ebg.de\/ebg-beim-deutsch-forum-in-rabat-i-marokko\/","og_locale":"en_US","og_type":"article","og_title":"Das EBG beim Deutsch-Forum in Rabat I Marokko","og_description":"Mehr als 600 marokkanische Sch\u00fclerinnen und Sch\u00fcler informierten sich am 15.Februar \u00b425 in Rabat \u00fcber Studien- und Ausbildungsm\u00f6glichkeiten in Deutschland.","og_url":"https:\/\/www.ebg.de\/ebg-beim-deutsch-forum-in-rabat-i-marokko\/","og_site_name":"Europ\u00e4isches Bildungswerk f\u00fcr Beruf und Gesellschaft","article_published_time":"2025-02-27T06:57:56+00:00","article_modified_time":"2025-02-27T06:58:00+00:00","og_image":[{"width":1920,"height":1280,"url":"https:\/\/www.ebg.de\/wp-content\/uploads\/2025\/02\/Flag_of_Morocco.svg_.png","type":"image\/png"}],"author":"Stephan Deubner","twitter_card":"summary_large_image","twitter_misc":{"Written by":"Stephan Deubner","Est. reading time":"1 minute"},"schema":{"@context":"https:\/\/schema.org","@graph":[{"@type":"Article","@id":"https:\/\/www.ebg.de\/ebg-beim-deutsch-forum-in-rabat-i-marokko\/#article","isPartOf":{"@id":"https:\/\/www.ebg.de\/ebg-beim-deutsch-forum-in-rabat-i-marokko\/"},"author":{"name":"Stephan Deubner","@id":"https:\/\/www.ebg.de\/#\/schema\/person\/af645ea1741029d9a44ae532ceb268bc"},"headline":"EBG beim Deutsch-Forum in Rabat I Marokko","datePublished":"2025-02-27T06:57:56+00:00","dateModified":"2025-02-27T06:58:00+00:00","mainEntityOfPage":{"@id":"https:\/\/www.ebg.de\/ebg-beim-deutsch-forum-in-rabat-i-marokko\/"},"wordCount":112,"image":{"@id":"https:\/\/www.ebg.de\/ebg-beim-deutsch-forum-in-rabat-i-marokko\/#primaryimage"},"thumbnailUrl":"https:\/\/www.ebg.de\/wp-content\/uploads\/2025\/02\/Flag_of_Morocco.svg_.png","keywords":["Auszubildende","Europ\u00e4isches Bildungswerk","international","Marokko"],"articleSection":["News-GF"],"inLanguage":"en-US"},{"@type":"WebPage","@id":"https:\/\/www.ebg.de\/ebg-beim-deutsch-forum-in-rabat-i-marokko\/","url":"https:\/\/www.ebg.de\/ebg-beim-deutsch-forum-in-rabat-i-marokko\/","name":"Das EBG beim Deutsch-Forum in Rabat I Marokko","isPartOf":{"@id":"https:\/\/www.ebg.de\/#website"},"primaryImageOfPage":{"@id":"https:\/\/www.ebg.de\/ebg-beim-deutsch-forum-in-rabat-i-marokko\/#primaryimage"},"image":{"@id":"https:\/\/www.ebg.de\/ebg-beim-deutsch-forum-in-rabat-i-marokko\/#primaryimage"},"thumbnailUrl":"https:\/\/www.ebg.de\/wp-content\/uploads\/2025\/02\/Flag_of_Morocco.svg_.png","datePublished":"2025-02-27T06:57:56+00:00","dateModified":"2025-02-27T06:58:00+00:00","author":{"@id":"https:\/\/www.ebg.de\/#\/schema\/person\/af645ea1741029d9a44ae532ceb268bc"},"description":"Mehr als 600 marokkanische Sch\u00fclerinnen und Sch\u00fcler informierten sich am 15.Februar \u00b425 in Rabat \u00fcber Studien- und Ausbildungsm\u00f6glichkeiten in Deutschland.","breadcrumb":{"@id":"https:\/\/www.ebg.de\/ebg-beim-deutsch-forum-in-rabat-i-marokko\/#breadcrumb"},"inLanguage":"en-US","potentialAction":[{"@type":"ReadAction","target":["https:\/\/www.ebg.de\/ebg-beim-deutsch-forum-in-rabat-i-marokko\/"]}]},{"@type":"ImageObject","inLanguage":"en-US","@id":"https:\/\/www.ebg.de\/ebg-beim-deutsch-forum-in-rabat-i-marokko\/#primaryimage","url":"https:\/\/www.ebg.de\/wp-content\/uploads\/2025\/02\/Flag_of_Morocco.svg_.png","contentUrl":"https:\/\/www.ebg.de\/wp-content\/uploads\/2025\/02\/Flag_of_Morocco.svg_.png","width":1920,"height":1280},{"@type":"BreadcrumbList","@id":"https:\/\/www.ebg.de\/ebg-beim-deutsch-forum-in-rabat-i-marokko\/#breadcrumb","itemListElement":[{"@type":"ListItem","position":1,"name":"Startseite","item":"https:\/\/www.ebg.de\/"},{"@type":"ListItem","position":2,"name":"EBG beim Deutsch-Forum in Rabat I Marokko"}]},{"@type":"WebSite","@id":"https:\/\/www.ebg.de\/#website","url":"https:\/\/www.ebg.de\/","name":"Europ\u00e4isches Bildungswerk f\u00fcr Beruf und Gesellschaft","description":"Bildung, Ausbildung und Weiterbildung","potentialAction":[{"@type":"SearchAction","target":{"@type":"EntryPoint","urlTemplate":"https:\/\/www.ebg.de\/?s={search_term_string}"},"query-input":{"@type":"PropertyValueSpecification","valueRequired":true,"valueName":"search_term_string"}}],"inLanguage":"en-US"},{"@type":"Person","@id":"https:\/\/www.ebg.de\/#\/schema\/person\/af645ea1741029d9a44ae532ceb268bc","name":"Stephan Deubner","image":{"@type":"ImageObject","inLanguage":"en-US","@id":"https:\/\/www.ebg.de\/#\/schema\/person\/image\/","url":"https:\/\/secure.gravatar.com\/avatar\/35731f6a08afa0518c45f153077f6135c0f41aa2ae0b76e850ef9508976a7bbe?s=96&d=mm&r=g","contentUrl":"https:\/\/secure.gravatar.com\/avatar\/35731f6a08afa0518c45f153077f6135c0f41aa2ae0b76e850ef9508976a7bbe?s=96&d=mm&r=g","caption":"Stephan Deubner"},"url":"https:\/\/www.ebg.de\/en\/author\/sdeubner\/"}]}},"_links":{"self":[{"href":"https:\/\/www.ebg.de\/en\/wp-json\/wp\/v2\/posts\/38872","targetHints":{"allow":["GET"]}}],"collection":[{"href":"https:\/\/www.ebg.de\/en\/wp-json\/wp\/v2\/posts"}],"about":[{"href":"https:\/\/www.ebg.de\/en\/wp-json\/wp\/v2\/types\/post"}],"author":[{"embeddable":true,"href":"https:\/\/www.ebg.de\/en\/wp-json\/wp\/v2\/users\/22"}],"replies":[{"embeddable":true,"href":"https:\/\/www.ebg.de\/en\/wp-json\/wp\/v2\/comments?post=38872"}],"version-history":[{"count":1,"href":"https:\/\/www.ebg.de\/en\/wp-json\/wp\/v2\/posts\/38872\/revisions"}],"predecessor-version":[{"id":38877,"href":"https:\/\/www.ebg.de\/en\/wp-json\/wp\/v2\/posts\/38872\/revisions\/38877"}],"wp:featuredmedia":[{"embeddable":true,"href":"https:\/\/www.ebg.de\/en\/wp-json\/wp\/v2\/media\/38875"}],"wp:attachment":[{"href":"https:\/\/www.ebg.de\/en\/wp-json\/wp\/v2\/media?parent=38872"}],"wp:term":[{"taxonomy":"category","embeddable":true,"href":"https:\/\/www.ebg.de\/en\/wp-json\/wp\/v2\/categories?post=38872"},{"taxonomy":"post_tag","embeddable":true,"href":"https:\/\/www.ebg.de\/en\/wp-json\/wp\/v2\/tags?post=38872"}],"curies":[{"name":"wp","href":"https:\/\/api.w.org\/{rel}","templated":true}]}}