{"id":38855,"date":"2025-02-23T14:59:03","date_gmt":"2025-02-23T13:59:03","guid":{"rendered":"https:\/\/www.ebg.de\/?p=38855"},"modified":"2025-02-27T08:02:21","modified_gmt":"2025-02-27T07:02:21","slug":"erfolgreiche-azav-traegerneuzulassung-der-ebg-ggmbh","status":"publish","type":"post","link":"https:\/\/www.ebg.de\/en\/erfolgreiche-azav-traegerneuzulassung-der-ebg-ggmbh\/","title":{"rendered":"Erfolgreiche AZAV-Tr\u00e4gerneuzulassung der EBG gGmbH"},"content":{"rendered":"\n<p>F\u00fcr die EBG gGmbH fand damit aber auch nach 5 Jahren das Verfahren zur AZAV-Tr\u00e4gerneuzulassung als Voraussetzung f\u00fcr die Durchf\u00fchrung von Ma\u00dfnahmen der Arbeitsf\u00f6rderung statt.<\/p>\n\n\n\n<p>Die EBG gGmbH wird im Bereich Arbeitsf\u00f6rderung k\u00fcnftig Ma\u00dfnahmen zur Aktivierung und beruflichen Eingliederung mit AVGS-Gutschein (nach \u00a7 45 SGB III \u2013 Fachbereich 1), Ma\u00dfnahmen zur Berufsorientierung (z. B. BRAFO, BOP \u2013 Fachbereich 3) und Ma\u00dfnahmen zur beruflichen Fort- und Weiterbildung mit Bildungsgutschein (nach \u00a7 81 SGB III \u2013 Fachbereich 4) durchf\u00fchren, die erforderlichen Zusatzantr\u00e4ge zur Tr\u00e4gerzulassung wurden erfolgreich gestellt.<\/p>\n\n\n\n<figure class=\"wp-block-image size-large is-resized\"><img loading=\"lazy\" decoding=\"async\" width=\"1024\" height=\"999\" src=\"https:\/\/www.ebg.de\/wp-content\/uploads\/2025\/02\/20250220_124824-1024x999.jpg\" alt=\"\" class=\"wp-image-38856\" style=\"width:405px;height:auto\" srcset=\"https:\/\/www.ebg.de\/wp-content\/uploads\/2025\/02\/20250220_124824-1024x999.jpg 1024w, https:\/\/www.ebg.de\/wp-content\/uploads\/2025\/02\/20250220_124824-300x293.jpg 300w, https:\/\/www.ebg.de\/wp-content\/uploads\/2025\/02\/20250220_124824-768x749.jpg 768w, https:\/\/www.ebg.de\/wp-content\/uploads\/2025\/02\/20250220_124824-1536x1499.jpg 1536w, https:\/\/www.ebg.de\/wp-content\/uploads\/2025\/02\/20250220_124824-2048x1998.jpg 2048w, https:\/\/www.ebg.de\/wp-content\/uploads\/2025\/02\/20250220_124824-900x878.jpg 900w, https:\/\/www.ebg.de\/wp-content\/uploads\/2025\/02\/20250220_124824-1200x1171.jpg 1200w\" sizes=\"auto, (max-width: 1024px) 100vw, 1024px\" \/><\/figure>\n\n\n\n<p>Die Ma\u00dfnahmen zur beruflichen Rehabilitation (Fachbereich 6) werden k\u00fcnftig nicht mehr angeboten, dieses Gesch\u00e4ftsfeld wurde aufgegeben und der Standort geschlossen.<\/p>\n\n\n\n<p>Im Audit wurde nat\u00fcrlich aber auch unsere Bildungsarbeit au\u00dferhalb der AZAV wie z.&nbsp;B. die Aus- und Weiterbildung in staatlich anerkannten Ausbildungsberufen an unseren Fach- und Berufsfachschulzentren \u00fcberpr\u00fcft.<\/p>\n\n\n\n<figure class=\"wp-block-image size-large is-resized\"><img loading=\"lazy\" decoding=\"async\" width=\"727\" height=\"1024\" src=\"https:\/\/www.ebg.de\/wp-content\/uploads\/2025\/02\/AZAV25.1-727x1024.png\" alt=\"\" class=\"wp-image-38852\" style=\"width:349px;height:auto\" srcset=\"https:\/\/www.ebg.de\/wp-content\/uploads\/2025\/02\/AZAV25.1-727x1024.png 727w, https:\/\/www.ebg.de\/wp-content\/uploads\/2025\/02\/AZAV25.1-213x300.png 213w, https:\/\/www.ebg.de\/wp-content\/uploads\/2025\/02\/AZAV25.1-768x1081.png 768w, https:\/\/www.ebg.de\/wp-content\/uploads\/2025\/02\/AZAV25.1.png 802w\" sizes=\"auto, (max-width: 727px) 100vw, 727px\" \/><\/figure>\n\n\n\n<p>Im Ergebnis konnten die drei Organisationen EBG gGmbH, EBG e. V. D\u00fcsseldorf und MDPS nach DIN EN ISO 9001:2015 ihre 1. \u00dcberwachung erfolgreich bestehen. Die neue Tr\u00e4gerzulassung nach AZAV f\u00fcr die EBG gGmbH wurde erteilt.<\/p>\n\n\n\n<p>Dr. Frank Siebeck<br>Qualit\u00e4tsmanagementbeauftragter<\/p>\n\n\n\n<p><\/p>\n\n\n\n<p><\/p>\n\n\n\n<p><\/p>\n\n\n\n<p><\/p>\n\n\n\n<p><\/p>\n","protected":false},"excerpt":{"rendered":"<p>Im Zeitraum vom 03.02. bis zum 11.02.2025 fand das 1.\u00dcberwachungsaudit nach DIN EN ISO 9001:2015<br \/>\ndurch unsere Zertifizierungsgesellschaft CERTQUA statt. <\/p>\n","protected":false},"author":22,"featured_media":38866,"comment_status":"closed","ping_status":"closed","sticky":false,"template":"","format":"standard","meta":{"_acf_changed":false,"footnotes":""},"categories":[22],"tags":[],"class_list":["post-38855","post","type-post","status-publish","format-standard","has-post-thumbnail","hentry","category-news-gf"],"acf":[],"yoast_head":"<!-- This site is optimized with the Yoast SEO plugin v26.9 - https:\/\/yoast.com\/product\/yoast-seo-wordpress\/ -->\n<title>Erfolgreiche AZAV-Tr\u00e4gerneuzulassung der EBG gGmbH<\/title>\n<meta name=\"description\" content=\"Im Zeitraum vom 03.02. bis zum 11.02.2025 fand das 1.\u00dcberwachungsaudit nach DIN EN ISO 9001:2015 durch unsere Zertifizierungsgesellschaft CERTQUA statt.\" \/>\n<meta name=\"robots\" content=\"index, follow, max-snippet:-1, max-image-preview:large, max-video-preview:-1\" \/>\n<link rel=\"canonical\" href=\"https:\/\/www.ebg.de\/erfolgreiche-azav-traegerneuzulassung-der-ebg-ggmbh\/\" \/>\n<meta property=\"og:locale\" content=\"en_US\" \/>\n<meta property=\"og:type\" content=\"article\" \/>\n<meta property=\"og:title\" content=\"Erfolgreiche AZAV-Tr\u00e4gerneuzulassung der EBG gGmbH\" \/>\n<meta property=\"og:description\" content=\"Im Zeitraum vom 03.02. bis zum 11.02.2025 fand das 1.\u00dcberwachungsaudit nach DIN EN ISO 9001:2015 durch unsere Zertifizierungsgesellschaft CERTQUA statt.\" \/>\n<meta property=\"og:url\" content=\"https:\/\/www.ebg.de\/erfolgreiche-azav-traegerneuzulassung-der-ebg-ggmbh\/\" \/>\n<meta property=\"og:site_name\" content=\"Europ\u00e4isches Bildungswerk f\u00fcr Beruf und Gesellschaft\" \/>\n<meta property=\"article:published_time\" content=\"2025-02-23T13:59:03+00:00\" \/>\n<meta property=\"article:modified_time\" content=\"2025-02-27T07:02:21+00:00\" \/>\n<meta property=\"og:image\" content=\"https:\/\/www.ebg.de\/wp-content\/uploads\/2025\/02\/IMG-20250220-WA0001_edit_118179328969466.jpg\" \/>\n\t<meta property=\"og:image:width\" content=\"1200\" \/>\n\t<meta property=\"og:image:height\" content=\"718\" \/>\n\t<meta property=\"og:image:type\" content=\"image\/jpeg\" \/>\n<meta name=\"author\" content=\"Stephan Deubner\" \/>\n<meta name=\"twitter:card\" content=\"summary_large_image\" \/>\n<meta name=\"twitter:label1\" content=\"Written by\" \/>\n\t<meta name=\"twitter:data1\" content=\"Stephan Deubner\" \/>\n\t<meta name=\"twitter:label2\" content=\"Est. reading time\" \/>\n\t<meta name=\"twitter:data2\" content=\"2 minutes\" \/>\n<!-- \/ Yoast SEO plugin. -->","yoast_head_json":{"title":"Erfolgreiche AZAV-Tr\u00e4gerneuzulassung der EBG gGmbH","description":"Im Zeitraum vom 03.02. bis zum 11.02.2025 fand das 1.\u00dcberwachungsaudit nach DIN EN ISO 9001:2015 durch unsere Zertifizierungsgesellschaft CERTQUA statt.","robots":{"index":"index","follow":"follow","max-snippet":"max-snippet:-1","max-image-preview":"max-image-preview:large","max-video-preview":"max-video-preview:-1"},"canonical":"https:\/\/www.ebg.de\/erfolgreiche-azav-traegerneuzulassung-der-ebg-ggmbh\/","og_locale":"en_US","og_type":"article","og_title":"Erfolgreiche AZAV-Tr\u00e4gerneuzulassung der EBG gGmbH","og_description":"Im Zeitraum vom 03.02. bis zum 11.02.2025 fand das 1.\u00dcberwachungsaudit nach DIN EN ISO 9001:2015 durch unsere Zertifizierungsgesellschaft CERTQUA statt.","og_url":"https:\/\/www.ebg.de\/erfolgreiche-azav-traegerneuzulassung-der-ebg-ggmbh\/","og_site_name":"Europ\u00e4isches Bildungswerk f\u00fcr Beruf und Gesellschaft","article_published_time":"2025-02-23T13:59:03+00:00","article_modified_time":"2025-02-27T07:02:21+00:00","og_image":[{"width":1200,"height":718,"url":"https:\/\/www.ebg.de\/wp-content\/uploads\/2025\/02\/IMG-20250220-WA0001_edit_118179328969466.jpg","type":"image\/jpeg"}],"author":"Stephan Deubner","twitter_card":"summary_large_image","twitter_misc":{"Written by":"Stephan Deubner","Est. reading time":"2 minutes"},"schema":{"@context":"https:\/\/schema.org","@graph":[{"@type":"Article","@id":"https:\/\/www.ebg.de\/erfolgreiche-azav-traegerneuzulassung-der-ebg-ggmbh\/#article","isPartOf":{"@id":"https:\/\/www.ebg.de\/erfolgreiche-azav-traegerneuzulassung-der-ebg-ggmbh\/"},"author":{"name":"Stephan Deubner","@id":"https:\/\/www.ebg.de\/#\/schema\/person\/af645ea1741029d9a44ae532ceb268bc"},"headline":"Erfolgreiche AZAV-Tr\u00e4gerneuzulassung der EBG gGmbH","datePublished":"2025-02-23T13:59:03+00:00","dateModified":"2025-02-27T07:02:21+00:00","mainEntityOfPage":{"@id":"https:\/\/www.ebg.de\/erfolgreiche-azav-traegerneuzulassung-der-ebg-ggmbh\/"},"wordCount":188,"image":{"@id":"https:\/\/www.ebg.de\/erfolgreiche-azav-traegerneuzulassung-der-ebg-ggmbh\/#primaryimage"},"thumbnailUrl":"https:\/\/www.ebg.de\/wp-content\/uploads\/2025\/02\/IMG-20250220-WA0001_edit_118179328969466.jpg","articleSection":["News-GF"],"inLanguage":"en-US"},{"@type":"WebPage","@id":"https:\/\/www.ebg.de\/erfolgreiche-azav-traegerneuzulassung-der-ebg-ggmbh\/","url":"https:\/\/www.ebg.de\/erfolgreiche-azav-traegerneuzulassung-der-ebg-ggmbh\/","name":"Erfolgreiche AZAV-Tr\u00e4gerneuzulassung der EBG gGmbH","isPartOf":{"@id":"https:\/\/www.ebg.de\/#website"},"primaryImageOfPage":{"@id":"https:\/\/www.ebg.de\/erfolgreiche-azav-traegerneuzulassung-der-ebg-ggmbh\/#primaryimage"},"image":{"@id":"https:\/\/www.ebg.de\/erfolgreiche-azav-traegerneuzulassung-der-ebg-ggmbh\/#primaryimage"},"thumbnailUrl":"https:\/\/www.ebg.de\/wp-content\/uploads\/2025\/02\/IMG-20250220-WA0001_edit_118179328969466.jpg","datePublished":"2025-02-23T13:59:03+00:00","dateModified":"2025-02-27T07:02:21+00:00","author":{"@id":"https:\/\/www.ebg.de\/#\/schema\/person\/af645ea1741029d9a44ae532ceb268bc"},"description":"Im Zeitraum vom 03.02. bis zum 11.02.2025 fand das 1.\u00dcberwachungsaudit nach DIN EN ISO 9001:2015 durch unsere Zertifizierungsgesellschaft CERTQUA statt.","breadcrumb":{"@id":"https:\/\/www.ebg.de\/erfolgreiche-azav-traegerneuzulassung-der-ebg-ggmbh\/#breadcrumb"},"inLanguage":"en-US","potentialAction":[{"@type":"ReadAction","target":["https:\/\/www.ebg.de\/erfolgreiche-azav-traegerneuzulassung-der-ebg-ggmbh\/"]}]},{"@type":"ImageObject","inLanguage":"en-US","@id":"https:\/\/www.ebg.de\/erfolgreiche-azav-traegerneuzulassung-der-ebg-ggmbh\/#primaryimage","url":"https:\/\/www.ebg.de\/wp-content\/uploads\/2025\/02\/IMG-20250220-WA0001_edit_118179328969466.jpg","contentUrl":"https:\/\/www.ebg.de\/wp-content\/uploads\/2025\/02\/IMG-20250220-WA0001_edit_118179328969466.jpg","width":1200,"height":718},{"@type":"BreadcrumbList","@id":"https:\/\/www.ebg.de\/erfolgreiche-azav-traegerneuzulassung-der-ebg-ggmbh\/#breadcrumb","itemListElement":[{"@type":"ListItem","position":1,"name":"Startseite","item":"https:\/\/www.ebg.de\/"},{"@type":"ListItem","position":2,"name":"Erfolgreiche AZAV-Tr\u00e4gerneuzulassung der EBG gGmbH"}]},{"@type":"WebSite","@id":"https:\/\/www.ebg.de\/#website","url":"https:\/\/www.ebg.de\/","name":"Europ\u00e4isches Bildungswerk f\u00fcr Beruf und Gesellschaft","description":"Bildung, Ausbildung und Weiterbildung","potentialAction":[{"@type":"SearchAction","target":{"@type":"EntryPoint","urlTemplate":"https:\/\/www.ebg.de\/?s={search_term_string}"},"query-input":{"@type":"PropertyValueSpecification","valueRequired":true,"valueName":"search_term_string"}}],"inLanguage":"en-US"},{"@type":"Person","@id":"https:\/\/www.ebg.de\/#\/schema\/person\/af645ea1741029d9a44ae532ceb268bc","name":"Stephan Deubner","image":{"@type":"ImageObject","inLanguage":"en-US","@id":"https:\/\/www.ebg.de\/#\/schema\/person\/image\/","url":"https:\/\/secure.gravatar.com\/avatar\/35731f6a08afa0518c45f153077f6135c0f41aa2ae0b76e850ef9508976a7bbe?s=96&d=mm&r=g","contentUrl":"https:\/\/secure.gravatar.com\/avatar\/35731f6a08afa0518c45f153077f6135c0f41aa2ae0b76e850ef9508976a7bbe?s=96&d=mm&r=g","caption":"Stephan Deubner"},"url":"https:\/\/www.ebg.de\/en\/author\/sdeubner\/"}]}},"_links":{"self":[{"href":"https:\/\/www.ebg.de\/en\/wp-json\/wp\/v2\/posts\/38855","targetHints":{"allow":["GET"]}}],"collection":[{"href":"https:\/\/www.ebg.de\/en\/wp-json\/wp\/v2\/posts"}],"about":[{"href":"https:\/\/www.ebg.de\/en\/wp-json\/wp\/v2\/types\/post"}],"author":[{"embeddable":true,"href":"https:\/\/www.ebg.de\/en\/wp-json\/wp\/v2\/users\/22"}],"replies":[{"embeddable":true,"href":"https:\/\/www.ebg.de\/en\/wp-json\/wp\/v2\/comments?post=38855"}],"version-history":[{"count":3,"href":"https:\/\/www.ebg.de\/en\/wp-json\/wp\/v2\/posts\/38855\/revisions"}],"predecessor-version":[{"id":38869,"href":"https:\/\/www.ebg.de\/en\/wp-json\/wp\/v2\/posts\/38855\/revisions\/38869"}],"wp:featuredmedia":[{"embeddable":true,"href":"https:\/\/www.ebg.de\/en\/wp-json\/wp\/v2\/media\/38866"}],"wp:attachment":[{"href":"https:\/\/www.ebg.de\/en\/wp-json\/wp\/v2\/media?parent=38855"}],"wp:term":[{"taxonomy":"category","embeddable":true,"href":"https:\/\/www.ebg.de\/en\/wp-json\/wp\/v2\/categories?post=38855"},{"taxonomy":"post_tag","embeddable":true,"href":"https:\/\/www.ebg.de\/en\/wp-json\/wp\/v2\/tags?post=38855"}],"curies":[{"name":"wp","href":"https:\/\/api.w.org\/{rel}","templated":true}]}}