{"id":38838,"date":"2025-02-24T12:35:37","date_gmt":"2025-02-24T11:35:37","guid":{"rendered":"https:\/\/www.ebg.de\/?p=38838"},"modified":"2025-04-16T12:31:32","modified_gmt":"2025-04-16T10:31:32","slug":"chance-erneut-in-halle-ergriffen-2","status":"publish","type":"post","link":"https:\/\/www.ebg.de\/en\/chance-erneut-in-halle-ergriffen-2\/","title":{"rendered":"Chance erneut in Halle ergriffen"},"content":{"rendered":"\n<p>Das Fach- und Berufsfachschulzentrum Halle des EBG auf der &#8220;Chance&#8221; 2025 \u2013 ein voller Erfolg!<\/p>\n\n\n\n<p>Am vergangenen Freitag und Samstag war das <strong>Fach- und Berufsfachschulzentrum Halle des EBG<\/strong> auf der gr\u00f6\u00dften mitteldeutschen Ausbildungsmesse, der <strong>&#8220;Chance&#8221;<\/strong>, vertreten. Mit dabei: unsere engagierten Azubis, Lehrer und Dozenten, die den zahlreichen Besuchern spannende Einblicke in unsere Ausbildungsm\u00f6glichkeiten gegeben haben.<\/p>\n\n\n\n<figure class=\"wp-block-gallery has-nested-images columns-default is-cropped wp-block-gallery-1 is-layout-flex wp-block-gallery-is-layout-flex\">\n<figure class=\"wp-block-image size-large\"><img loading=\"lazy\" decoding=\"async\" width=\"1024\" height=\"683\" data-id=\"38817\" src=\"https:\/\/www.ebg.de\/wp-content\/uploads\/2025\/02\/IMG_2710-1024x683.jpg\" alt=\"\" class=\"wp-image-38817\" srcset=\"https:\/\/www.ebg.de\/wp-content\/uploads\/2025\/02\/IMG_2710-1024x683.jpg 1024w, https:\/\/www.ebg.de\/wp-content\/uploads\/2025\/02\/IMG_2710-300x200.jpg 300w, https:\/\/www.ebg.de\/wp-content\/uploads\/2025\/02\/IMG_2710-768x512.jpg 768w, https:\/\/www.ebg.de\/wp-content\/uploads\/2025\/02\/IMG_2710-1536x1024.jpg 1536w, https:\/\/www.ebg.de\/wp-content\/uploads\/2025\/02\/IMG_2710-2048x1365.jpg 2048w, https:\/\/www.ebg.de\/wp-content\/uploads\/2025\/02\/IMG_2710-900x600.jpg 900w, https:\/\/www.ebg.de\/wp-content\/uploads\/2025\/02\/IMG_2710-1200x800.jpg 1200w\" sizes=\"auto, (max-width: 1024px) 100vw, 1024px\" \/><\/figure>\n\n\n\n<figure class=\"wp-block-image size-large\"><img loading=\"lazy\" decoding=\"async\" width=\"1024\" height=\"683\" data-id=\"38815\" src=\"https:\/\/www.ebg.de\/wp-content\/uploads\/2025\/02\/IMG_2733-1024x683.jpg\" alt=\"\" class=\"wp-image-38815\" srcset=\"https:\/\/www.ebg.de\/wp-content\/uploads\/2025\/02\/IMG_2733-1024x683.jpg 1024w, https:\/\/www.ebg.de\/wp-content\/uploads\/2025\/02\/IMG_2733-300x200.jpg 300w, https:\/\/www.ebg.de\/wp-content\/uploads\/2025\/02\/IMG_2733-768x512.jpg 768w, https:\/\/www.ebg.de\/wp-content\/uploads\/2025\/02\/IMG_2733-1536x1024.jpg 1536w, https:\/\/www.ebg.de\/wp-content\/uploads\/2025\/02\/IMG_2733-2048x1365.jpg 2048w, https:\/\/www.ebg.de\/wp-content\/uploads\/2025\/02\/IMG_2733-900x600.jpg 900w, https:\/\/www.ebg.de\/wp-content\/uploads\/2025\/02\/IMG_2733-1200x800.jpg 1200w\" sizes=\"auto, (max-width: 1024px) 100vw, 1024px\" \/><\/figure>\n\n\n\n<figure class=\"wp-block-image size-large\"><img loading=\"lazy\" decoding=\"async\" width=\"1024\" height=\"683\" data-id=\"38819\" src=\"https:\/\/www.ebg.de\/wp-content\/uploads\/2025\/02\/IMG_2745-1024x683.jpg\" alt=\"\" class=\"wp-image-38819\" srcset=\"https:\/\/www.ebg.de\/wp-content\/uploads\/2025\/02\/IMG_2745-1024x683.jpg 1024w, https:\/\/www.ebg.de\/wp-content\/uploads\/2025\/02\/IMG_2745-300x200.jpg 300w, https:\/\/www.ebg.de\/wp-content\/uploads\/2025\/02\/IMG_2745-768x512.jpg 768w, https:\/\/www.ebg.de\/wp-content\/uploads\/2025\/02\/IMG_2745-1536x1024.jpg 1536w, https:\/\/www.ebg.de\/wp-content\/uploads\/2025\/02\/IMG_2745-2048x1365.jpg 2048w, https:\/\/www.ebg.de\/wp-content\/uploads\/2025\/02\/IMG_2745-900x600.jpg 900w, https:\/\/www.ebg.de\/wp-content\/uploads\/2025\/02\/IMG_2745-1200x800.jpg 1200w\" sizes=\"auto, (max-width: 1024px) 100vw, 1024px\" \/><\/figure>\n\n\n\n<figure class=\"wp-block-image size-large\"><img loading=\"lazy\" decoding=\"async\" width=\"1024\" height=\"641\" data-id=\"38813\" src=\"https:\/\/www.ebg.de\/wp-content\/uploads\/2025\/02\/IMG_2720-1024x641.jpg\" alt=\"\" class=\"wp-image-38813\" srcset=\"https:\/\/www.ebg.de\/wp-content\/uploads\/2025\/02\/IMG_2720-1024x641.jpg 1024w, https:\/\/www.ebg.de\/wp-content\/uploads\/2025\/02\/IMG_2720-300x188.jpg 300w, https:\/\/www.ebg.de\/wp-content\/uploads\/2025\/02\/IMG_2720-768x481.jpg 768w, https:\/\/www.ebg.de\/wp-content\/uploads\/2025\/02\/IMG_2720-1536x962.jpg 1536w, https:\/\/www.ebg.de\/wp-content\/uploads\/2025\/02\/IMG_2720-2048x1283.jpg 2048w, https:\/\/www.ebg.de\/wp-content\/uploads\/2025\/02\/IMG_2720-900x564.jpg 900w, https:\/\/www.ebg.de\/wp-content\/uploads\/2025\/02\/IMG_2720-1200x752.jpg 1200w\" sizes=\"auto, (max-width: 1024px) 100vw, 1024px\" \/><\/figure>\n<\/figure>\n\n\n\n<p>Neben interessierten Besucherinnen und Besuchern, vielen Ehemaligen und Kooperationspartnern war u.a. auch Frau <strong>Katharina Brederlow<\/strong>, <a href=\"https:\/\/halle.de\/verwaltung-stadtrat\/stadtverwaltung\/verwaltungsorganisation\/beigeordnete\/geschaeftsbereich-bildung-und-soziales\">Beigeordnete f\u00fcr Bildung und Soziales der Stadt Halle<\/a>, am EBG-Messestand und tauschte sich mit Frau Gumbert \u00fcber aktuelle Entwicklungen in den sozialen Ausbildungen und Einrichtungen der Region Halle und Umgebung aus.<\/p>\n\n\n\n<p>Unser Stand war durchgehend gut besucht \u2013 viele interessierte junge Menschen nutzten die Gelegenheit, sich \u00fcber ihre beruflichen Perspektiven zu informieren und direkt mit unseren Azubis ins Gespr\u00e4ch zu kommen. Die Atmosph\u00e4re war gro\u00dfartig, das Interesse riesig, und wir freuen uns \u00fcber die vielen inspirierenden Begegnungen.<\/p>\n\n\n\n<figure class=\"wp-block-gallery has-nested-images columns-default is-cropped wp-block-gallery-2 is-layout-flex wp-block-gallery-is-layout-flex\">\n<figure class=\"wp-block-image size-large\"><img loading=\"lazy\" decoding=\"async\" width=\"1024\" height=\"683\" data-id=\"38823\" src=\"https:\/\/www.ebg.de\/wp-content\/uploads\/2025\/02\/IMG_2699-1024x683.jpg\" alt=\"\" class=\"wp-image-38823\" srcset=\"https:\/\/www.ebg.de\/wp-content\/uploads\/2025\/02\/IMG_2699-1024x683.jpg 1024w, https:\/\/www.ebg.de\/wp-content\/uploads\/2025\/02\/IMG_2699-300x200.jpg 300w, https:\/\/www.ebg.de\/wp-content\/uploads\/2025\/02\/IMG_2699-768x512.jpg 768w, https:\/\/www.ebg.de\/wp-content\/uploads\/2025\/02\/IMG_2699-1536x1024.jpg 1536w, https:\/\/www.ebg.de\/wp-content\/uploads\/2025\/02\/IMG_2699-2048x1365.jpg 2048w, https:\/\/www.ebg.de\/wp-content\/uploads\/2025\/02\/IMG_2699-900x600.jpg 900w, https:\/\/www.ebg.de\/wp-content\/uploads\/2025\/02\/IMG_2699-1200x800.jpg 1200w\" sizes=\"auto, (max-width: 1024px) 100vw, 1024px\" \/><\/figure>\n\n\n\n<figure class=\"wp-block-image size-large\"><img loading=\"lazy\" decoding=\"async\" width=\"1024\" height=\"683\" data-id=\"38825\" src=\"https:\/\/www.ebg.de\/wp-content\/uploads\/2025\/02\/IMG_2706-1024x683.jpg\" alt=\"\" class=\"wp-image-38825\" srcset=\"https:\/\/www.ebg.de\/wp-content\/uploads\/2025\/02\/IMG_2706-1024x683.jpg 1024w, https:\/\/www.ebg.de\/wp-content\/uploads\/2025\/02\/IMG_2706-300x200.jpg 300w, https:\/\/www.ebg.de\/wp-content\/uploads\/2025\/02\/IMG_2706-768x512.jpg 768w, https:\/\/www.ebg.de\/wp-content\/uploads\/2025\/02\/IMG_2706-1536x1024.jpg 1536w, https:\/\/www.ebg.de\/wp-content\/uploads\/2025\/02\/IMG_2706-2048x1365.jpg 2048w, https:\/\/www.ebg.de\/wp-content\/uploads\/2025\/02\/IMG_2706-900x600.jpg 900w, https:\/\/www.ebg.de\/wp-content\/uploads\/2025\/02\/IMG_2706-1200x800.jpg 1200w\" sizes=\"auto, (max-width: 1024px) 100vw, 1024px\" \/><\/figure>\n\n\n\n<figure class=\"wp-block-image size-large\"><img loading=\"lazy\" decoding=\"async\" width=\"1024\" height=\"683\" data-id=\"38829\" src=\"https:\/\/www.ebg.de\/wp-content\/uploads\/2025\/02\/IMG_2747-1024x683.jpg\" alt=\"\" class=\"wp-image-38829\" srcset=\"https:\/\/www.ebg.de\/wp-content\/uploads\/2025\/02\/IMG_2747-1024x683.jpg 1024w, https:\/\/www.ebg.de\/wp-content\/uploads\/2025\/02\/IMG_2747-300x200.jpg 300w, https:\/\/www.ebg.de\/wp-content\/uploads\/2025\/02\/IMG_2747-768x512.jpg 768w, https:\/\/www.ebg.de\/wp-content\/uploads\/2025\/02\/IMG_2747-1536x1024.jpg 1536w, https:\/\/www.ebg.de\/wp-content\/uploads\/2025\/02\/IMG_2747-2048x1365.jpg 2048w, https:\/\/www.ebg.de\/wp-content\/uploads\/2025\/02\/IMG_2747-900x600.jpg 900w, https:\/\/www.ebg.de\/wp-content\/uploads\/2025\/02\/IMG_2747-1200x800.jpg 1200w\" sizes=\"auto, (max-width: 1024px) 100vw, 1024px\" \/><\/figure>\n<\/figure>\n\n\n\n<p>Ein herzliches <strong>Dankesch\u00f6n<\/strong> an alle, die dabei waren \u2013 sei es als Besucher oder als Teil unseres Teams vor Ort! Und f\u00fcr alle, die noch mehr \u00fcber das <strong>Fach- und Berufsfachschulzentrum Halle des EBG<\/strong> erfahren m\u00f6chten:<a href=\"https:\/\/www.ebg.de\/tag-der-offenen-tuer-am-fach-und-berufsfachschulzentrum-halle-jetzt-entdecken\/\"> <strong>Wir sehen uns zum Tag der offenen T\u00fcr!<\/strong><\/a><\/p>\n\n\n\n<p>Wir freuen uns auf euch! \ud83d\ude80<\/p>\n","protected":false},"excerpt":{"rendered":"<p>Ihr habt euch die Chance nicht entgehen lassen&#8230;.<\/p>\n","protected":false},"author":22,"featured_media":39121,"comment_status":"closed","ping_status":"closed","sticky":false,"template":"","format":"standard","meta":{"_acf_changed":false,"footnotes":"[]"},"categories":[29],"tags":[95,78,98,80,92,82,97,197],"class_list":["post-38838","post","type-post","status-publish","format-standard","has-post-thumbnail","hentry","category-news-halle-schulen","tag-ausbildung","tag-ebg","tag-ergotherapie","tag-erzieher","tag-halle","tag-heilerziehungspfleger","tag-heilpaedagogik","tag-tag-der-offenen-tuer-halle"],"acf":[],"yoast_head":"<!-- This site is optimized with the Yoast SEO plugin v26.9 - https:\/\/yoast.com\/product\/yoast-seo-wordpress\/ -->\n<title>Chance erneut in Halle ergriffen<\/title>\n<meta name=\"description\" content=\"Das Fach- und Berufsfachschulzentrum Halle des EBG war im Februar Messe auf der &quot;Chance&quot; vertreten.\" \/>\n<meta name=\"robots\" content=\"index, follow, max-snippet:-1, max-image-preview:large, max-video-preview:-1\" \/>\n<link rel=\"canonical\" href=\"https:\/\/www.ebg.de\/chance-erneut-in-halle-ergriffen-2\/\" \/>\n<meta property=\"og:locale\" content=\"en_US\" \/>\n<meta property=\"og:type\" content=\"article\" \/>\n<meta property=\"og:title\" content=\"Chance erneut in Halle ergriffen\" \/>\n<meta property=\"og:description\" content=\"Das Fach- und Berufsfachschulzentrum Halle des EBG war im Februar Messe auf der &quot;Chance&quot; vertreten.\" \/>\n<meta property=\"og:url\" content=\"https:\/\/www.ebg.de\/chance-erneut-in-halle-ergriffen-2\/\" \/>\n<meta property=\"og:site_name\" content=\"Europ\u00e4isches Bildungswerk f\u00fcr Beruf und Gesellschaft\" \/>\n<meta property=\"article:published_time\" content=\"2025-02-24T11:35:37+00:00\" \/>\n<meta property=\"article:modified_time\" content=\"2025-04-16T10:31:32+00:00\" \/>\n<meta property=\"og:image\" content=\"https:\/\/www.ebg.de\/wp-content\/uploads\/2025\/02\/chance-halle.jpg\" \/>\n\t<meta property=\"og:image:width\" content=\"880\" \/>\n\t<meta property=\"og:image:height\" content=\"540\" \/>\n\t<meta property=\"og:image:type\" content=\"image\/jpeg\" \/>\n<meta name=\"author\" content=\"Stephan Deubner\" \/>\n<meta name=\"twitter:card\" content=\"summary_large_image\" \/>\n<meta name=\"twitter:label1\" content=\"Written by\" \/>\n\t<meta name=\"twitter:data1\" content=\"Stephan Deubner\" \/>\n\t<meta name=\"twitter:label2\" content=\"Est. reading time\" \/>\n\t<meta name=\"twitter:data2\" content=\"3 minutes\" \/>\n<!-- \/ Yoast SEO plugin. -->","yoast_head_json":{"title":"Chance erneut in Halle ergriffen","description":"Das Fach- und Berufsfachschulzentrum Halle des EBG war im Februar Messe auf der \"Chance\" vertreten.","robots":{"index":"index","follow":"follow","max-snippet":"max-snippet:-1","max-image-preview":"max-image-preview:large","max-video-preview":"max-video-preview:-1"},"canonical":"https:\/\/www.ebg.de\/chance-erneut-in-halle-ergriffen-2\/","og_locale":"en_US","og_type":"article","og_title":"Chance erneut in Halle ergriffen","og_description":"Das Fach- und Berufsfachschulzentrum Halle des EBG war im Februar Messe auf der \"Chance\" vertreten.","og_url":"https:\/\/www.ebg.de\/chance-erneut-in-halle-ergriffen-2\/","og_site_name":"Europ\u00e4isches Bildungswerk f\u00fcr Beruf und Gesellschaft","article_published_time":"2025-02-24T11:35:37+00:00","article_modified_time":"2025-04-16T10:31:32+00:00","og_image":[{"width":880,"height":540,"url":"https:\/\/www.ebg.de\/wp-content\/uploads\/2025\/02\/chance-halle.jpg","type":"image\/jpeg"}],"author":"Stephan Deubner","twitter_card":"summary_large_image","twitter_misc":{"Written by":"Stephan Deubner","Est. reading time":"3 minutes"},"schema":{"@context":"https:\/\/schema.org","@graph":[{"@type":"Article","@id":"https:\/\/www.ebg.de\/chance-erneut-in-halle-ergriffen-2\/#article","isPartOf":{"@id":"https:\/\/www.ebg.de\/chance-erneut-in-halle-ergriffen-2\/"},"author":{"name":"Stephan Deubner","@id":"https:\/\/www.ebg.de\/#\/schema\/person\/af645ea1741029d9a44ae532ceb268bc"},"headline":"Chance erneut in Halle ergriffen","datePublished":"2025-02-24T11:35:37+00:00","dateModified":"2025-04-16T10:31:32+00:00","mainEntityOfPage":{"@id":"https:\/\/www.ebg.de\/chance-erneut-in-halle-ergriffen-2\/"},"wordCount":208,"image":{"@id":"https:\/\/www.ebg.de\/chance-erneut-in-halle-ergriffen-2\/#primaryimage"},"thumbnailUrl":"https:\/\/www.ebg.de\/wp-content\/uploads\/2025\/02\/chance-halle.jpg","keywords":["Ausbildung","EBG","Ergotherapie","Erzieher","Halle","Heilerziehungspfleger","Heilp\u00e4dagogik","Tag der offenen T\u00fcr Halle"],"articleSection":["News - Halle Schulen"],"inLanguage":"en-US"},{"@type":"WebPage","@id":"https:\/\/www.ebg.de\/chance-erneut-in-halle-ergriffen-2\/","url":"https:\/\/www.ebg.de\/chance-erneut-in-halle-ergriffen-2\/","name":"Chance erneut in Halle ergriffen","isPartOf":{"@id":"https:\/\/www.ebg.de\/#website"},"primaryImageOfPage":{"@id":"https:\/\/www.ebg.de\/chance-erneut-in-halle-ergriffen-2\/#primaryimage"},"image":{"@id":"https:\/\/www.ebg.de\/chance-erneut-in-halle-ergriffen-2\/#primaryimage"},"thumbnailUrl":"https:\/\/www.ebg.de\/wp-content\/uploads\/2025\/02\/chance-halle.jpg","datePublished":"2025-02-24T11:35:37+00:00","dateModified":"2025-04-16T10:31:32+00:00","author":{"@id":"https:\/\/www.ebg.de\/#\/schema\/person\/af645ea1741029d9a44ae532ceb268bc"},"description":"Das Fach- und Berufsfachschulzentrum Halle des EBG war im Februar Messe auf der \"Chance\" vertreten.","breadcrumb":{"@id":"https:\/\/www.ebg.de\/chance-erneut-in-halle-ergriffen-2\/#breadcrumb"},"inLanguage":"en-US","potentialAction":[{"@type":"ReadAction","target":["https:\/\/www.ebg.de\/chance-erneut-in-halle-ergriffen-2\/"]}]},{"@type":"ImageObject","inLanguage":"en-US","@id":"https:\/\/www.ebg.de\/chance-erneut-in-halle-ergriffen-2\/#primaryimage","url":"https:\/\/www.ebg.de\/wp-content\/uploads\/2025\/02\/chance-halle.jpg","contentUrl":"https:\/\/www.ebg.de\/wp-content\/uploads\/2025\/02\/chance-halle.jpg","width":880,"height":540,"caption":"Keyvisual Beitrag: Logo Berufsmesse Chance Halle"},{"@type":"BreadcrumbList","@id":"https:\/\/www.ebg.de\/chance-erneut-in-halle-ergriffen-2\/#breadcrumb","itemListElement":[{"@type":"ListItem","position":1,"name":"Startseite","item":"https:\/\/www.ebg.de\/"},{"@type":"ListItem","position":2,"name":"Chance erneut in Halle ergriffen"}]},{"@type":"WebSite","@id":"https:\/\/www.ebg.de\/#website","url":"https:\/\/www.ebg.de\/","name":"Europ\u00e4isches Bildungswerk f\u00fcr Beruf und Gesellschaft","description":"Bildung, Ausbildung und Weiterbildung","potentialAction":[{"@type":"SearchAction","target":{"@type":"EntryPoint","urlTemplate":"https:\/\/www.ebg.de\/?s={search_term_string}"},"query-input":{"@type":"PropertyValueSpecification","valueRequired":true,"valueName":"search_term_string"}}],"inLanguage":"en-US"},{"@type":"Person","@id":"https:\/\/www.ebg.de\/#\/schema\/person\/af645ea1741029d9a44ae532ceb268bc","name":"Stephan Deubner","image":{"@type":"ImageObject","inLanguage":"en-US","@id":"https:\/\/www.ebg.de\/#\/schema\/person\/image\/","url":"https:\/\/secure.gravatar.com\/avatar\/35731f6a08afa0518c45f153077f6135c0f41aa2ae0b76e850ef9508976a7bbe?s=96&d=mm&r=g","contentUrl":"https:\/\/secure.gravatar.com\/avatar\/35731f6a08afa0518c45f153077f6135c0f41aa2ae0b76e850ef9508976a7bbe?s=96&d=mm&r=g","caption":"Stephan Deubner"},"url":"https:\/\/www.ebg.de\/en\/author\/sdeubner\/"}]}},"_links":{"self":[{"href":"https:\/\/www.ebg.de\/en\/wp-json\/wp\/v2\/posts\/38838","targetHints":{"allow":["GET"]}}],"collection":[{"href":"https:\/\/www.ebg.de\/en\/wp-json\/wp\/v2\/posts"}],"about":[{"href":"https:\/\/www.ebg.de\/en\/wp-json\/wp\/v2\/types\/post"}],"author":[{"embeddable":true,"href":"https:\/\/www.ebg.de\/en\/wp-json\/wp\/v2\/users\/22"}],"replies":[{"embeddable":true,"href":"https:\/\/www.ebg.de\/en\/wp-json\/wp\/v2\/comments?post=38838"}],"version-history":[{"count":1,"href":"https:\/\/www.ebg.de\/en\/wp-json\/wp\/v2\/posts\/38838\/revisions"}],"predecessor-version":[{"id":38839,"href":"https:\/\/www.ebg.de\/en\/wp-json\/wp\/v2\/posts\/38838\/revisions\/38839"}],"wp:featuredmedia":[{"embeddable":true,"href":"https:\/\/www.ebg.de\/en\/wp-json\/wp\/v2\/media\/39121"}],"wp:attachment":[{"href":"https:\/\/www.ebg.de\/en\/wp-json\/wp\/v2\/media?parent=38838"}],"wp:term":[{"taxonomy":"category","embeddable":true,"href":"https:\/\/www.ebg.de\/en\/wp-json\/wp\/v2\/categories?post=38838"},{"taxonomy":"post_tag","embeddable":true,"href":"https:\/\/www.ebg.de\/en\/wp-json\/wp\/v2\/tags?post=38838"}],"curies":[{"name":"wp","href":"https:\/\/api.w.org\/{rel}","templated":true}]}}