{"id":38802,"date":"2025-02-24T09:26:09","date_gmt":"2025-02-24T08:26:09","guid":{"rendered":"https:\/\/www.ebg.de\/?p=38802"},"modified":"2025-02-24T10:34:55","modified_gmt":"2025-02-24T09:34:55","slug":"interviews-mit-bewerbern-aus-marokko-fuer-pflegeausbildung-in-deutschland-durchgefuehrt","status":"publish","type":"post","link":"https:\/\/www.ebg.de\/en\/interviews-mit-bewerbern-aus-marokko-fuer-pflegeausbildung-in-deutschland-durchgefuehrt\/","title":{"rendered":"Interviews mit Bewerbern aus Marokko f\u00fcr Pflegeausbildung in Deutschland durchgef\u00fchrt"},"content":{"rendered":"\n<p>In Zusammenarbeit mit dem Unternehmen Avicina hat <a href=\"mailto: s.karbe@ebg.de\">Frau Karbe<\/a> (Leiterin der Stabstelle des internationalen Bereiches des EBG) am 12. und 13. Februar 2025 Gespr\u00e4che mit Bewerbern f\u00fcr eine Ausbildung zur Pflegefachkraft in Rabat und Kenitra durchgef\u00fchrt. 23 motivierte Sch\u00fclerinnen und Sch\u00fcler konnten in das Vorbereitungsprogramm aufgenommen werden.<\/p>\n\n\n\n<figure class=\"wp-block-gallery has-nested-images columns-default is-cropped wp-block-gallery-1 is-layout-flex wp-block-gallery-is-layout-flex\">\n<figure class=\"wp-block-image size-large\"><img loading=\"lazy\" decoding=\"async\" width=\"1024\" height=\"768\" data-id=\"38807\" src=\"https:\/\/www.ebg.de\/wp-content\/uploads\/2025\/02\/IMG-20250213-WA0000-1024x768.jpg\" alt=\"\" class=\"wp-image-38807\" srcset=\"https:\/\/www.ebg.de\/wp-content\/uploads\/2025\/02\/IMG-20250213-WA0000-1024x768.jpg 1024w, https:\/\/www.ebg.de\/wp-content\/uploads\/2025\/02\/IMG-20250213-WA0000-300x225.jpg 300w, https:\/\/www.ebg.de\/wp-content\/uploads\/2025\/02\/IMG-20250213-WA0000-768x576.jpg 768w, https:\/\/www.ebg.de\/wp-content\/uploads\/2025\/02\/IMG-20250213-WA0000-1536x1152.jpg 1536w, https:\/\/www.ebg.de\/wp-content\/uploads\/2025\/02\/IMG-20250213-WA0000-900x675.jpg 900w, https:\/\/www.ebg.de\/wp-content\/uploads\/2025\/02\/IMG-20250213-WA0000-1200x900.jpg 1200w, https:\/\/www.ebg.de\/wp-content\/uploads\/2025\/02\/IMG-20250213-WA0000.jpg 1600w\" sizes=\"auto, (max-width: 1024px) 100vw, 1024px\" \/><\/figure>\n<\/figure>\n\n\n\n<p>Sie bereiten sich aktuell sprachlich und inhaltlich auf die Ausbildung zur Pflegefachkraft ab 1. August 2025 in Deutschland vor.<\/p>\n\n\n\n<p>Dies ist bereits der 2. Jahrgang, der im Rahmen der Kooperation des EBG mit Avicina in Marokko auf die Ausbildung zur Pflegefachkraft vorbereitet wird. Der erste Jahrgang wird am 1. M\u00e4rz 2025 in die <a href=\"https:\/\/www.ebg.de\/ausbildung\/pflegefachkraft-magdeburg-schulen\/\">Ausbildung in Magdeburg<\/a> starten.<\/p>\n\n\n\n<p><\/p>\n\n\n\n<p><\/p>\n\n\n\n<p><\/p>\n\n\n\n<p><\/p>\n\n\n\n<p><\/p>\n","protected":false},"excerpt":{"rendered":"<p>Das EBG hat am 12. und 13. Februar 2025 Gespr\u00e4che mit Bewerbern f\u00fcr eine Ausbildung zur Pflegefachkraft in Rabat und Kenitra durchgef\u00fchrt<\/p>\n","protected":false},"author":22,"featured_media":38805,"comment_status":"closed","ping_status":"closed","sticky":false,"template":"","format":"standard","meta":{"_acf_changed":false,"footnotes":""},"categories":[22],"tags":[],"class_list":["post-38802","post","type-post","status-publish","format-standard","has-post-thumbnail","hentry","category-news-gf"],"acf":[],"yoast_head":"<!-- This site is optimized with the Yoast SEO plugin v26.9 - https:\/\/yoast.com\/product\/yoast-seo-wordpress\/ -->\n<title>Interviews mit Bewerbern aus Marokko f\u00fcr Pflegeausbildung in Deutschland durchgef\u00fchrt - Europ\u00e4isches Bildungswerk f\u00fcr Beruf und Gesellschaft<\/title>\n<meta name=\"robots\" content=\"index, follow, max-snippet:-1, max-image-preview:large, max-video-preview:-1\" \/>\n<link rel=\"canonical\" href=\"https:\/\/www.ebg.de\/interviews-mit-bewerbern-aus-marokko-fuer-pflegeausbildung-in-deutschland-durchgefuehrt\/\" \/>\n<meta property=\"og:locale\" content=\"en_US\" \/>\n<meta property=\"og:type\" content=\"article\" \/>\n<meta property=\"og:title\" content=\"Interviews mit Bewerbern aus Marokko f\u00fcr Pflegeausbildung in Deutschland durchgef\u00fchrt - Europ\u00e4isches Bildungswerk f\u00fcr Beruf und Gesellschaft\" \/>\n<meta property=\"og:description\" content=\"Das EBG hat am 12. und 13. Februar 2025 Gespr\u00e4che mit Bewerbern f\u00fcr eine Ausbildung zur Pflegefachkraft in Rabat und Kenitra durchgef\u00fchrt\" \/>\n<meta property=\"og:url\" content=\"https:\/\/www.ebg.de\/interviews-mit-bewerbern-aus-marokko-fuer-pflegeausbildung-in-deutschland-durchgefuehrt\/\" \/>\n<meta property=\"og:site_name\" content=\"Europ\u00e4isches Bildungswerk f\u00fcr Beruf und Gesellschaft\" \/>\n<meta property=\"article:published_time\" content=\"2025-02-24T08:26:09+00:00\" \/>\n<meta property=\"article:modified_time\" content=\"2025-02-24T09:34:55+00:00\" \/>\n<meta property=\"og:image\" content=\"https:\/\/www.ebg.de\/wp-content\/uploads\/2025\/02\/Marokko1-1.jpg\" \/>\n\t<meta property=\"og:image:width\" content=\"1192\" \/>\n\t<meta property=\"og:image:height\" content=\"654\" \/>\n\t<meta property=\"og:image:type\" content=\"image\/jpeg\" \/>\n<meta name=\"author\" content=\"Stephan Deubner\" \/>\n<meta name=\"twitter:card\" content=\"summary_large_image\" \/>\n<meta name=\"twitter:label1\" content=\"Written by\" \/>\n\t<meta name=\"twitter:data1\" content=\"Stephan Deubner\" \/>\n\t<meta name=\"twitter:label2\" content=\"Est. reading time\" \/>\n\t<meta name=\"twitter:data2\" content=\"1 minute\" \/>\n<!-- \/ Yoast SEO plugin. -->","yoast_head_json":{"title":"Interviews mit Bewerbern aus Marokko f\u00fcr Pflegeausbildung in Deutschland durchgef\u00fchrt - Europ\u00e4isches Bildungswerk f\u00fcr Beruf und Gesellschaft","robots":{"index":"index","follow":"follow","max-snippet":"max-snippet:-1","max-image-preview":"max-image-preview:large","max-video-preview":"max-video-preview:-1"},"canonical":"https:\/\/www.ebg.de\/interviews-mit-bewerbern-aus-marokko-fuer-pflegeausbildung-in-deutschland-durchgefuehrt\/","og_locale":"en_US","og_type":"article","og_title":"Interviews mit Bewerbern aus Marokko f\u00fcr Pflegeausbildung in Deutschland durchgef\u00fchrt - Europ\u00e4isches Bildungswerk f\u00fcr Beruf und Gesellschaft","og_description":"Das EBG hat am 12. und 13. Februar 2025 Gespr\u00e4che mit Bewerbern f\u00fcr eine Ausbildung zur Pflegefachkraft in Rabat und Kenitra durchgef\u00fchrt","og_url":"https:\/\/www.ebg.de\/interviews-mit-bewerbern-aus-marokko-fuer-pflegeausbildung-in-deutschland-durchgefuehrt\/","og_site_name":"Europ\u00e4isches Bildungswerk f\u00fcr Beruf und Gesellschaft","article_published_time":"2025-02-24T08:26:09+00:00","article_modified_time":"2025-02-24T09:34:55+00:00","og_image":[{"width":1192,"height":654,"url":"https:\/\/www.ebg.de\/wp-content\/uploads\/2025\/02\/Marokko1-1.jpg","type":"image\/jpeg"}],"author":"Stephan Deubner","twitter_card":"summary_large_image","twitter_misc":{"Written by":"Stephan Deubner","Est. reading time":"1 minute"},"schema":{"@context":"https:\/\/schema.org","@graph":[{"@type":"Article","@id":"https:\/\/www.ebg.de\/interviews-mit-bewerbern-aus-marokko-fuer-pflegeausbildung-in-deutschland-durchgefuehrt\/#article","isPartOf":{"@id":"https:\/\/www.ebg.de\/interviews-mit-bewerbern-aus-marokko-fuer-pflegeausbildung-in-deutschland-durchgefuehrt\/"},"author":{"name":"Stephan Deubner","@id":"https:\/\/www.ebg.de\/#\/schema\/person\/af645ea1741029d9a44ae532ceb268bc"},"headline":"Interviews mit Bewerbern aus Marokko f\u00fcr Pflegeausbildung in Deutschland durchgef\u00fchrt","datePublished":"2025-02-24T08:26:09+00:00","dateModified":"2025-02-24T09:34:55+00:00","mainEntityOfPage":{"@id":"https:\/\/www.ebg.de\/interviews-mit-bewerbern-aus-marokko-fuer-pflegeausbildung-in-deutschland-durchgefuehrt\/"},"wordCount":113,"image":{"@id":"https:\/\/www.ebg.de\/interviews-mit-bewerbern-aus-marokko-fuer-pflegeausbildung-in-deutschland-durchgefuehrt\/#primaryimage"},"thumbnailUrl":"https:\/\/www.ebg.de\/wp-content\/uploads\/2025\/02\/Marokko1-1.jpg","articleSection":["News-GF"],"inLanguage":"en-US"},{"@type":"WebPage","@id":"https:\/\/www.ebg.de\/interviews-mit-bewerbern-aus-marokko-fuer-pflegeausbildung-in-deutschland-durchgefuehrt\/","url":"https:\/\/www.ebg.de\/interviews-mit-bewerbern-aus-marokko-fuer-pflegeausbildung-in-deutschland-durchgefuehrt\/","name":"Interviews mit Bewerbern aus Marokko f\u00fcr Pflegeausbildung in Deutschland durchgef\u00fchrt - Europ\u00e4isches Bildungswerk f\u00fcr Beruf und Gesellschaft","isPartOf":{"@id":"https:\/\/www.ebg.de\/#website"},"primaryImageOfPage":{"@id":"https:\/\/www.ebg.de\/interviews-mit-bewerbern-aus-marokko-fuer-pflegeausbildung-in-deutschland-durchgefuehrt\/#primaryimage"},"image":{"@id":"https:\/\/www.ebg.de\/interviews-mit-bewerbern-aus-marokko-fuer-pflegeausbildung-in-deutschland-durchgefuehrt\/#primaryimage"},"thumbnailUrl":"https:\/\/www.ebg.de\/wp-content\/uploads\/2025\/02\/Marokko1-1.jpg","datePublished":"2025-02-24T08:26:09+00:00","dateModified":"2025-02-24T09:34:55+00:00","author":{"@id":"https:\/\/www.ebg.de\/#\/schema\/person\/af645ea1741029d9a44ae532ceb268bc"},"breadcrumb":{"@id":"https:\/\/www.ebg.de\/interviews-mit-bewerbern-aus-marokko-fuer-pflegeausbildung-in-deutschland-durchgefuehrt\/#breadcrumb"},"inLanguage":"en-US","potentialAction":[{"@type":"ReadAction","target":["https:\/\/www.ebg.de\/interviews-mit-bewerbern-aus-marokko-fuer-pflegeausbildung-in-deutschland-durchgefuehrt\/"]}]},{"@type":"ImageObject","inLanguage":"en-US","@id":"https:\/\/www.ebg.de\/interviews-mit-bewerbern-aus-marokko-fuer-pflegeausbildung-in-deutschland-durchgefuehrt\/#primaryimage","url":"https:\/\/www.ebg.de\/wp-content\/uploads\/2025\/02\/Marokko1-1.jpg","contentUrl":"https:\/\/www.ebg.de\/wp-content\/uploads\/2025\/02\/Marokko1-1.jpg","width":1192,"height":654},{"@type":"BreadcrumbList","@id":"https:\/\/www.ebg.de\/interviews-mit-bewerbern-aus-marokko-fuer-pflegeausbildung-in-deutschland-durchgefuehrt\/#breadcrumb","itemListElement":[{"@type":"ListItem","position":1,"name":"Startseite","item":"https:\/\/www.ebg.de\/"},{"@type":"ListItem","position":2,"name":"Interviews mit Bewerbern aus Marokko f\u00fcr Pflegeausbildung in Deutschland durchgef\u00fchrt"}]},{"@type":"WebSite","@id":"https:\/\/www.ebg.de\/#website","url":"https:\/\/www.ebg.de\/","name":"Europ\u00e4isches Bildungswerk f\u00fcr Beruf und Gesellschaft","description":"Bildung, Ausbildung und Weiterbildung","potentialAction":[{"@type":"SearchAction","target":{"@type":"EntryPoint","urlTemplate":"https:\/\/www.ebg.de\/?s={search_term_string}"},"query-input":{"@type":"PropertyValueSpecification","valueRequired":true,"valueName":"search_term_string"}}],"inLanguage":"en-US"},{"@type":"Person","@id":"https:\/\/www.ebg.de\/#\/schema\/person\/af645ea1741029d9a44ae532ceb268bc","name":"Stephan Deubner","image":{"@type":"ImageObject","inLanguage":"en-US","@id":"https:\/\/www.ebg.de\/#\/schema\/person\/image\/","url":"https:\/\/secure.gravatar.com\/avatar\/35731f6a08afa0518c45f153077f6135c0f41aa2ae0b76e850ef9508976a7bbe?s=96&d=mm&r=g","contentUrl":"https:\/\/secure.gravatar.com\/avatar\/35731f6a08afa0518c45f153077f6135c0f41aa2ae0b76e850ef9508976a7bbe?s=96&d=mm&r=g","caption":"Stephan Deubner"},"url":"https:\/\/www.ebg.de\/en\/author\/sdeubner\/"}]}},"_links":{"self":[{"href":"https:\/\/www.ebg.de\/en\/wp-json\/wp\/v2\/posts\/38802","targetHints":{"allow":["GET"]}}],"collection":[{"href":"https:\/\/www.ebg.de\/en\/wp-json\/wp\/v2\/posts"}],"about":[{"href":"https:\/\/www.ebg.de\/en\/wp-json\/wp\/v2\/types\/post"}],"author":[{"embeddable":true,"href":"https:\/\/www.ebg.de\/en\/wp-json\/wp\/v2\/users\/22"}],"replies":[{"embeddable":true,"href":"https:\/\/www.ebg.de\/en\/wp-json\/wp\/v2\/comments?post=38802"}],"version-history":[{"count":4,"href":"https:\/\/www.ebg.de\/en\/wp-json\/wp\/v2\/posts\/38802\/revisions"}],"predecessor-version":[{"id":38834,"href":"https:\/\/www.ebg.de\/en\/wp-json\/wp\/v2\/posts\/38802\/revisions\/38834"}],"wp:featuredmedia":[{"embeddable":true,"href":"https:\/\/www.ebg.de\/en\/wp-json\/wp\/v2\/media\/38805"}],"wp:attachment":[{"href":"https:\/\/www.ebg.de\/en\/wp-json\/wp\/v2\/media?parent=38802"}],"wp:term":[{"taxonomy":"category","embeddable":true,"href":"https:\/\/www.ebg.de\/en\/wp-json\/wp\/v2\/categories?post=38802"},{"taxonomy":"post_tag","embeddable":true,"href":"https:\/\/www.ebg.de\/en\/wp-json\/wp\/v2\/tags?post=38802"}],"curies":[{"name":"wp","href":"https:\/\/api.w.org\/{rel}","templated":true}]}}