{"id":38631,"date":"2025-01-29T11:01:36","date_gmt":"2025-01-29T10:01:36","guid":{"rendered":"https:\/\/www.ebg.de\/?p=38631"},"modified":"2025-04-16T12:43:36","modified_gmt":"2025-04-16T10:43:36","slug":"weihnachtswichtel-fuer-benachteiligte-kinder","status":"publish","type":"post","link":"https:\/\/www.ebg.de\/en\/weihnachtswichtel-fuer-benachteiligte-kinder\/","title":{"rendered":"Weihnachtswichtel f\u00fcr benachteiligte Kinder"},"content":{"rendered":"\n<p>\u201eKindern eine Freude machen\u201c stand f\u00fcr Weihnachten 2024 bei den Mitarbeiterinnen und Mitarbeitern des Fach- und Berufsfachschulzentrums Magdeburg auf der Wunschliste.<\/p>\n\n\n\n<p>Das Rehazentrum Winzerling erf\u00fcllt jedes Jahr benachteiligten Kindern bzw. Heimkindern zu Weihnachten W\u00fcnsche. Dazu haben wir kleinere und gr\u00f6\u00dfere Geschenke beigetragen.<\/p>\n\n\n\n<p>Eine Aktion, die auf jeden Fall an der richtigen Stelle angekommen ist. Deshalb sind wir auch im n\u00e4chsten Jahr gerne wieder mit dabei!<\/p>\n\n\n\n<p><\/p>\n\n\n\n<p><\/p>\n\n\n\n<p><\/p>\n\n\n\n<p><\/p>\n\n\n\n<p><\/p>\n","protected":false},"excerpt":{"rendered":"<p>\u201eKindern eine Freude machen\u201c in Kooperation mit dem Rehazentrum Winzerling<\/p>\n","protected":false},"author":8,"featured_media":38626,"comment_status":"closed","ping_status":"closed","sticky":false,"template":"","format":"standard","meta":{"_acf_changed":false,"footnotes":""},"categories":[19],"tags":[],"class_list":["post-38631","post","type-post","status-publish","format-standard","has-post-thumbnail","hentry","category-news-magdeburg-schulen"],"acf":[],"yoast_head":"<!-- This site is optimized with the Yoast SEO plugin v26.9 - https:\/\/yoast.com\/product\/yoast-seo-wordpress\/ -->\n<title>Weihnachtswichtel f\u00fcr benachteiligte Kinder - Europ\u00e4isches Bildungswerk f\u00fcr Beruf und Gesellschaft<\/title>\n<meta name=\"description\" content=\"Das Rehazentrum Winzerling erf\u00fcllt jedes Jahr benachteiligten Kindern bzw. Heimkindern zu Weihnachten W\u00fcnsche. Dazu haben wir kleinere und gr\u00f6\u00dfere Geschenke beigetragen.\" \/>\n<meta name=\"robots\" content=\"index, follow, max-snippet:-1, max-image-preview:large, max-video-preview:-1\" \/>\n<link rel=\"canonical\" href=\"https:\/\/www.ebg.de\/weihnachtswichtel-fuer-benachteiligte-kinder\/\" \/>\n<meta property=\"og:locale\" content=\"en_US\" \/>\n<meta property=\"og:type\" content=\"article\" \/>\n<meta property=\"og:title\" content=\"Weihnachtswichtel f\u00fcr benachteiligte Kinder - Europ\u00e4isches Bildungswerk f\u00fcr Beruf und Gesellschaft\" \/>\n<meta property=\"og:description\" content=\"Das Rehazentrum Winzerling erf\u00fcllt jedes Jahr benachteiligten Kindern bzw. Heimkindern zu Weihnachten W\u00fcnsche. Dazu haben wir kleinere und gr\u00f6\u00dfere Geschenke beigetragen.\" \/>\n<meta property=\"og:url\" content=\"https:\/\/www.ebg.de\/weihnachtswichtel-fuer-benachteiligte-kinder\/\" \/>\n<meta property=\"og:site_name\" content=\"Europ\u00e4isches Bildungswerk f\u00fcr Beruf und Gesellschaft\" \/>\n<meta property=\"article:published_time\" content=\"2025-01-29T10:01:36+00:00\" \/>\n<meta property=\"article:modified_time\" content=\"2025-04-16T10:43:36+00:00\" \/>\n<meta property=\"og:image\" content=\"https:\/\/www.ebg.de\/wp-content\/uploads\/2025\/01\/fach-berufsfachschulzentrum-magdeburg-weihnachtsgeschenke-kinderheim.jpg\" \/>\n\t<meta property=\"og:image:width\" content=\"860\" \/>\n\t<meta property=\"og:image:height\" content=\"540\" \/>\n\t<meta property=\"og:image:type\" content=\"image\/jpeg\" \/>\n<meta name=\"author\" content=\"Christiane Selbig\" \/>\n<meta name=\"twitter:card\" content=\"summary_large_image\" \/>\n<meta name=\"twitter:label1\" content=\"Written by\" \/>\n\t<meta name=\"twitter:data1\" content=\"Christiane Selbig\" \/>\n\t<meta name=\"twitter:label2\" content=\"Est. reading time\" \/>\n\t<meta name=\"twitter:data2\" content=\"1 minute\" \/>\n<!-- \/ Yoast SEO plugin. -->","yoast_head_json":{"title":"Weihnachtswichtel f\u00fcr benachteiligte Kinder - Europ\u00e4isches Bildungswerk f\u00fcr Beruf und Gesellschaft","description":"Das Rehazentrum Winzerling erf\u00fcllt jedes Jahr benachteiligten Kindern bzw. Heimkindern zu Weihnachten W\u00fcnsche. Dazu haben wir kleinere und gr\u00f6\u00dfere Geschenke beigetragen.","robots":{"index":"index","follow":"follow","max-snippet":"max-snippet:-1","max-image-preview":"max-image-preview:large","max-video-preview":"max-video-preview:-1"},"canonical":"https:\/\/www.ebg.de\/weihnachtswichtel-fuer-benachteiligte-kinder\/","og_locale":"en_US","og_type":"article","og_title":"Weihnachtswichtel f\u00fcr benachteiligte Kinder - Europ\u00e4isches Bildungswerk f\u00fcr Beruf und Gesellschaft","og_description":"Das Rehazentrum Winzerling erf\u00fcllt jedes Jahr benachteiligten Kindern bzw. Heimkindern zu Weihnachten W\u00fcnsche. Dazu haben wir kleinere und gr\u00f6\u00dfere Geschenke beigetragen.","og_url":"https:\/\/www.ebg.de\/weihnachtswichtel-fuer-benachteiligte-kinder\/","og_site_name":"Europ\u00e4isches Bildungswerk f\u00fcr Beruf und Gesellschaft","article_published_time":"2025-01-29T10:01:36+00:00","article_modified_time":"2025-04-16T10:43:36+00:00","og_image":[{"width":860,"height":540,"url":"https:\/\/www.ebg.de\/wp-content\/uploads\/2025\/01\/fach-berufsfachschulzentrum-magdeburg-weihnachtsgeschenke-kinderheim.jpg","type":"image\/jpeg"}],"author":"Christiane Selbig","twitter_card":"summary_large_image","twitter_misc":{"Written by":"Christiane Selbig","Est. reading time":"1 minute"},"schema":{"@context":"https:\/\/schema.org","@graph":[{"@type":"Article","@id":"https:\/\/www.ebg.de\/weihnachtswichtel-fuer-benachteiligte-kinder\/#article","isPartOf":{"@id":"https:\/\/www.ebg.de\/weihnachtswichtel-fuer-benachteiligte-kinder\/"},"author":{"name":"Christiane Selbig","@id":"https:\/\/www.ebg.de\/#\/schema\/person\/841de16928f485ad75bab4e688fe3436"},"headline":"Weihnachtswichtel f\u00fcr benachteiligte Kinder","datePublished":"2025-01-29T10:01:36+00:00","dateModified":"2025-04-16T10:43:36+00:00","mainEntityOfPage":{"@id":"https:\/\/www.ebg.de\/weihnachtswichtel-fuer-benachteiligte-kinder\/"},"wordCount":74,"image":{"@id":"https:\/\/www.ebg.de\/weihnachtswichtel-fuer-benachteiligte-kinder\/#primaryimage"},"thumbnailUrl":"https:\/\/www.ebg.de\/wp-content\/uploads\/2025\/01\/fach-berufsfachschulzentrum-magdeburg-weihnachtsgeschenke-kinderheim.jpg","articleSection":["News - Magdeburg Schulen"],"inLanguage":"en-US"},{"@type":"WebPage","@id":"https:\/\/www.ebg.de\/weihnachtswichtel-fuer-benachteiligte-kinder\/","url":"https:\/\/www.ebg.de\/weihnachtswichtel-fuer-benachteiligte-kinder\/","name":"Weihnachtswichtel f\u00fcr benachteiligte Kinder - Europ\u00e4isches Bildungswerk f\u00fcr Beruf und Gesellschaft","isPartOf":{"@id":"https:\/\/www.ebg.de\/#website"},"primaryImageOfPage":{"@id":"https:\/\/www.ebg.de\/weihnachtswichtel-fuer-benachteiligte-kinder\/#primaryimage"},"image":{"@id":"https:\/\/www.ebg.de\/weihnachtswichtel-fuer-benachteiligte-kinder\/#primaryimage"},"thumbnailUrl":"https:\/\/www.ebg.de\/wp-content\/uploads\/2025\/01\/fach-berufsfachschulzentrum-magdeburg-weihnachtsgeschenke-kinderheim.jpg","datePublished":"2025-01-29T10:01:36+00:00","dateModified":"2025-04-16T10:43:36+00:00","author":{"@id":"https:\/\/www.ebg.de\/#\/schema\/person\/841de16928f485ad75bab4e688fe3436"},"description":"Das Rehazentrum Winzerling erf\u00fcllt jedes Jahr benachteiligten Kindern bzw. Heimkindern zu Weihnachten W\u00fcnsche. Dazu haben wir kleinere und gr\u00f6\u00dfere Geschenke beigetragen.","breadcrumb":{"@id":"https:\/\/www.ebg.de\/weihnachtswichtel-fuer-benachteiligte-kinder\/#breadcrumb"},"inLanguage":"en-US","potentialAction":[{"@type":"ReadAction","target":["https:\/\/www.ebg.de\/weihnachtswichtel-fuer-benachteiligte-kinder\/"]}]},{"@type":"ImageObject","inLanguage":"en-US","@id":"https:\/\/www.ebg.de\/weihnachtswichtel-fuer-benachteiligte-kinder\/#primaryimage","url":"https:\/\/www.ebg.de\/wp-content\/uploads\/2025\/01\/fach-berufsfachschulzentrum-magdeburg-weihnachtsgeschenke-kinderheim.jpg","contentUrl":"https:\/\/www.ebg.de\/wp-content\/uploads\/2025\/01\/fach-berufsfachschulzentrum-magdeburg-weihnachtsgeschenke-kinderheim.jpg","width":860,"height":540,"caption":"Keyvisual Weihnachtsgeschenke f\u00fcr benachteiligte Kinder und Heimkinder"},{"@type":"BreadcrumbList","@id":"https:\/\/www.ebg.de\/weihnachtswichtel-fuer-benachteiligte-kinder\/#breadcrumb","itemListElement":[{"@type":"ListItem","position":1,"name":"Startseite","item":"https:\/\/www.ebg.de\/"},{"@type":"ListItem","position":2,"name":"Weihnachtswichtel f\u00fcr benachteiligte Kinder"}]},{"@type":"WebSite","@id":"https:\/\/www.ebg.de\/#website","url":"https:\/\/www.ebg.de\/","name":"Europ\u00e4isches Bildungswerk f\u00fcr Beruf und Gesellschaft","description":"Bildung, Ausbildung und Weiterbildung","potentialAction":[{"@type":"SearchAction","target":{"@type":"EntryPoint","urlTemplate":"https:\/\/www.ebg.de\/?s={search_term_string}"},"query-input":{"@type":"PropertyValueSpecification","valueRequired":true,"valueName":"search_term_string"}}],"inLanguage":"en-US"},{"@type":"Person","@id":"https:\/\/www.ebg.de\/#\/schema\/person\/841de16928f485ad75bab4e688fe3436","name":"Christiane Selbig","image":{"@type":"ImageObject","inLanguage":"en-US","@id":"https:\/\/www.ebg.de\/#\/schema\/person\/image\/","url":"https:\/\/secure.gravatar.com\/avatar\/2cc1d2ea88bd46e448d57ac18ac9f028486b7c08a90951b9d99326eeec001739?s=96&d=mm&r=g","contentUrl":"https:\/\/secure.gravatar.com\/avatar\/2cc1d2ea88bd46e448d57ac18ac9f028486b7c08a90951b9d99326eeec001739?s=96&d=mm&r=g","caption":"Christiane Selbig"},"url":"https:\/\/www.ebg.de\/en\/author\/cselbig\/"}]}},"_links":{"self":[{"href":"https:\/\/www.ebg.de\/en\/wp-json\/wp\/v2\/posts\/38631","targetHints":{"allow":["GET"]}}],"collection":[{"href":"https:\/\/www.ebg.de\/en\/wp-json\/wp\/v2\/posts"}],"about":[{"href":"https:\/\/www.ebg.de\/en\/wp-json\/wp\/v2\/types\/post"}],"author":[{"embeddable":true,"href":"https:\/\/www.ebg.de\/en\/wp-json\/wp\/v2\/users\/8"}],"replies":[{"embeddable":true,"href":"https:\/\/www.ebg.de\/en\/wp-json\/wp\/v2\/comments?post=38631"}],"version-history":[{"count":2,"href":"https:\/\/www.ebg.de\/en\/wp-json\/wp\/v2\/posts\/38631\/revisions"}],"predecessor-version":[{"id":38633,"href":"https:\/\/www.ebg.de\/en\/wp-json\/wp\/v2\/posts\/38631\/revisions\/38633"}],"wp:featuredmedia":[{"embeddable":true,"href":"https:\/\/www.ebg.de\/en\/wp-json\/wp\/v2\/media\/38626"}],"wp:attachment":[{"href":"https:\/\/www.ebg.de\/en\/wp-json\/wp\/v2\/media?parent=38631"}],"wp:term":[{"taxonomy":"category","embeddable":true,"href":"https:\/\/www.ebg.de\/en\/wp-json\/wp\/v2\/categories?post=38631"},{"taxonomy":"post_tag","embeddable":true,"href":"https:\/\/www.ebg.de\/en\/wp-json\/wp\/v2\/tags?post=38631"}],"curies":[{"name":"wp","href":"https:\/\/api.w.org\/{rel}","templated":true}]}}