{"id":38328,"date":"2024-11-15T14:41:33","date_gmt":"2024-11-15T13:41:33","guid":{"rendered":"https:\/\/www.ebg.de\/?p=38328"},"modified":"2025-03-20T13:52:38","modified_gmt":"2025-03-20T12:52:38","slug":"frauenwoche-halberstadt-06-11-24","status":"publish","type":"post","link":"https:\/\/www.ebg.de\/en\/frauenwoche-halberstadt-06-11-24\/","title":{"rendered":"Frauenwoche Halberstadt 06.11.24"},"content":{"rendered":"\n<p>Sch\u00fcler und Sch\u00fclerinnen unserer Fachschule haben am<strong> 06.11.24<\/strong> wieder an der Frauenwoche in Halberstadt teilgenommen. Im letzten Jahr gestalteten sie die R\u00e4ume der Fachschule zum Thema<strong> &#8220;Gestalterinnen der P\u00e4dagogik&#8221; <\/strong>. Pers\u00f6nlichkeiten wie <strong>Helene Lange, Maria Montessori und Emmi Pickle<\/strong>r wurden Zentrum des p\u00e4dagogischen Auftrages.<\/p>\n\n\n\n<p><\/p>\n\n\n\n<p>Das Motto- so lautete das Motto in diesem Jahr. Die Sch\u00fcler und Sch\u00fclerinnen wagten einen kritischen Blick auf gesellschaftliche Rahmenbedingungen in Bezug auf das heutige Leben einer Frau. Dies boten sie mit einer methodischen Vielfalt und einer gro\u00dfen Sichtbarkeit auf dem Fischmarkt in Halberstadt dar. Passanten und Verantwortliche der Frauenwoche kamen mit den Sch\u00fclern und Sch\u00fclerinnen ins Gespr\u00e4ch zu verschiedenen Themen wie : <strong>Kostenfaktor Hygiene und Verh\u00fctungsmittel,Elternzeit, Geh\u00e4lterunterschiede(international,national, in den Berufsfeldern Erzieher und im Bereich Fussballsport wurden statistisch ermittelt und auf Holzs\u00e4ulen anschaulich pr\u00e4sentiert,  Kosten und \u00d6ffnungszeiten von Kinderbetreuungseinrichtungen kritisch betrachtet, die Tabuisierung der Menstruation gefordert, das Recht der Abtreibung thematisiert , Klischees und Rollenbilder unter die Lupe genommen und die Themen Gewalt gegen Frauen und Selbstverteidigung fanden Beachtung und wurden zum Gegenstand von tiefgreifenden und anregenden Diskussionen. <\/strong>Die Forderung nach einem Unterrichtsfach &#8220;Selbstverteidigung&#8221;, Pr\u00e4vention ungewollter Schwangerschaften sowie ein immer wieder verst\u00e4rktes Einsetzen f\u00fcr die Gleichheit der Geschlechter im gesellschaftlichen Kontext waren Fazit der Gespr\u00e4chsrunden. Wir werden auch in n\u00e4chstem Jahr einen Beitrag leisten, um die Frauenwoche in Halberstadt weiter zu etablieren und zu bereichern.<\/p>\n\n\n\n<p><\/p>\n\n\n\n<p><\/p>\n\n\n\n<p><\/p>\n\n\n\n<p><\/p>\n","protected":false},"excerpt":{"rendered":"<p>Das Motto in diesem Jahr lautete \u201eFrauen \u2013 thematisiert\u201c. <\/p>\n","protected":false},"author":19,"featured_media":38971,"comment_status":"closed","ping_status":"closed","sticky":false,"template":"","format":"standard","meta":{"_acf_changed":false,"footnotes":""},"categories":[28],"tags":[],"class_list":["post-38328","post","type-post","status-publish","format-standard","has-post-thumbnail","hentry","category-news-halberstadt-schulen"],"acf":[],"yoast_head":"<!-- This site is optimized with the Yoast SEO plugin v26.9 - https:\/\/yoast.com\/product\/yoast-seo-wordpress\/ -->\n<title>Frauenwoche Halberstadt 06.11.24 - Europ\u00e4isches Bildungswerk f\u00fcr Beruf und Gesellschaft<\/title>\n<meta name=\"robots\" content=\"index, follow, max-snippet:-1, max-image-preview:large, max-video-preview:-1\" \/>\n<link rel=\"canonical\" href=\"https:\/\/www.ebg.de\/frauenwoche-halberstadt-06-11-24\/\" \/>\n<meta property=\"og:locale\" content=\"en_US\" \/>\n<meta property=\"og:type\" content=\"article\" \/>\n<meta property=\"og:title\" content=\"Frauenwoche Halberstadt 06.11.24 - Europ\u00e4isches Bildungswerk f\u00fcr Beruf und Gesellschaft\" \/>\n<meta property=\"og:description\" content=\"Das Motto in diesem Jahr lautete \u201eFrauen \u2013 thematisiert\u201c.\" \/>\n<meta property=\"og:url\" content=\"https:\/\/www.ebg.de\/frauenwoche-halberstadt-06-11-24\/\" \/>\n<meta property=\"og:site_name\" content=\"Europ\u00e4isches Bildungswerk f\u00fcr Beruf und Gesellschaft\" \/>\n<meta property=\"article:published_time\" content=\"2024-11-15T13:41:33+00:00\" \/>\n<meta property=\"article:modified_time\" content=\"2025-03-20T12:52:38+00:00\" \/>\n<meta property=\"og:image\" content=\"https:\/\/www.ebg.de\/wp-content\/uploads\/2025\/03\/frauenwoche-1.jpg\" \/>\n\t<meta property=\"og:image:width\" content=\"750\" \/>\n\t<meta property=\"og:image:height\" content=\"472\" \/>\n\t<meta property=\"og:image:type\" content=\"image\/jpeg\" \/>\n<meta name=\"author\" content=\"Nicole Jebauer\" \/>\n<meta name=\"twitter:card\" content=\"summary_large_image\" \/>\n<meta name=\"twitter:label1\" content=\"Written by\" \/>\n\t<meta name=\"twitter:data1\" content=\"Nicole Jebauer\" \/>\n\t<meta name=\"twitter:label2\" content=\"Est. reading time\" \/>\n\t<meta name=\"twitter:data2\" content=\"2 minutes\" \/>\n<!-- \/ Yoast SEO plugin. -->","yoast_head_json":{"title":"Frauenwoche Halberstadt 06.11.24 - Europ\u00e4isches Bildungswerk f\u00fcr Beruf und Gesellschaft","robots":{"index":"index","follow":"follow","max-snippet":"max-snippet:-1","max-image-preview":"max-image-preview:large","max-video-preview":"max-video-preview:-1"},"canonical":"https:\/\/www.ebg.de\/frauenwoche-halberstadt-06-11-24\/","og_locale":"en_US","og_type":"article","og_title":"Frauenwoche Halberstadt 06.11.24 - Europ\u00e4isches Bildungswerk f\u00fcr Beruf und Gesellschaft","og_description":"Das Motto in diesem Jahr lautete \u201eFrauen \u2013 thematisiert\u201c.","og_url":"https:\/\/www.ebg.de\/frauenwoche-halberstadt-06-11-24\/","og_site_name":"Europ\u00e4isches Bildungswerk f\u00fcr Beruf und Gesellschaft","article_published_time":"2024-11-15T13:41:33+00:00","article_modified_time":"2025-03-20T12:52:38+00:00","og_image":[{"width":750,"height":472,"url":"https:\/\/www.ebg.de\/wp-content\/uploads\/2025\/03\/frauenwoche-1.jpg","type":"image\/jpeg"}],"author":"Nicole Jebauer","twitter_card":"summary_large_image","twitter_misc":{"Written by":"Nicole Jebauer","Est. reading time":"2 minutes"},"schema":{"@context":"https:\/\/schema.org","@graph":[{"@type":"Article","@id":"https:\/\/www.ebg.de\/frauenwoche-halberstadt-06-11-24\/#article","isPartOf":{"@id":"https:\/\/www.ebg.de\/frauenwoche-halberstadt-06-11-24\/"},"author":{"name":"Nicole Jebauer","@id":"https:\/\/www.ebg.de\/#\/schema\/person\/683a730993574c6987355ff28e65a040"},"headline":"Frauenwoche Halberstadt 06.11.24","datePublished":"2024-11-15T13:41:33+00:00","dateModified":"2025-03-20T12:52:38+00:00","mainEntityOfPage":{"@id":"https:\/\/www.ebg.de\/frauenwoche-halberstadt-06-11-24\/"},"wordCount":241,"image":{"@id":"https:\/\/www.ebg.de\/frauenwoche-halberstadt-06-11-24\/#primaryimage"},"thumbnailUrl":"https:\/\/www.ebg.de\/wp-content\/uploads\/2025\/03\/frauenwoche-1.jpg","articleSection":["News - Halberstadt Schulen"],"inLanguage":"en-US"},{"@type":"WebPage","@id":"https:\/\/www.ebg.de\/frauenwoche-halberstadt-06-11-24\/","url":"https:\/\/www.ebg.de\/frauenwoche-halberstadt-06-11-24\/","name":"Frauenwoche Halberstadt 06.11.24 - Europ\u00e4isches Bildungswerk f\u00fcr Beruf und Gesellschaft","isPartOf":{"@id":"https:\/\/www.ebg.de\/#website"},"primaryImageOfPage":{"@id":"https:\/\/www.ebg.de\/frauenwoche-halberstadt-06-11-24\/#primaryimage"},"image":{"@id":"https:\/\/www.ebg.de\/frauenwoche-halberstadt-06-11-24\/#primaryimage"},"thumbnailUrl":"https:\/\/www.ebg.de\/wp-content\/uploads\/2025\/03\/frauenwoche-1.jpg","datePublished":"2024-11-15T13:41:33+00:00","dateModified":"2025-03-20T12:52:38+00:00","author":{"@id":"https:\/\/www.ebg.de\/#\/schema\/person\/683a730993574c6987355ff28e65a040"},"breadcrumb":{"@id":"https:\/\/www.ebg.de\/frauenwoche-halberstadt-06-11-24\/#breadcrumb"},"inLanguage":"en-US","potentialAction":[{"@type":"ReadAction","target":["https:\/\/www.ebg.de\/frauenwoche-halberstadt-06-11-24\/"]}]},{"@type":"ImageObject","inLanguage":"en-US","@id":"https:\/\/www.ebg.de\/frauenwoche-halberstadt-06-11-24\/#primaryimage","url":"https:\/\/www.ebg.de\/wp-content\/uploads\/2025\/03\/frauenwoche-1.jpg","contentUrl":"https:\/\/www.ebg.de\/wp-content\/uploads\/2025\/03\/frauenwoche-1.jpg","width":750,"height":472,"caption":"Keyvisual der Initiative Frauenwoche"},{"@type":"BreadcrumbList","@id":"https:\/\/www.ebg.de\/frauenwoche-halberstadt-06-11-24\/#breadcrumb","itemListElement":[{"@type":"ListItem","position":1,"name":"Startseite","item":"https:\/\/www.ebg.de\/"},{"@type":"ListItem","position":2,"name":"Frauenwoche Halberstadt 06.11.24"}]},{"@type":"WebSite","@id":"https:\/\/www.ebg.de\/#website","url":"https:\/\/www.ebg.de\/","name":"Europ\u00e4isches Bildungswerk f\u00fcr Beruf und Gesellschaft","description":"Bildung, Ausbildung und Weiterbildung","potentialAction":[{"@type":"SearchAction","target":{"@type":"EntryPoint","urlTemplate":"https:\/\/www.ebg.de\/?s={search_term_string}"},"query-input":{"@type":"PropertyValueSpecification","valueRequired":true,"valueName":"search_term_string"}}],"inLanguage":"en-US"},{"@type":"Person","@id":"https:\/\/www.ebg.de\/#\/schema\/person\/683a730993574c6987355ff28e65a040","name":"Nicole Jebauer","image":{"@type":"ImageObject","inLanguage":"en-US","@id":"https:\/\/www.ebg.de\/#\/schema\/person\/image\/","url":"https:\/\/secure.gravatar.com\/avatar\/e704d4f6221214865a929f4155d799645f194b6db7c64fbd461aa448c0d57b61?s=96&d=mm&r=g","contentUrl":"https:\/\/secure.gravatar.com\/avatar\/e704d4f6221214865a929f4155d799645f194b6db7c64fbd461aa448c0d57b61?s=96&d=mm&r=g","caption":"Nicole Jebauer"},"url":"https:\/\/www.ebg.de\/en\/author\/fshalberstadt\/"}]}},"_links":{"self":[{"href":"https:\/\/www.ebg.de\/en\/wp-json\/wp\/v2\/posts\/38328","targetHints":{"allow":["GET"]}}],"collection":[{"href":"https:\/\/www.ebg.de\/en\/wp-json\/wp\/v2\/posts"}],"about":[{"href":"https:\/\/www.ebg.de\/en\/wp-json\/wp\/v2\/types\/post"}],"author":[{"embeddable":true,"href":"https:\/\/www.ebg.de\/en\/wp-json\/wp\/v2\/users\/19"}],"replies":[{"embeddable":true,"href":"https:\/\/www.ebg.de\/en\/wp-json\/wp\/v2\/comments?post=38328"}],"version-history":[{"count":6,"href":"https:\/\/www.ebg.de\/en\/wp-json\/wp\/v2\/posts\/38328\/revisions"}],"predecessor-version":[{"id":38967,"href":"https:\/\/www.ebg.de\/en\/wp-json\/wp\/v2\/posts\/38328\/revisions\/38967"}],"wp:featuredmedia":[{"embeddable":true,"href":"https:\/\/www.ebg.de\/en\/wp-json\/wp\/v2\/media\/38971"}],"wp:attachment":[{"href":"https:\/\/www.ebg.de\/en\/wp-json\/wp\/v2\/media?parent=38328"}],"wp:term":[{"taxonomy":"category","embeddable":true,"href":"https:\/\/www.ebg.de\/en\/wp-json\/wp\/v2\/categories?post=38328"},{"taxonomy":"post_tag","embeddable":true,"href":"https:\/\/www.ebg.de\/en\/wp-json\/wp\/v2\/tags?post=38328"}],"curies":[{"name":"wp","href":"https:\/\/api.w.org\/{rel}","templated":true}]}}