{"id":38260,"date":"2024-10-30T15:01:54","date_gmt":"2024-10-30T14:01:54","guid":{"rendered":"https:\/\/www.ebg.de\/?p=38260"},"modified":"2024-10-30T15:01:56","modified_gmt":"2024-10-30T14:01:56","slug":"jugendworkcamp-der-europaeischen-bildungswerke","status":"publish","type":"post","link":"https:\/\/www.ebg.de\/en\/jugendworkcamp-der-europaeischen-bildungswerke\/","title":{"rendered":"Jugendworkcamp der Europ\u00e4ischen Bildungswerke"},"content":{"rendered":"\n<p>Am 19. September trafen sich die Verantwortlichen der Europ\u00e4ischen Bildungswerke (EBG) aus Deutschland und der Slowakei gemeinsam mit dem Volksbund Deutsche Kriegsgr\u00e4berf\u00fcrsorge zum Auswertungsgespr\u00e4ch des diesj\u00e4hrigen Jugendworkcamps. Austragungsort f\u00fcr dieses besondere Ereignis war das Europ\u00e4ische Bildungszentrum im malerischen Zavadka nad Hronom, ein inspirierender Ort inmitten der Natur, der wie geschaffen ist f\u00fcr Begegnungen und Austausch \u00fcber Grenzen hinweg.<\/p>\n\n\n\n<figure class=\"wp-block-gallery has-nested-images columns-default is-cropped wp-block-gallery-1 is-layout-flex wp-block-gallery-is-layout-flex\">\n<figure class=\"wp-block-image size-large\"><img loading=\"lazy\" decoding=\"async\" width=\"1024\" height=\"683\" data-id=\"38301\" src=\"https:\/\/www.ebg.de\/wp-content\/uploads\/2024\/10\/IMG_0901-1024x683.jpg\" alt=\"\" class=\"wp-image-38301\" srcset=\"https:\/\/www.ebg.de\/wp-content\/uploads\/2024\/10\/IMG_0901-1024x683.jpg 1024w, https:\/\/www.ebg.de\/wp-content\/uploads\/2024\/10\/IMG_0901-300x200.jpg 300w, https:\/\/www.ebg.de\/wp-content\/uploads\/2024\/10\/IMG_0901-768x512.jpg 768w, https:\/\/www.ebg.de\/wp-content\/uploads\/2024\/10\/IMG_0901-1536x1024.jpg 1536w, https:\/\/www.ebg.de\/wp-content\/uploads\/2024\/10\/IMG_0901-2048x1365.jpg 2048w, https:\/\/www.ebg.de\/wp-content\/uploads\/2024\/10\/IMG_0901-900x600.jpg 900w, https:\/\/www.ebg.de\/wp-content\/uploads\/2024\/10\/IMG_0901-1200x800.jpg 1200w\" sizes=\"auto, (max-width: 1024px) 100vw, 1024px\" \/><\/figure>\n\n\n\n<figure class=\"wp-block-image size-large\"><img loading=\"lazy\" decoding=\"async\" width=\"1024\" height=\"683\" data-id=\"38293\" src=\"https:\/\/www.ebg.de\/wp-content\/uploads\/2024\/10\/IMG_0908-1024x683.jpg\" alt=\"\" class=\"wp-image-38293\" srcset=\"https:\/\/www.ebg.de\/wp-content\/uploads\/2024\/10\/IMG_0908-1024x683.jpg 1024w, https:\/\/www.ebg.de\/wp-content\/uploads\/2024\/10\/IMG_0908-300x200.jpg 300w, https:\/\/www.ebg.de\/wp-content\/uploads\/2024\/10\/IMG_0908-768x512.jpg 768w, https:\/\/www.ebg.de\/wp-content\/uploads\/2024\/10\/IMG_0908-1536x1024.jpg 1536w, https:\/\/www.ebg.de\/wp-content\/uploads\/2024\/10\/IMG_0908-2048x1365.jpg 2048w, https:\/\/www.ebg.de\/wp-content\/uploads\/2024\/10\/IMG_0908-900x600.jpg 900w, https:\/\/www.ebg.de\/wp-content\/uploads\/2024\/10\/IMG_0908-1200x800.jpg 1200w\" sizes=\"auto, (max-width: 1024px) 100vw, 1024px\" \/><\/figure>\n\n\n\n<figure class=\"wp-block-image size-large\"><img loading=\"lazy\" decoding=\"async\" width=\"1024\" height=\"683\" data-id=\"38295\" src=\"https:\/\/www.ebg.de\/wp-content\/uploads\/2024\/10\/IMG_0954-1024x683.jpg\" alt=\"\" class=\"wp-image-38295\" srcset=\"https:\/\/www.ebg.de\/wp-content\/uploads\/2024\/10\/IMG_0954-1024x683.jpg 1024w, https:\/\/www.ebg.de\/wp-content\/uploads\/2024\/10\/IMG_0954-300x200.jpg 300w, https:\/\/www.ebg.de\/wp-content\/uploads\/2024\/10\/IMG_0954-768x512.jpg 768w, https:\/\/www.ebg.de\/wp-content\/uploads\/2024\/10\/IMG_0954-1536x1024.jpg 1536w, https:\/\/www.ebg.de\/wp-content\/uploads\/2024\/10\/IMG_0954-2048x1365.jpg 2048w, https:\/\/www.ebg.de\/wp-content\/uploads\/2024\/10\/IMG_0954-900x600.jpg 900w, https:\/\/www.ebg.de\/wp-content\/uploads\/2024\/10\/IMG_0954-1200x800.jpg 1200w\" sizes=\"auto, (max-width: 1024px) 100vw, 1024px\" \/><\/figure>\n\n\n\n<figure class=\"wp-block-image size-large\"><img loading=\"lazy\" decoding=\"async\" width=\"1024\" height=\"701\" data-id=\"38297\" src=\"https:\/\/www.ebg.de\/wp-content\/uploads\/2024\/10\/IMG_0976-1024x701.jpg\" alt=\"\" class=\"wp-image-38297\" srcset=\"https:\/\/www.ebg.de\/wp-content\/uploads\/2024\/10\/IMG_0976-1024x701.jpg 1024w, https:\/\/www.ebg.de\/wp-content\/uploads\/2024\/10\/IMG_0976-300x205.jpg 300w, https:\/\/www.ebg.de\/wp-content\/uploads\/2024\/10\/IMG_0976-768x526.jpg 768w, https:\/\/www.ebg.de\/wp-content\/uploads\/2024\/10\/IMG_0976-1536x1051.jpg 1536w, https:\/\/www.ebg.de\/wp-content\/uploads\/2024\/10\/IMG_0976-2048x1402.jpg 2048w, https:\/\/www.ebg.de\/wp-content\/uploads\/2024\/10\/IMG_0976-900x616.jpg 900w, https:\/\/www.ebg.de\/wp-content\/uploads\/2024\/10\/IMG_0976-1200x821.jpg 1200w\" sizes=\"auto, (max-width: 1024px) 100vw, 1024px\" \/><\/figure>\n\n\n\n<figure class=\"wp-block-image size-large\"><img loading=\"lazy\" decoding=\"async\" width=\"1024\" height=\"683\" data-id=\"38299\" src=\"https:\/\/www.ebg.de\/wp-content\/uploads\/2024\/10\/IMG_1119-1024x683.jpg\" alt=\"\" class=\"wp-image-38299\" srcset=\"https:\/\/www.ebg.de\/wp-content\/uploads\/2024\/10\/IMG_1119-1024x683.jpg 1024w, https:\/\/www.ebg.de\/wp-content\/uploads\/2024\/10\/IMG_1119-300x200.jpg 300w, https:\/\/www.ebg.de\/wp-content\/uploads\/2024\/10\/IMG_1119-768x512.jpg 768w, https:\/\/www.ebg.de\/wp-content\/uploads\/2024\/10\/IMG_1119-1536x1024.jpg 1536w, https:\/\/www.ebg.de\/wp-content\/uploads\/2024\/10\/IMG_1119-2048x1365.jpg 2048w, https:\/\/www.ebg.de\/wp-content\/uploads\/2024\/10\/IMG_1119-900x600.jpg 900w, https:\/\/www.ebg.de\/wp-content\/uploads\/2024\/10\/IMG_1119-1200x800.jpg 1200w\" sizes=\"auto, (max-width: 1024px) 100vw, 1024px\" \/><\/figure>\n<\/figure>\n\n\n\n<p>Die wertvollen Erfahrungen und Eindr\u00fccke der Teilnehmer wurden in einer offenen Gespr\u00e4chsrunde reflektiert \u2013 ein Moment, um die gemeinsamen Erlebnisse Revue passieren zu lassen und zugleich den Grundstein f\u00fcr zuk\u00fcnftige Projekte zu legen.<\/p>\n\n\n\n<p>Prof. Dr. Beckmann k\u00fcndigte an, dass im November eine abschlie\u00dfende Auswertung beim slowakischen Botschafter in Berlin geplant ist, zu der auch die Jugendlichen herzlich eingeladen werden. Gleichzeitig wird der deutsche Botschafter in der Slowakei die slowakischen Teilnehmer des Jugendworkcamps zu einem pers\u00f6nlichen Gespr\u00e4ch empfangen.<\/p>\n\n\n\n<figure class=\"wp-block-gallery has-nested-images columns-default is-cropped wp-block-gallery-2 is-layout-flex wp-block-gallery-is-layout-flex\">\n<figure class=\"wp-block-image size-large\"><img loading=\"lazy\" decoding=\"async\" width=\"1024\" height=\"712\" data-id=\"38305\" src=\"https:\/\/www.ebg.de\/wp-content\/uploads\/2024\/10\/IMG_0918-1024x712.jpg\" alt=\"\" class=\"wp-image-38305\" srcset=\"https:\/\/www.ebg.de\/wp-content\/uploads\/2024\/10\/IMG_0918-1024x712.jpg 1024w, https:\/\/www.ebg.de\/wp-content\/uploads\/2024\/10\/IMG_0918-300x209.jpg 300w, https:\/\/www.ebg.de\/wp-content\/uploads\/2024\/10\/IMG_0918-768x534.jpg 768w, https:\/\/www.ebg.de\/wp-content\/uploads\/2024\/10\/IMG_0918-1536x1068.jpg 1536w, https:\/\/www.ebg.de\/wp-content\/uploads\/2024\/10\/IMG_0918-2048x1425.jpg 2048w, https:\/\/www.ebg.de\/wp-content\/uploads\/2024\/10\/IMG_0918-900x626.jpg 900w, https:\/\/www.ebg.de\/wp-content\/uploads\/2024\/10\/IMG_0918-1200x835.jpg 1200w\" sizes=\"auto, (max-width: 1024px) 100vw, 1024px\" \/><\/figure>\n\n\n\n<figure class=\"wp-block-image size-large\"><img loading=\"lazy\" decoding=\"async\" width=\"697\" height=\"1024\" data-id=\"38303\" src=\"https:\/\/www.ebg.de\/wp-content\/uploads\/2024\/10\/IMG_0932-697x1024.jpg\" alt=\"\" class=\"wp-image-38303\" srcset=\"https:\/\/www.ebg.de\/wp-content\/uploads\/2024\/10\/IMG_0932-697x1024.jpg 697w, https:\/\/www.ebg.de\/wp-content\/uploads\/2024\/10\/IMG_0932-204x300.jpg 204w, https:\/\/www.ebg.de\/wp-content\/uploads\/2024\/10\/IMG_0932-768x1128.jpg 768w, https:\/\/www.ebg.de\/wp-content\/uploads\/2024\/10\/IMG_0932-1046x1536.jpg 1046w, https:\/\/www.ebg.de\/wp-content\/uploads\/2024\/10\/IMG_0932-1395x2048.jpg 1395w, https:\/\/www.ebg.de\/wp-content\/uploads\/2024\/10\/IMG_0932-900x1321.jpg 900w, https:\/\/www.ebg.de\/wp-content\/uploads\/2024\/10\/IMG_0932-1200x1762.jpg 1200w, https:\/\/www.ebg.de\/wp-content\/uploads\/2024\/10\/IMG_0932-scaled.jpg 1744w\" sizes=\"auto, (max-width: 697px) 100vw, 697px\" \/><\/figure>\n\n\n\n<figure class=\"wp-block-image size-large\"><img loading=\"lazy\" decoding=\"async\" width=\"1024\" height=\"683\" data-id=\"38315\" src=\"https:\/\/www.ebg.de\/wp-content\/uploads\/2024\/10\/IMG_0936-1024x683.jpg\" alt=\"\" class=\"wp-image-38315\" srcset=\"https:\/\/www.ebg.de\/wp-content\/uploads\/2024\/10\/IMG_0936-1024x683.jpg 1024w, https:\/\/www.ebg.de\/wp-content\/uploads\/2024\/10\/IMG_0936-300x200.jpg 300w, https:\/\/www.ebg.de\/wp-content\/uploads\/2024\/10\/IMG_0936-768x512.jpg 768w, https:\/\/www.ebg.de\/wp-content\/uploads\/2024\/10\/IMG_0936-1536x1024.jpg 1536w, https:\/\/www.ebg.de\/wp-content\/uploads\/2024\/10\/IMG_0936-2048x1365.jpg 2048w, https:\/\/www.ebg.de\/wp-content\/uploads\/2024\/10\/IMG_0936-900x600.jpg 900w, https:\/\/www.ebg.de\/wp-content\/uploads\/2024\/10\/IMG_0936-1200x800.jpg 1200w\" sizes=\"auto, (max-width: 1024px) 100vw, 1024px\" \/><\/figure>\n\n\n\n<figure class=\"wp-block-image size-large\"><img loading=\"lazy\" decoding=\"async\" width=\"1024\" height=\"683\" data-id=\"38313\" src=\"https:\/\/www.ebg.de\/wp-content\/uploads\/2024\/10\/IMG_1004-1024x683.jpg\" alt=\"\" class=\"wp-image-38313\" srcset=\"https:\/\/www.ebg.de\/wp-content\/uploads\/2024\/10\/IMG_1004-1024x683.jpg 1024w, https:\/\/www.ebg.de\/wp-content\/uploads\/2024\/10\/IMG_1004-300x200.jpg 300w, https:\/\/www.ebg.de\/wp-content\/uploads\/2024\/10\/IMG_1004-768x512.jpg 768w, https:\/\/www.ebg.de\/wp-content\/uploads\/2024\/10\/IMG_1004-1536x1024.jpg 1536w, https:\/\/www.ebg.de\/wp-content\/uploads\/2024\/10\/IMG_1004-2048x1365.jpg 2048w, https:\/\/www.ebg.de\/wp-content\/uploads\/2024\/10\/IMG_1004-900x600.jpg 900w, https:\/\/www.ebg.de\/wp-content\/uploads\/2024\/10\/IMG_1004-1200x800.jpg 1200w\" sizes=\"auto, (max-width: 1024px) 100vw, 1024px\" \/><\/figure>\n\n\n\n<figure class=\"wp-block-image size-large\"><img loading=\"lazy\" decoding=\"async\" width=\"1024\" height=\"683\" data-id=\"38311\" src=\"https:\/\/www.ebg.de\/wp-content\/uploads\/2024\/10\/IMG_1023-1024x683.jpg\" alt=\"\" class=\"wp-image-38311\" srcset=\"https:\/\/www.ebg.de\/wp-content\/uploads\/2024\/10\/IMG_1023-1024x683.jpg 1024w, https:\/\/www.ebg.de\/wp-content\/uploads\/2024\/10\/IMG_1023-300x200.jpg 300w, https:\/\/www.ebg.de\/wp-content\/uploads\/2024\/10\/IMG_1023-768x512.jpg 768w, https:\/\/www.ebg.de\/wp-content\/uploads\/2024\/10\/IMG_1023-1536x1024.jpg 1536w, https:\/\/www.ebg.de\/wp-content\/uploads\/2024\/10\/IMG_1023-2048x1365.jpg 2048w, https:\/\/www.ebg.de\/wp-content\/uploads\/2024\/10\/IMG_1023-900x600.jpg 900w, https:\/\/www.ebg.de\/wp-content\/uploads\/2024\/10\/IMG_1023-1200x800.jpg 1200w\" sizes=\"auto, (max-width: 1024px) 100vw, 1024px\" \/><\/figure>\n\n\n\n<figure class=\"wp-block-image size-large\"><img loading=\"lazy\" decoding=\"async\" width=\"1024\" height=\"683\" data-id=\"38307\" src=\"https:\/\/www.ebg.de\/wp-content\/uploads\/2024\/10\/IMG_1103-1024x683.jpg\" alt=\"\" class=\"wp-image-38307\" srcset=\"https:\/\/www.ebg.de\/wp-content\/uploads\/2024\/10\/IMG_1103-1024x683.jpg 1024w, https:\/\/www.ebg.de\/wp-content\/uploads\/2024\/10\/IMG_1103-300x200.jpg 300w, https:\/\/www.ebg.de\/wp-content\/uploads\/2024\/10\/IMG_1103-768x512.jpg 768w, https:\/\/www.ebg.de\/wp-content\/uploads\/2024\/10\/IMG_1103-1536x1024.jpg 1536w, https:\/\/www.ebg.de\/wp-content\/uploads\/2024\/10\/IMG_1103-2048x1365.jpg 2048w, https:\/\/www.ebg.de\/wp-content\/uploads\/2024\/10\/IMG_1103-900x600.jpg 900w, https:\/\/www.ebg.de\/wp-content\/uploads\/2024\/10\/IMG_1103-1200x800.jpg 1200w\" sizes=\"auto, (max-width: 1024px) 100vw, 1024px\" \/><\/figure>\n\n\n\n<figure class=\"wp-block-image size-large\"><img loading=\"lazy\" decoding=\"async\" width=\"1024\" height=\"683\" data-id=\"38309\" src=\"https:\/\/www.ebg.de\/wp-content\/uploads\/2024\/10\/IMG_1122-1024x683.jpg\" alt=\"\" class=\"wp-image-38309\" srcset=\"https:\/\/www.ebg.de\/wp-content\/uploads\/2024\/10\/IMG_1122-1024x683.jpg 1024w, https:\/\/www.ebg.de\/wp-content\/uploads\/2024\/10\/IMG_1122-300x200.jpg 300w, https:\/\/www.ebg.de\/wp-content\/uploads\/2024\/10\/IMG_1122-768x512.jpg 768w, https:\/\/www.ebg.de\/wp-content\/uploads\/2024\/10\/IMG_1122-1536x1024.jpg 1536w, https:\/\/www.ebg.de\/wp-content\/uploads\/2024\/10\/IMG_1122-2048x1365.jpg 2048w, https:\/\/www.ebg.de\/wp-content\/uploads\/2024\/10\/IMG_1122-900x600.jpg 900w, https:\/\/www.ebg.de\/wp-content\/uploads\/2024\/10\/IMG_1122-1200x800.jpg 1200w\" sizes=\"auto, (max-width: 1024px) 100vw, 1024px\" \/><\/figure>\n<\/figure>\n\n\n\n<p> \u00a9 EBG\u00b424<\/p>\n","protected":false},"excerpt":{"rendered":"<p>Wir freuen uns darauf, die Teilnehmenden auch bei den kommenden Gespr\u00e4chen zu begleiten und mit ihnen gemeinsam in eine Zukunft des Austauschs und der Kooperation zu blicken.<\/p>\n","protected":false},"author":22,"featured_media":38317,"comment_status":"closed","ping_status":"closed","sticky":false,"template":"","format":"standard","meta":{"_acf_changed":false,"footnotes":"[]"},"categories":[22],"tags":[95,78,107,193,194,186],"class_list":["post-38260","post","type-post","status-publish","format-standard","has-post-thumbnail","hentry","category-news-gf","tag-ausbildung","tag-ebg","tag-europaeisches-bildungswerk","tag-international","tag-schulen","tag-slowakei"],"acf":[],"yoast_head":"<!-- This site is optimized with the Yoast SEO plugin v26.9 - https:\/\/yoast.com\/product\/yoast-seo-wordpress\/ -->\n<title>Jugendworkcamp der Europ\u00e4ischen Bildungswerke<\/title>\n<meta name=\"description\" content=\"\u00dcber 300 Personen erlebten im historischen Freylinghausen-Saal in Halle am 31.7.2024 in sehr festlicher Atmosph\u00e4re die Feierstunden.\" \/>\n<meta name=\"robots\" content=\"index, follow, max-snippet:-1, max-image-preview:large, max-video-preview:-1\" \/>\n<link rel=\"canonical\" href=\"https:\/\/www.ebg.de\/jugendworkcamp-der-europaeischen-bildungswerke\/\" \/>\n<meta property=\"og:locale\" content=\"en_US\" \/>\n<meta property=\"og:type\" content=\"article\" \/>\n<meta property=\"og:title\" content=\"Jugendworkcamp der Europ\u00e4ischen Bildungswerke\" \/>\n<meta property=\"og:description\" content=\"\u00dcber 300 Personen erlebten im historischen Freylinghausen-Saal in Halle am 31.7.2024 in sehr festlicher Atmosph\u00e4re die Feierstunden.\" \/>\n<meta property=\"og:url\" content=\"https:\/\/www.ebg.de\/jugendworkcamp-der-europaeischen-bildungswerke\/\" \/>\n<meta property=\"og:site_name\" content=\"Europ\u00e4isches Bildungswerk f\u00fcr Beruf und Gesellschaft\" \/>\n<meta property=\"article:published_time\" content=\"2024-10-30T14:01:54+00:00\" \/>\n<meta property=\"article:modified_time\" content=\"2024-10-30T14:01:56+00:00\" \/>\n<meta property=\"og:image\" content=\"https:\/\/www.ebg.de\/wp-content\/uploads\/2024\/10\/IMG_0969-scaled.jpg\" \/>\n\t<meta property=\"og:image:width\" content=\"2560\" \/>\n\t<meta property=\"og:image:height\" content=\"1707\" \/>\n\t<meta property=\"og:image:type\" content=\"image\/jpeg\" \/>\n<meta name=\"author\" content=\"Stephan Deubner\" \/>\n<meta name=\"twitter:card\" content=\"summary_large_image\" \/>\n<meta name=\"twitter:label1\" content=\"Written by\" \/>\n\t<meta name=\"twitter:data1\" content=\"Stephan Deubner\" \/>\n\t<meta name=\"twitter:label2\" content=\"Est. reading time\" \/>\n\t<meta name=\"twitter:data2\" content=\"4 minutes\" \/>\n<!-- \/ Yoast SEO plugin. -->","yoast_head_json":{"title":"Jugendworkcamp der Europ\u00e4ischen Bildungswerke","description":"\u00dcber 300 Personen erlebten im historischen Freylinghausen-Saal in Halle am 31.7.2024 in sehr festlicher Atmosph\u00e4re die Feierstunden.","robots":{"index":"index","follow":"follow","max-snippet":"max-snippet:-1","max-image-preview":"max-image-preview:large","max-video-preview":"max-video-preview:-1"},"canonical":"https:\/\/www.ebg.de\/jugendworkcamp-der-europaeischen-bildungswerke\/","og_locale":"en_US","og_type":"article","og_title":"Jugendworkcamp der Europ\u00e4ischen Bildungswerke","og_description":"\u00dcber 300 Personen erlebten im historischen Freylinghausen-Saal in Halle am 31.7.2024 in sehr festlicher Atmosph\u00e4re die Feierstunden.","og_url":"https:\/\/www.ebg.de\/jugendworkcamp-der-europaeischen-bildungswerke\/","og_site_name":"Europ\u00e4isches Bildungswerk f\u00fcr Beruf und Gesellschaft","article_published_time":"2024-10-30T14:01:54+00:00","article_modified_time":"2024-10-30T14:01:56+00:00","og_image":[{"width":2560,"height":1707,"url":"https:\/\/www.ebg.de\/wp-content\/uploads\/2024\/10\/IMG_0969-scaled.jpg","type":"image\/jpeg"}],"author":"Stephan Deubner","twitter_card":"summary_large_image","twitter_misc":{"Written by":"Stephan Deubner","Est. reading time":"4 minutes"},"schema":{"@context":"https:\/\/schema.org","@graph":[{"@type":"Article","@id":"https:\/\/www.ebg.de\/jugendworkcamp-der-europaeischen-bildungswerke\/#article","isPartOf":{"@id":"https:\/\/www.ebg.de\/jugendworkcamp-der-europaeischen-bildungswerke\/"},"author":{"name":"Stephan Deubner","@id":"https:\/\/www.ebg.de\/#\/schema\/person\/af645ea1741029d9a44ae532ceb268bc"},"headline":"Jugendworkcamp der Europ\u00e4ischen Bildungswerke","datePublished":"2024-10-30T14:01:54+00:00","dateModified":"2024-10-30T14:01:56+00:00","mainEntityOfPage":{"@id":"https:\/\/www.ebg.de\/jugendworkcamp-der-europaeischen-bildungswerke\/"},"wordCount":155,"image":{"@id":"https:\/\/www.ebg.de\/jugendworkcamp-der-europaeischen-bildungswerke\/#primaryimage"},"thumbnailUrl":"https:\/\/www.ebg.de\/wp-content\/uploads\/2024\/10\/IMG_0969-scaled.jpg","keywords":["Ausbildung","EBG","Europ\u00e4isches Bildungswerk","international","Schulen","Slowakei"],"articleSection":["News-GF"],"inLanguage":"en-US"},{"@type":"WebPage","@id":"https:\/\/www.ebg.de\/jugendworkcamp-der-europaeischen-bildungswerke\/","url":"https:\/\/www.ebg.de\/jugendworkcamp-der-europaeischen-bildungswerke\/","name":"Jugendworkcamp der Europ\u00e4ischen Bildungswerke","isPartOf":{"@id":"https:\/\/www.ebg.de\/#website"},"primaryImageOfPage":{"@id":"https:\/\/www.ebg.de\/jugendworkcamp-der-europaeischen-bildungswerke\/#primaryimage"},"image":{"@id":"https:\/\/www.ebg.de\/jugendworkcamp-der-europaeischen-bildungswerke\/#primaryimage"},"thumbnailUrl":"https:\/\/www.ebg.de\/wp-content\/uploads\/2024\/10\/IMG_0969-scaled.jpg","datePublished":"2024-10-30T14:01:54+00:00","dateModified":"2024-10-30T14:01:56+00:00","author":{"@id":"https:\/\/www.ebg.de\/#\/schema\/person\/af645ea1741029d9a44ae532ceb268bc"},"description":"\u00dcber 300 Personen erlebten im historischen Freylinghausen-Saal in Halle am 31.7.2024 in sehr festlicher Atmosph\u00e4re die Feierstunden.","breadcrumb":{"@id":"https:\/\/www.ebg.de\/jugendworkcamp-der-europaeischen-bildungswerke\/#breadcrumb"},"inLanguage":"en-US","potentialAction":[{"@type":"ReadAction","target":["https:\/\/www.ebg.de\/jugendworkcamp-der-europaeischen-bildungswerke\/"]}]},{"@type":"ImageObject","inLanguage":"en-US","@id":"https:\/\/www.ebg.de\/jugendworkcamp-der-europaeischen-bildungswerke\/#primaryimage","url":"https:\/\/www.ebg.de\/wp-content\/uploads\/2024\/10\/IMG_0969-scaled.jpg","contentUrl":"https:\/\/www.ebg.de\/wp-content\/uploads\/2024\/10\/IMG_0969-scaled.jpg","width":2560,"height":1707},{"@type":"BreadcrumbList","@id":"https:\/\/www.ebg.de\/jugendworkcamp-der-europaeischen-bildungswerke\/#breadcrumb","itemListElement":[{"@type":"ListItem","position":1,"name":"Startseite","item":"https:\/\/www.ebg.de\/"},{"@type":"ListItem","position":2,"name":"Jugendworkcamp der Europ\u00e4ischen Bildungswerke"}]},{"@type":"WebSite","@id":"https:\/\/www.ebg.de\/#website","url":"https:\/\/www.ebg.de\/","name":"Europ\u00e4isches Bildungswerk f\u00fcr Beruf und Gesellschaft","description":"Bildung, Ausbildung und Weiterbildung","potentialAction":[{"@type":"SearchAction","target":{"@type":"EntryPoint","urlTemplate":"https:\/\/www.ebg.de\/?s={search_term_string}"},"query-input":{"@type":"PropertyValueSpecification","valueRequired":true,"valueName":"search_term_string"}}],"inLanguage":"en-US"},{"@type":"Person","@id":"https:\/\/www.ebg.de\/#\/schema\/person\/af645ea1741029d9a44ae532ceb268bc","name":"Stephan Deubner","image":{"@type":"ImageObject","inLanguage":"en-US","@id":"https:\/\/www.ebg.de\/#\/schema\/person\/image\/","url":"https:\/\/secure.gravatar.com\/avatar\/35731f6a08afa0518c45f153077f6135c0f41aa2ae0b76e850ef9508976a7bbe?s=96&d=mm&r=g","contentUrl":"https:\/\/secure.gravatar.com\/avatar\/35731f6a08afa0518c45f153077f6135c0f41aa2ae0b76e850ef9508976a7bbe?s=96&d=mm&r=g","caption":"Stephan Deubner"},"url":"https:\/\/www.ebg.de\/en\/author\/sdeubner\/"}]}},"_links":{"self":[{"href":"https:\/\/www.ebg.de\/en\/wp-json\/wp\/v2\/posts\/38260","targetHints":{"allow":["GET"]}}],"collection":[{"href":"https:\/\/www.ebg.de\/en\/wp-json\/wp\/v2\/posts"}],"about":[{"href":"https:\/\/www.ebg.de\/en\/wp-json\/wp\/v2\/types\/post"}],"author":[{"embeddable":true,"href":"https:\/\/www.ebg.de\/en\/wp-json\/wp\/v2\/users\/22"}],"replies":[{"embeddable":true,"href":"https:\/\/www.ebg.de\/en\/wp-json\/wp\/v2\/comments?post=38260"}],"version-history":[{"count":1,"href":"https:\/\/www.ebg.de\/en\/wp-json\/wp\/v2\/posts\/38260\/revisions"}],"predecessor-version":[{"id":38319,"href":"https:\/\/www.ebg.de\/en\/wp-json\/wp\/v2\/posts\/38260\/revisions\/38319"}],"wp:featuredmedia":[{"embeddable":true,"href":"https:\/\/www.ebg.de\/en\/wp-json\/wp\/v2\/media\/38317"}],"wp:attachment":[{"href":"https:\/\/www.ebg.de\/en\/wp-json\/wp\/v2\/media?parent=38260"}],"wp:term":[{"taxonomy":"category","embeddable":true,"href":"https:\/\/www.ebg.de\/en\/wp-json\/wp\/v2\/categories?post=38260"},{"taxonomy":"post_tag","embeddable":true,"href":"https:\/\/www.ebg.de\/en\/wp-json\/wp\/v2\/tags?post=38260"}],"curies":[{"name":"wp","href":"https:\/\/api.w.org\/{rel}","templated":true}]}}