{"id":38207,"date":"2024-10-16T13:12:01","date_gmt":"2024-10-16T11:12:01","guid":{"rendered":"https:\/\/www.ebg.de\/?p=38207"},"modified":"2024-10-16T14:20:38","modified_gmt":"2024-10-16T12:20:38","slug":"wahlpflichtwoche-ergotherapie-und-heilerziehungspflege","status":"publish","type":"post","link":"https:\/\/www.ebg.de\/en\/wahlpflichtwoche-ergotherapie-und-heilerziehungspflege\/","title":{"rendered":"Wahlpflichtwoche FBZ Magdeburg"},"content":{"rendered":"\n<p><\/p>\n\n\n\n<p><\/p>\n\n\n\n<figure class=\"wp-block-image size-full\"><img loading=\"lazy\" decoding=\"async\" width=\"860\" height=\"540\" src=\"https:\/\/www.ebg.de\/wp-content\/uploads\/2024\/10\/walpflichtwoche-magdeburg-3.jpg\" alt=\"Wahlpflichtwoche: Besuch der Sonnenland-Alpakas\" class=\"wp-image-38212\" srcset=\"https:\/\/www.ebg.de\/wp-content\/uploads\/2024\/10\/walpflichtwoche-magdeburg-3.jpg 860w, https:\/\/www.ebg.de\/wp-content\/uploads\/2024\/10\/walpflichtwoche-magdeburg-3-300x188.jpg 300w, https:\/\/www.ebg.de\/wp-content\/uploads\/2024\/10\/walpflichtwoche-magdeburg-3-768x482.jpg 768w\" sizes=\"auto, (max-width: 860px) 100vw, 860px\" \/><\/figure>\n\n\n\n<p><\/p>\n\n\n\n<p>Im August 2024 fand unsere Wahlpflichtwoche f\u00fcr die Sch\u00fcler und Sch\u00fclerinnen des FBZ Magdeburg statt.<\/p>\n\n\n\n<p>Auf dem Plan stand unter anderem der Besuch der Assistenzhunde Ph\u00f6nix und Luke sowie den s\u00fc\u00dfen \u201eWelpen-Azubis\u201c, die sich in der Ausbildung zum Assistenzhund befinden. Assistenzhunde werden bei Menschen mit geistiger oder seelischer Beeintr\u00e4chtigung eingesetzt.<\/p>\n\n\n\n<p>Auch der Besuch der Alpakas des Sonnenlandhofes war im Programm. Diese Tiere werden in der Therapie (Ergotherapie und Heilerziehungspflege) als sogenannte \u201eT\u00fcr\u00f6ffner\u201c bezeichnet, um mit Menschen mit Beeintr\u00e4chtigungen in Kontakt zu treten. Der Einsatz dieser sanften Tiere zeigt erstaunliche Erfolge.<\/p>\n\n\n\n<p>Weiterhin entdeckten wir gemeinsam den Jahrtausendturm im Elbauenpark und vergn\u00fcgten sich nach dem Abstieg vom Brocken.<\/p>\n\n\n\n<figure class=\"wp-block-gallery has-nested-images columns-default is-cropped wp-block-gallery-1 is-layout-flex wp-block-gallery-is-layout-flex\">\n<figure class=\"wp-block-image size-full\"><img loading=\"lazy\" decoding=\"async\" width=\"860\" height=\"540\" data-id=\"38208\" src=\"https:\/\/www.ebg.de\/wp-content\/uploads\/2024\/10\/walpflichtwoche-magdeburg-1.jpg\" alt=\"Wahlpflichtwoche: Entdecken des Jahrtausendturmes im Elbauenpark\" class=\"wp-image-38208\" srcset=\"https:\/\/www.ebg.de\/wp-content\/uploads\/2024\/10\/walpflichtwoche-magdeburg-1.jpg 860w, https:\/\/www.ebg.de\/wp-content\/uploads\/2024\/10\/walpflichtwoche-magdeburg-1-300x188.jpg 300w, https:\/\/www.ebg.de\/wp-content\/uploads\/2024\/10\/walpflichtwoche-magdeburg-1-768x482.jpg 768w\" sizes=\"auto, (max-width: 860px) 100vw, 860px\" \/><\/figure>\n\n\n\n<figure class=\"wp-block-image size-full\"><img loading=\"lazy\" decoding=\"async\" width=\"860\" height=\"540\" data-id=\"38214\" src=\"https:\/\/www.ebg.de\/wp-content\/uploads\/2024\/10\/walpflichtwoche-magdeburg-4.jpg\" alt=\"Wahlpflichtwoche: Sch\u00fcler auf der Reise\" class=\"wp-image-38214\" srcset=\"https:\/\/www.ebg.de\/wp-content\/uploads\/2024\/10\/walpflichtwoche-magdeburg-4.jpg 860w, https:\/\/www.ebg.de\/wp-content\/uploads\/2024\/10\/walpflichtwoche-magdeburg-4-300x188.jpg 300w, https:\/\/www.ebg.de\/wp-content\/uploads\/2024\/10\/walpflichtwoche-magdeburg-4-768x482.jpg 768w\" sizes=\"auto, (max-width: 860px) 100vw, 860px\" \/><\/figure>\n<\/figure>\n\n\n\n<div class=\"wp-block-group\"><div class=\"wp-block-group__inner-container is-layout-constrained wp-block-group-is-layout-constrained\">\n<div class=\"wp-block-columns is-layout-flex wp-container-core-columns-is-layout-9d6595d7 wp-block-columns-is-layout-flex\">\n<div class=\"wp-block-column is-layout-flow wp-block-column-is-layout-flow\" style=\"flex-basis:100%\">\n<p><\/p>\n<\/div>\n<\/div>\n<\/div><\/div>\n","protected":false},"excerpt":{"rendered":"<p>Im August 2024 fand unsere Wahlpflichtwoche f\u00fcr unsere Sch\u00fcler und Sch\u00fclerinnen statt.<\/p>\n","protected":false},"author":8,"featured_media":38210,"comment_status":"closed","ping_status":"closed","sticky":false,"template":"","format":"standard","meta":{"_acf_changed":false,"footnotes":""},"categories":[19],"tags":[98,80,107,196,82,97,195,172,149],"class_list":["post-38207","post","type-post","status-publish","format-standard","has-post-thumbnail","hentry","category-news-magdeburg-schulen","tag-ergotherapie","tag-erzieher","tag-europaeisches-bildungswerk","tag-fach-und-berufsfachschulzentrum","tag-heilerziehungspfleger","tag-heilpaedagogik","tag-magdeburg","tag-pflegefachkraft","tag-sozialassistent"],"acf":[],"yoast_head":"<!-- This site is optimized with the Yoast SEO plugin v26.9 - https:\/\/yoast.com\/product\/yoast-seo-wordpress\/ -->\n<title>30 Jahre FBZ Magdeburg des Europ\u00e4ischen Bildungswerkes<\/title>\n<meta name=\"description\" content=\"Im August 2024 fand unsere Wahlpflichtwoche f\u00fcr die Sch\u00fcler und Sch\u00fclerinnen der Ausbildungen Ergotherapie und Heilerziehungspflege statt.\" \/>\n<meta name=\"robots\" content=\"index, follow, max-snippet:-1, max-image-preview:large, max-video-preview:-1\" \/>\n<link rel=\"canonical\" href=\"https:\/\/www.ebg.de\/wahlpflichtwoche-ergotherapie-und-heilerziehungspflege\/\" \/>\n<meta property=\"og:locale\" content=\"en_US\" \/>\n<meta property=\"og:type\" content=\"article\" \/>\n<meta property=\"og:title\" content=\"30 Jahre FBZ Magdeburg des Europ\u00e4ischen Bildungswerkes\" \/>\n<meta property=\"og:description\" content=\"Im August 2024 fand unsere Wahlpflichtwoche f\u00fcr die Sch\u00fcler und Sch\u00fclerinnen der Ausbildungen Ergotherapie und Heilerziehungspflege statt.\" \/>\n<meta property=\"og:url\" content=\"https:\/\/www.ebg.de\/wahlpflichtwoche-ergotherapie-und-heilerziehungspflege\/\" \/>\n<meta property=\"og:site_name\" content=\"Europ\u00e4isches Bildungswerk f\u00fcr Beruf und Gesellschaft\" \/>\n<meta property=\"article:published_time\" content=\"2024-10-16T11:12:01+00:00\" \/>\n<meta property=\"article:modified_time\" content=\"2024-10-16T12:20:38+00:00\" \/>\n<meta property=\"og:image\" content=\"https:\/\/www.ebg.de\/wp-content\/uploads\/2024\/10\/walpflichtwoche-magdeburg-2.jpg\" \/>\n\t<meta property=\"og:image:width\" content=\"860\" \/>\n\t<meta property=\"og:image:height\" content=\"540\" \/>\n\t<meta property=\"og:image:type\" content=\"image\/jpeg\" \/>\n<meta name=\"author\" content=\"Christiane Selbig\" \/>\n<meta name=\"twitter:card\" content=\"summary_large_image\" \/>\n<meta name=\"twitter:label1\" content=\"Written by\" \/>\n\t<meta name=\"twitter:data1\" content=\"Christiane Selbig\" \/>\n\t<meta name=\"twitter:label2\" content=\"Est. reading time\" \/>\n\t<meta name=\"twitter:data2\" content=\"2 minutes\" \/>\n<!-- \/ Yoast SEO plugin. -->","yoast_head_json":{"title":"30 Jahre FBZ Magdeburg des Europ\u00e4ischen Bildungswerkes","description":"Im August 2024 fand unsere Wahlpflichtwoche f\u00fcr die Sch\u00fcler und Sch\u00fclerinnen der Ausbildungen Ergotherapie und Heilerziehungspflege statt.","robots":{"index":"index","follow":"follow","max-snippet":"max-snippet:-1","max-image-preview":"max-image-preview:large","max-video-preview":"max-video-preview:-1"},"canonical":"https:\/\/www.ebg.de\/wahlpflichtwoche-ergotherapie-und-heilerziehungspflege\/","og_locale":"en_US","og_type":"article","og_title":"30 Jahre FBZ Magdeburg des Europ\u00e4ischen Bildungswerkes","og_description":"Im August 2024 fand unsere Wahlpflichtwoche f\u00fcr die Sch\u00fcler und Sch\u00fclerinnen der Ausbildungen Ergotherapie und Heilerziehungspflege statt.","og_url":"https:\/\/www.ebg.de\/wahlpflichtwoche-ergotherapie-und-heilerziehungspflege\/","og_site_name":"Europ\u00e4isches Bildungswerk f\u00fcr Beruf und Gesellschaft","article_published_time":"2024-10-16T11:12:01+00:00","article_modified_time":"2024-10-16T12:20:38+00:00","og_image":[{"width":860,"height":540,"url":"https:\/\/www.ebg.de\/wp-content\/uploads\/2024\/10\/walpflichtwoche-magdeburg-2.jpg","type":"image\/jpeg"}],"author":"Christiane Selbig","twitter_card":"summary_large_image","twitter_misc":{"Written by":"Christiane Selbig","Est. reading time":"2 minutes"},"schema":{"@context":"https:\/\/schema.org","@graph":[{"@type":"Article","@id":"https:\/\/www.ebg.de\/wahlpflichtwoche-ergotherapie-und-heilerziehungspflege\/#article","isPartOf":{"@id":"https:\/\/www.ebg.de\/wahlpflichtwoche-ergotherapie-und-heilerziehungspflege\/"},"author":{"name":"Christiane Selbig","@id":"https:\/\/www.ebg.de\/#\/schema\/person\/841de16928f485ad75bab4e688fe3436"},"headline":"Wahlpflichtwoche FBZ Magdeburg","datePublished":"2024-10-16T11:12:01+00:00","dateModified":"2024-10-16T12:20:38+00:00","mainEntityOfPage":{"@id":"https:\/\/www.ebg.de\/wahlpflichtwoche-ergotherapie-und-heilerziehungspflege\/"},"wordCount":118,"image":{"@id":"https:\/\/www.ebg.de\/wahlpflichtwoche-ergotherapie-und-heilerziehungspflege\/#primaryimage"},"thumbnailUrl":"https:\/\/www.ebg.de\/wp-content\/uploads\/2024\/10\/walpflichtwoche-magdeburg-2.jpg","keywords":["Ergotherapie","Erzieher","Europ\u00e4isches Bildungswerk","fach-und Berufsfachschulzentrum","Heilerziehungspfleger","Heilp\u00e4dagogik","Magdeburg","Pflegefachkraft","sozialassistent"],"articleSection":["News - Magdeburg Schulen"],"inLanguage":"en-US"},{"@type":"WebPage","@id":"https:\/\/www.ebg.de\/wahlpflichtwoche-ergotherapie-und-heilerziehungspflege\/","url":"https:\/\/www.ebg.de\/wahlpflichtwoche-ergotherapie-und-heilerziehungspflege\/","name":"30 Jahre FBZ Magdeburg des Europ\u00e4ischen Bildungswerkes","isPartOf":{"@id":"https:\/\/www.ebg.de\/#website"},"primaryImageOfPage":{"@id":"https:\/\/www.ebg.de\/wahlpflichtwoche-ergotherapie-und-heilerziehungspflege\/#primaryimage"},"image":{"@id":"https:\/\/www.ebg.de\/wahlpflichtwoche-ergotherapie-und-heilerziehungspflege\/#primaryimage"},"thumbnailUrl":"https:\/\/www.ebg.de\/wp-content\/uploads\/2024\/10\/walpflichtwoche-magdeburg-2.jpg","datePublished":"2024-10-16T11:12:01+00:00","dateModified":"2024-10-16T12:20:38+00:00","author":{"@id":"https:\/\/www.ebg.de\/#\/schema\/person\/841de16928f485ad75bab4e688fe3436"},"description":"Im August 2024 fand unsere Wahlpflichtwoche f\u00fcr die Sch\u00fcler und Sch\u00fclerinnen der Ausbildungen Ergotherapie und Heilerziehungspflege statt.","breadcrumb":{"@id":"https:\/\/www.ebg.de\/wahlpflichtwoche-ergotherapie-und-heilerziehungspflege\/#breadcrumb"},"inLanguage":"en-US","potentialAction":[{"@type":"ReadAction","target":["https:\/\/www.ebg.de\/wahlpflichtwoche-ergotherapie-und-heilerziehungspflege\/"]}]},{"@type":"ImageObject","inLanguage":"en-US","@id":"https:\/\/www.ebg.de\/wahlpflichtwoche-ergotherapie-und-heilerziehungspflege\/#primaryimage","url":"https:\/\/www.ebg.de\/wp-content\/uploads\/2024\/10\/walpflichtwoche-magdeburg-2.jpg","contentUrl":"https:\/\/www.ebg.de\/wp-content\/uploads\/2024\/10\/walpflichtwoche-magdeburg-2.jpg","width":860,"height":540,"caption":"Wahlpflichtwoche: Besuch der Assistenzhunde Ph\u00f6nix und Luke"},{"@type":"BreadcrumbList","@id":"https:\/\/www.ebg.de\/wahlpflichtwoche-ergotherapie-und-heilerziehungspflege\/#breadcrumb","itemListElement":[{"@type":"ListItem","position":1,"name":"Startseite","item":"https:\/\/www.ebg.de\/"},{"@type":"ListItem","position":2,"name":"Wahlpflichtwoche FBZ Magdeburg"}]},{"@type":"WebSite","@id":"https:\/\/www.ebg.de\/#website","url":"https:\/\/www.ebg.de\/","name":"Europ\u00e4isches Bildungswerk f\u00fcr Beruf und Gesellschaft","description":"Bildung, Ausbildung und Weiterbildung","potentialAction":[{"@type":"SearchAction","target":{"@type":"EntryPoint","urlTemplate":"https:\/\/www.ebg.de\/?s={search_term_string}"},"query-input":{"@type":"PropertyValueSpecification","valueRequired":true,"valueName":"search_term_string"}}],"inLanguage":"en-US"},{"@type":"Person","@id":"https:\/\/www.ebg.de\/#\/schema\/person\/841de16928f485ad75bab4e688fe3436","name":"Christiane Selbig","image":{"@type":"ImageObject","inLanguage":"en-US","@id":"https:\/\/www.ebg.de\/#\/schema\/person\/image\/","url":"https:\/\/secure.gravatar.com\/avatar\/2cc1d2ea88bd46e448d57ac18ac9f028486b7c08a90951b9d99326eeec001739?s=96&d=mm&r=g","contentUrl":"https:\/\/secure.gravatar.com\/avatar\/2cc1d2ea88bd46e448d57ac18ac9f028486b7c08a90951b9d99326eeec001739?s=96&d=mm&r=g","caption":"Christiane Selbig"},"url":"https:\/\/www.ebg.de\/en\/author\/cselbig\/"}]}},"_links":{"self":[{"href":"https:\/\/www.ebg.de\/en\/wp-json\/wp\/v2\/posts\/38207","targetHints":{"allow":["GET"]}}],"collection":[{"href":"https:\/\/www.ebg.de\/en\/wp-json\/wp\/v2\/posts"}],"about":[{"href":"https:\/\/www.ebg.de\/en\/wp-json\/wp\/v2\/types\/post"}],"author":[{"embeddable":true,"href":"https:\/\/www.ebg.de\/en\/wp-json\/wp\/v2\/users\/8"}],"replies":[{"embeddable":true,"href":"https:\/\/www.ebg.de\/en\/wp-json\/wp\/v2\/comments?post=38207"}],"version-history":[{"count":7,"href":"https:\/\/www.ebg.de\/en\/wp-json\/wp\/v2\/posts\/38207\/revisions"}],"predecessor-version":[{"id":38227,"href":"https:\/\/www.ebg.de\/en\/wp-json\/wp\/v2\/posts\/38207\/revisions\/38227"}],"wp:featuredmedia":[{"embeddable":true,"href":"https:\/\/www.ebg.de\/en\/wp-json\/wp\/v2\/media\/38210"}],"wp:attachment":[{"href":"https:\/\/www.ebg.de\/en\/wp-json\/wp\/v2\/media?parent=38207"}],"wp:term":[{"taxonomy":"category","embeddable":true,"href":"https:\/\/www.ebg.de\/en\/wp-json\/wp\/v2\/categories?post=38207"},{"taxonomy":"post_tag","embeddable":true,"href":"https:\/\/www.ebg.de\/en\/wp-json\/wp\/v2\/tags?post=38207"}],"curies":[{"name":"wp","href":"https:\/\/api.w.org\/{rel}","templated":true}]}}