{"id":38129,"date":"2024-10-09T08:32:31","date_gmt":"2024-10-09T06:32:31","guid":{"rendered":"https:\/\/www.ebg.de\/?p=38129"},"modified":"2024-10-09T08:43:34","modified_gmt":"2024-10-09T06:43:34","slug":"zurkunftsorientiertes-engagement-in-der-slowakei-mitgliederversammlung-der-europaeischen-bildungswerke","status":"publish","type":"post","link":"https:\/\/www.ebg.de\/en\/zurkunftsorientiertes-engagement-in-der-slowakei-mitgliederversammlung-der-europaeischen-bildungswerke\/","title":{"rendered":"zukunftsorientiertes Engagement in der Slowakei: Mitgliederversammlung der Europ\u00e4ischen Bildungswerke"},"content":{"rendered":"\n<p>Neben unseren Aktivit\u00e4ten in Deutschland sind die Europ\u00e4ischen Bildungswerke f\u00fcr Beruf und Gesellschaft auch in der charmanten Slowakischen Republik stark engagiert. Zu unserem internationalen Netzwerk geh\u00f6ren unter anderen drei private Fachmittelschulen: in der Mittleslowakei Brezno, \u017diar nad Hronom und der Ostslowakei Hummene sowie zwei Kindereinrichtungen, die ebenfalls zur Bildung der n\u00e4chsten Generation beitragen.<\/p>\n\n\n\n<p>Die diesj\u00e4hrige Mitgliederversammlung fand in der pulsierenden Hauptstadt Bratislava statt, in der wir die freundlichen R\u00e4umlichkeiten der Deutsch-Slowakischen Auslandshandelskammer nutzen durften.<\/p>\n\n\n\n<p>Zu Beginn der Versammlung wurden die Mitglieder und Schulleiter \u00fcber aktuelle politische und wirtschaftliche Entwicklungen in der Slowakei informiert.<\/p>\n\n\n\n<figure class=\"wp-block-gallery has-nested-images columns-default is-cropped wp-block-gallery-1 is-layout-flex wp-block-gallery-is-layout-flex\">\n<figure class=\"wp-block-image size-large\"><img loading=\"lazy\" decoding=\"async\" width=\"1024\" height=\"683\" data-id=\"38137\" src=\"https:\/\/www.ebg.de\/wp-content\/uploads\/2024\/10\/IMG_0837-1024x683.jpg\" alt=\"\" class=\"wp-image-38137\" srcset=\"https:\/\/www.ebg.de\/wp-content\/uploads\/2024\/10\/IMG_0837-1024x683.jpg 1024w, https:\/\/www.ebg.de\/wp-content\/uploads\/2024\/10\/IMG_0837-300x200.jpg 300w, https:\/\/www.ebg.de\/wp-content\/uploads\/2024\/10\/IMG_0837-768x512.jpg 768w, https:\/\/www.ebg.de\/wp-content\/uploads\/2024\/10\/IMG_0837-1536x1024.jpg 1536w, https:\/\/www.ebg.de\/wp-content\/uploads\/2024\/10\/IMG_0837-2048x1365.jpg 2048w, https:\/\/www.ebg.de\/wp-content\/uploads\/2024\/10\/IMG_0837-900x600.jpg 900w, https:\/\/www.ebg.de\/wp-content\/uploads\/2024\/10\/IMG_0837-1200x800.jpg 1200w\" sizes=\"auto, (max-width: 1024px) 100vw, 1024px\" \/><\/figure>\n\n\n\n<figure class=\"wp-block-image size-large\"><img loading=\"lazy\" decoding=\"async\" width=\"1024\" height=\"683\" data-id=\"38133\" src=\"https:\/\/www.ebg.de\/wp-content\/uploads\/2024\/10\/IMG_0541-1024x683.jpg\" alt=\"\" class=\"wp-image-38133\" srcset=\"https:\/\/www.ebg.de\/wp-content\/uploads\/2024\/10\/IMG_0541-1024x683.jpg 1024w, https:\/\/www.ebg.de\/wp-content\/uploads\/2024\/10\/IMG_0541-300x200.jpg 300w, https:\/\/www.ebg.de\/wp-content\/uploads\/2024\/10\/IMG_0541-768x512.jpg 768w, https:\/\/www.ebg.de\/wp-content\/uploads\/2024\/10\/IMG_0541-1536x1024.jpg 1536w, https:\/\/www.ebg.de\/wp-content\/uploads\/2024\/10\/IMG_0541-2048x1365.jpg 2048w, https:\/\/www.ebg.de\/wp-content\/uploads\/2024\/10\/IMG_0541-900x600.jpg 900w, https:\/\/www.ebg.de\/wp-content\/uploads\/2024\/10\/IMG_0541-1200x800.jpg 1200w\" sizes=\"auto, (max-width: 1024px) 100vw, 1024px\" \/><\/figure>\n\n\n\n<figure class=\"wp-block-image size-large\"><img loading=\"lazy\" decoding=\"async\" width=\"1024\" height=\"729\" data-id=\"38135\" src=\"https:\/\/www.ebg.de\/wp-content\/uploads\/2024\/10\/IMG_0561-1024x729.jpg\" alt=\"\" class=\"wp-image-38135\" srcset=\"https:\/\/www.ebg.de\/wp-content\/uploads\/2024\/10\/IMG_0561-1024x729.jpg 1024w, https:\/\/www.ebg.de\/wp-content\/uploads\/2024\/10\/IMG_0561-300x213.jpg 300w, https:\/\/www.ebg.de\/wp-content\/uploads\/2024\/10\/IMG_0561-768x546.jpg 768w, https:\/\/www.ebg.de\/wp-content\/uploads\/2024\/10\/IMG_0561-1536x1093.jpg 1536w, https:\/\/www.ebg.de\/wp-content\/uploads\/2024\/10\/IMG_0561-2048x1457.jpg 2048w, https:\/\/www.ebg.de\/wp-content\/uploads\/2024\/10\/IMG_0561-900x640.jpg 900w, https:\/\/www.ebg.de\/wp-content\/uploads\/2024\/10\/IMG_0561-1200x854.jpg 1200w\" sizes=\"auto, (max-width: 1024px) 100vw, 1024px\" \/><\/figure>\n\n\n\n<figure class=\"wp-block-image size-large\"><img loading=\"lazy\" decoding=\"async\" width=\"1024\" height=\"776\" data-id=\"38131\" src=\"https:\/\/www.ebg.de\/wp-content\/uploads\/2024\/10\/IMG_0578-1024x776.jpg\" alt=\"\" class=\"wp-image-38131\" srcset=\"https:\/\/www.ebg.de\/wp-content\/uploads\/2024\/10\/IMG_0578-1024x776.jpg 1024w, https:\/\/www.ebg.de\/wp-content\/uploads\/2024\/10\/IMG_0578-300x227.jpg 300w, https:\/\/www.ebg.de\/wp-content\/uploads\/2024\/10\/IMG_0578-768x582.jpg 768w, https:\/\/www.ebg.de\/wp-content\/uploads\/2024\/10\/IMG_0578-1536x1164.jpg 1536w, https:\/\/www.ebg.de\/wp-content\/uploads\/2024\/10\/IMG_0578-2048x1552.jpg 2048w, https:\/\/www.ebg.de\/wp-content\/uploads\/2024\/10\/IMG_0578-900x682.jpg 900w, https:\/\/www.ebg.de\/wp-content\/uploads\/2024\/10\/IMG_0578-1200x909.jpg 1200w\" sizes=\"auto, (max-width: 1024px) 100vw, 1024px\" \/><\/figure>\n\n\n\n<figure class=\"wp-block-image size-large\"><img loading=\"lazy\" decoding=\"async\" width=\"1024\" height=\"584\" data-id=\"38130\" src=\"https:\/\/www.ebg.de\/wp-content\/uploads\/2024\/10\/IMG_0586-1024x584.jpg\" alt=\"\" class=\"wp-image-38130\" srcset=\"https:\/\/www.ebg.de\/wp-content\/uploads\/2024\/10\/IMG_0586-1024x584.jpg 1024w, https:\/\/www.ebg.de\/wp-content\/uploads\/2024\/10\/IMG_0586-300x171.jpg 300w, https:\/\/www.ebg.de\/wp-content\/uploads\/2024\/10\/IMG_0586-768x438.jpg 768w, https:\/\/www.ebg.de\/wp-content\/uploads\/2024\/10\/IMG_0586-1536x876.jpg 1536w, https:\/\/www.ebg.de\/wp-content\/uploads\/2024\/10\/IMG_0586-2048x1168.jpg 2048w, https:\/\/www.ebg.de\/wp-content\/uploads\/2024\/10\/IMG_0586-900x513.jpg 900w, https:\/\/www.ebg.de\/wp-content\/uploads\/2024\/10\/IMG_0586-1200x685.jpg 1200w\" sizes=\"auto, (max-width: 1024px) 100vw, 1024px\" \/><\/figure>\n<\/figure>\n\n\n\n<p><\/p>\n\n\n\n<p>Ein H\u00f6hepunkt war die Vorstellung unserer Projekte beim neuen Deutschen Botschafter, Herrn Dr. Thomas Kurz. Er erkl\u00e4rte sich spontan bereit, die Schirmherrschaft f\u00fcr ein gemeinsames Projekt des EBG Deutschland &amp; Slowakei, in Zusammenarbeit mit dem Volksbund Deutsche Kriegsgr\u00e4berf\u00fcrsorge, zu \u00fcbernehmen. Diese Unterst\u00fctzung ist ein wichtiger Schritt f\u00fcr die Vertiefung unserer langj\u00e4hrigen Initiativen in der Region.<\/p>\n\n\n\n<figure class=\"wp-block-image size-large\"><img loading=\"lazy\" decoding=\"async\" width=\"1024\" height=\"683\" src=\"https:\/\/www.ebg.de\/wp-content\/uploads\/2024\/10\/IMG_0663-1024x683.jpg\" alt=\"\" class=\"wp-image-38141\" srcset=\"https:\/\/www.ebg.de\/wp-content\/uploads\/2024\/10\/IMG_0663-1024x683.jpg 1024w, https:\/\/www.ebg.de\/wp-content\/uploads\/2024\/10\/IMG_0663-300x200.jpg 300w, https:\/\/www.ebg.de\/wp-content\/uploads\/2024\/10\/IMG_0663-768x512.jpg 768w, https:\/\/www.ebg.de\/wp-content\/uploads\/2024\/10\/IMG_0663-1536x1024.jpg 1536w, https:\/\/www.ebg.de\/wp-content\/uploads\/2024\/10\/IMG_0663-2048x1365.jpg 2048w, https:\/\/www.ebg.de\/wp-content\/uploads\/2024\/10\/IMG_0663-900x600.jpg 900w, https:\/\/www.ebg.de\/wp-content\/uploads\/2024\/10\/IMG_0663-1200x800.jpg 1200w\" sizes=\"auto, (max-width: 1024px) 100vw, 1024px\" \/><\/figure>\n\n\n\n<figure class=\"wp-block-gallery has-nested-images columns-default is-cropped wp-block-gallery-2 is-layout-flex wp-block-gallery-is-layout-flex\">\n<figure class=\"wp-block-image size-large\"><img loading=\"lazy\" decoding=\"async\" width=\"1024\" height=\"658\" data-id=\"38145\" src=\"https:\/\/www.ebg.de\/wp-content\/uploads\/2024\/10\/IMG_0678-1024x658.jpg\" alt=\"\" class=\"wp-image-38145\" srcset=\"https:\/\/www.ebg.de\/wp-content\/uploads\/2024\/10\/IMG_0678-1024x658.jpg 1024w, https:\/\/www.ebg.de\/wp-content\/uploads\/2024\/10\/IMG_0678-300x193.jpg 300w, https:\/\/www.ebg.de\/wp-content\/uploads\/2024\/10\/IMG_0678-768x494.jpg 768w, https:\/\/www.ebg.de\/wp-content\/uploads\/2024\/10\/IMG_0678-1536x988.jpg 1536w, https:\/\/www.ebg.de\/wp-content\/uploads\/2024\/10\/IMG_0678-2048x1317.jpg 2048w, https:\/\/www.ebg.de\/wp-content\/uploads\/2024\/10\/IMG_0678-900x579.jpg 900w, https:\/\/www.ebg.de\/wp-content\/uploads\/2024\/10\/IMG_0678-1200x772.jpg 1200w\" sizes=\"auto, (max-width: 1024px) 100vw, 1024px\" \/><\/figure>\n\n\n\n<figure class=\"wp-block-image size-large\"><img loading=\"lazy\" decoding=\"async\" width=\"1024\" height=\"628\" data-id=\"38139\" src=\"https:\/\/www.ebg.de\/wp-content\/uploads\/2024\/10\/IMG_0731-1024x628.jpg\" alt=\"\" class=\"wp-image-38139\" srcset=\"https:\/\/www.ebg.de\/wp-content\/uploads\/2024\/10\/IMG_0731-1024x628.jpg 1024w, https:\/\/www.ebg.de\/wp-content\/uploads\/2024\/10\/IMG_0731-300x184.jpg 300w, https:\/\/www.ebg.de\/wp-content\/uploads\/2024\/10\/IMG_0731-768x471.jpg 768w, https:\/\/www.ebg.de\/wp-content\/uploads\/2024\/10\/IMG_0731-1536x942.jpg 1536w, https:\/\/www.ebg.de\/wp-content\/uploads\/2024\/10\/IMG_0731-2048x1256.jpg 2048w, https:\/\/www.ebg.de\/wp-content\/uploads\/2024\/10\/IMG_0731-900x552.jpg 900w, https:\/\/www.ebg.de\/wp-content\/uploads\/2024\/10\/IMG_0731-1200x736.jpg 1200w\" sizes=\"auto, (max-width: 1024px) 100vw, 1024px\" \/><\/figure>\n\n\n\n<figure class=\"wp-block-image size-large\"><img loading=\"lazy\" decoding=\"async\" width=\"1024\" height=\"683\" data-id=\"38143\" src=\"https:\/\/www.ebg.de\/wp-content\/uploads\/2024\/10\/IMG_0744-1024x683.jpg\" alt=\"\" class=\"wp-image-38143\" srcset=\"https:\/\/www.ebg.de\/wp-content\/uploads\/2024\/10\/IMG_0744-1024x683.jpg 1024w, https:\/\/www.ebg.de\/wp-content\/uploads\/2024\/10\/IMG_0744-300x200.jpg 300w, https:\/\/www.ebg.de\/wp-content\/uploads\/2024\/10\/IMG_0744-768x512.jpg 768w, https:\/\/www.ebg.de\/wp-content\/uploads\/2024\/10\/IMG_0744-1536x1024.jpg 1536w, https:\/\/www.ebg.de\/wp-content\/uploads\/2024\/10\/IMG_0744-2048x1365.jpg 2048w, https:\/\/www.ebg.de\/wp-content\/uploads\/2024\/10\/IMG_0744-900x600.jpg 900w, https:\/\/www.ebg.de\/wp-content\/uploads\/2024\/10\/IMG_0744-1200x800.jpg 1200w\" sizes=\"auto, (max-width: 1024px) 100vw, 1024px\" \/><\/figure>\n\n\n\n<figure class=\"wp-block-image size-large\"><img loading=\"lazy\" decoding=\"async\" width=\"1024\" height=\"683\" data-id=\"38149\" src=\"https:\/\/www.ebg.de\/wp-content\/uploads\/2024\/10\/IMG_0748-1024x683.jpg\" alt=\"\" class=\"wp-image-38149\" srcset=\"https:\/\/www.ebg.de\/wp-content\/uploads\/2024\/10\/IMG_0748-1024x683.jpg 1024w, https:\/\/www.ebg.de\/wp-content\/uploads\/2024\/10\/IMG_0748-300x200.jpg 300w, https:\/\/www.ebg.de\/wp-content\/uploads\/2024\/10\/IMG_0748-768x512.jpg 768w, https:\/\/www.ebg.de\/wp-content\/uploads\/2024\/10\/IMG_0748-1536x1024.jpg 1536w, https:\/\/www.ebg.de\/wp-content\/uploads\/2024\/10\/IMG_0748-2048x1365.jpg 2048w, https:\/\/www.ebg.de\/wp-content\/uploads\/2024\/10\/IMG_0748-900x600.jpg 900w, https:\/\/www.ebg.de\/wp-content\/uploads\/2024\/10\/IMG_0748-1200x800.jpg 1200w\" sizes=\"auto, (max-width: 1024px) 100vw, 1024px\" \/><\/figure>\n\n\n\n<figure class=\"wp-block-image size-large\"><img loading=\"lazy\" decoding=\"async\" width=\"1024\" height=\"683\" data-id=\"38147\" src=\"https:\/\/www.ebg.de\/wp-content\/uploads\/2024\/10\/IMG_0793-1024x683.jpg\" alt=\"\" class=\"wp-image-38147\" srcset=\"https:\/\/www.ebg.de\/wp-content\/uploads\/2024\/10\/IMG_0793-1024x683.jpg 1024w, https:\/\/www.ebg.de\/wp-content\/uploads\/2024\/10\/IMG_0793-300x200.jpg 300w, https:\/\/www.ebg.de\/wp-content\/uploads\/2024\/10\/IMG_0793-768x512.jpg 768w, https:\/\/www.ebg.de\/wp-content\/uploads\/2024\/10\/IMG_0793-1536x1024.jpg 1536w, https:\/\/www.ebg.de\/wp-content\/uploads\/2024\/10\/IMG_0793-2048x1365.jpg 2048w, https:\/\/www.ebg.de\/wp-content\/uploads\/2024\/10\/IMG_0793-900x600.jpg 900w, https:\/\/www.ebg.de\/wp-content\/uploads\/2024\/10\/IMG_0793-1200x800.jpg 1200w\" sizes=\"auto, (max-width: 1024px) 100vw, 1024px\" \/><\/figure>\n<\/figure>\n\n\n\n<p> \u00a9 EBG\u00b424<\/p>\n","protected":false},"excerpt":{"rendered":"<p>EBG international II<br \/>\nEBG medzin\u00e1rodn\u00e9<\/p>\n","protected":false},"author":22,"featured_media":38151,"comment_status":"closed","ping_status":"closed","sticky":false,"template":"","format":"standard","meta":{"_acf_changed":false,"footnotes":"[]"},"categories":[22],"tags":[95,78,107,193,194,186],"class_list":["post-38129","post","type-post","status-publish","format-standard","has-post-thumbnail","hentry","category-news-gf","tag-ausbildung","tag-ebg","tag-europaeisches-bildungswerk","tag-international","tag-schulen","tag-slowakei"],"acf":[],"yoast_head":"<!-- This site is optimized with the Yoast SEO plugin v26.9 - https:\/\/yoast.com\/product\/yoast-seo-wordpress\/ -->\n<title>zukunftsorientiertes Engagement in der Slowakei: Mitgliederversammlung der Europ\u00e4ischen Bildungswerke<\/title>\n<meta name=\"description\" content=\"\u00dcber 300 Personen erlebten im historischen Freylinghausen-Saal in Halle am 31.7.2024 in sehr festlicher Atmosph\u00e4re die Feierstunden.\" \/>\n<meta name=\"robots\" content=\"index, follow, max-snippet:-1, max-image-preview:large, max-video-preview:-1\" \/>\n<link rel=\"canonical\" href=\"https:\/\/www.ebg.de\/zurkunftsorientiertes-engagement-in-der-slowakei-mitgliederversammlung-der-europaeischen-bildungswerke\/\" \/>\n<meta property=\"og:locale\" content=\"en_US\" \/>\n<meta property=\"og:type\" content=\"article\" \/>\n<meta property=\"og:title\" content=\"zukunftsorientiertes Engagement in der Slowakei: Mitgliederversammlung der Europ\u00e4ischen Bildungswerke\" \/>\n<meta property=\"og:description\" content=\"\u00dcber 300 Personen erlebten im historischen Freylinghausen-Saal in Halle am 31.7.2024 in sehr festlicher Atmosph\u00e4re die Feierstunden.\" \/>\n<meta property=\"og:url\" content=\"https:\/\/www.ebg.de\/zurkunftsorientiertes-engagement-in-der-slowakei-mitgliederversammlung-der-europaeischen-bildungswerke\/\" \/>\n<meta property=\"og:site_name\" content=\"Europ\u00e4isches Bildungswerk f\u00fcr Beruf und Gesellschaft\" \/>\n<meta property=\"article:published_time\" content=\"2024-10-09T06:32:31+00:00\" \/>\n<meta property=\"article:modified_time\" content=\"2024-10-09T06:43:34+00:00\" \/>\n<meta property=\"og:image\" content=\"https:\/\/www.ebg.de\/wp-content\/uploads\/2024\/10\/IMG_0825-scaled.jpg\" \/>\n\t<meta property=\"og:image:width\" content=\"2560\" \/>\n\t<meta property=\"og:image:height\" content=\"1707\" \/>\n\t<meta property=\"og:image:type\" content=\"image\/jpeg\" \/>\n<meta name=\"author\" content=\"Stephan Deubner\" \/>\n<meta name=\"twitter:card\" content=\"summary_large_image\" \/>\n<meta name=\"twitter:label1\" content=\"Written by\" \/>\n\t<meta name=\"twitter:data1\" content=\"Stephan Deubner\" \/>\n\t<meta name=\"twitter:label2\" content=\"Est. reading time\" \/>\n\t<meta name=\"twitter:data2\" content=\"4 minutes\" \/>\n<!-- \/ Yoast SEO plugin. -->","yoast_head_json":{"title":"zukunftsorientiertes Engagement in der Slowakei: Mitgliederversammlung der Europ\u00e4ischen Bildungswerke","description":"\u00dcber 300 Personen erlebten im historischen Freylinghausen-Saal in Halle am 31.7.2024 in sehr festlicher Atmosph\u00e4re die Feierstunden.","robots":{"index":"index","follow":"follow","max-snippet":"max-snippet:-1","max-image-preview":"max-image-preview:large","max-video-preview":"max-video-preview:-1"},"canonical":"https:\/\/www.ebg.de\/zurkunftsorientiertes-engagement-in-der-slowakei-mitgliederversammlung-der-europaeischen-bildungswerke\/","og_locale":"en_US","og_type":"article","og_title":"zukunftsorientiertes Engagement in der Slowakei: Mitgliederversammlung der Europ\u00e4ischen Bildungswerke","og_description":"\u00dcber 300 Personen erlebten im historischen Freylinghausen-Saal in Halle am 31.7.2024 in sehr festlicher Atmosph\u00e4re die Feierstunden.","og_url":"https:\/\/www.ebg.de\/zurkunftsorientiertes-engagement-in-der-slowakei-mitgliederversammlung-der-europaeischen-bildungswerke\/","og_site_name":"Europ\u00e4isches Bildungswerk f\u00fcr Beruf und Gesellschaft","article_published_time":"2024-10-09T06:32:31+00:00","article_modified_time":"2024-10-09T06:43:34+00:00","og_image":[{"width":2560,"height":1707,"url":"https:\/\/www.ebg.de\/wp-content\/uploads\/2024\/10\/IMG_0825-scaled.jpg","type":"image\/jpeg"}],"author":"Stephan Deubner","twitter_card":"summary_large_image","twitter_misc":{"Written by":"Stephan Deubner","Est. reading time":"4 minutes"},"schema":{"@context":"https:\/\/schema.org","@graph":[{"@type":"Article","@id":"https:\/\/www.ebg.de\/zurkunftsorientiertes-engagement-in-der-slowakei-mitgliederversammlung-der-europaeischen-bildungswerke\/#article","isPartOf":{"@id":"https:\/\/www.ebg.de\/zurkunftsorientiertes-engagement-in-der-slowakei-mitgliederversammlung-der-europaeischen-bildungswerke\/"},"author":{"name":"Stephan Deubner","@id":"https:\/\/www.ebg.de\/#\/schema\/person\/af645ea1741029d9a44ae532ceb268bc"},"headline":"zukunftsorientiertes Engagement in der Slowakei: Mitgliederversammlung der Europ\u00e4ischen Bildungswerke","datePublished":"2024-10-09T06:32:31+00:00","dateModified":"2024-10-09T06:43:34+00:00","mainEntityOfPage":{"@id":"https:\/\/www.ebg.de\/zurkunftsorientiertes-engagement-in-der-slowakei-mitgliederversammlung-der-europaeischen-bildungswerke\/"},"wordCount":174,"image":{"@id":"https:\/\/www.ebg.de\/zurkunftsorientiertes-engagement-in-der-slowakei-mitgliederversammlung-der-europaeischen-bildungswerke\/#primaryimage"},"thumbnailUrl":"https:\/\/www.ebg.de\/wp-content\/uploads\/2024\/10\/IMG_0825-scaled.jpg","keywords":["Ausbildung","EBG","Europ\u00e4isches Bildungswerk","international","Schulen","Slowakei"],"articleSection":["News-GF"],"inLanguage":"en-US"},{"@type":"WebPage","@id":"https:\/\/www.ebg.de\/zurkunftsorientiertes-engagement-in-der-slowakei-mitgliederversammlung-der-europaeischen-bildungswerke\/","url":"https:\/\/www.ebg.de\/zurkunftsorientiertes-engagement-in-der-slowakei-mitgliederversammlung-der-europaeischen-bildungswerke\/","name":"zukunftsorientiertes Engagement in der Slowakei: Mitgliederversammlung der Europ\u00e4ischen Bildungswerke","isPartOf":{"@id":"https:\/\/www.ebg.de\/#website"},"primaryImageOfPage":{"@id":"https:\/\/www.ebg.de\/zurkunftsorientiertes-engagement-in-der-slowakei-mitgliederversammlung-der-europaeischen-bildungswerke\/#primaryimage"},"image":{"@id":"https:\/\/www.ebg.de\/zurkunftsorientiertes-engagement-in-der-slowakei-mitgliederversammlung-der-europaeischen-bildungswerke\/#primaryimage"},"thumbnailUrl":"https:\/\/www.ebg.de\/wp-content\/uploads\/2024\/10\/IMG_0825-scaled.jpg","datePublished":"2024-10-09T06:32:31+00:00","dateModified":"2024-10-09T06:43:34+00:00","author":{"@id":"https:\/\/www.ebg.de\/#\/schema\/person\/af645ea1741029d9a44ae532ceb268bc"},"description":"\u00dcber 300 Personen erlebten im historischen Freylinghausen-Saal in Halle am 31.7.2024 in sehr festlicher Atmosph\u00e4re die Feierstunden.","breadcrumb":{"@id":"https:\/\/www.ebg.de\/zurkunftsorientiertes-engagement-in-der-slowakei-mitgliederversammlung-der-europaeischen-bildungswerke\/#breadcrumb"},"inLanguage":"en-US","potentialAction":[{"@type":"ReadAction","target":["https:\/\/www.ebg.de\/zurkunftsorientiertes-engagement-in-der-slowakei-mitgliederversammlung-der-europaeischen-bildungswerke\/"]}]},{"@type":"ImageObject","inLanguage":"en-US","@id":"https:\/\/www.ebg.de\/zurkunftsorientiertes-engagement-in-der-slowakei-mitgliederversammlung-der-europaeischen-bildungswerke\/#primaryimage","url":"https:\/\/www.ebg.de\/wp-content\/uploads\/2024\/10\/IMG_0825-scaled.jpg","contentUrl":"https:\/\/www.ebg.de\/wp-content\/uploads\/2024\/10\/IMG_0825-scaled.jpg","width":2560,"height":1707},{"@type":"BreadcrumbList","@id":"https:\/\/www.ebg.de\/zurkunftsorientiertes-engagement-in-der-slowakei-mitgliederversammlung-der-europaeischen-bildungswerke\/#breadcrumb","itemListElement":[{"@type":"ListItem","position":1,"name":"Startseite","item":"https:\/\/www.ebg.de\/"},{"@type":"ListItem","position":2,"name":"zukunftsorientiertes Engagement in der Slowakei: Mitgliederversammlung der Europ\u00e4ischen Bildungswerke"}]},{"@type":"WebSite","@id":"https:\/\/www.ebg.de\/#website","url":"https:\/\/www.ebg.de\/","name":"Europ\u00e4isches Bildungswerk f\u00fcr Beruf und Gesellschaft","description":"Bildung, Ausbildung und Weiterbildung","potentialAction":[{"@type":"SearchAction","target":{"@type":"EntryPoint","urlTemplate":"https:\/\/www.ebg.de\/?s={search_term_string}"},"query-input":{"@type":"PropertyValueSpecification","valueRequired":true,"valueName":"search_term_string"}}],"inLanguage":"en-US"},{"@type":"Person","@id":"https:\/\/www.ebg.de\/#\/schema\/person\/af645ea1741029d9a44ae532ceb268bc","name":"Stephan Deubner","image":{"@type":"ImageObject","inLanguage":"en-US","@id":"https:\/\/www.ebg.de\/#\/schema\/person\/image\/","url":"https:\/\/secure.gravatar.com\/avatar\/35731f6a08afa0518c45f153077f6135c0f41aa2ae0b76e850ef9508976a7bbe?s=96&d=mm&r=g","contentUrl":"https:\/\/secure.gravatar.com\/avatar\/35731f6a08afa0518c45f153077f6135c0f41aa2ae0b76e850ef9508976a7bbe?s=96&d=mm&r=g","caption":"Stephan Deubner"},"url":"https:\/\/www.ebg.de\/en\/author\/sdeubner\/"}]}},"_links":{"self":[{"href":"https:\/\/www.ebg.de\/en\/wp-json\/wp\/v2\/posts\/38129","targetHints":{"allow":["GET"]}}],"collection":[{"href":"https:\/\/www.ebg.de\/en\/wp-json\/wp\/v2\/posts"}],"about":[{"href":"https:\/\/www.ebg.de\/en\/wp-json\/wp\/v2\/types\/post"}],"author":[{"embeddable":true,"href":"https:\/\/www.ebg.de\/en\/wp-json\/wp\/v2\/users\/22"}],"replies":[{"embeddable":true,"href":"https:\/\/www.ebg.de\/en\/wp-json\/wp\/v2\/comments?post=38129"}],"version-history":[{"count":3,"href":"https:\/\/www.ebg.de\/en\/wp-json\/wp\/v2\/posts\/38129\/revisions"}],"predecessor-version":[{"id":38155,"href":"https:\/\/www.ebg.de\/en\/wp-json\/wp\/v2\/posts\/38129\/revisions\/38155"}],"wp:featuredmedia":[{"embeddable":true,"href":"https:\/\/www.ebg.de\/en\/wp-json\/wp\/v2\/media\/38151"}],"wp:attachment":[{"href":"https:\/\/www.ebg.de\/en\/wp-json\/wp\/v2\/media?parent=38129"}],"wp:term":[{"taxonomy":"category","embeddable":true,"href":"https:\/\/www.ebg.de\/en\/wp-json\/wp\/v2\/categories?post=38129"},{"taxonomy":"post_tag","embeddable":true,"href":"https:\/\/www.ebg.de\/en\/wp-json\/wp\/v2\/tags?post=38129"}],"curies":[{"name":"wp","href":"https:\/\/api.w.org\/{rel}","templated":true}]}}