{"id":38124,"date":"2024-09-23T14:02:23","date_gmt":"2024-09-23T12:02:23","guid":{"rendered":"https:\/\/www.ebg.de\/?p=38124"},"modified":"2025-04-28T12:49:25","modified_gmt":"2025-04-28T10:49:25","slug":"weltkindertag-2024","status":"publish","type":"post","link":"https:\/\/www.ebg.de\/en\/weltkindertag-2024\/","title":{"rendered":"Weltkindertag 2024"},"content":{"rendered":"<p class=\"p1\">Am 20.09.2024 betreuten die Vollzeit-Erzieherklassen 2023 und 2024 verschiedene Stationen in der KITA am Holl\u00e4nder. Angeboten wurden beispielsweise das Gestalten von Wollk\u00fcrbissen, ein Weltkartenspiel oder Kinderschminken. Danke sch\u00f6n f\u00fcr die tolle Kooperation!<\/p>\n","protected":false},"excerpt":{"rendered":"<p>Weltkindertag 2024<\/p>\n","protected":false},"author":8,"featured_media":38114,"comment_status":"closed","ping_status":"closed","sticky":false,"template":"","format":"standard","meta":{"_acf_changed":false,"footnotes":""},"categories":[30],"tags":[],"class_list":["post-38124","post","type-post","status-publish","format-standard","has-post-thumbnail","hentry","category-news-naumburg-schulen"],"acf":[],"yoast_head":"<!-- This site is optimized with the Yoast SEO plugin v26.9 - https:\/\/yoast.com\/product\/yoast-seo-wordpress\/ -->\n<title>Weltkindertag 2024 - Europ\u00e4isches Bildungswerk f\u00fcr Beruf und Gesellschaft<\/title>\n<meta name=\"description\" content=\"Weltkindertag 2024\" \/>\n<meta name=\"robots\" content=\"index, follow, max-snippet:-1, max-image-preview:large, max-video-preview:-1\" \/>\n<link rel=\"canonical\" href=\"https:\/\/www.ebg.de\/weltkindertag-2024\/\" \/>\n<meta property=\"og:locale\" content=\"en_US\" \/>\n<meta property=\"og:type\" content=\"article\" \/>\n<meta property=\"og:title\" content=\"Weltkindertag 2024 - Europ\u00e4isches Bildungswerk f\u00fcr Beruf und Gesellschaft\" \/>\n<meta property=\"og:description\" content=\"Weltkindertag 2024\" \/>\n<meta property=\"og:url\" content=\"https:\/\/www.ebg.de\/weltkindertag-2024\/\" \/>\n<meta property=\"og:site_name\" content=\"Europ\u00e4isches Bildungswerk f\u00fcr Beruf und Gesellschaft\" \/>\n<meta property=\"article:published_time\" content=\"2024-09-23T12:02:23+00:00\" \/>\n<meta property=\"article:modified_time\" content=\"2025-04-28T10:49:25+00:00\" \/>\n<meta property=\"og:image\" content=\"https:\/\/www.ebg.de\/wp-content\/uploads\/2024\/10\/nbg-web-24-09-24.jpg\" \/>\n\t<meta property=\"og:image:width\" content=\"900\" \/>\n\t<meta property=\"og:image:height\" content=\"450\" \/>\n\t<meta property=\"og:image:type\" content=\"image\/jpeg\" \/>\n<meta name=\"author\" content=\"Christiane Selbig\" \/>\n<meta name=\"twitter:card\" content=\"summary_large_image\" \/>\n<meta name=\"twitter:label1\" content=\"Written by\" \/>\n\t<meta name=\"twitter:data1\" content=\"Christiane Selbig\" \/>\n\t<meta name=\"twitter:label2\" content=\"Est. reading time\" \/>\n\t<meta name=\"twitter:data2\" content=\"1 minute\" \/>\n<!-- \/ Yoast SEO plugin. -->","yoast_head_json":{"title":"Weltkindertag 2024 - Europ\u00e4isches Bildungswerk f\u00fcr Beruf und Gesellschaft","description":"Weltkindertag 2024","robots":{"index":"index","follow":"follow","max-snippet":"max-snippet:-1","max-image-preview":"max-image-preview:large","max-video-preview":"max-video-preview:-1"},"canonical":"https:\/\/www.ebg.de\/weltkindertag-2024\/","og_locale":"en_US","og_type":"article","og_title":"Weltkindertag 2024 - Europ\u00e4isches Bildungswerk f\u00fcr Beruf und Gesellschaft","og_description":"Weltkindertag 2024","og_url":"https:\/\/www.ebg.de\/weltkindertag-2024\/","og_site_name":"Europ\u00e4isches Bildungswerk f\u00fcr Beruf und Gesellschaft","article_published_time":"2024-09-23T12:02:23+00:00","article_modified_time":"2025-04-28T10:49:25+00:00","og_image":[{"width":900,"height":450,"url":"https:\/\/www.ebg.de\/wp-content\/uploads\/2024\/10\/nbg-web-24-09-24.jpg","type":"image\/jpeg"}],"author":"Christiane Selbig","twitter_card":"summary_large_image","twitter_misc":{"Written by":"Christiane Selbig","Est. reading time":"1 minute"},"schema":{"@context":"https:\/\/schema.org","@graph":[{"@type":"Article","@id":"https:\/\/www.ebg.de\/weltkindertag-2024\/#article","isPartOf":{"@id":"https:\/\/www.ebg.de\/weltkindertag-2024\/"},"author":{"name":"Christiane Selbig","@id":"https:\/\/www.ebg.de\/#\/schema\/person\/841de16928f485ad75bab4e688fe3436"},"headline":"Weltkindertag 2024","datePublished":"2024-09-23T12:02:23+00:00","dateModified":"2025-04-28T10:49:25+00:00","mainEntityOfPage":{"@id":"https:\/\/www.ebg.de\/weltkindertag-2024\/"},"wordCount":34,"image":{"@id":"https:\/\/www.ebg.de\/weltkindertag-2024\/#primaryimage"},"thumbnailUrl":"https:\/\/www.ebg.de\/wp-content\/uploads\/2024\/10\/nbg-web-24-09-24.jpg","articleSection":["News - Naumburg Schulen"],"inLanguage":"en-US"},{"@type":"WebPage","@id":"https:\/\/www.ebg.de\/weltkindertag-2024\/","url":"https:\/\/www.ebg.de\/weltkindertag-2024\/","name":"Weltkindertag 2024 - Europ\u00e4isches Bildungswerk f\u00fcr Beruf und Gesellschaft","isPartOf":{"@id":"https:\/\/www.ebg.de\/#website"},"primaryImageOfPage":{"@id":"https:\/\/www.ebg.de\/weltkindertag-2024\/#primaryimage"},"image":{"@id":"https:\/\/www.ebg.de\/weltkindertag-2024\/#primaryimage"},"thumbnailUrl":"https:\/\/www.ebg.de\/wp-content\/uploads\/2024\/10\/nbg-web-24-09-24.jpg","datePublished":"2024-09-23T12:02:23+00:00","dateModified":"2025-04-28T10:49:25+00:00","author":{"@id":"https:\/\/www.ebg.de\/#\/schema\/person\/841de16928f485ad75bab4e688fe3436"},"description":"Weltkindertag 2024","breadcrumb":{"@id":"https:\/\/www.ebg.de\/weltkindertag-2024\/#breadcrumb"},"inLanguage":"en-US","potentialAction":[{"@type":"ReadAction","target":["https:\/\/www.ebg.de\/weltkindertag-2024\/"]}]},{"@type":"ImageObject","inLanguage":"en-US","@id":"https:\/\/www.ebg.de\/weltkindertag-2024\/#primaryimage","url":"https:\/\/www.ebg.de\/wp-content\/uploads\/2024\/10\/nbg-web-24-09-24.jpg","contentUrl":"https:\/\/www.ebg.de\/wp-content\/uploads\/2024\/10\/nbg-web-24-09-24.jpg","width":900,"height":450,"caption":"Keyvisual Blogbeitrag Weltkindertag"},{"@type":"BreadcrumbList","@id":"https:\/\/www.ebg.de\/weltkindertag-2024\/#breadcrumb","itemListElement":[{"@type":"ListItem","position":1,"name":"Startseite","item":"https:\/\/www.ebg.de\/"},{"@type":"ListItem","position":2,"name":"Weltkindertag 2024"}]},{"@type":"WebSite","@id":"https:\/\/www.ebg.de\/#website","url":"https:\/\/www.ebg.de\/","name":"Europ\u00e4isches Bildungswerk f\u00fcr Beruf und Gesellschaft","description":"Bildung, Ausbildung und Weiterbildung","potentialAction":[{"@type":"SearchAction","target":{"@type":"EntryPoint","urlTemplate":"https:\/\/www.ebg.de\/?s={search_term_string}"},"query-input":{"@type":"PropertyValueSpecification","valueRequired":true,"valueName":"search_term_string"}}],"inLanguage":"en-US"},{"@type":"Person","@id":"https:\/\/www.ebg.de\/#\/schema\/person\/841de16928f485ad75bab4e688fe3436","name":"Christiane Selbig","image":{"@type":"ImageObject","inLanguage":"en-US","@id":"https:\/\/www.ebg.de\/#\/schema\/person\/image\/","url":"https:\/\/secure.gravatar.com\/avatar\/2cc1d2ea88bd46e448d57ac18ac9f028486b7c08a90951b9d99326eeec001739?s=96&d=mm&r=g","contentUrl":"https:\/\/secure.gravatar.com\/avatar\/2cc1d2ea88bd46e448d57ac18ac9f028486b7c08a90951b9d99326eeec001739?s=96&d=mm&r=g","caption":"Christiane Selbig"},"url":"https:\/\/www.ebg.de\/en\/author\/cselbig\/"}]}},"_links":{"self":[{"href":"https:\/\/www.ebg.de\/en\/wp-json\/wp\/v2\/posts\/38124","targetHints":{"allow":["GET"]}}],"collection":[{"href":"https:\/\/www.ebg.de\/en\/wp-json\/wp\/v2\/posts"}],"about":[{"href":"https:\/\/www.ebg.de\/en\/wp-json\/wp\/v2\/types\/post"}],"author":[{"embeddable":true,"href":"https:\/\/www.ebg.de\/en\/wp-json\/wp\/v2\/users\/8"}],"replies":[{"embeddable":true,"href":"https:\/\/www.ebg.de\/en\/wp-json\/wp\/v2\/comments?post=38124"}],"version-history":[{"count":1,"href":"https:\/\/www.ebg.de\/en\/wp-json\/wp\/v2\/posts\/38124\/revisions"}],"predecessor-version":[{"id":38126,"href":"https:\/\/www.ebg.de\/en\/wp-json\/wp\/v2\/posts\/38124\/revisions\/38126"}],"wp:featuredmedia":[{"embeddable":true,"href":"https:\/\/www.ebg.de\/en\/wp-json\/wp\/v2\/media\/38114"}],"wp:attachment":[{"href":"https:\/\/www.ebg.de\/en\/wp-json\/wp\/v2\/media?parent=38124"}],"wp:term":[{"taxonomy":"category","embeddable":true,"href":"https:\/\/www.ebg.de\/en\/wp-json\/wp\/v2\/categories?post=38124"},{"taxonomy":"post_tag","embeddable":true,"href":"https:\/\/www.ebg.de\/en\/wp-json\/wp\/v2\/tags?post=38124"}],"curies":[{"name":"wp","href":"https:\/\/api.w.org\/{rel}","templated":true}]}}