{"id":3804,"date":"2019-04-10T08:06:13","date_gmt":"2019-04-10T06:06:13","guid":{"rendered":"https:\/\/www.ebg.de\/?p=3804"},"modified":"2019-04-10T08:06:44","modified_gmt":"2019-04-10T06:06:44","slug":"fuehrungskraefteentwicklungsprogramm","status":"publish","type":"post","link":"https:\/\/www.ebg.de\/en\/fuehrungskraefteentwicklungsprogramm\/","title":{"rendered":"F\u00fchrungskr\u00e4fteentwicklung"},"content":{"rendered":"\n<p>Im Rahmen des Fach- und F\u00fchrungskr\u00e4fteentwicklungsprogrammes des Europ\u00e4ischen Bildungswerkes fand am 13. M\u00e4rz 2019 in der Pestalozziaula in Magdeburg die feierliche \u00dcbergabe der Zertifikate an insgesamt 13 Teilnehmer statt. Inhalte der vom Aufsichtsrat initiierten Seminare waren unter anderen das Erlernen von Stressmanagement, Controlling sowie didaktische Modelle, Qualit\u00e4tsmanagement und F\u00fchrungstraining.<br><br>Herzlichen Gl\u00fcckwunsch allen Absolventen!<\/p>\n","protected":false},"excerpt":{"rendered":"<p>Absolviert! Das Fach- und F\u00fchrungskr\u00e4fteentwicklungsprogramm des EBG wurde erfolgreich abgeschlossen.<\/p>\n","protected":false},"author":22,"featured_media":3805,"comment_status":"closed","ping_status":"closed","sticky":false,"template":"","format":"standard","meta":{"_acf_changed":false,"footnotes":""},"categories":[22],"tags":[],"class_list":["post-3804","post","type-post","status-publish","format-standard","has-post-thumbnail","hentry","category-news-gf"],"acf":[],"yoast_head":"<!-- This site is optimized with the Yoast SEO plugin v26.9 - https:\/\/yoast.com\/product\/yoast-seo-wordpress\/ -->\n<title>F\u00fchrungskr\u00e4fteentwicklung - Europ\u00e4isches Bildungswerk f\u00fcr Beruf und Gesellschaft<\/title>\n<meta name=\"robots\" content=\"index, follow, max-snippet:-1, max-image-preview:large, max-video-preview:-1\" \/>\n<link rel=\"canonical\" href=\"https:\/\/www.ebg.de\/fuehrungskraefteentwicklungsprogramm\/\" \/>\n<meta property=\"og:locale\" content=\"en_US\" \/>\n<meta property=\"og:type\" content=\"article\" \/>\n<meta property=\"og:title\" content=\"F\u00fchrungskr\u00e4fteentwicklung - Europ\u00e4isches Bildungswerk f\u00fcr Beruf und Gesellschaft\" \/>\n<meta property=\"og:description\" content=\"Absolviert! Das Fach- und F\u00fchrungskr\u00e4fteentwicklungsprogramm des EBG wurde erfolgreich abgeschlossen.\" \/>\n<meta property=\"og:url\" content=\"https:\/\/www.ebg.de\/fuehrungskraefteentwicklungsprogramm\/\" \/>\n<meta property=\"og:site_name\" content=\"Europ\u00e4isches Bildungswerk f\u00fcr Beruf und Gesellschaft\" \/>\n<meta property=\"article:published_time\" content=\"2019-04-10T06:06:13+00:00\" \/>\n<meta property=\"article:modified_time\" content=\"2019-04-10T06:06:44+00:00\" \/>\n<meta property=\"og:image\" content=\"https:\/\/www.ebg.de\/wp-content\/uploads\/2019\/04\/Beitragsbild1.jpg\" \/>\n\t<meta property=\"og:image:width\" content=\"900\" \/>\n\t<meta property=\"og:image:height\" content=\"453\" \/>\n\t<meta property=\"og:image:type\" content=\"image\/jpeg\" \/>\n<meta name=\"author\" content=\"Stephan Deubner\" \/>\n<meta name=\"twitter:card\" content=\"summary_large_image\" \/>\n<meta name=\"twitter:label1\" content=\"Written by\" \/>\n\t<meta name=\"twitter:data1\" content=\"Stephan Deubner\" \/>\n<!-- \/ Yoast SEO plugin. -->","yoast_head_json":{"title":"F\u00fchrungskr\u00e4fteentwicklung - Europ\u00e4isches Bildungswerk f\u00fcr Beruf und Gesellschaft","robots":{"index":"index","follow":"follow","max-snippet":"max-snippet:-1","max-image-preview":"max-image-preview:large","max-video-preview":"max-video-preview:-1"},"canonical":"https:\/\/www.ebg.de\/fuehrungskraefteentwicklungsprogramm\/","og_locale":"en_US","og_type":"article","og_title":"F\u00fchrungskr\u00e4fteentwicklung - Europ\u00e4isches Bildungswerk f\u00fcr Beruf und Gesellschaft","og_description":"Absolviert! Das Fach- und F\u00fchrungskr\u00e4fteentwicklungsprogramm des EBG wurde erfolgreich abgeschlossen.","og_url":"https:\/\/www.ebg.de\/fuehrungskraefteentwicklungsprogramm\/","og_site_name":"Europ\u00e4isches Bildungswerk f\u00fcr Beruf und Gesellschaft","article_published_time":"2019-04-10T06:06:13+00:00","article_modified_time":"2019-04-10T06:06:44+00:00","og_image":[{"width":900,"height":453,"url":"https:\/\/www.ebg.de\/wp-content\/uploads\/2019\/04\/Beitragsbild1.jpg","type":"image\/jpeg"}],"author":"Stephan Deubner","twitter_card":"summary_large_image","twitter_misc":{"Written by":"Stephan Deubner"},"schema":{"@context":"https:\/\/schema.org","@graph":[{"@type":"Article","@id":"https:\/\/www.ebg.de\/fuehrungskraefteentwicklungsprogramm\/#article","isPartOf":{"@id":"https:\/\/www.ebg.de\/fuehrungskraefteentwicklungsprogramm\/"},"author":{"name":"Stephan Deubner","@id":"https:\/\/www.ebg.de\/#\/schema\/person\/af645ea1741029d9a44ae532ceb268bc"},"headline":"F\u00fchrungskr\u00e4fteentwicklung","datePublished":"2019-04-10T06:06:13+00:00","dateModified":"2019-04-10T06:06:44+00:00","mainEntityOfPage":{"@id":"https:\/\/www.ebg.de\/fuehrungskraefteentwicklungsprogramm\/"},"wordCount":60,"image":{"@id":"https:\/\/www.ebg.de\/fuehrungskraefteentwicklungsprogramm\/#primaryimage"},"thumbnailUrl":"https:\/\/www.ebg.de\/wp-content\/uploads\/2019\/04\/Beitragsbild1.jpg","articleSection":["News-GF"],"inLanguage":"en-US"},{"@type":"WebPage","@id":"https:\/\/www.ebg.de\/fuehrungskraefteentwicklungsprogramm\/","url":"https:\/\/www.ebg.de\/fuehrungskraefteentwicklungsprogramm\/","name":"F\u00fchrungskr\u00e4fteentwicklung - Europ\u00e4isches Bildungswerk f\u00fcr Beruf und Gesellschaft","isPartOf":{"@id":"https:\/\/www.ebg.de\/#website"},"primaryImageOfPage":{"@id":"https:\/\/www.ebg.de\/fuehrungskraefteentwicklungsprogramm\/#primaryimage"},"image":{"@id":"https:\/\/www.ebg.de\/fuehrungskraefteentwicklungsprogramm\/#primaryimage"},"thumbnailUrl":"https:\/\/www.ebg.de\/wp-content\/uploads\/2019\/04\/Beitragsbild1.jpg","datePublished":"2019-04-10T06:06:13+00:00","dateModified":"2019-04-10T06:06:44+00:00","author":{"@id":"https:\/\/www.ebg.de\/#\/schema\/person\/af645ea1741029d9a44ae532ceb268bc"},"breadcrumb":{"@id":"https:\/\/www.ebg.de\/fuehrungskraefteentwicklungsprogramm\/#breadcrumb"},"inLanguage":"en-US","potentialAction":[{"@type":"ReadAction","target":["https:\/\/www.ebg.de\/fuehrungskraefteentwicklungsprogramm\/"]}]},{"@type":"ImageObject","inLanguage":"en-US","@id":"https:\/\/www.ebg.de\/fuehrungskraefteentwicklungsprogramm\/#primaryimage","url":"https:\/\/www.ebg.de\/wp-content\/uploads\/2019\/04\/Beitragsbild1.jpg","contentUrl":"https:\/\/www.ebg.de\/wp-content\/uploads\/2019\/04\/Beitragsbild1.jpg","width":900,"height":453},{"@type":"BreadcrumbList","@id":"https:\/\/www.ebg.de\/fuehrungskraefteentwicklungsprogramm\/#breadcrumb","itemListElement":[{"@type":"ListItem","position":1,"name":"Startseite","item":"https:\/\/www.ebg.de\/"},{"@type":"ListItem","position":2,"name":"F\u00fchrungskr\u00e4fteentwicklung"}]},{"@type":"WebSite","@id":"https:\/\/www.ebg.de\/#website","url":"https:\/\/www.ebg.de\/","name":"Europ\u00e4isches Bildungswerk f\u00fcr Beruf und Gesellschaft","description":"Bildung, Ausbildung und Weiterbildung","potentialAction":[{"@type":"SearchAction","target":{"@type":"EntryPoint","urlTemplate":"https:\/\/www.ebg.de\/?s={search_term_string}"},"query-input":{"@type":"PropertyValueSpecification","valueRequired":true,"valueName":"search_term_string"}}],"inLanguage":"en-US"},{"@type":"Person","@id":"https:\/\/www.ebg.de\/#\/schema\/person\/af645ea1741029d9a44ae532ceb268bc","name":"Stephan Deubner","image":{"@type":"ImageObject","inLanguage":"en-US","@id":"https:\/\/www.ebg.de\/#\/schema\/person\/image\/","url":"https:\/\/secure.gravatar.com\/avatar\/35731f6a08afa0518c45f153077f6135c0f41aa2ae0b76e850ef9508976a7bbe?s=96&d=mm&r=g","contentUrl":"https:\/\/secure.gravatar.com\/avatar\/35731f6a08afa0518c45f153077f6135c0f41aa2ae0b76e850ef9508976a7bbe?s=96&d=mm&r=g","caption":"Stephan Deubner"},"url":"https:\/\/www.ebg.de\/en\/author\/sdeubner\/"}]}},"_links":{"self":[{"href":"https:\/\/www.ebg.de\/en\/wp-json\/wp\/v2\/posts\/3804","targetHints":{"allow":["GET"]}}],"collection":[{"href":"https:\/\/www.ebg.de\/en\/wp-json\/wp\/v2\/posts"}],"about":[{"href":"https:\/\/www.ebg.de\/en\/wp-json\/wp\/v2\/types\/post"}],"author":[{"embeddable":true,"href":"https:\/\/www.ebg.de\/en\/wp-json\/wp\/v2\/users\/22"}],"replies":[{"embeddable":true,"href":"https:\/\/www.ebg.de\/en\/wp-json\/wp\/v2\/comments?post=3804"}],"version-history":[{"count":4,"href":"https:\/\/www.ebg.de\/en\/wp-json\/wp\/v2\/posts\/3804\/revisions"}],"predecessor-version":[{"id":3810,"href":"https:\/\/www.ebg.de\/en\/wp-json\/wp\/v2\/posts\/3804\/revisions\/3810"}],"wp:featuredmedia":[{"embeddable":true,"href":"https:\/\/www.ebg.de\/en\/wp-json\/wp\/v2\/media\/3805"}],"wp:attachment":[{"href":"https:\/\/www.ebg.de\/en\/wp-json\/wp\/v2\/media?parent=3804"}],"wp:term":[{"taxonomy":"category","embeddable":true,"href":"https:\/\/www.ebg.de\/en\/wp-json\/wp\/v2\/categories?post=3804"},{"taxonomy":"post_tag","embeddable":true,"href":"https:\/\/www.ebg.de\/en\/wp-json\/wp\/v2\/tags?post=3804"}],"curies":[{"name":"wp","href":"https:\/\/api.w.org\/{rel}","templated":true}]}}