{"id":37901,"date":"2024-08-12T11:28:33","date_gmt":"2024-08-12T09:28:33","guid":{"rendered":"https:\/\/www.ebg.de\/?p=37901"},"modified":"2024-08-13T08:06:26","modified_gmt":"2024-08-13T06:06:26","slug":"feierliche-zeugnisuebergabe-am-fbz-halle","status":"publish","type":"post","link":"https:\/\/www.ebg.de\/en\/feierliche-zeugnisuebergabe-am-fbz-halle\/","title":{"rendered":"Feierliche Zeugnis\u00fcbergabe \u00b424 am FBZ Halle"},"content":{"rendered":"\n<p><\/p>\n\n\n\n<p>\u00dcber 300 Personen erlebten im historischen Freylinghausen-Saal der Franckeschen Stiftungen in Halle am 31.7.2024 in sehr festlicher Atmosph\u00e4re die Feierstunde(n), in der \u00fcber 125 Absolventinnen und Absolventen aus 8 Klassen ihre Abschlusszeugnisse erhielten. <\/p>\n\n\n\n<figure class=\"wp-block-gallery has-nested-images columns-default is-cropped wp-block-gallery-1 is-layout-flex wp-block-gallery-is-layout-flex\">\n<figure class=\"wp-block-image size-large\"><img loading=\"lazy\" decoding=\"async\" width=\"1024\" height=\"768\" data-id=\"37905\" src=\"https:\/\/www.ebg.de\/wp-content\/uploads\/2024\/08\/IMG_2098-1024x768.jpg\" alt=\"\" class=\"wp-image-37905\" srcset=\"https:\/\/www.ebg.de\/wp-content\/uploads\/2024\/08\/IMG_2098-1024x768.jpg 1024w, https:\/\/www.ebg.de\/wp-content\/uploads\/2024\/08\/IMG_2098-300x225.jpg 300w, https:\/\/www.ebg.de\/wp-content\/uploads\/2024\/08\/IMG_2098-768x576.jpg 768w, https:\/\/www.ebg.de\/wp-content\/uploads\/2024\/08\/IMG_2098-1536x1152.jpg 1536w, https:\/\/www.ebg.de\/wp-content\/uploads\/2024\/08\/IMG_2098-2048x1536.jpg 2048w, https:\/\/www.ebg.de\/wp-content\/uploads\/2024\/08\/IMG_2098-900x675.jpg 900w, https:\/\/www.ebg.de\/wp-content\/uploads\/2024\/08\/IMG_2098-1200x900.jpg 1200w\" sizes=\"auto, (max-width: 1024px) 100vw, 1024px\" \/><\/figure>\n\n\n\n<figure class=\"wp-block-image size-large\"><img loading=\"lazy\" decoding=\"async\" width=\"1024\" height=\"768\" data-id=\"37907\" src=\"https:\/\/www.ebg.de\/wp-content\/uploads\/2024\/08\/IMG_2256-1024x768.jpg\" alt=\"\" class=\"wp-image-37907\" srcset=\"https:\/\/www.ebg.de\/wp-content\/uploads\/2024\/08\/IMG_2256-1024x768.jpg 1024w, https:\/\/www.ebg.de\/wp-content\/uploads\/2024\/08\/IMG_2256-300x225.jpg 300w, https:\/\/www.ebg.de\/wp-content\/uploads\/2024\/08\/IMG_2256-768x576.jpg 768w, https:\/\/www.ebg.de\/wp-content\/uploads\/2024\/08\/IMG_2256-1536x1152.jpg 1536w, https:\/\/www.ebg.de\/wp-content\/uploads\/2024\/08\/IMG_2256-2048x1536.jpg 2048w, https:\/\/www.ebg.de\/wp-content\/uploads\/2024\/08\/IMG_2256-900x675.jpg 900w, https:\/\/www.ebg.de\/wp-content\/uploads\/2024\/08\/IMG_2256-1200x900.jpg 1200w\" sizes=\"auto, (max-width: 1024px) 100vw, 1024px\" \/><\/figure>\n\n\n\n<figure class=\"wp-block-image size-large\"><img loading=\"lazy\" decoding=\"async\" width=\"1024\" height=\"683\" data-id=\"37909\" src=\"https:\/\/www.ebg.de\/wp-content\/uploads\/2024\/08\/IMG_3495-1024x683.jpg\" alt=\"\" class=\"wp-image-37909\" srcset=\"https:\/\/www.ebg.de\/wp-content\/uploads\/2024\/08\/IMG_3495-1024x683.jpg 1024w, https:\/\/www.ebg.de\/wp-content\/uploads\/2024\/08\/IMG_3495-300x200.jpg 300w, https:\/\/www.ebg.de\/wp-content\/uploads\/2024\/08\/IMG_3495-768x512.jpg 768w, https:\/\/www.ebg.de\/wp-content\/uploads\/2024\/08\/IMG_3495-1536x1024.jpg 1536w, https:\/\/www.ebg.de\/wp-content\/uploads\/2024\/08\/IMG_3495-2048x1365.jpg 2048w, https:\/\/www.ebg.de\/wp-content\/uploads\/2024\/08\/IMG_3495-900x600.jpg 900w, https:\/\/www.ebg.de\/wp-content\/uploads\/2024\/08\/IMG_3495-1200x800.jpg 1200w\" sizes=\"auto, (max-width: 1024px) 100vw, 1024px\" \/><\/figure>\n\n\n\n<figure class=\"wp-block-image size-large\"><img loading=\"lazy\" decoding=\"async\" width=\"1024\" height=\"683\" data-id=\"37911\" src=\"https:\/\/www.ebg.de\/wp-content\/uploads\/2024\/08\/IMG_3553-1024x683.jpg\" alt=\"\" class=\"wp-image-37911\" srcset=\"https:\/\/www.ebg.de\/wp-content\/uploads\/2024\/08\/IMG_3553-1024x683.jpg 1024w, https:\/\/www.ebg.de\/wp-content\/uploads\/2024\/08\/IMG_3553-300x200.jpg 300w, https:\/\/www.ebg.de\/wp-content\/uploads\/2024\/08\/IMG_3553-768x512.jpg 768w, https:\/\/www.ebg.de\/wp-content\/uploads\/2024\/08\/IMG_3553-1536x1024.jpg 1536w, https:\/\/www.ebg.de\/wp-content\/uploads\/2024\/08\/IMG_3553-2048x1365.jpg 2048w, https:\/\/www.ebg.de\/wp-content\/uploads\/2024\/08\/IMG_3553-900x600.jpg 900w, https:\/\/www.ebg.de\/wp-content\/uploads\/2024\/08\/IMG_3553-1200x800.jpg 1200w\" sizes=\"auto, (max-width: 1024px) 100vw, 1024px\" \/><\/figure>\n<\/figure>\n\n\n\n<p>Die FBZ-Leiterin Frau Gumbert und alle 8 Klassenlehrerinnen bzw. Klassenlehrer w\u00fcrdigten die hervorragenden Leistungen und Entwicklungen der Sch\u00fclerinnen und Sch\u00fcler. Sehr emotional waren die Beitr\u00e4ge der Klassen, als sie sich f\u00fcr ihre Ausbildung und die gro\u00dfartige Unterst\u00fctzung bei allen Lehrkr\u00e4ften bedankten. <\/p>\n\n\n\n<figure class=\"wp-block-image size-large\"><img loading=\"lazy\" decoding=\"async\" width=\"1024\" height=\"683\" src=\"https:\/\/www.ebg.de\/wp-content\/uploads\/2024\/08\/IMG_3527-1024x683.jpg\" alt=\"\" class=\"wp-image-37913\" srcset=\"https:\/\/www.ebg.de\/wp-content\/uploads\/2024\/08\/IMG_3527-1024x683.jpg 1024w, https:\/\/www.ebg.de\/wp-content\/uploads\/2024\/08\/IMG_3527-300x200.jpg 300w, https:\/\/www.ebg.de\/wp-content\/uploads\/2024\/08\/IMG_3527-768x512.jpg 768w, https:\/\/www.ebg.de\/wp-content\/uploads\/2024\/08\/IMG_3527-1536x1024.jpg 1536w, https:\/\/www.ebg.de\/wp-content\/uploads\/2024\/08\/IMG_3527-2048x1365.jpg 2048w, https:\/\/www.ebg.de\/wp-content\/uploads\/2024\/08\/IMG_3527-900x600.jpg 900w, https:\/\/www.ebg.de\/wp-content\/uploads\/2024\/08\/IMG_3527-1200x800.jpg 1200w\" sizes=\"auto, (max-width: 1024px) 100vw, 1024px\" \/><\/figure>\n\n\n\n<p>Besonders beeindruckend waren auch die drei Beitr\u00e4ge der EBG-Band , in der diesmal sogar drei Absolventen als K\u00fcnstler auf der B\u00fchne mitwirkten. Vielen Dank allen, die zum guten Gelingen dieser unvergesslichen Feier beigetragen haben.<\/p>\n","protected":false},"excerpt":{"rendered":"<p>\u00dcber 300 Personen erlebten im historischen Freylinghausen-Saal in Halle am 31.7.2024 in sehr festlicher Atmosph\u00e4re die Feierstunden.<\/p>\n","protected":false},"author":22,"featured_media":37903,"comment_status":"closed","ping_status":"closed","sticky":false,"template":"","format":"standard","meta":{"_acf_changed":false,"footnotes":"[]"},"categories":[29],"tags":[95,78,98,80,92,82,97],"class_list":["post-37901","post","type-post","status-publish","format-standard","has-post-thumbnail","hentry","category-news-halle-schulen","tag-ausbildung","tag-ebg","tag-ergotherapie","tag-erzieher","tag-halle","tag-heilerziehungspfleger","tag-heilpaedagogik"],"acf":[],"yoast_head":"<!-- This site is optimized with the Yoast SEO plugin v26.9 - https:\/\/yoast.com\/product\/yoast-seo-wordpress\/ -->\n<title>Feierliche Zeugnis\u00fcbergabe \u00b424 am FBZ Halle<\/title>\n<meta name=\"description\" content=\"\u00dcber 300 Personen erlebten im historischen Freylinghausen-Saal in Halle am 31.7.2024 in sehr festlicher Atmosph\u00e4re die Feierstunden.\" \/>\n<meta name=\"robots\" content=\"index, follow, max-snippet:-1, max-image-preview:large, max-video-preview:-1\" \/>\n<link rel=\"canonical\" href=\"https:\/\/www.ebg.de\/feierliche-zeugnisuebergabe-am-fbz-halle\/\" \/>\n<meta property=\"og:locale\" content=\"en_US\" \/>\n<meta property=\"og:type\" content=\"article\" \/>\n<meta property=\"og:title\" content=\"Feierliche Zeugnis\u00fcbergabe \u00b424 am FBZ Halle\" \/>\n<meta property=\"og:description\" content=\"\u00dcber 300 Personen erlebten im historischen Freylinghausen-Saal in Halle am 31.7.2024 in sehr festlicher Atmosph\u00e4re die Feierstunden.\" \/>\n<meta property=\"og:url\" content=\"https:\/\/www.ebg.de\/feierliche-zeugnisuebergabe-am-fbz-halle\/\" \/>\n<meta property=\"og:site_name\" content=\"Europ\u00e4isches Bildungswerk f\u00fcr Beruf und Gesellschaft\" \/>\n<meta property=\"article:published_time\" content=\"2024-08-12T09:28:33+00:00\" \/>\n<meta property=\"article:modified_time\" content=\"2024-08-13T06:06:26+00:00\" \/>\n<meta property=\"og:image\" content=\"https:\/\/www.ebg.de\/wp-content\/uploads\/2024\/08\/IMG_2081-scaled.jpg\" \/>\n\t<meta property=\"og:image:width\" content=\"2560\" \/>\n\t<meta property=\"og:image:height\" content=\"1920\" \/>\n\t<meta property=\"og:image:type\" content=\"image\/jpeg\" \/>\n<meta name=\"author\" content=\"Stephan Deubner\" \/>\n<meta name=\"twitter:card\" content=\"summary_large_image\" \/>\n<meta name=\"twitter:label1\" content=\"Written by\" \/>\n\t<meta name=\"twitter:data1\" content=\"Stephan Deubner\" \/>\n\t<meta name=\"twitter:label2\" content=\"Est. reading time\" \/>\n\t<meta name=\"twitter:data2\" content=\"2 minutes\" \/>\n<!-- \/ Yoast SEO plugin. -->","yoast_head_json":{"title":"Feierliche Zeugnis\u00fcbergabe \u00b424 am FBZ Halle","description":"\u00dcber 300 Personen erlebten im historischen Freylinghausen-Saal in Halle am 31.7.2024 in sehr festlicher Atmosph\u00e4re die Feierstunden.","robots":{"index":"index","follow":"follow","max-snippet":"max-snippet:-1","max-image-preview":"max-image-preview:large","max-video-preview":"max-video-preview:-1"},"canonical":"https:\/\/www.ebg.de\/feierliche-zeugnisuebergabe-am-fbz-halle\/","og_locale":"en_US","og_type":"article","og_title":"Feierliche Zeugnis\u00fcbergabe \u00b424 am FBZ Halle","og_description":"\u00dcber 300 Personen erlebten im historischen Freylinghausen-Saal in Halle am 31.7.2024 in sehr festlicher Atmosph\u00e4re die Feierstunden.","og_url":"https:\/\/www.ebg.de\/feierliche-zeugnisuebergabe-am-fbz-halle\/","og_site_name":"Europ\u00e4isches Bildungswerk f\u00fcr Beruf und Gesellschaft","article_published_time":"2024-08-12T09:28:33+00:00","article_modified_time":"2024-08-13T06:06:26+00:00","og_image":[{"width":2560,"height":1920,"url":"https:\/\/www.ebg.de\/wp-content\/uploads\/2024\/08\/IMG_2081-scaled.jpg","type":"image\/jpeg"}],"author":"Stephan Deubner","twitter_card":"summary_large_image","twitter_misc":{"Written by":"Stephan Deubner","Est. reading time":"2 minutes"},"schema":{"@context":"https:\/\/schema.org","@graph":[{"@type":"Article","@id":"https:\/\/www.ebg.de\/feierliche-zeugnisuebergabe-am-fbz-halle\/#article","isPartOf":{"@id":"https:\/\/www.ebg.de\/feierliche-zeugnisuebergabe-am-fbz-halle\/"},"author":{"name":"Stephan Deubner","@id":"https:\/\/www.ebg.de\/#\/schema\/person\/af645ea1741029d9a44ae532ceb268bc"},"headline":"Feierliche Zeugnis\u00fcbergabe \u00b424 am FBZ Halle","datePublished":"2024-08-12T09:28:33+00:00","dateModified":"2024-08-13T06:06:26+00:00","mainEntityOfPage":{"@id":"https:\/\/www.ebg.de\/feierliche-zeugnisuebergabe-am-fbz-halle\/"},"wordCount":121,"image":{"@id":"https:\/\/www.ebg.de\/feierliche-zeugnisuebergabe-am-fbz-halle\/#primaryimage"},"thumbnailUrl":"https:\/\/www.ebg.de\/wp-content\/uploads\/2024\/08\/IMG_2081-scaled.jpg","keywords":["Ausbildung","EBG","Ergotherapie","Erzieher","Halle","Heilerziehungspfleger","Heilp\u00e4dagogik"],"articleSection":["News - Halle Schulen"],"inLanguage":"en-US"},{"@type":"WebPage","@id":"https:\/\/www.ebg.de\/feierliche-zeugnisuebergabe-am-fbz-halle\/","url":"https:\/\/www.ebg.de\/feierliche-zeugnisuebergabe-am-fbz-halle\/","name":"Feierliche Zeugnis\u00fcbergabe \u00b424 am FBZ Halle","isPartOf":{"@id":"https:\/\/www.ebg.de\/#website"},"primaryImageOfPage":{"@id":"https:\/\/www.ebg.de\/feierliche-zeugnisuebergabe-am-fbz-halle\/#primaryimage"},"image":{"@id":"https:\/\/www.ebg.de\/feierliche-zeugnisuebergabe-am-fbz-halle\/#primaryimage"},"thumbnailUrl":"https:\/\/www.ebg.de\/wp-content\/uploads\/2024\/08\/IMG_2081-scaled.jpg","datePublished":"2024-08-12T09:28:33+00:00","dateModified":"2024-08-13T06:06:26+00:00","author":{"@id":"https:\/\/www.ebg.de\/#\/schema\/person\/af645ea1741029d9a44ae532ceb268bc"},"description":"\u00dcber 300 Personen erlebten im historischen Freylinghausen-Saal in Halle am 31.7.2024 in sehr festlicher Atmosph\u00e4re die Feierstunden.","breadcrumb":{"@id":"https:\/\/www.ebg.de\/feierliche-zeugnisuebergabe-am-fbz-halle\/#breadcrumb"},"inLanguage":"en-US","potentialAction":[{"@type":"ReadAction","target":["https:\/\/www.ebg.de\/feierliche-zeugnisuebergabe-am-fbz-halle\/"]}]},{"@type":"ImageObject","inLanguage":"en-US","@id":"https:\/\/www.ebg.de\/feierliche-zeugnisuebergabe-am-fbz-halle\/#primaryimage","url":"https:\/\/www.ebg.de\/wp-content\/uploads\/2024\/08\/IMG_2081-scaled.jpg","contentUrl":"https:\/\/www.ebg.de\/wp-content\/uploads\/2024\/08\/IMG_2081-scaled.jpg","width":2560,"height":1920},{"@type":"BreadcrumbList","@id":"https:\/\/www.ebg.de\/feierliche-zeugnisuebergabe-am-fbz-halle\/#breadcrumb","itemListElement":[{"@type":"ListItem","position":1,"name":"Startseite","item":"https:\/\/www.ebg.de\/"},{"@type":"ListItem","position":2,"name":"Feierliche Zeugnis\u00fcbergabe \u00b424 am FBZ Halle"}]},{"@type":"WebSite","@id":"https:\/\/www.ebg.de\/#website","url":"https:\/\/www.ebg.de\/","name":"Europ\u00e4isches Bildungswerk f\u00fcr Beruf und Gesellschaft","description":"Bildung, Ausbildung und Weiterbildung","potentialAction":[{"@type":"SearchAction","target":{"@type":"EntryPoint","urlTemplate":"https:\/\/www.ebg.de\/?s={search_term_string}"},"query-input":{"@type":"PropertyValueSpecification","valueRequired":true,"valueName":"search_term_string"}}],"inLanguage":"en-US"},{"@type":"Person","@id":"https:\/\/www.ebg.de\/#\/schema\/person\/af645ea1741029d9a44ae532ceb268bc","name":"Stephan Deubner","image":{"@type":"ImageObject","inLanguage":"en-US","@id":"https:\/\/www.ebg.de\/#\/schema\/person\/image\/","url":"https:\/\/secure.gravatar.com\/avatar\/35731f6a08afa0518c45f153077f6135c0f41aa2ae0b76e850ef9508976a7bbe?s=96&d=mm&r=g","contentUrl":"https:\/\/secure.gravatar.com\/avatar\/35731f6a08afa0518c45f153077f6135c0f41aa2ae0b76e850ef9508976a7bbe?s=96&d=mm&r=g","caption":"Stephan Deubner"},"url":"https:\/\/www.ebg.de\/en\/author\/sdeubner\/"}]}},"_links":{"self":[{"href":"https:\/\/www.ebg.de\/en\/wp-json\/wp\/v2\/posts\/37901","targetHints":{"allow":["GET"]}}],"collection":[{"href":"https:\/\/www.ebg.de\/en\/wp-json\/wp\/v2\/posts"}],"about":[{"href":"https:\/\/www.ebg.de\/en\/wp-json\/wp\/v2\/types\/post"}],"author":[{"embeddable":true,"href":"https:\/\/www.ebg.de\/en\/wp-json\/wp\/v2\/users\/22"}],"replies":[{"embeddable":true,"href":"https:\/\/www.ebg.de\/en\/wp-json\/wp\/v2\/comments?post=37901"}],"version-history":[{"count":3,"href":"https:\/\/www.ebg.de\/en\/wp-json\/wp\/v2\/posts\/37901\/revisions"}],"predecessor-version":[{"id":37920,"href":"https:\/\/www.ebg.de\/en\/wp-json\/wp\/v2\/posts\/37901\/revisions\/37920"}],"wp:featuredmedia":[{"embeddable":true,"href":"https:\/\/www.ebg.de\/en\/wp-json\/wp\/v2\/media\/37903"}],"wp:attachment":[{"href":"https:\/\/www.ebg.de\/en\/wp-json\/wp\/v2\/media?parent=37901"}],"wp:term":[{"taxonomy":"category","embeddable":true,"href":"https:\/\/www.ebg.de\/en\/wp-json\/wp\/v2\/categories?post=37901"},{"taxonomy":"post_tag","embeddable":true,"href":"https:\/\/www.ebg.de\/en\/wp-json\/wp\/v2\/tags?post=37901"}],"curies":[{"name":"wp","href":"https:\/\/api.w.org\/{rel}","templated":true}]}}