{"id":37880,"date":"2024-08-07T15:41:27","date_gmt":"2024-08-07T13:41:27","guid":{"rendered":"https:\/\/www.ebg.de\/?p=37880"},"modified":"2024-08-07T15:41:29","modified_gmt":"2024-08-07T13:41:29","slug":"30-jahre-fbz-magdeburg-ein-jubilaeum-voller-freude-2","status":"publish","type":"post","link":"https:\/\/www.ebg.de\/en\/30-jahre-fbz-magdeburg-ein-jubilaeum-voller-freude-2\/","title":{"rendered":"30 Jahre FBZ Magdeburg: Ein Jubil\u00e4um voller Freude"},"content":{"rendered":"\n<p>Am 20. Juni 2024 feierte das FBZ Magdeburg des EBG seinen 30. Geburtstag in einem Festzelt auf dem Gel\u00e4nde der BMW \u2013 Schubert \u2013 Motors GmbH. Gemeinsam mit der Gesch\u00e4ftsf\u00fchrung und Vertretern verschiedener Einrichtungen erlebten wir ein unvergessliches Fest.<\/p>\n\n\n\n<figure class=\"wp-block-gallery has-nested-images columns-default is-cropped wp-block-gallery-1 is-layout-flex wp-block-gallery-is-layout-flex\">\n<figure class=\"wp-block-image size-large\"><img loading=\"lazy\" decoding=\"async\" width=\"1024\" height=\"639\" data-id=\"37852\" src=\"https:\/\/www.ebg.de\/wp-content\/uploads\/2024\/08\/IMG_9270-1024x639.jpg\" alt=\"\" class=\"wp-image-37852\" srcset=\"https:\/\/www.ebg.de\/wp-content\/uploads\/2024\/08\/IMG_9270-1024x639.jpg 1024w, https:\/\/www.ebg.de\/wp-content\/uploads\/2024\/08\/IMG_9270-300x187.jpg 300w, https:\/\/www.ebg.de\/wp-content\/uploads\/2024\/08\/IMG_9270-768x479.jpg 768w, https:\/\/www.ebg.de\/wp-content\/uploads\/2024\/08\/IMG_9270-1536x959.jpg 1536w, https:\/\/www.ebg.de\/wp-content\/uploads\/2024\/08\/IMG_9270-2048x1279.jpg 2048w, https:\/\/www.ebg.de\/wp-content\/uploads\/2024\/08\/IMG_9270-900x562.jpg 900w, https:\/\/www.ebg.de\/wp-content\/uploads\/2024\/08\/IMG_9270-1200x749.jpg 1200w\" sizes=\"auto, (max-width: 1024px) 100vw, 1024px\" \/><\/figure>\n\n\n\n<figure class=\"wp-block-image size-large\"><img loading=\"lazy\" decoding=\"async\" width=\"1024\" height=\"683\" data-id=\"37856\" src=\"https:\/\/www.ebg.de\/wp-content\/uploads\/2024\/08\/IMG_9337-1024x683.jpg\" alt=\"\" class=\"wp-image-37856\" srcset=\"https:\/\/www.ebg.de\/wp-content\/uploads\/2024\/08\/IMG_9337-1024x683.jpg 1024w, https:\/\/www.ebg.de\/wp-content\/uploads\/2024\/08\/IMG_9337-300x200.jpg 300w, https:\/\/www.ebg.de\/wp-content\/uploads\/2024\/08\/IMG_9337-768x512.jpg 768w, https:\/\/www.ebg.de\/wp-content\/uploads\/2024\/08\/IMG_9337-1536x1024.jpg 1536w, https:\/\/www.ebg.de\/wp-content\/uploads\/2024\/08\/IMG_9337-2048x1365.jpg 2048w, https:\/\/www.ebg.de\/wp-content\/uploads\/2024\/08\/IMG_9337-900x600.jpg 900w, https:\/\/www.ebg.de\/wp-content\/uploads\/2024\/08\/IMG_9337-1200x800.jpg 1200w\" sizes=\"auto, (max-width: 1024px) 100vw, 1024px\" \/><\/figure>\n\n\n\n<figure class=\"wp-block-image size-large\"><img loading=\"lazy\" decoding=\"async\" width=\"1024\" height=\"683\" data-id=\"37854\" src=\"https:\/\/www.ebg.de\/wp-content\/uploads\/2024\/08\/IMG_9358-1024x683.jpg\" alt=\"\" class=\"wp-image-37854\" srcset=\"https:\/\/www.ebg.de\/wp-content\/uploads\/2024\/08\/IMG_9358-1024x683.jpg 1024w, https:\/\/www.ebg.de\/wp-content\/uploads\/2024\/08\/IMG_9358-300x200.jpg 300w, https:\/\/www.ebg.de\/wp-content\/uploads\/2024\/08\/IMG_9358-768x512.jpg 768w, https:\/\/www.ebg.de\/wp-content\/uploads\/2024\/08\/IMG_9358-1536x1024.jpg 1536w, https:\/\/www.ebg.de\/wp-content\/uploads\/2024\/08\/IMG_9358-2048x1365.jpg 2048w, https:\/\/www.ebg.de\/wp-content\/uploads\/2024\/08\/IMG_9358-900x600.jpg 900w, https:\/\/www.ebg.de\/wp-content\/uploads\/2024\/08\/IMG_9358-1200x800.jpg 1200w\" sizes=\"auto, (max-width: 1024px) 100vw, 1024px\" \/><\/figure>\n\n\n\n<figure class=\"wp-block-image size-large\"><img loading=\"lazy\" decoding=\"async\" width=\"1024\" height=\"683\" data-id=\"37850\" src=\"https:\/\/www.ebg.de\/wp-content\/uploads\/2024\/08\/IMG_9480-1024x683.jpg\" alt=\"\" class=\"wp-image-37850\" srcset=\"https:\/\/www.ebg.de\/wp-content\/uploads\/2024\/08\/IMG_9480-1024x683.jpg 1024w, https:\/\/www.ebg.de\/wp-content\/uploads\/2024\/08\/IMG_9480-300x200.jpg 300w, https:\/\/www.ebg.de\/wp-content\/uploads\/2024\/08\/IMG_9480-768x512.jpg 768w, https:\/\/www.ebg.de\/wp-content\/uploads\/2024\/08\/IMG_9480-1536x1024.jpg 1536w, https:\/\/www.ebg.de\/wp-content\/uploads\/2024\/08\/IMG_9480-2048x1366.jpg 2048w, https:\/\/www.ebg.de\/wp-content\/uploads\/2024\/08\/IMG_9480-900x600.jpg 900w, https:\/\/www.ebg.de\/wp-content\/uploads\/2024\/08\/IMG_9480-1200x800.jpg 1200w\" sizes=\"auto, (max-width: 1024px) 100vw, 1024px\" \/><\/figure>\n<\/figure>\n\n\n\n<p>Besondere H\u00f6hepunkte waren die sensationellen Auftritte unserer Kinder der Kita \u201eSpielnest\u201c und der \u201eEUROPA-KITA\u201c aus Gerwisch, die von ihren Erziehern 22VZ.<\/p>\n\n\n\n<p>Bereichert wurde die Veranstaltung ebenfalls durch die Sitztanzgruppe vom Caritas-Wohnheim Sankt Klara. Unsere vietnamesischen Sch\u00fcler aus dem ersten Ausbildungsjahr rundeten das Programm dann noch musikalisch ab.<\/p>\n\n\n\n<p>In der Schule pr\u00e4sentierten sich die Fachschaften mit vielf\u00e4ltigen Aktivit\u00e4ten: vom kulinarischen Kochen unserer vietnamesischen und indischen Sch\u00fcler \u00fcber einen Bewegungsparcours bis hin zur Funktionserprobung verschiedener Therapiemedien. Der feierliche Anschnitt der gewaltigen \u201eEBG-Torte\u201c und das Aufsteigen von 30 guten W\u00fcnschen f\u00fcr das FBZ Magdeburg waren weitere, besondere Momente.<\/p>\n\n\n\n<div class=\"wp-block-group\"><div class=\"wp-block-group__inner-container is-layout-constrained wp-block-group-is-layout-constrained\">\n<div class=\"wp-block-columns is-layout-flex wp-container-core-columns-is-layout-9d6595d7 wp-block-columns-is-layout-flex\">\n<div class=\"wp-block-column is-layout-flow wp-block-column-is-layout-flow\" style=\"flex-basis:100%\">\n<figure class=\"wp-block-gallery has-nested-images columns-default is-cropped wp-block-gallery-2 is-layout-flex wp-block-gallery-is-layout-flex\">\n<figure class=\"wp-block-image size-medium\"><img loading=\"lazy\" decoding=\"async\" width=\"300\" height=\"169\" data-id=\"37858\" src=\"https:\/\/www.ebg.de\/wp-content\/uploads\/2024\/08\/20240620_125600-300x169.jpg\" alt=\"\" class=\"wp-image-37858\" srcset=\"https:\/\/www.ebg.de\/wp-content\/uploads\/2024\/08\/20240620_125600-300x169.jpg 300w, https:\/\/www.ebg.de\/wp-content\/uploads\/2024\/08\/20240620_125600-1024x576.jpg 1024w, https:\/\/www.ebg.de\/wp-content\/uploads\/2024\/08\/20240620_125600-768x432.jpg 768w, https:\/\/www.ebg.de\/wp-content\/uploads\/2024\/08\/20240620_125600-1536x864.jpg 1536w, https:\/\/www.ebg.de\/wp-content\/uploads\/2024\/08\/20240620_125600-2048x1152.jpg 2048w, https:\/\/www.ebg.de\/wp-content\/uploads\/2024\/08\/20240620_125600-900x506.jpg 900w, https:\/\/www.ebg.de\/wp-content\/uploads\/2024\/08\/20240620_125600-1200x675.jpg 1200w\" sizes=\"auto, (max-width: 300px) 100vw, 300px\" \/><\/figure>\n\n\n\n<figure class=\"wp-block-image size-large\"><img loading=\"lazy\" decoding=\"async\" width=\"1024\" height=\"576\" data-id=\"37860\" src=\"https:\/\/www.ebg.de\/wp-content\/uploads\/2024\/08\/20240620_130005-1024x576.jpg\" alt=\"\" class=\"wp-image-37860\" srcset=\"https:\/\/www.ebg.de\/wp-content\/uploads\/2024\/08\/20240620_130005-1024x576.jpg 1024w, https:\/\/www.ebg.de\/wp-content\/uploads\/2024\/08\/20240620_130005-300x169.jpg 300w, https:\/\/www.ebg.de\/wp-content\/uploads\/2024\/08\/20240620_130005-768x432.jpg 768w, https:\/\/www.ebg.de\/wp-content\/uploads\/2024\/08\/20240620_130005-1536x864.jpg 1536w, https:\/\/www.ebg.de\/wp-content\/uploads\/2024\/08\/20240620_130005-2048x1152.jpg 2048w, https:\/\/www.ebg.de\/wp-content\/uploads\/2024\/08\/20240620_130005-900x506.jpg 900w, https:\/\/www.ebg.de\/wp-content\/uploads\/2024\/08\/20240620_130005-1200x675.jpg 1200w\" sizes=\"auto, (max-width: 1024px) 100vw, 1024px\" \/><\/figure>\n\n\n\n<figure class=\"wp-block-image size-large\"><img loading=\"lazy\" decoding=\"async\" width=\"1024\" height=\"683\" data-id=\"37864\" src=\"https:\/\/www.ebg.de\/wp-content\/uploads\/2024\/08\/IMG_9663-1024x683.jpg\" alt=\"\" class=\"wp-image-37864\" srcset=\"https:\/\/www.ebg.de\/wp-content\/uploads\/2024\/08\/IMG_9663-1024x683.jpg 1024w, https:\/\/www.ebg.de\/wp-content\/uploads\/2024\/08\/IMG_9663-300x200.jpg 300w, https:\/\/www.ebg.de\/wp-content\/uploads\/2024\/08\/IMG_9663-768x512.jpg 768w, https:\/\/www.ebg.de\/wp-content\/uploads\/2024\/08\/IMG_9663-1536x1024.jpg 1536w, https:\/\/www.ebg.de\/wp-content\/uploads\/2024\/08\/IMG_9663-2048x1365.jpg 2048w, https:\/\/www.ebg.de\/wp-content\/uploads\/2024\/08\/IMG_9663-900x600.jpg 900w, https:\/\/www.ebg.de\/wp-content\/uploads\/2024\/08\/IMG_9663-1200x800.jpg 1200w\" sizes=\"auto, (max-width: 1024px) 100vw, 1024px\" \/><\/figure>\n\n\n\n<figure class=\"wp-block-image size-large\"><img loading=\"lazy\" decoding=\"async\" width=\"1024\" height=\"683\" data-id=\"37868\" src=\"https:\/\/www.ebg.de\/wp-content\/uploads\/2024\/08\/IMG_9707-1024x683.jpg\" alt=\"\" class=\"wp-image-37868\" srcset=\"https:\/\/www.ebg.de\/wp-content\/uploads\/2024\/08\/IMG_9707-1024x683.jpg 1024w, https:\/\/www.ebg.de\/wp-content\/uploads\/2024\/08\/IMG_9707-300x200.jpg 300w, https:\/\/www.ebg.de\/wp-content\/uploads\/2024\/08\/IMG_9707-768x512.jpg 768w, https:\/\/www.ebg.de\/wp-content\/uploads\/2024\/08\/IMG_9707-1536x1024.jpg 1536w, https:\/\/www.ebg.de\/wp-content\/uploads\/2024\/08\/IMG_9707-2048x1365.jpg 2048w, https:\/\/www.ebg.de\/wp-content\/uploads\/2024\/08\/IMG_9707-900x600.jpg 900w, https:\/\/www.ebg.de\/wp-content\/uploads\/2024\/08\/IMG_9707-1200x800.jpg 1200w\" sizes=\"auto, (max-width: 1024px) 100vw, 1024px\" \/><\/figure>\n\n\n\n<figure class=\"wp-block-image size-large\"><img loading=\"lazy\" decoding=\"async\" width=\"1024\" height=\"683\" data-id=\"37870\" src=\"https:\/\/www.ebg.de\/wp-content\/uploads\/2024\/08\/IMG_9709-1024x683.jpg\" alt=\"\" class=\"wp-image-37870\" srcset=\"https:\/\/www.ebg.de\/wp-content\/uploads\/2024\/08\/IMG_9709-1024x683.jpg 1024w, https:\/\/www.ebg.de\/wp-content\/uploads\/2024\/08\/IMG_9709-300x200.jpg 300w, https:\/\/www.ebg.de\/wp-content\/uploads\/2024\/08\/IMG_9709-768x512.jpg 768w, https:\/\/www.ebg.de\/wp-content\/uploads\/2024\/08\/IMG_9709-1536x1024.jpg 1536w, https:\/\/www.ebg.de\/wp-content\/uploads\/2024\/08\/IMG_9709-2048x1365.jpg 2048w, https:\/\/www.ebg.de\/wp-content\/uploads\/2024\/08\/IMG_9709-900x600.jpg 900w, https:\/\/www.ebg.de\/wp-content\/uploads\/2024\/08\/IMG_9709-1200x800.jpg 1200w\" sizes=\"auto, (max-width: 1024px) 100vw, 1024px\" \/><\/figure>\n\n\n\n<figure class=\"wp-block-image size-large\"><img loading=\"lazy\" decoding=\"async\" width=\"1024\" height=\"683\" data-id=\"37866\" src=\"https:\/\/www.ebg.de\/wp-content\/uploads\/2024\/08\/IMG_9712-1024x683.jpg\" alt=\"\" class=\"wp-image-37866\" srcset=\"https:\/\/www.ebg.de\/wp-content\/uploads\/2024\/08\/IMG_9712-1024x683.jpg 1024w, https:\/\/www.ebg.de\/wp-content\/uploads\/2024\/08\/IMG_9712-300x200.jpg 300w, https:\/\/www.ebg.de\/wp-content\/uploads\/2024\/08\/IMG_9712-768x512.jpg 768w, https:\/\/www.ebg.de\/wp-content\/uploads\/2024\/08\/IMG_9712-1536x1024.jpg 1536w, https:\/\/www.ebg.de\/wp-content\/uploads\/2024\/08\/IMG_9712-2048x1365.jpg 2048w, https:\/\/www.ebg.de\/wp-content\/uploads\/2024\/08\/IMG_9712-900x600.jpg 900w, https:\/\/www.ebg.de\/wp-content\/uploads\/2024\/08\/IMG_9712-1200x800.jpg 1200w\" sizes=\"auto, (max-width: 1024px) 100vw, 1024px\" \/><\/figure>\n\n\n\n<figure class=\"wp-block-image size-large\"><img loading=\"lazy\" decoding=\"async\" width=\"1024\" height=\"683\" data-id=\"37862\" src=\"https:\/\/www.ebg.de\/wp-content\/uploads\/2024\/08\/IMG_9738-1024x683.jpg\" alt=\"\" class=\"wp-image-37862\" srcset=\"https:\/\/www.ebg.de\/wp-content\/uploads\/2024\/08\/IMG_9738-1024x683.jpg 1024w, https:\/\/www.ebg.de\/wp-content\/uploads\/2024\/08\/IMG_9738-300x200.jpg 300w, https:\/\/www.ebg.de\/wp-content\/uploads\/2024\/08\/IMG_9738-768x512.jpg 768w, https:\/\/www.ebg.de\/wp-content\/uploads\/2024\/08\/IMG_9738-1536x1024.jpg 1536w, https:\/\/www.ebg.de\/wp-content\/uploads\/2024\/08\/IMG_9738-2048x1365.jpg 2048w, https:\/\/www.ebg.de\/wp-content\/uploads\/2024\/08\/IMG_9738-900x600.jpg 900w, https:\/\/www.ebg.de\/wp-content\/uploads\/2024\/08\/IMG_9738-1200x800.jpg 1200w\" sizes=\"auto, (max-width: 1024px) 100vw, 1024px\" \/><\/figure>\n<\/figure>\n\n\n\n<p>Dank des leckeren Caterings und der tatkr\u00e4ftigen Unterst\u00fctzung aller Beteiligten war es ein rundum gelungenes Fest. Herzlichen Dank an alle, die diesen Tag so besonders gemacht haben!<\/p>\n<\/div>\n<\/div>\n<\/div><\/div>\n","protected":false},"excerpt":{"rendered":"<p>Am 20. Juni 2024 feierte das FBZ Magdeburg des EBG seinen 30. Geburtstag.<\/p>\n","protected":false},"author":22,"featured_media":37876,"comment_status":"closed","ping_status":"closed","sticky":false,"template":"","format":"standard","meta":{"_acf_changed":false,"footnotes":""},"categories":[22],"tags":[98,80,107,82,97,172,149],"class_list":["post-37880","post","type-post","status-publish","format-standard","has-post-thumbnail","hentry","category-news-gf","tag-ergotherapie","tag-erzieher","tag-europaeisches-bildungswerk","tag-heilerziehungspfleger","tag-heilpaedagogik","tag-pflegefachkraft","tag-sozialassistent"],"acf":[],"yoast_head":"<!-- This site is optimized with the Yoast SEO plugin v26.9 - https:\/\/yoast.com\/product\/yoast-seo-wordpress\/ -->\n<title>30 Jahre FBZ Magdeburg des Europ\u00e4ischen Bildungswerkes<\/title>\n<meta name=\"description\" content=\"Am 20. Juni 2024 feierte das FBZ Magdeburg des EBG seinen 30. Geburtstag\" \/>\n<meta name=\"robots\" content=\"index, follow, max-snippet:-1, max-image-preview:large, max-video-preview:-1\" \/>\n<link rel=\"canonical\" href=\"https:\/\/www.ebg.de\/30-jahre-fbz-magdeburg-ein-jubilaeum-voller-freude-2\/\" \/>\n<meta property=\"og:locale\" content=\"en_US\" \/>\n<meta property=\"og:type\" content=\"article\" \/>\n<meta property=\"og:title\" content=\"30 Jahre FBZ Magdeburg des Europ\u00e4ischen Bildungswerkes\" \/>\n<meta property=\"og:description\" content=\"Am 20. Juni 2024 feierte das FBZ Magdeburg des EBG seinen 30. Geburtstag\" \/>\n<meta property=\"og:url\" content=\"https:\/\/www.ebg.de\/30-jahre-fbz-magdeburg-ein-jubilaeum-voller-freude-2\/\" \/>\n<meta property=\"og:site_name\" content=\"Europ\u00e4isches Bildungswerk f\u00fcr Beruf und Gesellschaft\" \/>\n<meta property=\"article:published_time\" content=\"2024-08-07T13:41:27+00:00\" \/>\n<meta property=\"article:modified_time\" content=\"2024-08-07T13:41:29+00:00\" \/>\n<meta property=\"og:image\" content=\"https:\/\/www.ebg.de\/wp-content\/uploads\/2024\/08\/IMG_9358-1-scaled.jpg\" \/>\n\t<meta property=\"og:image:width\" content=\"2560\" \/>\n\t<meta property=\"og:image:height\" content=\"1707\" \/>\n\t<meta property=\"og:image:type\" content=\"image\/jpeg\" \/>\n<meta name=\"author\" content=\"Stephan Deubner\" \/>\n<meta name=\"twitter:card\" content=\"summary_large_image\" \/>\n<meta name=\"twitter:label1\" content=\"Written by\" \/>\n\t<meta name=\"twitter:data1\" content=\"Stephan Deubner\" \/>\n\t<meta name=\"twitter:label2\" content=\"Est. reading time\" \/>\n\t<meta name=\"twitter:data2\" content=\"4 minutes\" \/>\n<!-- \/ Yoast SEO plugin. -->","yoast_head_json":{"title":"30 Jahre FBZ Magdeburg des Europ\u00e4ischen Bildungswerkes","description":"Am 20. Juni 2024 feierte das FBZ Magdeburg des EBG seinen 30. Geburtstag","robots":{"index":"index","follow":"follow","max-snippet":"max-snippet:-1","max-image-preview":"max-image-preview:large","max-video-preview":"max-video-preview:-1"},"canonical":"https:\/\/www.ebg.de\/30-jahre-fbz-magdeburg-ein-jubilaeum-voller-freude-2\/","og_locale":"en_US","og_type":"article","og_title":"30 Jahre FBZ Magdeburg des Europ\u00e4ischen Bildungswerkes","og_description":"Am 20. Juni 2024 feierte das FBZ Magdeburg des EBG seinen 30. Geburtstag","og_url":"https:\/\/www.ebg.de\/30-jahre-fbz-magdeburg-ein-jubilaeum-voller-freude-2\/","og_site_name":"Europ\u00e4isches Bildungswerk f\u00fcr Beruf und Gesellschaft","article_published_time":"2024-08-07T13:41:27+00:00","article_modified_time":"2024-08-07T13:41:29+00:00","og_image":[{"width":2560,"height":1707,"url":"https:\/\/www.ebg.de\/wp-content\/uploads\/2024\/08\/IMG_9358-1-scaled.jpg","type":"image\/jpeg"}],"author":"Stephan Deubner","twitter_card":"summary_large_image","twitter_misc":{"Written by":"Stephan Deubner","Est. reading time":"4 minutes"},"schema":{"@context":"https:\/\/schema.org","@graph":[{"@type":"Article","@id":"https:\/\/www.ebg.de\/30-jahre-fbz-magdeburg-ein-jubilaeum-voller-freude-2\/#article","isPartOf":{"@id":"https:\/\/www.ebg.de\/30-jahre-fbz-magdeburg-ein-jubilaeum-voller-freude-2\/"},"author":{"name":"Stephan Deubner","@id":"https:\/\/www.ebg.de\/#\/schema\/person\/af645ea1741029d9a44ae532ceb268bc"},"headline":"30 Jahre FBZ Magdeburg: Ein Jubil\u00e4um voller Freude","datePublished":"2024-08-07T13:41:27+00:00","dateModified":"2024-08-07T13:41:29+00:00","mainEntityOfPage":{"@id":"https:\/\/www.ebg.de\/30-jahre-fbz-magdeburg-ein-jubilaeum-voller-freude-2\/"},"wordCount":176,"image":{"@id":"https:\/\/www.ebg.de\/30-jahre-fbz-magdeburg-ein-jubilaeum-voller-freude-2\/#primaryimage"},"thumbnailUrl":"https:\/\/www.ebg.de\/wp-content\/uploads\/2024\/08\/IMG_9358-1-scaled.jpg","keywords":["Ergotherapie","Erzieher","Europ\u00e4isches Bildungswerk","Heilerziehungspfleger","Heilp\u00e4dagogik","Pflegefachkraft","sozialassistent"],"articleSection":["News-GF"],"inLanguage":"en-US"},{"@type":"WebPage","@id":"https:\/\/www.ebg.de\/30-jahre-fbz-magdeburg-ein-jubilaeum-voller-freude-2\/","url":"https:\/\/www.ebg.de\/30-jahre-fbz-magdeburg-ein-jubilaeum-voller-freude-2\/","name":"30 Jahre FBZ Magdeburg des Europ\u00e4ischen Bildungswerkes","isPartOf":{"@id":"https:\/\/www.ebg.de\/#website"},"primaryImageOfPage":{"@id":"https:\/\/www.ebg.de\/30-jahre-fbz-magdeburg-ein-jubilaeum-voller-freude-2\/#primaryimage"},"image":{"@id":"https:\/\/www.ebg.de\/30-jahre-fbz-magdeburg-ein-jubilaeum-voller-freude-2\/#primaryimage"},"thumbnailUrl":"https:\/\/www.ebg.de\/wp-content\/uploads\/2024\/08\/IMG_9358-1-scaled.jpg","datePublished":"2024-08-07T13:41:27+00:00","dateModified":"2024-08-07T13:41:29+00:00","author":{"@id":"https:\/\/www.ebg.de\/#\/schema\/person\/af645ea1741029d9a44ae532ceb268bc"},"description":"Am 20. Juni 2024 feierte das FBZ Magdeburg des EBG seinen 30. Geburtstag","breadcrumb":{"@id":"https:\/\/www.ebg.de\/30-jahre-fbz-magdeburg-ein-jubilaeum-voller-freude-2\/#breadcrumb"},"inLanguage":"en-US","potentialAction":[{"@type":"ReadAction","target":["https:\/\/www.ebg.de\/30-jahre-fbz-magdeburg-ein-jubilaeum-voller-freude-2\/"]}]},{"@type":"ImageObject","inLanguage":"en-US","@id":"https:\/\/www.ebg.de\/30-jahre-fbz-magdeburg-ein-jubilaeum-voller-freude-2\/#primaryimage","url":"https:\/\/www.ebg.de\/wp-content\/uploads\/2024\/08\/IMG_9358-1-scaled.jpg","contentUrl":"https:\/\/www.ebg.de\/wp-content\/uploads\/2024\/08\/IMG_9358-1-scaled.jpg","width":2560,"height":1707},{"@type":"BreadcrumbList","@id":"https:\/\/www.ebg.de\/30-jahre-fbz-magdeburg-ein-jubilaeum-voller-freude-2\/#breadcrumb","itemListElement":[{"@type":"ListItem","position":1,"name":"Startseite","item":"https:\/\/www.ebg.de\/"},{"@type":"ListItem","position":2,"name":"30 Jahre FBZ Magdeburg: Ein Jubil\u00e4um voller Freude"}]},{"@type":"WebSite","@id":"https:\/\/www.ebg.de\/#website","url":"https:\/\/www.ebg.de\/","name":"Europ\u00e4isches Bildungswerk f\u00fcr Beruf und Gesellschaft","description":"Bildung, Ausbildung und Weiterbildung","potentialAction":[{"@type":"SearchAction","target":{"@type":"EntryPoint","urlTemplate":"https:\/\/www.ebg.de\/?s={search_term_string}"},"query-input":{"@type":"PropertyValueSpecification","valueRequired":true,"valueName":"search_term_string"}}],"inLanguage":"en-US"},{"@type":"Person","@id":"https:\/\/www.ebg.de\/#\/schema\/person\/af645ea1741029d9a44ae532ceb268bc","name":"Stephan Deubner","image":{"@type":"ImageObject","inLanguage":"en-US","@id":"https:\/\/www.ebg.de\/#\/schema\/person\/image\/","url":"https:\/\/secure.gravatar.com\/avatar\/35731f6a08afa0518c45f153077f6135c0f41aa2ae0b76e850ef9508976a7bbe?s=96&d=mm&r=g","contentUrl":"https:\/\/secure.gravatar.com\/avatar\/35731f6a08afa0518c45f153077f6135c0f41aa2ae0b76e850ef9508976a7bbe?s=96&d=mm&r=g","caption":"Stephan Deubner"},"url":"https:\/\/www.ebg.de\/en\/author\/sdeubner\/"}]}},"_links":{"self":[{"href":"https:\/\/www.ebg.de\/en\/wp-json\/wp\/v2\/posts\/37880","targetHints":{"allow":["GET"]}}],"collection":[{"href":"https:\/\/www.ebg.de\/en\/wp-json\/wp\/v2\/posts"}],"about":[{"href":"https:\/\/www.ebg.de\/en\/wp-json\/wp\/v2\/types\/post"}],"author":[{"embeddable":true,"href":"https:\/\/www.ebg.de\/en\/wp-json\/wp\/v2\/users\/22"}],"replies":[{"embeddable":true,"href":"https:\/\/www.ebg.de\/en\/wp-json\/wp\/v2\/comments?post=37880"}],"version-history":[{"count":1,"href":"https:\/\/www.ebg.de\/en\/wp-json\/wp\/v2\/posts\/37880\/revisions"}],"predecessor-version":[{"id":37881,"href":"https:\/\/www.ebg.de\/en\/wp-json\/wp\/v2\/posts\/37880\/revisions\/37881"}],"wp:featuredmedia":[{"embeddable":true,"href":"https:\/\/www.ebg.de\/en\/wp-json\/wp\/v2\/media\/37876"}],"wp:attachment":[{"href":"https:\/\/www.ebg.de\/en\/wp-json\/wp\/v2\/media?parent=37880"}],"wp:term":[{"taxonomy":"category","embeddable":true,"href":"https:\/\/www.ebg.de\/en\/wp-json\/wp\/v2\/categories?post=37880"},{"taxonomy":"post_tag","embeddable":true,"href":"https:\/\/www.ebg.de\/en\/wp-json\/wp\/v2\/tags?post=37880"}],"curies":[{"name":"wp","href":"https:\/\/api.w.org\/{rel}","templated":true}]}}