{"id":37588,"date":"2024-07-09T08:03:06","date_gmt":"2024-07-09T06:03:06","guid":{"rendered":"https:\/\/www.ebg.de\/?p=37588"},"modified":"2024-07-09T08:03:08","modified_gmt":"2024-07-09T06:03:08","slug":"30-jahre-fbz-halle","status":"publish","type":"post","link":"https:\/\/www.ebg.de\/en\/30-jahre-fbz-halle\/","title":{"rendered":"30 Jahre FBZ Halle \u2013 Tolle Stimmung zum Schuljubil\u00e4um"},"content":{"rendered":"\n<p>Ein buntes Programm, leckeres Essen und wunderbares Sommerwetter sorgten f\u00fcr beste Stimmung. Viele Wochen haben unsere engagierten Lehrkr\u00e4fte und Klassen T\u00e4nze, Theater und in der Band geprobt, das Schulhaus gestaltet, Aktivit\u00e4ten vorbereitet, eine Chronik gestaltet und viele Dinge organisiert. Die Arbeit hat sich gelohnt, es war ein rundum gelungenes Fest, Danke allen Organisatoren und G\u00e4sten!<\/p>\n\n\n\n<figure class=\"wp-block-gallery has-nested-images columns-default is-cropped wp-block-gallery-1 is-layout-flex wp-block-gallery-is-layout-flex\">\n<figure class=\"wp-block-image size-large\"><img loading=\"lazy\" decoding=\"async\" width=\"1024\" height=\"738\" data-id=\"37600\" src=\"https:\/\/www.ebg.de\/wp-content\/uploads\/2024\/07\/IMG_8553-1024x738.jpg\" alt=\"30 Jahre FBZ Halle\" class=\"wp-image-37600\" srcset=\"https:\/\/www.ebg.de\/wp-content\/uploads\/2024\/07\/IMG_8553-1024x738.jpg 1024w, https:\/\/www.ebg.de\/wp-content\/uploads\/2024\/07\/IMG_8553-300x216.jpg 300w, https:\/\/www.ebg.de\/wp-content\/uploads\/2024\/07\/IMG_8553-768x554.jpg 768w, https:\/\/www.ebg.de\/wp-content\/uploads\/2024\/07\/IMG_8553-1536x1107.jpg 1536w, https:\/\/www.ebg.de\/wp-content\/uploads\/2024\/07\/IMG_8553-2048x1477.jpg 2048w, https:\/\/www.ebg.de\/wp-content\/uploads\/2024\/07\/IMG_8553-900x649.jpg 900w, https:\/\/www.ebg.de\/wp-content\/uploads\/2024\/07\/IMG_8553-1200x865.jpg 1200w\" sizes=\"auto, (max-width: 1024px) 100vw, 1024px\" \/><\/figure>\n\n\n\n<figure class=\"wp-block-image size-large\"><img loading=\"lazy\" decoding=\"async\" width=\"1024\" height=\"683\" data-id=\"37592\" src=\"https:\/\/www.ebg.de\/wp-content\/uploads\/2024\/07\/IMG_8630-1024x683.jpg\" alt=\"\" class=\"wp-image-37592\" srcset=\"https:\/\/www.ebg.de\/wp-content\/uploads\/2024\/07\/IMG_8630-1024x683.jpg 1024w, https:\/\/www.ebg.de\/wp-content\/uploads\/2024\/07\/IMG_8630-300x200.jpg 300w, https:\/\/www.ebg.de\/wp-content\/uploads\/2024\/07\/IMG_8630-768x512.jpg 768w, https:\/\/www.ebg.de\/wp-content\/uploads\/2024\/07\/IMG_8630-1536x1024.jpg 1536w, https:\/\/www.ebg.de\/wp-content\/uploads\/2024\/07\/IMG_8630-2048x1365.jpg 2048w, https:\/\/www.ebg.de\/wp-content\/uploads\/2024\/07\/IMG_8630-900x600.jpg 900w, https:\/\/www.ebg.de\/wp-content\/uploads\/2024\/07\/IMG_8630-1200x800.jpg 1200w\" sizes=\"auto, (max-width: 1024px) 100vw, 1024px\" \/><\/figure>\n\n\n\n<figure class=\"wp-block-image size-large\"><img loading=\"lazy\" decoding=\"async\" width=\"1024\" height=\"683\" data-id=\"37594\" src=\"https:\/\/www.ebg.de\/wp-content\/uploads\/2024\/07\/IMG_8655-1024x683.jpg\" alt=\"\" class=\"wp-image-37594\" srcset=\"https:\/\/www.ebg.de\/wp-content\/uploads\/2024\/07\/IMG_8655-1024x683.jpg 1024w, https:\/\/www.ebg.de\/wp-content\/uploads\/2024\/07\/IMG_8655-300x200.jpg 300w, https:\/\/www.ebg.de\/wp-content\/uploads\/2024\/07\/IMG_8655-768x512.jpg 768w, https:\/\/www.ebg.de\/wp-content\/uploads\/2024\/07\/IMG_8655-1536x1024.jpg 1536w, https:\/\/www.ebg.de\/wp-content\/uploads\/2024\/07\/IMG_8655-2048x1365.jpg 2048w, https:\/\/www.ebg.de\/wp-content\/uploads\/2024\/07\/IMG_8655-900x600.jpg 900w, https:\/\/www.ebg.de\/wp-content\/uploads\/2024\/07\/IMG_8655-1200x800.jpg 1200w\" sizes=\"auto, (max-width: 1024px) 100vw, 1024px\" \/><\/figure>\n\n\n\n<figure class=\"wp-block-image size-large\"><img loading=\"lazy\" decoding=\"async\" width=\"1024\" height=\"683\" data-id=\"37598\" src=\"https:\/\/www.ebg.de\/wp-content\/uploads\/2024\/07\/IMG_8771-1024x683.jpg\" alt=\"\" class=\"wp-image-37598\" srcset=\"https:\/\/www.ebg.de\/wp-content\/uploads\/2024\/07\/IMG_8771-1024x683.jpg 1024w, https:\/\/www.ebg.de\/wp-content\/uploads\/2024\/07\/IMG_8771-300x200.jpg 300w, https:\/\/www.ebg.de\/wp-content\/uploads\/2024\/07\/IMG_8771-768x512.jpg 768w, https:\/\/www.ebg.de\/wp-content\/uploads\/2024\/07\/IMG_8771-1536x1024.jpg 1536w, https:\/\/www.ebg.de\/wp-content\/uploads\/2024\/07\/IMG_8771-2048x1365.jpg 2048w, https:\/\/www.ebg.de\/wp-content\/uploads\/2024\/07\/IMG_8771-900x600.jpg 900w, https:\/\/www.ebg.de\/wp-content\/uploads\/2024\/07\/IMG_8771-1200x800.jpg 1200w\" sizes=\"auto, (max-width: 1024px) 100vw, 1024px\" \/><\/figure>\n\n\n\n<figure class=\"wp-block-image size-large\"><img loading=\"lazy\" decoding=\"async\" width=\"1024\" height=\"683\" data-id=\"37602\" src=\"https:\/\/www.ebg.de\/wp-content\/uploads\/2024\/07\/IMG_8774-1024x683.jpg\" alt=\"\" class=\"wp-image-37602\" srcset=\"https:\/\/www.ebg.de\/wp-content\/uploads\/2024\/07\/IMG_8774-1024x683.jpg 1024w, https:\/\/www.ebg.de\/wp-content\/uploads\/2024\/07\/IMG_8774-300x200.jpg 300w, https:\/\/www.ebg.de\/wp-content\/uploads\/2024\/07\/IMG_8774-768x512.jpg 768w, https:\/\/www.ebg.de\/wp-content\/uploads\/2024\/07\/IMG_8774-1536x1024.jpg 1536w, https:\/\/www.ebg.de\/wp-content\/uploads\/2024\/07\/IMG_8774-2048x1365.jpg 2048w, https:\/\/www.ebg.de\/wp-content\/uploads\/2024\/07\/IMG_8774-900x600.jpg 900w, https:\/\/www.ebg.de\/wp-content\/uploads\/2024\/07\/IMG_8774-1200x800.jpg 1200w\" sizes=\"auto, (max-width: 1024px) 100vw, 1024px\" \/><\/figure>\n\n\n\n<figure class=\"wp-block-image size-large\"><img loading=\"lazy\" decoding=\"async\" width=\"1024\" height=\"675\" data-id=\"37596\" src=\"https:\/\/www.ebg.de\/wp-content\/uploads\/2024\/07\/IMG_9087-1024x675.jpg\" alt=\"\" class=\"wp-image-37596\" srcset=\"https:\/\/www.ebg.de\/wp-content\/uploads\/2024\/07\/IMG_9087-1024x675.jpg 1024w, https:\/\/www.ebg.de\/wp-content\/uploads\/2024\/07\/IMG_9087-300x198.jpg 300w, https:\/\/www.ebg.de\/wp-content\/uploads\/2024\/07\/IMG_9087-768x506.jpg 768w, https:\/\/www.ebg.de\/wp-content\/uploads\/2024\/07\/IMG_9087-1536x1013.jpg 1536w, https:\/\/www.ebg.de\/wp-content\/uploads\/2024\/07\/IMG_9087-2048x1350.jpg 2048w, https:\/\/www.ebg.de\/wp-content\/uploads\/2024\/07\/IMG_9087-900x593.jpg 900w, https:\/\/www.ebg.de\/wp-content\/uploads\/2024\/07\/IMG_9087-1200x791.jpg 1200w\" sizes=\"auto, (max-width: 1024px) 100vw, 1024px\" \/><\/figure>\n<\/figure>\n\n\n\n<p><\/p>\n\n\n\n<p>Die Arbeit hat sich gelohnt, es war ein rundum gelungenes Fest, Danke allen Organisatoren und G\u00e4sten!<\/p>\n","protected":false},"excerpt":{"rendered":"<p>Am 18. Juni 2024 feierten ca. 350 Lehrkr\u00e4fte, Sch\u00fclerinnen und Sch\u00fcler sowie G\u00e4ste am Schulstandort Halle das 30-j\u00e4hrige Bestehen.<\/p>\n","protected":false},"author":22,"featured_media":37590,"comment_status":"closed","ping_status":"closed","sticky":false,"template":"","format":"standard","meta":{"_acf_changed":false,"footnotes":"[]"},"categories":[29],"tags":[95,78,98,80,92,82,97],"class_list":["post-37588","post","type-post","status-publish","format-standard","has-post-thumbnail","hentry","category-news-halle-schulen","tag-ausbildung","tag-ebg","tag-ergotherapie","tag-erzieher","tag-halle","tag-heilerziehungspfleger","tag-heilpaedagogik"],"acf":[],"yoast_head":"<!-- This site is optimized with the Yoast SEO plugin v26.9 - https:\/\/yoast.com\/product\/yoast-seo-wordpress\/ -->\n<title>30 Jahre FBZ Halle \u2013 Tolle Stimmung zum Schuljubil\u00e4um<\/title>\n<meta name=\"description\" content=\"Am 18. Juni 2024 feierten ca. 350 Lehrkr\u00e4fte, Sch\u00fclerinnen und Sch\u00fcler sowie G\u00e4ste am Schulstandort Halle das 30-j\u00e4hrige Bestehen.\" \/>\n<meta name=\"robots\" content=\"index, follow, max-snippet:-1, max-image-preview:large, max-video-preview:-1\" \/>\n<link rel=\"canonical\" href=\"https:\/\/www.ebg.de\/30-jahre-fbz-halle\/\" \/>\n<meta property=\"og:locale\" content=\"en_US\" \/>\n<meta property=\"og:type\" content=\"article\" \/>\n<meta property=\"og:title\" content=\"30 Jahre FBZ Halle \u2013 Tolle Stimmung zum Schuljubil\u00e4um\" \/>\n<meta property=\"og:description\" content=\"Am 18. Juni 2024 feierten ca. 350 Lehrkr\u00e4fte, Sch\u00fclerinnen und Sch\u00fcler sowie G\u00e4ste am Schulstandort Halle das 30-j\u00e4hrige Bestehen.\" \/>\n<meta property=\"og:url\" content=\"https:\/\/www.ebg.de\/30-jahre-fbz-halle\/\" \/>\n<meta property=\"og:site_name\" content=\"Europ\u00e4isches Bildungswerk f\u00fcr Beruf und Gesellschaft\" \/>\n<meta property=\"article:published_time\" content=\"2024-07-09T06:03:06+00:00\" \/>\n<meta property=\"article:modified_time\" content=\"2024-07-09T06:03:08+00:00\" \/>\n<meta property=\"og:image\" content=\"https:\/\/www.ebg.de\/wp-content\/uploads\/2024\/07\/IMG_8977-scaled.jpg\" \/>\n\t<meta property=\"og:image:width\" content=\"2560\" \/>\n\t<meta property=\"og:image:height\" content=\"1707\" \/>\n\t<meta property=\"og:image:type\" content=\"image\/jpeg\" \/>\n<meta name=\"author\" content=\"Stephan Deubner\" \/>\n<meta name=\"twitter:card\" content=\"summary_large_image\" \/>\n<meta name=\"twitter:label1\" content=\"Written by\" \/>\n\t<meta name=\"twitter:data1\" content=\"Stephan Deubner\" \/>\n\t<meta name=\"twitter:label2\" content=\"Est. reading time\" \/>\n\t<meta name=\"twitter:data2\" content=\"2 minutes\" \/>\n<!-- \/ Yoast SEO plugin. -->","yoast_head_json":{"title":"30 Jahre FBZ Halle \u2013 Tolle Stimmung zum Schuljubil\u00e4um","description":"Am 18. Juni 2024 feierten ca. 350 Lehrkr\u00e4fte, Sch\u00fclerinnen und Sch\u00fcler sowie G\u00e4ste am Schulstandort Halle das 30-j\u00e4hrige Bestehen.","robots":{"index":"index","follow":"follow","max-snippet":"max-snippet:-1","max-image-preview":"max-image-preview:large","max-video-preview":"max-video-preview:-1"},"canonical":"https:\/\/www.ebg.de\/30-jahre-fbz-halle\/","og_locale":"en_US","og_type":"article","og_title":"30 Jahre FBZ Halle \u2013 Tolle Stimmung zum Schuljubil\u00e4um","og_description":"Am 18. Juni 2024 feierten ca. 350 Lehrkr\u00e4fte, Sch\u00fclerinnen und Sch\u00fcler sowie G\u00e4ste am Schulstandort Halle das 30-j\u00e4hrige Bestehen.","og_url":"https:\/\/www.ebg.de\/30-jahre-fbz-halle\/","og_site_name":"Europ\u00e4isches Bildungswerk f\u00fcr Beruf und Gesellschaft","article_published_time":"2024-07-09T06:03:06+00:00","article_modified_time":"2024-07-09T06:03:08+00:00","og_image":[{"width":2560,"height":1707,"url":"https:\/\/www.ebg.de\/wp-content\/uploads\/2024\/07\/IMG_8977-scaled.jpg","type":"image\/jpeg"}],"author":"Stephan Deubner","twitter_card":"summary_large_image","twitter_misc":{"Written by":"Stephan Deubner","Est. reading time":"2 minutes"},"schema":{"@context":"https:\/\/schema.org","@graph":[{"@type":"Article","@id":"https:\/\/www.ebg.de\/30-jahre-fbz-halle\/#article","isPartOf":{"@id":"https:\/\/www.ebg.de\/30-jahre-fbz-halle\/"},"author":{"name":"Stephan Deubner","@id":"https:\/\/www.ebg.de\/#\/schema\/person\/af645ea1741029d9a44ae532ceb268bc"},"headline":"30 Jahre FBZ Halle \u2013 Tolle Stimmung zum Schuljubil\u00e4um","datePublished":"2024-07-09T06:03:06+00:00","dateModified":"2024-07-09T06:03:08+00:00","mainEntityOfPage":{"@id":"https:\/\/www.ebg.de\/30-jahre-fbz-halle\/"},"wordCount":85,"image":{"@id":"https:\/\/www.ebg.de\/30-jahre-fbz-halle\/#primaryimage"},"thumbnailUrl":"https:\/\/www.ebg.de\/wp-content\/uploads\/2024\/07\/IMG_8977-scaled.jpg","keywords":["Ausbildung","EBG","Ergotherapie","Erzieher","Halle","Heilerziehungspfleger","Heilp\u00e4dagogik"],"articleSection":["News - Halle Schulen"],"inLanguage":"en-US"},{"@type":"WebPage","@id":"https:\/\/www.ebg.de\/30-jahre-fbz-halle\/","url":"https:\/\/www.ebg.de\/30-jahre-fbz-halle\/","name":"30 Jahre FBZ Halle \u2013 Tolle Stimmung zum Schuljubil\u00e4um","isPartOf":{"@id":"https:\/\/www.ebg.de\/#website"},"primaryImageOfPage":{"@id":"https:\/\/www.ebg.de\/30-jahre-fbz-halle\/#primaryimage"},"image":{"@id":"https:\/\/www.ebg.de\/30-jahre-fbz-halle\/#primaryimage"},"thumbnailUrl":"https:\/\/www.ebg.de\/wp-content\/uploads\/2024\/07\/IMG_8977-scaled.jpg","datePublished":"2024-07-09T06:03:06+00:00","dateModified":"2024-07-09T06:03:08+00:00","author":{"@id":"https:\/\/www.ebg.de\/#\/schema\/person\/af645ea1741029d9a44ae532ceb268bc"},"description":"Am 18. Juni 2024 feierten ca. 350 Lehrkr\u00e4fte, Sch\u00fclerinnen und Sch\u00fcler sowie G\u00e4ste am Schulstandort Halle das 30-j\u00e4hrige Bestehen.","breadcrumb":{"@id":"https:\/\/www.ebg.de\/30-jahre-fbz-halle\/#breadcrumb"},"inLanguage":"en-US","potentialAction":[{"@type":"ReadAction","target":["https:\/\/www.ebg.de\/30-jahre-fbz-halle\/"]}]},{"@type":"ImageObject","inLanguage":"en-US","@id":"https:\/\/www.ebg.de\/30-jahre-fbz-halle\/#primaryimage","url":"https:\/\/www.ebg.de\/wp-content\/uploads\/2024\/07\/IMG_8977-scaled.jpg","contentUrl":"https:\/\/www.ebg.de\/wp-content\/uploads\/2024\/07\/IMG_8977-scaled.jpg","width":2560,"height":1707,"caption":"30 Jahre FBZ Halle"},{"@type":"BreadcrumbList","@id":"https:\/\/www.ebg.de\/30-jahre-fbz-halle\/#breadcrumb","itemListElement":[{"@type":"ListItem","position":1,"name":"Startseite","item":"https:\/\/www.ebg.de\/"},{"@type":"ListItem","position":2,"name":"30 Jahre FBZ Halle \u2013 Tolle Stimmung zum Schuljubil\u00e4um"}]},{"@type":"WebSite","@id":"https:\/\/www.ebg.de\/#website","url":"https:\/\/www.ebg.de\/","name":"Europ\u00e4isches Bildungswerk f\u00fcr Beruf und Gesellschaft","description":"Bildung, Ausbildung und Weiterbildung","potentialAction":[{"@type":"SearchAction","target":{"@type":"EntryPoint","urlTemplate":"https:\/\/www.ebg.de\/?s={search_term_string}"},"query-input":{"@type":"PropertyValueSpecification","valueRequired":true,"valueName":"search_term_string"}}],"inLanguage":"en-US"},{"@type":"Person","@id":"https:\/\/www.ebg.de\/#\/schema\/person\/af645ea1741029d9a44ae532ceb268bc","name":"Stephan Deubner","image":{"@type":"ImageObject","inLanguage":"en-US","@id":"https:\/\/www.ebg.de\/#\/schema\/person\/image\/","url":"https:\/\/secure.gravatar.com\/avatar\/35731f6a08afa0518c45f153077f6135c0f41aa2ae0b76e850ef9508976a7bbe?s=96&d=mm&r=g","contentUrl":"https:\/\/secure.gravatar.com\/avatar\/35731f6a08afa0518c45f153077f6135c0f41aa2ae0b76e850ef9508976a7bbe?s=96&d=mm&r=g","caption":"Stephan Deubner"},"url":"https:\/\/www.ebg.de\/en\/author\/sdeubner\/"}]}},"_links":{"self":[{"href":"https:\/\/www.ebg.de\/en\/wp-json\/wp\/v2\/posts\/37588","targetHints":{"allow":["GET"]}}],"collection":[{"href":"https:\/\/www.ebg.de\/en\/wp-json\/wp\/v2\/posts"}],"about":[{"href":"https:\/\/www.ebg.de\/en\/wp-json\/wp\/v2\/types\/post"}],"author":[{"embeddable":true,"href":"https:\/\/www.ebg.de\/en\/wp-json\/wp\/v2\/users\/22"}],"replies":[{"embeddable":true,"href":"https:\/\/www.ebg.de\/en\/wp-json\/wp\/v2\/comments?post=37588"}],"version-history":[{"count":2,"href":"https:\/\/www.ebg.de\/en\/wp-json\/wp\/v2\/posts\/37588\/revisions"}],"predecessor-version":[{"id":37604,"href":"https:\/\/www.ebg.de\/en\/wp-json\/wp\/v2\/posts\/37588\/revisions\/37604"}],"wp:featuredmedia":[{"embeddable":true,"href":"https:\/\/www.ebg.de\/en\/wp-json\/wp\/v2\/media\/37590"}],"wp:attachment":[{"href":"https:\/\/www.ebg.de\/en\/wp-json\/wp\/v2\/media?parent=37588"}],"wp:term":[{"taxonomy":"category","embeddable":true,"href":"https:\/\/www.ebg.de\/en\/wp-json\/wp\/v2\/categories?post=37588"},{"taxonomy":"post_tag","embeddable":true,"href":"https:\/\/www.ebg.de\/en\/wp-json\/wp\/v2\/tags?post=37588"}],"curies":[{"name":"wp","href":"https:\/\/api.w.org\/{rel}","templated":true}]}}