{"id":3744,"date":"2019-04-08T14:29:40","date_gmt":"2019-04-08T12:29:40","guid":{"rendered":"https:\/\/www.ebg.de\/?p=3744"},"modified":"2019-04-24T11:48:50","modified_gmt":"2019-04-24T09:48:50","slug":"vielfalt-zeigt-was-in-dir-steckt","status":"publish","type":"post","link":"https:\/\/www.ebg.de\/en\/vielfalt-zeigt-was-in-dir-steckt\/","title":{"rendered":"\u201eVielfalt zeigt, was in dir steckt!\u201c"},"content":{"rendered":"\n<p>Am 30.03.2019 von 9\n\u2013 15 Uhr fand traditionell der Fachtag der berufsbegleitenden Ausbildungsg\u00e4nge\nin den R\u00e4umlichkeiten der Fachschule f\u00fcr Sozialwesen vom Europ\u00e4ischen\nBildungswerk f\u00fcr Beruf und Gesellschaft in der Kirchhofstra\u00dfe 3-7 in\nBrandenburg statt.<\/p>\n\n\n\n<p>Das Thema des Fachtags war dabei: \u201eVielfalt zeigt, was in dir steckt!\u201c<\/p>\n\n\n\n<p>Die Erzieher,\nHeilerziehungspfleger und Heilp\u00e4dagogen des 1. berufsbegleitenden\nAusbildungsjahres bereiteten zuvor, im Rahmen des Unterrichts, f\u00fcnf\nverschiedene Workshops f\u00fcr die Sch\u00fclerinnen und Sch\u00fcler der zweiten und dritten\nberufsbegleitenden&nbsp; Ausbildungsg\u00e4nge\n(Erzieher, Heilerziehungspfleger, Heilp\u00e4dagogen) vor. <\/p>\n\n\n\n<p>Die Workshops mit\nden Schwerpunkten:<\/p>\n\n\n\n<ul class=\"wp-block-list\"><li>Rambazamba \u2013\nWas f\u00fcr ein Theater! \u2013 Vielfalt in der Erziehung<\/li><li>Fun- Dance-\nRelax \u2013 k\u00f6rperliche Bewegung &amp; Entspannung<\/li><li>Unterst\u00fctzte\nKommunikation<\/li><li>Handwerk \u2013\nkreative Handarbeit<\/li><li>Sinne bewusst\nerleben<\/li><\/ul>\n\n\n\n<p>sorgten f\u00fcr viel\nAbwechslung, beinhalteten einen hohen Workload und stellten die Verbindung zum\nThema Vielfalt her.<\/p>\n\n\n\n<p>Die Catering \u2013\nGruppe sorgte dabei f\u00fcr die kulinarische Vielfalt.<\/p>\n\n\n\n<p>Die\nOrganisationsgruppen strukturierten den Ablauf des Fachtags, gestalteten die\nWerbung, dokumentierten vielf\u00e4ltig&nbsp; und\nkoordinierten die Zusammenarbeit der verschiedenen Gruppen in der Vorbereitung.<\/p>\n\n\n\n<p>Dies schuf sowohl f\u00fcr die Veranstalter als auch f\u00fcr die Teilnehmer einen aufregenden &amp; unvergesslichen Tag und viele neue Impulse und Ideen f\u00fcr die praktische Arbeit.<\/p>\n\n\n\n<figure class=\"wp-block-image\"><img loading=\"lazy\" decoding=\"async\" width=\"864\" height=\"377\" src=\"https:\/\/www.ebg.de\/wp-content\/uploads\/2019\/04\/Gesamt.jpg\" alt=\"\" class=\"wp-image-3759\" srcset=\"https:\/\/www.ebg.de\/wp-content\/uploads\/2019\/04\/Gesamt.jpg 864w, https:\/\/www.ebg.de\/wp-content\/uploads\/2019\/04\/Gesamt-300x131.jpg 300w, https:\/\/www.ebg.de\/wp-content\/uploads\/2019\/04\/Gesamt-768x335.jpg 768w\" sizes=\"auto, (max-width: 864px) 100vw, 864px\" \/><\/figure>\n\n\n\n<p>ERZ 18 TZ\/ HEP 18\nTZ\/ HP 18 TZ der Fachschule f\u00fcr Sozialwesen Brandenburg (EBG).<\/p>\n","protected":false},"excerpt":{"rendered":"<p>Am 30.03.2019 von 9 \u2013 15 Uhr fand traditionell der Fachtag der berufsbegleitenden Ausbildungsg\u00e4nge in den R\u00e4umlichkeiten des Fachschulzentrums Brandenburg statt.<\/p>\n","protected":false},"author":15,"featured_media":3746,"comment_status":"closed","ping_status":"closed","sticky":false,"template":"","format":"standard","meta":{"_acf_changed":false,"footnotes":""},"categories":[26],"tags":[],"class_list":["post-3744","post","type-post","status-publish","format-standard","has-post-thumbnail","hentry","category-news-brandenburg-schulen"],"acf":[],"yoast_head":"<!-- This site is optimized with the Yoast SEO plugin v26.9 - https:\/\/yoast.com\/product\/yoast-seo-wordpress\/ -->\n<title>\u201eVielfalt zeigt, was in dir steckt!\u201c - Europ\u00e4isches Bildungswerk f\u00fcr Beruf und Gesellschaft<\/title>\n<meta name=\"robots\" content=\"index, follow, max-snippet:-1, max-image-preview:large, max-video-preview:-1\" \/>\n<link rel=\"canonical\" href=\"https:\/\/www.ebg.de\/vielfalt-zeigt-was-in-dir-steckt\/\" \/>\n<meta property=\"og:locale\" content=\"en_US\" \/>\n<meta property=\"og:type\" content=\"article\" \/>\n<meta property=\"og:title\" content=\"\u201eVielfalt zeigt, was in dir steckt!\u201c - Europ\u00e4isches Bildungswerk f\u00fcr Beruf und Gesellschaft\" \/>\n<meta property=\"og:description\" content=\"Am 30.03.2019 von 9 \u2013 15 Uhr fand traditionell der Fachtag der berufsbegleitenden Ausbildungsg\u00e4nge in den R\u00e4umlichkeiten des Fachschulzentrums Brandenburg statt.\" \/>\n<meta property=\"og:url\" content=\"https:\/\/www.ebg.de\/vielfalt-zeigt-was-in-dir-steckt\/\" \/>\n<meta property=\"og:site_name\" content=\"Europ\u00e4isches Bildungswerk f\u00fcr Beruf und Gesellschaft\" \/>\n<meta property=\"article:published_time\" content=\"2019-04-08T12:29:40+00:00\" \/>\n<meta property=\"article:modified_time\" content=\"2019-04-24T09:48:50+00:00\" \/>\n<meta property=\"og:image\" content=\"https:\/\/www.ebg.de\/wp-content\/uploads\/2019\/04\/Viefalt-e1554727047665.jpg\" \/>\n\t<meta property=\"og:image:width\" content=\"450\" \/>\n\t<meta property=\"og:image:height\" content=\"431\" \/>\n\t<meta property=\"og:image:type\" content=\"image\/jpeg\" \/>\n<meta name=\"author\" content=\"Ina Schubert\" \/>\n<meta name=\"twitter:card\" content=\"summary_large_image\" \/>\n<meta name=\"twitter:label1\" content=\"Written by\" \/>\n\t<meta name=\"twitter:data1\" content=\"Ina Schubert\" \/>\n\t<meta name=\"twitter:label2\" content=\"Est. reading time\" \/>\n\t<meta name=\"twitter:data2\" content=\"1 minute\" \/>\n<!-- \/ Yoast SEO plugin. -->","yoast_head_json":{"title":"\u201eVielfalt zeigt, was in dir steckt!\u201c - Europ\u00e4isches Bildungswerk f\u00fcr Beruf und Gesellschaft","robots":{"index":"index","follow":"follow","max-snippet":"max-snippet:-1","max-image-preview":"max-image-preview:large","max-video-preview":"max-video-preview:-1"},"canonical":"https:\/\/www.ebg.de\/vielfalt-zeigt-was-in-dir-steckt\/","og_locale":"en_US","og_type":"article","og_title":"\u201eVielfalt zeigt, was in dir steckt!\u201c - Europ\u00e4isches Bildungswerk f\u00fcr Beruf und Gesellschaft","og_description":"Am 30.03.2019 von 9 \u2013 15 Uhr fand traditionell der Fachtag der berufsbegleitenden Ausbildungsg\u00e4nge in den R\u00e4umlichkeiten des Fachschulzentrums Brandenburg statt.","og_url":"https:\/\/www.ebg.de\/vielfalt-zeigt-was-in-dir-steckt\/","og_site_name":"Europ\u00e4isches Bildungswerk f\u00fcr Beruf und Gesellschaft","article_published_time":"2019-04-08T12:29:40+00:00","article_modified_time":"2019-04-24T09:48:50+00:00","og_image":[{"width":450,"height":431,"url":"https:\/\/www.ebg.de\/wp-content\/uploads\/2019\/04\/Viefalt-e1554727047665.jpg","type":"image\/jpeg"}],"author":"Ina Schubert","twitter_card":"summary_large_image","twitter_misc":{"Written by":"Ina Schubert","Est. reading time":"1 minute"},"schema":{"@context":"https:\/\/schema.org","@graph":[{"@type":"Article","@id":"https:\/\/www.ebg.de\/vielfalt-zeigt-was-in-dir-steckt\/#article","isPartOf":{"@id":"https:\/\/www.ebg.de\/vielfalt-zeigt-was-in-dir-steckt\/"},"author":{"name":"Ina Schubert","@id":"https:\/\/www.ebg.de\/#\/schema\/person\/00edc5d5868606a12c2f5e12ba5a0277"},"headline":"\u201eVielfalt zeigt, was in dir steckt!\u201c","datePublished":"2019-04-08T12:29:40+00:00","dateModified":"2019-04-24T09:48:50+00:00","mainEntityOfPage":{"@id":"https:\/\/www.ebg.de\/vielfalt-zeigt-was-in-dir-steckt\/"},"wordCount":220,"image":{"@id":"https:\/\/www.ebg.de\/vielfalt-zeigt-was-in-dir-steckt\/#primaryimage"},"thumbnailUrl":"https:\/\/www.ebg.de\/wp-content\/uploads\/2019\/04\/Viefalt-e1554727047665.jpg","articleSection":["News - Brandenburg Schulen"],"inLanguage":"en-US"},{"@type":"WebPage","@id":"https:\/\/www.ebg.de\/vielfalt-zeigt-was-in-dir-steckt\/","url":"https:\/\/www.ebg.de\/vielfalt-zeigt-was-in-dir-steckt\/","name":"\u201eVielfalt zeigt, was in dir steckt!\u201c - Europ\u00e4isches Bildungswerk f\u00fcr Beruf und Gesellschaft","isPartOf":{"@id":"https:\/\/www.ebg.de\/#website"},"primaryImageOfPage":{"@id":"https:\/\/www.ebg.de\/vielfalt-zeigt-was-in-dir-steckt\/#primaryimage"},"image":{"@id":"https:\/\/www.ebg.de\/vielfalt-zeigt-was-in-dir-steckt\/#primaryimage"},"thumbnailUrl":"https:\/\/www.ebg.de\/wp-content\/uploads\/2019\/04\/Viefalt-e1554727047665.jpg","datePublished":"2019-04-08T12:29:40+00:00","dateModified":"2019-04-24T09:48:50+00:00","author":{"@id":"https:\/\/www.ebg.de\/#\/schema\/person\/00edc5d5868606a12c2f5e12ba5a0277"},"breadcrumb":{"@id":"https:\/\/www.ebg.de\/vielfalt-zeigt-was-in-dir-steckt\/#breadcrumb"},"inLanguage":"en-US","potentialAction":[{"@type":"ReadAction","target":["https:\/\/www.ebg.de\/vielfalt-zeigt-was-in-dir-steckt\/"]}]},{"@type":"ImageObject","inLanguage":"en-US","@id":"https:\/\/www.ebg.de\/vielfalt-zeigt-was-in-dir-steckt\/#primaryimage","url":"https:\/\/www.ebg.de\/wp-content\/uploads\/2019\/04\/Viefalt-e1554727047665.jpg","contentUrl":"https:\/\/www.ebg.de\/wp-content\/uploads\/2019\/04\/Viefalt-e1554727047665.jpg","width":450,"height":431},{"@type":"BreadcrumbList","@id":"https:\/\/www.ebg.de\/vielfalt-zeigt-was-in-dir-steckt\/#breadcrumb","itemListElement":[{"@type":"ListItem","position":1,"name":"Startseite","item":"https:\/\/www.ebg.de\/"},{"@type":"ListItem","position":2,"name":"\u201eVielfalt zeigt, was in dir steckt!\u201c"}]},{"@type":"WebSite","@id":"https:\/\/www.ebg.de\/#website","url":"https:\/\/www.ebg.de\/","name":"Europ\u00e4isches Bildungswerk f\u00fcr Beruf und Gesellschaft","description":"Bildung, Ausbildung und Weiterbildung","potentialAction":[{"@type":"SearchAction","target":{"@type":"EntryPoint","urlTemplate":"https:\/\/www.ebg.de\/?s={search_term_string}"},"query-input":{"@type":"PropertyValueSpecification","valueRequired":true,"valueName":"search_term_string"}}],"inLanguage":"en-US"},{"@type":"Person","@id":"https:\/\/www.ebg.de\/#\/schema\/person\/00edc5d5868606a12c2f5e12ba5a0277","name":"Ina Schubert","image":{"@type":"ImageObject","inLanguage":"en-US","@id":"https:\/\/www.ebg.de\/#\/schema\/person\/image\/","url":"https:\/\/secure.gravatar.com\/avatar\/711e362b576ac547782ca793fe3330d5c37b80c32dfb390f08ca496d6cfc1ca0?s=96&d=mm&r=g","contentUrl":"https:\/\/secure.gravatar.com\/avatar\/711e362b576ac547782ca793fe3330d5c37b80c32dfb390f08ca496d6cfc1ca0?s=96&d=mm&r=g","caption":"Ina Schubert"},"url":"https:\/\/www.ebg.de\/en\/author\/fsbrandenburg\/"}]}},"_links":{"self":[{"href":"https:\/\/www.ebg.de\/en\/wp-json\/wp\/v2\/posts\/3744","targetHints":{"allow":["GET"]}}],"collection":[{"href":"https:\/\/www.ebg.de\/en\/wp-json\/wp\/v2\/posts"}],"about":[{"href":"https:\/\/www.ebg.de\/en\/wp-json\/wp\/v2\/types\/post"}],"author":[{"embeddable":true,"href":"https:\/\/www.ebg.de\/en\/wp-json\/wp\/v2\/users\/15"}],"replies":[{"embeddable":true,"href":"https:\/\/www.ebg.de\/en\/wp-json\/wp\/v2\/comments?post=3744"}],"version-history":[{"count":7,"href":"https:\/\/www.ebg.de\/en\/wp-json\/wp\/v2\/posts\/3744\/revisions"}],"predecessor-version":[{"id":4077,"href":"https:\/\/www.ebg.de\/en\/wp-json\/wp\/v2\/posts\/3744\/revisions\/4077"}],"wp:featuredmedia":[{"embeddable":true,"href":"https:\/\/www.ebg.de\/en\/wp-json\/wp\/v2\/media\/3746"}],"wp:attachment":[{"href":"https:\/\/www.ebg.de\/en\/wp-json\/wp\/v2\/media?parent=3744"}],"wp:term":[{"taxonomy":"category","embeddable":true,"href":"https:\/\/www.ebg.de\/en\/wp-json\/wp\/v2\/categories?post=3744"},{"taxonomy":"post_tag","embeddable":true,"href":"https:\/\/www.ebg.de\/en\/wp-json\/wp\/v2\/tags?post=3744"}],"curies":[{"name":"wp","href":"https:\/\/api.w.org\/{rel}","templated":true}]}}