{"id":37235,"date":"2024-06-06T09:06:48","date_gmt":"2024-06-06T07:06:48","guid":{"rendered":"https:\/\/www.ebg.de\/?p=37235"},"modified":"2024-06-06T09:06:56","modified_gmt":"2024-06-06T07:06:56","slug":"resozialisierungsprojekt-torgau-stadtpark-torgau-glacis","status":"publish","type":"post","link":"https:\/\/www.ebg.de\/en\/resozialisierungsprojekt-torgau-stadtpark-torgau-glacis\/","title":{"rendered":"Neues vom Resozialisierungsprojekt straff\u00e4llig gewordener Jugendlicher"},"content":{"rendered":"\n<p>Die Jugendlichen des Projekts \u201eResozialisierungsprojekt straff\u00e4llig gewordener Jugendlicher\u201c f\u00fchren gemeinn\u00fctzige T\u00e4tigkeiten im Stadtpark Torgau \u201eGlacis\u201c unter Anleitung unserer Ausbilderin Kathrin Seelig durch. Unter anderem werden Papierk\u00f6rbe von Graffiti-Vandalismus und die Wege und Einm\u00fcndungen der Spielpl\u00e4tze von M\u00fcll befreit.<\/p>\n","protected":false},"excerpt":{"rendered":"<p>Jugendliche des Projekts Resozialisierungsprojekt straff\u00e4llig gewordener Jugendlicher arbeiten im Stadtpark Torgau \u201eGlacis\u201c.<\/p>\n","protected":false},"author":8,"featured_media":37238,"comment_status":"closed","ping_status":"closed","sticky":false,"template":"","format":"standard","meta":{"_acf_changed":false,"footnotes":""},"categories":[32],"tags":[],"class_list":["post-37235","post","type-post","status-publish","format-standard","has-post-thumbnail","hentry","category-news-torgau-bildungszentrum"],"acf":[],"yoast_head":"<!-- This site is optimized with the Yoast SEO plugin v26.9 - https:\/\/yoast.com\/product\/yoast-seo-wordpress\/ -->\n<title>Neues vom Resozialisierungsprojekt straff\u00e4llig gewordener Jugendlicher - Europ\u00e4isches Bildungswerk f\u00fcr Beruf und Gesellschaft<\/title>\n<meta name=\"robots\" content=\"index, follow, max-snippet:-1, max-image-preview:large, max-video-preview:-1\" \/>\n<link rel=\"canonical\" href=\"https:\/\/www.ebg.de\/resozialisierungsprojekt-torgau-stadtpark-torgau-glacis\/\" \/>\n<meta property=\"og:locale\" content=\"en_US\" \/>\n<meta property=\"og:type\" content=\"article\" \/>\n<meta property=\"og:title\" content=\"Neues vom Resozialisierungsprojekt straff\u00e4llig gewordener Jugendlicher - Europ\u00e4isches Bildungswerk f\u00fcr Beruf und Gesellschaft\" \/>\n<meta property=\"og:description\" content=\"Jugendliche des Projekts Resozialisierungsprojekt straff\u00e4llig gewordener Jugendlicher arbeiten im Stadtpark Torgau \u201eGlacis\u201c.\" \/>\n<meta property=\"og:url\" content=\"https:\/\/www.ebg.de\/resozialisierungsprojekt-torgau-stadtpark-torgau-glacis\/\" \/>\n<meta property=\"og:site_name\" content=\"Europ\u00e4isches Bildungswerk f\u00fcr Beruf und Gesellschaft\" \/>\n<meta property=\"article:published_time\" content=\"2024-06-06T07:06:48+00:00\" \/>\n<meta property=\"article:modified_time\" content=\"2024-06-06T07:06:56+00:00\" \/>\n<meta property=\"og:image\" content=\"https:\/\/www.ebg.de\/wp-content\/uploads\/2024\/06\/resozialisierungsprojekt-bildungszentrum-torgau-mai-2024-3.jpg\" \/>\n\t<meta property=\"og:image:width\" content=\"800\" \/>\n\t<meta property=\"og:image:height\" content=\"455\" \/>\n\t<meta property=\"og:image:type\" content=\"image\/jpeg\" \/>\n<meta name=\"author\" content=\"Christiane Selbig\" \/>\n<meta name=\"twitter:card\" content=\"summary_large_image\" \/>\n<meta name=\"twitter:label1\" content=\"Written by\" \/>\n\t<meta name=\"twitter:data1\" content=\"Christiane Selbig\" \/>\n\t<meta name=\"twitter:label2\" content=\"Est. reading time\" \/>\n\t<meta name=\"twitter:data2\" content=\"1 minute\" \/>\n<!-- \/ Yoast SEO plugin. -->","yoast_head_json":{"title":"Neues vom Resozialisierungsprojekt straff\u00e4llig gewordener Jugendlicher - Europ\u00e4isches Bildungswerk f\u00fcr Beruf und Gesellschaft","robots":{"index":"index","follow":"follow","max-snippet":"max-snippet:-1","max-image-preview":"max-image-preview:large","max-video-preview":"max-video-preview:-1"},"canonical":"https:\/\/www.ebg.de\/resozialisierungsprojekt-torgau-stadtpark-torgau-glacis\/","og_locale":"en_US","og_type":"article","og_title":"Neues vom Resozialisierungsprojekt straff\u00e4llig gewordener Jugendlicher - Europ\u00e4isches Bildungswerk f\u00fcr Beruf und Gesellschaft","og_description":"Jugendliche des Projekts Resozialisierungsprojekt straff\u00e4llig gewordener Jugendlicher arbeiten im Stadtpark Torgau \u201eGlacis\u201c.","og_url":"https:\/\/www.ebg.de\/resozialisierungsprojekt-torgau-stadtpark-torgau-glacis\/","og_site_name":"Europ\u00e4isches Bildungswerk f\u00fcr Beruf und Gesellschaft","article_published_time":"2024-06-06T07:06:48+00:00","article_modified_time":"2024-06-06T07:06:56+00:00","og_image":[{"width":800,"height":455,"url":"https:\/\/www.ebg.de\/wp-content\/uploads\/2024\/06\/resozialisierungsprojekt-bildungszentrum-torgau-mai-2024-3.jpg","type":"image\/jpeg"}],"author":"Christiane Selbig","twitter_card":"summary_large_image","twitter_misc":{"Written by":"Christiane Selbig","Est. reading time":"1 minute"},"schema":{"@context":"https:\/\/schema.org","@graph":[{"@type":"Article","@id":"https:\/\/www.ebg.de\/resozialisierungsprojekt-torgau-stadtpark-torgau-glacis\/#article","isPartOf":{"@id":"https:\/\/www.ebg.de\/resozialisierungsprojekt-torgau-stadtpark-torgau-glacis\/"},"author":{"name":"Christiane Selbig","@id":"https:\/\/www.ebg.de\/#\/schema\/person\/841de16928f485ad75bab4e688fe3436"},"headline":"Neues vom Resozialisierungsprojekt straff\u00e4llig gewordener Jugendlicher","datePublished":"2024-06-06T07:06:48+00:00","dateModified":"2024-06-06T07:06:56+00:00","mainEntityOfPage":{"@id":"https:\/\/www.ebg.de\/resozialisierungsprojekt-torgau-stadtpark-torgau-glacis\/"},"wordCount":53,"image":{"@id":"https:\/\/www.ebg.de\/resozialisierungsprojekt-torgau-stadtpark-torgau-glacis\/#primaryimage"},"thumbnailUrl":"https:\/\/www.ebg.de\/wp-content\/uploads\/2024\/06\/resozialisierungsprojekt-bildungszentrum-torgau-mai-2024-3.jpg","articleSection":["News - Torgau BZ"],"inLanguage":"en-US"},{"@type":"WebPage","@id":"https:\/\/www.ebg.de\/resozialisierungsprojekt-torgau-stadtpark-torgau-glacis\/","url":"https:\/\/www.ebg.de\/resozialisierungsprojekt-torgau-stadtpark-torgau-glacis\/","name":"Neues vom Resozialisierungsprojekt straff\u00e4llig gewordener Jugendlicher - Europ\u00e4isches Bildungswerk f\u00fcr Beruf und Gesellschaft","isPartOf":{"@id":"https:\/\/www.ebg.de\/#website"},"primaryImageOfPage":{"@id":"https:\/\/www.ebg.de\/resozialisierungsprojekt-torgau-stadtpark-torgau-glacis\/#primaryimage"},"image":{"@id":"https:\/\/www.ebg.de\/resozialisierungsprojekt-torgau-stadtpark-torgau-glacis\/#primaryimage"},"thumbnailUrl":"https:\/\/www.ebg.de\/wp-content\/uploads\/2024\/06\/resozialisierungsprojekt-bildungszentrum-torgau-mai-2024-3.jpg","datePublished":"2024-06-06T07:06:48+00:00","dateModified":"2024-06-06T07:06:56+00:00","author":{"@id":"https:\/\/www.ebg.de\/#\/schema\/person\/841de16928f485ad75bab4e688fe3436"},"breadcrumb":{"@id":"https:\/\/www.ebg.de\/resozialisierungsprojekt-torgau-stadtpark-torgau-glacis\/#breadcrumb"},"inLanguage":"en-US","potentialAction":[{"@type":"ReadAction","target":["https:\/\/www.ebg.de\/resozialisierungsprojekt-torgau-stadtpark-torgau-glacis\/"]}]},{"@type":"ImageObject","inLanguage":"en-US","@id":"https:\/\/www.ebg.de\/resozialisierungsprojekt-torgau-stadtpark-torgau-glacis\/#primaryimage","url":"https:\/\/www.ebg.de\/wp-content\/uploads\/2024\/06\/resozialisierungsprojekt-bildungszentrum-torgau-mai-2024-3.jpg","contentUrl":"https:\/\/www.ebg.de\/wp-content\/uploads\/2024\/06\/resozialisierungsprojekt-bildungszentrum-torgau-mai-2024-3.jpg","width":800,"height":455,"caption":"Arbeitende Jugendliche im Stadtpark Torgau \u201eGlacis\u201c, Reinigen der Papierk\u00f6rbe von Graffitty-Vandalismus"},{"@type":"BreadcrumbList","@id":"https:\/\/www.ebg.de\/resozialisierungsprojekt-torgau-stadtpark-torgau-glacis\/#breadcrumb","itemListElement":[{"@type":"ListItem","position":1,"name":"Startseite","item":"https:\/\/www.ebg.de\/"},{"@type":"ListItem","position":2,"name":"Neues vom Resozialisierungsprojekt straff\u00e4llig gewordener Jugendlicher"}]},{"@type":"WebSite","@id":"https:\/\/www.ebg.de\/#website","url":"https:\/\/www.ebg.de\/","name":"Europ\u00e4isches Bildungswerk f\u00fcr Beruf und Gesellschaft","description":"Bildung, Ausbildung und Weiterbildung","potentialAction":[{"@type":"SearchAction","target":{"@type":"EntryPoint","urlTemplate":"https:\/\/www.ebg.de\/?s={search_term_string}"},"query-input":{"@type":"PropertyValueSpecification","valueRequired":true,"valueName":"search_term_string"}}],"inLanguage":"en-US"},{"@type":"Person","@id":"https:\/\/www.ebg.de\/#\/schema\/person\/841de16928f485ad75bab4e688fe3436","name":"Christiane Selbig","image":{"@type":"ImageObject","inLanguage":"en-US","@id":"https:\/\/www.ebg.de\/#\/schema\/person\/image\/","url":"https:\/\/secure.gravatar.com\/avatar\/2cc1d2ea88bd46e448d57ac18ac9f028486b7c08a90951b9d99326eeec001739?s=96&d=mm&r=g","contentUrl":"https:\/\/secure.gravatar.com\/avatar\/2cc1d2ea88bd46e448d57ac18ac9f028486b7c08a90951b9d99326eeec001739?s=96&d=mm&r=g","caption":"Christiane Selbig"},"url":"https:\/\/www.ebg.de\/en\/author\/cselbig\/"}]}},"_links":{"self":[{"href":"https:\/\/www.ebg.de\/en\/wp-json\/wp\/v2\/posts\/37235","targetHints":{"allow":["GET"]}}],"collection":[{"href":"https:\/\/www.ebg.de\/en\/wp-json\/wp\/v2\/posts"}],"about":[{"href":"https:\/\/www.ebg.de\/en\/wp-json\/wp\/v2\/types\/post"}],"author":[{"embeddable":true,"href":"https:\/\/www.ebg.de\/en\/wp-json\/wp\/v2\/users\/8"}],"replies":[{"embeddable":true,"href":"https:\/\/www.ebg.de\/en\/wp-json\/wp\/v2\/comments?post=37235"}],"version-history":[{"count":1,"href":"https:\/\/www.ebg.de\/en\/wp-json\/wp\/v2\/posts\/37235\/revisions"}],"predecessor-version":[{"id":37240,"href":"https:\/\/www.ebg.de\/en\/wp-json\/wp\/v2\/posts\/37235\/revisions\/37240"}],"wp:featuredmedia":[{"embeddable":true,"href":"https:\/\/www.ebg.de\/en\/wp-json\/wp\/v2\/media\/37238"}],"wp:attachment":[{"href":"https:\/\/www.ebg.de\/en\/wp-json\/wp\/v2\/media?parent=37235"}],"wp:term":[{"taxonomy":"category","embeddable":true,"href":"https:\/\/www.ebg.de\/en\/wp-json\/wp\/v2\/categories?post=37235"},{"taxonomy":"post_tag","embeddable":true,"href":"https:\/\/www.ebg.de\/en\/wp-json\/wp\/v2\/tags?post=37235"}],"curies":[{"name":"wp","href":"https:\/\/api.w.org\/{rel}","templated":true}]}}