{"id":36804,"date":"2024-04-03T13:52:50","date_gmt":"2024-04-03T11:52:50","guid":{"rendered":"https:\/\/www.ebg.de\/?p=36804"},"modified":"2024-05-21T13:56:58","modified_gmt":"2024-05-21T11:56:58","slug":"erfolgreiche-rezertifizierung-des-ebg","status":"publish","type":"post","link":"https:\/\/www.ebg.de\/en\/erfolgreiche-rezertifizierung-des-ebg\/","title":{"rendered":"Erfolgreiche Rezertifizierung des EBG"},"content":{"rendered":"\n<p>F\u00fcr die EBG gGmbH fand im Zusammenhang damit auch das 4. \u00dcberwachungsaudit bzgl. ihrer AZAV-Zulassung statt.<\/p>\n\n\n\n<p>Neu in diesem Jahr war die Zertifizierung des Fach- und Berufsfachschulzentrums (FBZ) Leipzig im Rahmen der EBG gGmbH, nachdem im August 2023 ein Tr\u00e4gerwechsel vom EBG e. V. Leipzig zur EBG gGmbH stattfand und das FBZ Leipzig damit Bestandteil der EBG gGmbH wurde.<\/p>\n\n\n\n<p>Auditiert wurden in diesem Jahr Zentren des EBG in Magdeburg, Leipzig, Genthin, Naumburg und Halle, wobei wie immer die Arbeit unserer Regionalen Kompetenzzentren und unserer Fach- und Berufsfachschulzentren bzgl. ihrer \u00dcbereinstimmung mit den Anforderungen der Qualit\u00e4tsnorm \u00fcberpr\u00fcft und bewertet wurden. Schwerpunkte dabei waren u. a. die Unterrichtsplanung (klassisch und digital), Schulvertr\u00e4ge (AZAV-Konformit\u00e4t), Eingangsberatungen f\u00fcr Interessenten von FbW-Ma\u00dfnahmen mit Bildungsgutschein, Risikoanalysen, Organigramme, Belehrungen, Begehungsprotokolle zum Arbeitsschutz, Hospitationspl\u00e4ne und -protokolle.<\/p>\n\n\n\n<p>Im Ergebnis konnten die drei Organisationen EBG gGmbH, EBG e. V. D\u00fcsseldorf und MDPS nach DIN EN ISO 9001:2015 rezertifiziert werden. Die Tr\u00e4gerzulassung AZAV f\u00fcr die EBG gGmbH wurde best\u00e4tigt. Dr. Frank Siebeck<br><\/p>\n","protected":false},"excerpt":{"rendered":"<p>Im Zeitraum vom 26.01. bis zum 09.02.2024 fand, nachdem wieder einmal 3 Jahre vergangen waren, das Rezertifizierungsaudit statt.<\/p>\n","protected":false},"author":22,"featured_media":8451,"comment_status":"closed","ping_status":"closed","sticky":false,"template":"","format":"standard","meta":{"_acf_changed":false,"footnotes":""},"categories":[22],"tags":[107,189,187],"class_list":["post-36804","post","type-post","status-publish","format-standard","has-post-thumbnail","hentry","category-news-gf","tag-europaeisches-bildungswerk","tag-foerderndes-unternehmen","tag-geschaeftsfuehrung"],"acf":[],"yoast_head":"<!-- This site is optimized with the Yoast SEO plugin v26.9 - https:\/\/yoast.com\/product\/yoast-seo-wordpress\/ -->\n<title>Erfolgreiche Rezertifizierung des EBG<\/title>\n<meta name=\"description\" content=\"Erfolgreiche Rezertifizierung des EBG\" \/>\n<meta name=\"robots\" content=\"index, follow, max-snippet:-1, max-image-preview:large, max-video-preview:-1\" \/>\n<link rel=\"canonical\" href=\"https:\/\/www.ebg.de\/erfolgreiche-rezertifizierung-des-ebg\/\" \/>\n<meta property=\"og:locale\" content=\"en_US\" \/>\n<meta property=\"og:type\" content=\"article\" \/>\n<meta property=\"og:title\" content=\"Erfolgreiche Rezertifizierung des EBG\" \/>\n<meta property=\"og:description\" content=\"Erfolgreiche Rezertifizierung des EBG\" \/>\n<meta property=\"og:url\" content=\"https:\/\/www.ebg.de\/erfolgreiche-rezertifizierung-des-ebg\/\" \/>\n<meta property=\"og:site_name\" content=\"Europ\u00e4isches Bildungswerk f\u00fcr Beruf und Gesellschaft\" \/>\n<meta property=\"article:published_time\" content=\"2024-04-03T11:52:50+00:00\" \/>\n<meta property=\"article:modified_time\" content=\"2024-05-21T11:56:58+00:00\" \/>\n<meta property=\"og:image\" content=\"https:\/\/www.ebg.de\/wp-content\/uploads\/2021\/03\/Certqua_Siegel_9001_AZAV_gross_4c-1024x518.jpg\" \/>\n\t<meta property=\"og:image:width\" content=\"1024\" \/>\n\t<meta property=\"og:image:height\" content=\"518\" \/>\n\t<meta property=\"og:image:type\" content=\"image\/jpeg\" \/>\n<meta name=\"author\" content=\"Stephan Deubner\" \/>\n<meta name=\"twitter:card\" content=\"summary_large_image\" \/>\n<meta name=\"twitter:label1\" content=\"Written by\" \/>\n\t<meta name=\"twitter:data1\" content=\"Stephan Deubner\" \/>\n\t<meta name=\"twitter:label2\" content=\"Est. reading time\" \/>\n\t<meta name=\"twitter:data2\" content=\"2 minutes\" \/>\n<!-- \/ Yoast SEO plugin. -->","yoast_head_json":{"title":"Erfolgreiche Rezertifizierung des EBG","description":"Erfolgreiche Rezertifizierung des EBG","robots":{"index":"index","follow":"follow","max-snippet":"max-snippet:-1","max-image-preview":"max-image-preview:large","max-video-preview":"max-video-preview:-1"},"canonical":"https:\/\/www.ebg.de\/erfolgreiche-rezertifizierung-des-ebg\/","og_locale":"en_US","og_type":"article","og_title":"Erfolgreiche Rezertifizierung des EBG","og_description":"Erfolgreiche Rezertifizierung des EBG","og_url":"https:\/\/www.ebg.de\/erfolgreiche-rezertifizierung-des-ebg\/","og_site_name":"Europ\u00e4isches Bildungswerk f\u00fcr Beruf und Gesellschaft","article_published_time":"2024-04-03T11:52:50+00:00","article_modified_time":"2024-05-21T11:56:58+00:00","og_image":[{"width":1024,"height":518,"url":"https:\/\/www.ebg.de\/wp-content\/uploads\/2021\/03\/Certqua_Siegel_9001_AZAV_gross_4c-1024x518.jpg","type":"image\/jpeg"}],"author":"Stephan Deubner","twitter_card":"summary_large_image","twitter_misc":{"Written by":"Stephan Deubner","Est. reading time":"2 minutes"},"schema":{"@context":"https:\/\/schema.org","@graph":[{"@type":"Article","@id":"https:\/\/www.ebg.de\/erfolgreiche-rezertifizierung-des-ebg\/#article","isPartOf":{"@id":"https:\/\/www.ebg.de\/erfolgreiche-rezertifizierung-des-ebg\/"},"author":{"name":"Stephan Deubner","@id":"https:\/\/www.ebg.de\/#\/schema\/person\/af645ea1741029d9a44ae532ceb268bc"},"headline":"Erfolgreiche Rezertifizierung des EBG","datePublished":"2024-04-03T11:52:50+00:00","dateModified":"2024-05-21T11:56:58+00:00","mainEntityOfPage":{"@id":"https:\/\/www.ebg.de\/erfolgreiche-rezertifizierung-des-ebg\/"},"wordCount":174,"image":{"@id":"https:\/\/www.ebg.de\/erfolgreiche-rezertifizierung-des-ebg\/#primaryimage"},"thumbnailUrl":"https:\/\/www.ebg.de\/wp-content\/uploads\/2021\/03\/Certqua_Siegel_9001_AZAV_gross_4c.jpg","keywords":["Europ\u00e4isches Bildungswerk","F\u00f6rderndes Unternehmen","Gesch\u00e4ftsf\u00fchrung"],"articleSection":["News-GF"],"inLanguage":"en-US"},{"@type":"WebPage","@id":"https:\/\/www.ebg.de\/erfolgreiche-rezertifizierung-des-ebg\/","url":"https:\/\/www.ebg.de\/erfolgreiche-rezertifizierung-des-ebg\/","name":"Erfolgreiche Rezertifizierung des EBG","isPartOf":{"@id":"https:\/\/www.ebg.de\/#website"},"primaryImageOfPage":{"@id":"https:\/\/www.ebg.de\/erfolgreiche-rezertifizierung-des-ebg\/#primaryimage"},"image":{"@id":"https:\/\/www.ebg.de\/erfolgreiche-rezertifizierung-des-ebg\/#primaryimage"},"thumbnailUrl":"https:\/\/www.ebg.de\/wp-content\/uploads\/2021\/03\/Certqua_Siegel_9001_AZAV_gross_4c.jpg","datePublished":"2024-04-03T11:52:50+00:00","dateModified":"2024-05-21T11:56:58+00:00","author":{"@id":"https:\/\/www.ebg.de\/#\/schema\/person\/af645ea1741029d9a44ae532ceb268bc"},"description":"Erfolgreiche Rezertifizierung des EBG","breadcrumb":{"@id":"https:\/\/www.ebg.de\/erfolgreiche-rezertifizierung-des-ebg\/#breadcrumb"},"inLanguage":"en-US","potentialAction":[{"@type":"ReadAction","target":["https:\/\/www.ebg.de\/erfolgreiche-rezertifizierung-des-ebg\/"]}]},{"@type":"ImageObject","inLanguage":"en-US","@id":"https:\/\/www.ebg.de\/erfolgreiche-rezertifizierung-des-ebg\/#primaryimage","url":"https:\/\/www.ebg.de\/wp-content\/uploads\/2021\/03\/Certqua_Siegel_9001_AZAV_gross_4c.jpg","contentUrl":"https:\/\/www.ebg.de\/wp-content\/uploads\/2021\/03\/Certqua_Siegel_9001_AZAV_gross_4c.jpg","width":1566,"height":792},{"@type":"BreadcrumbList","@id":"https:\/\/www.ebg.de\/erfolgreiche-rezertifizierung-des-ebg\/#breadcrumb","itemListElement":[{"@type":"ListItem","position":1,"name":"Startseite","item":"https:\/\/www.ebg.de\/"},{"@type":"ListItem","position":2,"name":"Erfolgreiche Rezertifizierung des EBG"}]},{"@type":"WebSite","@id":"https:\/\/www.ebg.de\/#website","url":"https:\/\/www.ebg.de\/","name":"Europ\u00e4isches Bildungswerk f\u00fcr Beruf und Gesellschaft","description":"Bildung, Ausbildung und Weiterbildung","potentialAction":[{"@type":"SearchAction","target":{"@type":"EntryPoint","urlTemplate":"https:\/\/www.ebg.de\/?s={search_term_string}"},"query-input":{"@type":"PropertyValueSpecification","valueRequired":true,"valueName":"search_term_string"}}],"inLanguage":"en-US"},{"@type":"Person","@id":"https:\/\/www.ebg.de\/#\/schema\/person\/af645ea1741029d9a44ae532ceb268bc","name":"Stephan Deubner","image":{"@type":"ImageObject","inLanguage":"en-US","@id":"https:\/\/www.ebg.de\/#\/schema\/person\/image\/","url":"https:\/\/secure.gravatar.com\/avatar\/35731f6a08afa0518c45f153077f6135c0f41aa2ae0b76e850ef9508976a7bbe?s=96&d=mm&r=g","contentUrl":"https:\/\/secure.gravatar.com\/avatar\/35731f6a08afa0518c45f153077f6135c0f41aa2ae0b76e850ef9508976a7bbe?s=96&d=mm&r=g","caption":"Stephan Deubner"},"url":"https:\/\/www.ebg.de\/en\/author\/sdeubner\/"}]}},"_links":{"self":[{"href":"https:\/\/www.ebg.de\/en\/wp-json\/wp\/v2\/posts\/36804","targetHints":{"allow":["GET"]}}],"collection":[{"href":"https:\/\/www.ebg.de\/en\/wp-json\/wp\/v2\/posts"}],"about":[{"href":"https:\/\/www.ebg.de\/en\/wp-json\/wp\/v2\/types\/post"}],"author":[{"embeddable":true,"href":"https:\/\/www.ebg.de\/en\/wp-json\/wp\/v2\/users\/22"}],"replies":[{"embeddable":true,"href":"https:\/\/www.ebg.de\/en\/wp-json\/wp\/v2\/comments?post=36804"}],"version-history":[{"count":1,"href":"https:\/\/www.ebg.de\/en\/wp-json\/wp\/v2\/posts\/36804\/revisions"}],"predecessor-version":[{"id":36805,"href":"https:\/\/www.ebg.de\/en\/wp-json\/wp\/v2\/posts\/36804\/revisions\/36805"}],"wp:featuredmedia":[{"embeddable":true,"href":"https:\/\/www.ebg.de\/en\/wp-json\/wp\/v2\/media\/8451"}],"wp:attachment":[{"href":"https:\/\/www.ebg.de\/en\/wp-json\/wp\/v2\/media?parent=36804"}],"wp:term":[{"taxonomy":"category","embeddable":true,"href":"https:\/\/www.ebg.de\/en\/wp-json\/wp\/v2\/categories?post=36804"},{"taxonomy":"post_tag","embeddable":true,"href":"https:\/\/www.ebg.de\/en\/wp-json\/wp\/v2\/tags?post=36804"}],"curies":[{"name":"wp","href":"https:\/\/api.w.org\/{rel}","templated":true}]}}