{"id":36612,"date":"2024-05-13T12:09:41","date_gmt":"2024-05-13T10:09:41","guid":{"rendered":"https:\/\/www.ebg.de\/?p=36612"},"modified":"2024-05-13T12:09:48","modified_gmt":"2024-05-13T10:09:48","slug":"das-ebg-in-marokko","status":"publish","type":"post","link":"https:\/\/www.ebg.de\/en\/das-ebg-in-marokko\/","title":{"rendered":"Das EBG in Marokko"},"content":{"rendered":"\n<p>Das EBG nahm am 13. April 2024 an einem Deutschforum in Rabat (Marokko) teil. Organisatoren des Forums waren IBN Ghazi und Avicina, mit welchen das EBG bereits l\u00e4ngere Zeit zusammen arbeitet. Ziel des Forums war es, interessierte Personen \u00fcber die M\u00f6glichkeiten eines Studiums und einer Ausbildung in Deutschland zu informieren. IBN Ghazi und Avicina f\u00fchren in Marokko umfangreiche Vorbereitungsprogramme auf das Studienkolleg beim EBG oder auf eine Ausbildung zur Pflegefachkraft in Deutschland durch. Hier ist ein kurzer Beitrag \u00fcber unsere Kooperation: <a href=\"https:\/\/www.youtube.com\/watch?v=ZMy2A0BuoPc\">Hier klicken<\/a><\/p>\n","protected":false},"excerpt":{"rendered":"<p>Teilnahme des EBG am Deutschforum in Rabat (Marokko)<\/p>\n","protected":false},"author":22,"featured_media":36613,"comment_status":"closed","ping_status":"closed","sticky":false,"template":"","format":"standard","meta":{"_acf_changed":false,"footnotes":""},"categories":[22],"tags":[107,189,187,183],"class_list":["post-36612","post","type-post","status-publish","format-standard","has-post-thumbnail","hentry","category-news-gf","tag-europaeisches-bildungswerk","tag-foerderndes-unternehmen","tag-geschaeftsfuehrung","tag-marokko"],"acf":[],"yoast_head":"<!-- This site is optimized with the Yoast SEO plugin v26.9 - https:\/\/yoast.com\/product\/yoast-seo-wordpress\/ -->\n<title>Das EBG in Marokko<\/title>\n<meta name=\"description\" content=\"Das EBG nahm am 13. April 2024 an einem Deutschforum in Rabat (Marokko) teil.\" \/>\n<meta name=\"robots\" content=\"index, follow, max-snippet:-1, max-image-preview:large, max-video-preview:-1\" \/>\n<link rel=\"canonical\" href=\"https:\/\/www.ebg.de\/das-ebg-in-marokko\/\" \/>\n<meta property=\"og:locale\" content=\"en_US\" \/>\n<meta property=\"og:type\" content=\"article\" \/>\n<meta property=\"og:title\" content=\"Das EBG in Marokko\" \/>\n<meta property=\"og:description\" content=\"Das EBG nahm am 13. April 2024 an einem Deutschforum in Rabat (Marokko) teil.\" \/>\n<meta property=\"og:url\" content=\"https:\/\/www.ebg.de\/das-ebg-in-marokko\/\" \/>\n<meta property=\"og:site_name\" content=\"Europ\u00e4isches Bildungswerk f\u00fcr Beruf und Gesellschaft\" \/>\n<meta property=\"article:published_time\" content=\"2024-05-13T10:09:41+00:00\" \/>\n<meta property=\"article:modified_time\" content=\"2024-05-13T10:09:48+00:00\" \/>\n<meta property=\"og:image\" content=\"https:\/\/www.ebg.de\/wp-content\/uploads\/2024\/05\/Marokko-1-1024x627.png\" \/>\n\t<meta property=\"og:image:width\" content=\"1024\" \/>\n\t<meta property=\"og:image:height\" content=\"627\" \/>\n\t<meta property=\"og:image:type\" content=\"image\/png\" \/>\n<meta name=\"author\" content=\"Stephan Deubner\" \/>\n<meta name=\"twitter:card\" content=\"summary_large_image\" \/>\n<meta name=\"twitter:label1\" content=\"Written by\" \/>\n\t<meta name=\"twitter:data1\" content=\"Stephan Deubner\" \/>\n\t<meta name=\"twitter:label2\" content=\"Est. reading time\" \/>\n\t<meta name=\"twitter:data2\" content=\"1 minute\" \/>\n<!-- \/ Yoast SEO plugin. -->","yoast_head_json":{"title":"Das EBG in Marokko","description":"Das EBG nahm am 13. April 2024 an einem Deutschforum in Rabat (Marokko) teil.","robots":{"index":"index","follow":"follow","max-snippet":"max-snippet:-1","max-image-preview":"max-image-preview:large","max-video-preview":"max-video-preview:-1"},"canonical":"https:\/\/www.ebg.de\/das-ebg-in-marokko\/","og_locale":"en_US","og_type":"article","og_title":"Das EBG in Marokko","og_description":"Das EBG nahm am 13. April 2024 an einem Deutschforum in Rabat (Marokko) teil.","og_url":"https:\/\/www.ebg.de\/das-ebg-in-marokko\/","og_site_name":"Europ\u00e4isches Bildungswerk f\u00fcr Beruf und Gesellschaft","article_published_time":"2024-05-13T10:09:41+00:00","article_modified_time":"2024-05-13T10:09:48+00:00","og_image":[{"width":1024,"height":627,"url":"https:\/\/www.ebg.de\/wp-content\/uploads\/2024\/05\/Marokko-1-1024x627.png","type":"image\/png"}],"author":"Stephan Deubner","twitter_card":"summary_large_image","twitter_misc":{"Written by":"Stephan Deubner","Est. reading time":"1 minute"},"schema":{"@context":"https:\/\/schema.org","@graph":[{"@type":"Article","@id":"https:\/\/www.ebg.de\/das-ebg-in-marokko\/#article","isPartOf":{"@id":"https:\/\/www.ebg.de\/das-ebg-in-marokko\/"},"author":{"name":"Stephan Deubner","@id":"https:\/\/www.ebg.de\/#\/schema\/person\/af645ea1741029d9a44ae532ceb268bc"},"headline":"Das EBG in Marokko","datePublished":"2024-05-13T10:09:41+00:00","dateModified":"2024-05-13T10:09:48+00:00","mainEntityOfPage":{"@id":"https:\/\/www.ebg.de\/das-ebg-in-marokko\/"},"wordCount":88,"image":{"@id":"https:\/\/www.ebg.de\/das-ebg-in-marokko\/#primaryimage"},"thumbnailUrl":"https:\/\/www.ebg.de\/wp-content\/uploads\/2024\/05\/Marokko-1.png","keywords":["Europ\u00e4isches Bildungswerk","F\u00f6rderndes Unternehmen","Gesch\u00e4ftsf\u00fchrung","Marokko"],"articleSection":["News-GF"],"inLanguage":"en-US"},{"@type":"WebPage","@id":"https:\/\/www.ebg.de\/das-ebg-in-marokko\/","url":"https:\/\/www.ebg.de\/das-ebg-in-marokko\/","name":"Das EBG in Marokko","isPartOf":{"@id":"https:\/\/www.ebg.de\/#website"},"primaryImageOfPage":{"@id":"https:\/\/www.ebg.de\/das-ebg-in-marokko\/#primaryimage"},"image":{"@id":"https:\/\/www.ebg.de\/das-ebg-in-marokko\/#primaryimage"},"thumbnailUrl":"https:\/\/www.ebg.de\/wp-content\/uploads\/2024\/05\/Marokko-1.png","datePublished":"2024-05-13T10:09:41+00:00","dateModified":"2024-05-13T10:09:48+00:00","author":{"@id":"https:\/\/www.ebg.de\/#\/schema\/person\/af645ea1741029d9a44ae532ceb268bc"},"description":"Das EBG nahm am 13. April 2024 an einem Deutschforum in Rabat (Marokko) teil.","breadcrumb":{"@id":"https:\/\/www.ebg.de\/das-ebg-in-marokko\/#breadcrumb"},"inLanguage":"en-US","potentialAction":[{"@type":"ReadAction","target":["https:\/\/www.ebg.de\/das-ebg-in-marokko\/"]}]},{"@type":"ImageObject","inLanguage":"en-US","@id":"https:\/\/www.ebg.de\/das-ebg-in-marokko\/#primaryimage","url":"https:\/\/www.ebg.de\/wp-content\/uploads\/2024\/05\/Marokko-1.png","contentUrl":"https:\/\/www.ebg.de\/wp-content\/uploads\/2024\/05\/Marokko-1.png","width":2089,"height":1279},{"@type":"BreadcrumbList","@id":"https:\/\/www.ebg.de\/das-ebg-in-marokko\/#breadcrumb","itemListElement":[{"@type":"ListItem","position":1,"name":"Startseite","item":"https:\/\/www.ebg.de\/"},{"@type":"ListItem","position":2,"name":"Das EBG in Marokko"}]},{"@type":"WebSite","@id":"https:\/\/www.ebg.de\/#website","url":"https:\/\/www.ebg.de\/","name":"Europ\u00e4isches Bildungswerk f\u00fcr Beruf und Gesellschaft","description":"Bildung, Ausbildung und Weiterbildung","potentialAction":[{"@type":"SearchAction","target":{"@type":"EntryPoint","urlTemplate":"https:\/\/www.ebg.de\/?s={search_term_string}"},"query-input":{"@type":"PropertyValueSpecification","valueRequired":true,"valueName":"search_term_string"}}],"inLanguage":"en-US"},{"@type":"Person","@id":"https:\/\/www.ebg.de\/#\/schema\/person\/af645ea1741029d9a44ae532ceb268bc","name":"Stephan Deubner","image":{"@type":"ImageObject","inLanguage":"en-US","@id":"https:\/\/www.ebg.de\/#\/schema\/person\/image\/","url":"https:\/\/secure.gravatar.com\/avatar\/35731f6a08afa0518c45f153077f6135c0f41aa2ae0b76e850ef9508976a7bbe?s=96&d=mm&r=g","contentUrl":"https:\/\/secure.gravatar.com\/avatar\/35731f6a08afa0518c45f153077f6135c0f41aa2ae0b76e850ef9508976a7bbe?s=96&d=mm&r=g","caption":"Stephan Deubner"},"url":"https:\/\/www.ebg.de\/en\/author\/sdeubner\/"}]}},"_links":{"self":[{"href":"https:\/\/www.ebg.de\/en\/wp-json\/wp\/v2\/posts\/36612","targetHints":{"allow":["GET"]}}],"collection":[{"href":"https:\/\/www.ebg.de\/en\/wp-json\/wp\/v2\/posts"}],"about":[{"href":"https:\/\/www.ebg.de\/en\/wp-json\/wp\/v2\/types\/post"}],"author":[{"embeddable":true,"href":"https:\/\/www.ebg.de\/en\/wp-json\/wp\/v2\/users\/22"}],"replies":[{"embeddable":true,"href":"https:\/\/www.ebg.de\/en\/wp-json\/wp\/v2\/comments?post=36612"}],"version-history":[{"count":1,"href":"https:\/\/www.ebg.de\/en\/wp-json\/wp\/v2\/posts\/36612\/revisions"}],"predecessor-version":[{"id":36615,"href":"https:\/\/www.ebg.de\/en\/wp-json\/wp\/v2\/posts\/36612\/revisions\/36615"}],"wp:featuredmedia":[{"embeddable":true,"href":"https:\/\/www.ebg.de\/en\/wp-json\/wp\/v2\/media\/36613"}],"wp:attachment":[{"href":"https:\/\/www.ebg.de\/en\/wp-json\/wp\/v2\/media?parent=36612"}],"wp:term":[{"taxonomy":"category","embeddable":true,"href":"https:\/\/www.ebg.de\/en\/wp-json\/wp\/v2\/categories?post=36612"},{"taxonomy":"post_tag","embeddable":true,"href":"https:\/\/www.ebg.de\/en\/wp-json\/wp\/v2\/tags?post=36612"}],"curies":[{"name":"wp","href":"https:\/\/api.w.org\/{rel}","templated":true}]}}