{"id":3524,"date":"2019-03-12T10:05:32","date_gmt":"2019-03-12T09:05:32","guid":{"rendered":"https:\/\/www.ebg.de\/?p=3524"},"modified":"2019-03-12T10:05:34","modified_gmt":"2019-03-12T09:05:34","slug":"tag-der-offenen-tuer-wurde-mit-begeisterung-angenommen","status":"publish","type":"post","link":"https:\/\/www.ebg.de\/en\/tag-der-offenen-tuer-wurde-mit-begeisterung-angenommen\/","title":{"rendered":"Tag der Offenen T\u00fcr wurde mit Begeisterung angenommen"},"content":{"rendered":"\n<p><strong>Viele neugierige Besucher konnten am 9. M\u00e4rz 2019 im EBG Halle staunen und probieren und sich im Gespr\u00e4ch informieren.<\/strong><\/p>\n\n\n\n<p>Zahlreiche Angebote aus den Ausbildungsbereichen Erzieher \/ Heilerziehungspfleger \/ Heilp\u00e4dagogen \/ Ergotherapie wurden von den Auszubildenden organisiert und durchgef\u00fchrt. So hatten die G\u00e4ste neben Beratungen und anschaulichen Ergebnis-Pr\u00e4sentationen der laufenden Ausbildung die M\u00f6glichkeit, sich aktiv an verschiedenen Angeboten selbst auszuprobieren. Dabei konnten beim T-Shirt-Gestalten unterschiedliche Druck- und F\u00e4rbetechniken probiert werden. Mit selbst hergestellten Jonglierb\u00e4llen konnte man sich unter Anleitung selbst im Jonglieren versuchen und nat\u00fcrlich standen auch wieder zahlreiche selbst konzipierte und hergerstellte Therapiespiele zur Verf\u00fcgung. F\u00fcr das leibliche Wohl gab es nat\u00fcrlich auch wieder leckere selbstgemachte Kuchen, Torten und Sandwiches. Am Ende des Tages gab es bei handgemachter Musik eine eindrucksvolle Abschlusspr\u00e4sentation.<\/p>\n\n\n\n<p><\/p>\n\n\n\n<ul class=\"wp-block-gallery columns-3 is-cropped wp-block-gallery-1 is-layout-flex wp-block-gallery-is-layout-flex\"><li class=\"blocks-gallery-item\"><figure><img loading=\"lazy\" decoding=\"async\" width=\"1024\" height=\"681\" src=\"https:\/\/www.ebg.de\/wp-content\/uploads\/2019\/03\/DSC9734mam-foto-WEB-1024x681.jpg\" alt=\"\" data-id=\"3526\" data-link=\"https:\/\/www.ebg.de\/?attachment_id=3526\" class=\"wp-image-3526\" srcset=\"https:\/\/www.ebg.de\/wp-content\/uploads\/2019\/03\/DSC9734mam-foto-WEB-1024x681.jpg 1024w, https:\/\/www.ebg.de\/wp-content\/uploads\/2019\/03\/DSC9734mam-foto-WEB-300x200.jpg 300w, https:\/\/www.ebg.de\/wp-content\/uploads\/2019\/03\/DSC9734mam-foto-WEB-768x511.jpg 768w, https:\/\/www.ebg.de\/wp-content\/uploads\/2019\/03\/DSC9734mam-foto-WEB-900x599.jpg 900w, https:\/\/www.ebg.de\/wp-content\/uploads\/2019\/03\/DSC9734mam-foto-WEB-1200x799.jpg 1200w, https:\/\/www.ebg.de\/wp-content\/uploads\/2019\/03\/DSC9734mam-foto-WEB.jpg 1623w\" sizes=\"auto, (max-width: 1024px) 100vw, 1024px\" \/><\/figure><\/li><li class=\"blocks-gallery-item\"><figure><img loading=\"lazy\" decoding=\"async\" width=\"1024\" height=\"681\" src=\"https:\/\/www.ebg.de\/wp-content\/uploads\/2019\/03\/DSC9735mam-foto-WEB-1024x681.jpg\" alt=\"\" data-id=\"3528\" data-link=\"https:\/\/www.ebg.de\/?attachment_id=3528\" class=\"wp-image-3528\" srcset=\"https:\/\/www.ebg.de\/wp-content\/uploads\/2019\/03\/DSC9735mam-foto-WEB-1024x681.jpg 1024w, https:\/\/www.ebg.de\/wp-content\/uploads\/2019\/03\/DSC9735mam-foto-WEB-300x200.jpg 300w, https:\/\/www.ebg.de\/wp-content\/uploads\/2019\/03\/DSC9735mam-foto-WEB-768x511.jpg 768w, https:\/\/www.ebg.de\/wp-content\/uploads\/2019\/03\/DSC9735mam-foto-WEB-900x599.jpg 900w, https:\/\/www.ebg.de\/wp-content\/uploads\/2019\/03\/DSC9735mam-foto-WEB-1200x799.jpg 1200w, https:\/\/www.ebg.de\/wp-content\/uploads\/2019\/03\/DSC9735mam-foto-WEB.jpg 1623w\" sizes=\"auto, (max-width: 1024px) 100vw, 1024px\" \/><\/figure><\/li><li class=\"blocks-gallery-item\"><figure><img loading=\"lazy\" decoding=\"async\" width=\"1024\" height=\"681\" src=\"https:\/\/www.ebg.de\/wp-content\/uploads\/2019\/03\/DSC9739mam-foto-WEB-1024x681.jpg\" alt=\"\" data-id=\"3530\" data-link=\"https:\/\/www.ebg.de\/?attachment_id=3530\" class=\"wp-image-3530\" srcset=\"https:\/\/www.ebg.de\/wp-content\/uploads\/2019\/03\/DSC9739mam-foto-WEB-1024x681.jpg 1024w, https:\/\/www.ebg.de\/wp-content\/uploads\/2019\/03\/DSC9739mam-foto-WEB-300x200.jpg 300w, https:\/\/www.ebg.de\/wp-content\/uploads\/2019\/03\/DSC9739mam-foto-WEB-768x511.jpg 768w, https:\/\/www.ebg.de\/wp-content\/uploads\/2019\/03\/DSC9739mam-foto-WEB-900x599.jpg 900w, https:\/\/www.ebg.de\/wp-content\/uploads\/2019\/03\/DSC9739mam-foto-WEB-1200x799.jpg 1200w, https:\/\/www.ebg.de\/wp-content\/uploads\/2019\/03\/DSC9739mam-foto-WEB.jpg 1623w\" sizes=\"auto, (max-width: 1024px) 100vw, 1024px\" \/><\/figure><\/li><li class=\"blocks-gallery-item\"><figure><img loading=\"lazy\" decoding=\"async\" width=\"1024\" height=\"681\" src=\"https:\/\/www.ebg.de\/wp-content\/uploads\/2019\/03\/DSC9743mam-foto-WEB-1024x681.jpg\" alt=\"\" data-id=\"3532\" data-link=\"https:\/\/www.ebg.de\/?attachment_id=3532\" class=\"wp-image-3532\" srcset=\"https:\/\/www.ebg.de\/wp-content\/uploads\/2019\/03\/DSC9743mam-foto-WEB-1024x681.jpg 1024w, https:\/\/www.ebg.de\/wp-content\/uploads\/2019\/03\/DSC9743mam-foto-WEB-300x200.jpg 300w, https:\/\/www.ebg.de\/wp-content\/uploads\/2019\/03\/DSC9743mam-foto-WEB-768x511.jpg 768w, https:\/\/www.ebg.de\/wp-content\/uploads\/2019\/03\/DSC9743mam-foto-WEB-900x599.jpg 900w, https:\/\/www.ebg.de\/wp-content\/uploads\/2019\/03\/DSC9743mam-foto-WEB-1200x799.jpg 1200w, https:\/\/www.ebg.de\/wp-content\/uploads\/2019\/03\/DSC9743mam-foto-WEB.jpg 1623w\" sizes=\"auto, (max-width: 1024px) 100vw, 1024px\" \/><\/figure><\/li><li class=\"blocks-gallery-item\"><figure><img loading=\"lazy\" decoding=\"async\" width=\"1024\" height=\"681\" src=\"https:\/\/www.ebg.de\/wp-content\/uploads\/2019\/03\/DSC9746mam-foto-WEB-1024x681.jpg\" alt=\"\" data-id=\"3534\" data-link=\"https:\/\/www.ebg.de\/?attachment_id=3534\" class=\"wp-image-3534\" srcset=\"https:\/\/www.ebg.de\/wp-content\/uploads\/2019\/03\/DSC9746mam-foto-WEB-1024x681.jpg 1024w, https:\/\/www.ebg.de\/wp-content\/uploads\/2019\/03\/DSC9746mam-foto-WEB-300x200.jpg 300w, https:\/\/www.ebg.de\/wp-content\/uploads\/2019\/03\/DSC9746mam-foto-WEB-768x511.jpg 768w, https:\/\/www.ebg.de\/wp-content\/uploads\/2019\/03\/DSC9746mam-foto-WEB-900x599.jpg 900w, https:\/\/www.ebg.de\/wp-content\/uploads\/2019\/03\/DSC9746mam-foto-WEB-1200x799.jpg 1200w, https:\/\/www.ebg.de\/wp-content\/uploads\/2019\/03\/DSC9746mam-foto-WEB.jpg 1623w\" sizes=\"auto, (max-width: 1024px) 100vw, 1024px\" \/><\/figure><\/li><li class=\"blocks-gallery-item\"><figure><img loading=\"lazy\" decoding=\"async\" width=\"1024\" height=\"681\" src=\"https:\/\/www.ebg.de\/wp-content\/uploads\/2019\/03\/DSC9748mam-foto-WEB-1024x681.jpg\" alt=\"\" data-id=\"3536\" data-link=\"https:\/\/www.ebg.de\/?attachment_id=3536\" class=\"wp-image-3536\" srcset=\"https:\/\/www.ebg.de\/wp-content\/uploads\/2019\/03\/DSC9748mam-foto-WEB-1024x681.jpg 1024w, https:\/\/www.ebg.de\/wp-content\/uploads\/2019\/03\/DSC9748mam-foto-WEB-300x200.jpg 300w, https:\/\/www.ebg.de\/wp-content\/uploads\/2019\/03\/DSC9748mam-foto-WEB-768x511.jpg 768w, https:\/\/www.ebg.de\/wp-content\/uploads\/2019\/03\/DSC9748mam-foto-WEB-900x599.jpg 900w, https:\/\/www.ebg.de\/wp-content\/uploads\/2019\/03\/DSC9748mam-foto-WEB-1200x799.jpg 1200w, https:\/\/www.ebg.de\/wp-content\/uploads\/2019\/03\/DSC9748mam-foto-WEB.jpg 1623w\" sizes=\"auto, (max-width: 1024px) 100vw, 1024px\" \/><\/figure><\/li><li class=\"blocks-gallery-item\"><figure><img loading=\"lazy\" decoding=\"async\" width=\"1024\" height=\"681\" src=\"https:\/\/www.ebg.de\/wp-content\/uploads\/2019\/03\/DSC9753mam-foto-WEB-1024x681.jpg\" alt=\"\" data-id=\"3538\" data-link=\"https:\/\/www.ebg.de\/?attachment_id=3538\" class=\"wp-image-3538\" srcset=\"https:\/\/www.ebg.de\/wp-content\/uploads\/2019\/03\/DSC9753mam-foto-WEB-1024x681.jpg 1024w, https:\/\/www.ebg.de\/wp-content\/uploads\/2019\/03\/DSC9753mam-foto-WEB-300x200.jpg 300w, https:\/\/www.ebg.de\/wp-content\/uploads\/2019\/03\/DSC9753mam-foto-WEB-768x511.jpg 768w, https:\/\/www.ebg.de\/wp-content\/uploads\/2019\/03\/DSC9753mam-foto-WEB-900x599.jpg 900w, https:\/\/www.ebg.de\/wp-content\/uploads\/2019\/03\/DSC9753mam-foto-WEB-1200x799.jpg 1200w, https:\/\/www.ebg.de\/wp-content\/uploads\/2019\/03\/DSC9753mam-foto-WEB.jpg 1623w\" sizes=\"auto, (max-width: 1024px) 100vw, 1024px\" \/><\/figure><\/li><li class=\"blocks-gallery-item\"><figure><img loading=\"lazy\" decoding=\"async\" width=\"1024\" height=\"681\" src=\"https:\/\/www.ebg.de\/wp-content\/uploads\/2019\/03\/DSC9754mam-foto-WEB-1024x681.jpg\" alt=\"\" data-id=\"3540\" data-link=\"https:\/\/www.ebg.de\/?attachment_id=3540\" class=\"wp-image-3540\" srcset=\"https:\/\/www.ebg.de\/wp-content\/uploads\/2019\/03\/DSC9754mam-foto-WEB-1024x681.jpg 1024w, https:\/\/www.ebg.de\/wp-content\/uploads\/2019\/03\/DSC9754mam-foto-WEB-300x200.jpg 300w, https:\/\/www.ebg.de\/wp-content\/uploads\/2019\/03\/DSC9754mam-foto-WEB-768x511.jpg 768w, https:\/\/www.ebg.de\/wp-content\/uploads\/2019\/03\/DSC9754mam-foto-WEB-900x599.jpg 900w, https:\/\/www.ebg.de\/wp-content\/uploads\/2019\/03\/DSC9754mam-foto-WEB-1200x799.jpg 1200w, https:\/\/www.ebg.de\/wp-content\/uploads\/2019\/03\/DSC9754mam-foto-WEB.jpg 1623w\" sizes=\"auto, (max-width: 1024px) 100vw, 1024px\" \/><\/figure><\/li><li class=\"blocks-gallery-item\"><figure><img loading=\"lazy\" decoding=\"async\" width=\"1024\" height=\"681\" src=\"https:\/\/www.ebg.de\/wp-content\/uploads\/2019\/03\/DSC9756mam-foto-WEB-1024x681.jpg\" alt=\"\" data-id=\"3542\" data-link=\"https:\/\/www.ebg.de\/?attachment_id=3542\" class=\"wp-image-3542\" srcset=\"https:\/\/www.ebg.de\/wp-content\/uploads\/2019\/03\/DSC9756mam-foto-WEB-1024x681.jpg 1024w, https:\/\/www.ebg.de\/wp-content\/uploads\/2019\/03\/DSC9756mam-foto-WEB-300x200.jpg 300w, https:\/\/www.ebg.de\/wp-content\/uploads\/2019\/03\/DSC9756mam-foto-WEB-768x511.jpg 768w, https:\/\/www.ebg.de\/wp-content\/uploads\/2019\/03\/DSC9756mam-foto-WEB-900x599.jpg 900w, https:\/\/www.ebg.de\/wp-content\/uploads\/2019\/03\/DSC9756mam-foto-WEB-1200x799.jpg 1200w, https:\/\/www.ebg.de\/wp-content\/uploads\/2019\/03\/DSC9756mam-foto-WEB.jpg 1623w\" sizes=\"auto, (max-width: 1024px) 100vw, 1024px\" \/><\/figure><\/li><li class=\"blocks-gallery-item\"><figure><img loading=\"lazy\" decoding=\"async\" width=\"1024\" height=\"681\" src=\"https:\/\/www.ebg.de\/wp-content\/uploads\/2019\/03\/DSC9759mam-foto-WEB-1024x681.jpg\" alt=\"\" data-id=\"3544\" data-link=\"https:\/\/www.ebg.de\/?attachment_id=3544\" class=\"wp-image-3544\" srcset=\"https:\/\/www.ebg.de\/wp-content\/uploads\/2019\/03\/DSC9759mam-foto-WEB-1024x681.jpg 1024w, https:\/\/www.ebg.de\/wp-content\/uploads\/2019\/03\/DSC9759mam-foto-WEB-300x200.jpg 300w, https:\/\/www.ebg.de\/wp-content\/uploads\/2019\/03\/DSC9759mam-foto-WEB-768x511.jpg 768w, https:\/\/www.ebg.de\/wp-content\/uploads\/2019\/03\/DSC9759mam-foto-WEB-900x599.jpg 900w, https:\/\/www.ebg.de\/wp-content\/uploads\/2019\/03\/DSC9759mam-foto-WEB-1200x799.jpg 1200w, https:\/\/www.ebg.de\/wp-content\/uploads\/2019\/03\/DSC9759mam-foto-WEB.jpg 1623w\" sizes=\"auto, (max-width: 1024px) 100vw, 1024px\" \/><\/figure><\/li><li class=\"blocks-gallery-item\"><figure><img loading=\"lazy\" decoding=\"async\" width=\"1024\" height=\"681\" src=\"https:\/\/www.ebg.de\/wp-content\/uploads\/2019\/03\/DSC9768mam-foto-WEB-1024x681.jpg\" alt=\"\" data-id=\"3546\" data-link=\"https:\/\/www.ebg.de\/?attachment_id=3546\" class=\"wp-image-3546\" srcset=\"https:\/\/www.ebg.de\/wp-content\/uploads\/2019\/03\/DSC9768mam-foto-WEB-1024x681.jpg 1024w, https:\/\/www.ebg.de\/wp-content\/uploads\/2019\/03\/DSC9768mam-foto-WEB-300x200.jpg 300w, https:\/\/www.ebg.de\/wp-content\/uploads\/2019\/03\/DSC9768mam-foto-WEB-768x511.jpg 768w, https:\/\/www.ebg.de\/wp-content\/uploads\/2019\/03\/DSC9768mam-foto-WEB-900x599.jpg 900w, https:\/\/www.ebg.de\/wp-content\/uploads\/2019\/03\/DSC9768mam-foto-WEB-1200x799.jpg 1200w, https:\/\/www.ebg.de\/wp-content\/uploads\/2019\/03\/DSC9768mam-foto-WEB.jpg 1623w\" sizes=\"auto, (max-width: 1024px) 100vw, 1024px\" \/><\/figure><\/li><li class=\"blocks-gallery-item\"><figure><img loading=\"lazy\" decoding=\"async\" width=\"1024\" height=\"681\" src=\"https:\/\/www.ebg.de\/wp-content\/uploads\/2019\/03\/DSC9769mam-foto-WEB-1024x681.jpg\" alt=\"\" data-id=\"3548\" data-link=\"https:\/\/www.ebg.de\/?attachment_id=3548\" class=\"wp-image-3548\" srcset=\"https:\/\/www.ebg.de\/wp-content\/uploads\/2019\/03\/DSC9769mam-foto-WEB-1024x681.jpg 1024w, https:\/\/www.ebg.de\/wp-content\/uploads\/2019\/03\/DSC9769mam-foto-WEB-300x200.jpg 300w, https:\/\/www.ebg.de\/wp-content\/uploads\/2019\/03\/DSC9769mam-foto-WEB-768x511.jpg 768w, https:\/\/www.ebg.de\/wp-content\/uploads\/2019\/03\/DSC9769mam-foto-WEB-900x599.jpg 900w, https:\/\/www.ebg.de\/wp-content\/uploads\/2019\/03\/DSC9769mam-foto-WEB-1200x799.jpg 1200w, https:\/\/www.ebg.de\/wp-content\/uploads\/2019\/03\/DSC9769mam-foto-WEB.jpg 1623w\" sizes=\"auto, (max-width: 1024px) 100vw, 1024px\" \/><\/figure><\/li><li class=\"blocks-gallery-item\"><figure><img loading=\"lazy\" decoding=\"async\" width=\"1024\" height=\"681\" src=\"https:\/\/www.ebg.de\/wp-content\/uploads\/2019\/03\/DSC9775mam-foto-WEB-1024x681.jpg\" alt=\"\" data-id=\"3550\" data-link=\"https:\/\/www.ebg.de\/?attachment_id=3550\" class=\"wp-image-3550\" srcset=\"https:\/\/www.ebg.de\/wp-content\/uploads\/2019\/03\/DSC9775mam-foto-WEB-1024x681.jpg 1024w, https:\/\/www.ebg.de\/wp-content\/uploads\/2019\/03\/DSC9775mam-foto-WEB-300x200.jpg 300w, https:\/\/www.ebg.de\/wp-content\/uploads\/2019\/03\/DSC9775mam-foto-WEB-768x511.jpg 768w, https:\/\/www.ebg.de\/wp-content\/uploads\/2019\/03\/DSC9775mam-foto-WEB-900x599.jpg 900w, https:\/\/www.ebg.de\/wp-content\/uploads\/2019\/03\/DSC9775mam-foto-WEB-1200x799.jpg 1200w, https:\/\/www.ebg.de\/wp-content\/uploads\/2019\/03\/DSC9775mam-foto-WEB.jpg 1623w\" sizes=\"auto, (max-width: 1024px) 100vw, 1024px\" \/><\/figure><\/li><li class=\"blocks-gallery-item\"><figure><img loading=\"lazy\" decoding=\"async\" width=\"1024\" height=\"681\" src=\"https:\/\/www.ebg.de\/wp-content\/uploads\/2019\/03\/DSC9779mam-foto-WEB-1024x681.jpg\" alt=\"\" data-id=\"3552\" data-link=\"https:\/\/www.ebg.de\/?attachment_id=3552\" class=\"wp-image-3552\" srcset=\"https:\/\/www.ebg.de\/wp-content\/uploads\/2019\/03\/DSC9779mam-foto-WEB-1024x681.jpg 1024w, https:\/\/www.ebg.de\/wp-content\/uploads\/2019\/03\/DSC9779mam-foto-WEB-300x200.jpg 300w, https:\/\/www.ebg.de\/wp-content\/uploads\/2019\/03\/DSC9779mam-foto-WEB-768x511.jpg 768w, https:\/\/www.ebg.de\/wp-content\/uploads\/2019\/03\/DSC9779mam-foto-WEB-900x599.jpg 900w, https:\/\/www.ebg.de\/wp-content\/uploads\/2019\/03\/DSC9779mam-foto-WEB-1200x799.jpg 1200w, https:\/\/www.ebg.de\/wp-content\/uploads\/2019\/03\/DSC9779mam-foto-WEB.jpg 1623w\" sizes=\"auto, (max-width: 1024px) 100vw, 1024px\" \/><\/figure><\/li><li class=\"blocks-gallery-item\"><figure><img loading=\"lazy\" decoding=\"async\" width=\"681\" height=\"1024\" src=\"https:\/\/www.ebg.de\/wp-content\/uploads\/2019\/03\/DSC9792mam-foto-WEB-681x1024.jpg\" alt=\"\" data-id=\"3554\" data-link=\"https:\/\/www.ebg.de\/?attachment_id=3554\" class=\"wp-image-3554\" srcset=\"https:\/\/www.ebg.de\/wp-content\/uploads\/2019\/03\/DSC9792mam-foto-WEB-681x1024.jpg 681w, https:\/\/www.ebg.de\/wp-content\/uploads\/2019\/03\/DSC9792mam-foto-WEB-200x300.jpg 200w, https:\/\/www.ebg.de\/wp-content\/uploads\/2019\/03\/DSC9792mam-foto-WEB-768x1154.jpg 768w, https:\/\/www.ebg.de\/wp-content\/uploads\/2019\/03\/DSC9792mam-foto-WEB-900x1353.jpg 900w, https:\/\/www.ebg.de\/wp-content\/uploads\/2019\/03\/DSC9792mam-foto-WEB.jpg 1080w\" sizes=\"auto, (max-width: 681px) 100vw, 681px\" \/><\/figure><\/li><li class=\"blocks-gallery-item\"><figure><img loading=\"lazy\" decoding=\"async\" width=\"1024\" height=\"681\" src=\"https:\/\/www.ebg.de\/wp-content\/uploads\/2019\/03\/DSC9797mam-foto-WEB-1024x681.jpg\" alt=\"\" data-id=\"3556\" data-link=\"https:\/\/www.ebg.de\/?attachment_id=3556\" class=\"wp-image-3556\" srcset=\"https:\/\/www.ebg.de\/wp-content\/uploads\/2019\/03\/DSC9797mam-foto-WEB-1024x681.jpg 1024w, https:\/\/www.ebg.de\/wp-content\/uploads\/2019\/03\/DSC9797mam-foto-WEB-300x200.jpg 300w, https:\/\/www.ebg.de\/wp-content\/uploads\/2019\/03\/DSC9797mam-foto-WEB-768x511.jpg 768w, https:\/\/www.ebg.de\/wp-content\/uploads\/2019\/03\/DSC9797mam-foto-WEB-900x599.jpg 900w, https:\/\/www.ebg.de\/wp-content\/uploads\/2019\/03\/DSC9797mam-foto-WEB-1200x799.jpg 1200w, https:\/\/www.ebg.de\/wp-content\/uploads\/2019\/03\/DSC9797mam-foto-WEB.jpg 1623w\" sizes=\"auto, (max-width: 1024px) 100vw, 1024px\" \/><\/figure><\/li><li class=\"blocks-gallery-item\"><figure><img loading=\"lazy\" decoding=\"async\" width=\"1024\" height=\"681\" src=\"https:\/\/www.ebg.de\/wp-content\/uploads\/2019\/03\/DSC9798mam-foto-WEB-1024x681.jpg\" alt=\"\" data-id=\"3558\" data-link=\"https:\/\/www.ebg.de\/?attachment_id=3558\" class=\"wp-image-3558\" srcset=\"https:\/\/www.ebg.de\/wp-content\/uploads\/2019\/03\/DSC9798mam-foto-WEB-1024x681.jpg 1024w, https:\/\/www.ebg.de\/wp-content\/uploads\/2019\/03\/DSC9798mam-foto-WEB-300x200.jpg 300w, https:\/\/www.ebg.de\/wp-content\/uploads\/2019\/03\/DSC9798mam-foto-WEB-768x511.jpg 768w, https:\/\/www.ebg.de\/wp-content\/uploads\/2019\/03\/DSC9798mam-foto-WEB-900x599.jpg 900w, https:\/\/www.ebg.de\/wp-content\/uploads\/2019\/03\/DSC9798mam-foto-WEB-1200x799.jpg 1200w, https:\/\/www.ebg.de\/wp-content\/uploads\/2019\/03\/DSC9798mam-foto-WEB.jpg 1623w\" sizes=\"auto, (max-width: 1024px) 100vw, 1024px\" \/><\/figure><\/li><li class=\"blocks-gallery-item\"><figure><img loading=\"lazy\" decoding=\"async\" width=\"1024\" height=\"681\" src=\"https:\/\/www.ebg.de\/wp-content\/uploads\/2019\/03\/DSC9800mam-foto-WEB-1024x681.jpg\" alt=\"\" data-id=\"3560\" data-link=\"https:\/\/www.ebg.de\/?attachment_id=3560\" class=\"wp-image-3560\" srcset=\"https:\/\/www.ebg.de\/wp-content\/uploads\/2019\/03\/DSC9800mam-foto-WEB-1024x681.jpg 1024w, https:\/\/www.ebg.de\/wp-content\/uploads\/2019\/03\/DSC9800mam-foto-WEB-300x200.jpg 300w, https:\/\/www.ebg.de\/wp-content\/uploads\/2019\/03\/DSC9800mam-foto-WEB-768x511.jpg 768w, https:\/\/www.ebg.de\/wp-content\/uploads\/2019\/03\/DSC9800mam-foto-WEB-900x599.jpg 900w, https:\/\/www.ebg.de\/wp-content\/uploads\/2019\/03\/DSC9800mam-foto-WEB-1200x799.jpg 1200w, https:\/\/www.ebg.de\/wp-content\/uploads\/2019\/03\/DSC9800mam-foto-WEB.jpg 1623w\" sizes=\"auto, (max-width: 1024px) 100vw, 1024px\" \/><\/figure><\/li><li class=\"blocks-gallery-item\"><figure><img loading=\"lazy\" decoding=\"async\" width=\"1024\" height=\"681\" src=\"https:\/\/www.ebg.de\/wp-content\/uploads\/2019\/03\/DSC9807mam-foto-WEB-1024x681.jpg\" alt=\"\" data-id=\"3562\" data-link=\"https:\/\/www.ebg.de\/?attachment_id=3562\" class=\"wp-image-3562\" srcset=\"https:\/\/www.ebg.de\/wp-content\/uploads\/2019\/03\/DSC9807mam-foto-WEB-1024x681.jpg 1024w, https:\/\/www.ebg.de\/wp-content\/uploads\/2019\/03\/DSC9807mam-foto-WEB-300x200.jpg 300w, https:\/\/www.ebg.de\/wp-content\/uploads\/2019\/03\/DSC9807mam-foto-WEB-768x511.jpg 768w, https:\/\/www.ebg.de\/wp-content\/uploads\/2019\/03\/DSC9807mam-foto-WEB-900x599.jpg 900w, https:\/\/www.ebg.de\/wp-content\/uploads\/2019\/03\/DSC9807mam-foto-WEB-1200x799.jpg 1200w, https:\/\/www.ebg.de\/wp-content\/uploads\/2019\/03\/DSC9807mam-foto-WEB.jpg 1623w\" sizes=\"auto, (max-width: 1024px) 100vw, 1024px\" \/><\/figure><\/li><li class=\"blocks-gallery-item\"><figure><img loading=\"lazy\" decoding=\"async\" width=\"1024\" height=\"681\" src=\"https:\/\/www.ebg.de\/wp-content\/uploads\/2019\/03\/DSC9819mam-foto-WEB-1024x681.jpg\" alt=\"\" data-id=\"3564\" data-link=\"https:\/\/www.ebg.de\/?attachment_id=3564\" class=\"wp-image-3564\" srcset=\"https:\/\/www.ebg.de\/wp-content\/uploads\/2019\/03\/DSC9819mam-foto-WEB-1024x681.jpg 1024w, https:\/\/www.ebg.de\/wp-content\/uploads\/2019\/03\/DSC9819mam-foto-WEB-300x200.jpg 300w, https:\/\/www.ebg.de\/wp-content\/uploads\/2019\/03\/DSC9819mam-foto-WEB-768x511.jpg 768w, https:\/\/www.ebg.de\/wp-content\/uploads\/2019\/03\/DSC9819mam-foto-WEB-900x599.jpg 900w, https:\/\/www.ebg.de\/wp-content\/uploads\/2019\/03\/DSC9819mam-foto-WEB-1200x799.jpg 1200w, https:\/\/www.ebg.de\/wp-content\/uploads\/2019\/03\/DSC9819mam-foto-WEB.jpg 1623w\" sizes=\"auto, (max-width: 1024px) 100vw, 1024px\" \/><\/figure><\/li><li class=\"blocks-gallery-item\"><figure><img loading=\"lazy\" decoding=\"async\" width=\"1024\" height=\"681\" src=\"https:\/\/www.ebg.de\/wp-content\/uploads\/2019\/03\/DSC9836mam-foto-WEB-1024x681.jpg\" alt=\"\" data-id=\"3566\" data-link=\"https:\/\/www.ebg.de\/?attachment_id=3566\" class=\"wp-image-3566\" srcset=\"https:\/\/www.ebg.de\/wp-content\/uploads\/2019\/03\/DSC9836mam-foto-WEB-1024x681.jpg 1024w, https:\/\/www.ebg.de\/wp-content\/uploads\/2019\/03\/DSC9836mam-foto-WEB-300x200.jpg 300w, https:\/\/www.ebg.de\/wp-content\/uploads\/2019\/03\/DSC9836mam-foto-WEB-768x511.jpg 768w, https:\/\/www.ebg.de\/wp-content\/uploads\/2019\/03\/DSC9836mam-foto-WEB-900x599.jpg 900w, https:\/\/www.ebg.de\/wp-content\/uploads\/2019\/03\/DSC9836mam-foto-WEB-1200x799.jpg 1200w, https:\/\/www.ebg.de\/wp-content\/uploads\/2019\/03\/DSC9836mam-foto-WEB.jpg 1623w\" sizes=\"auto, (max-width: 1024px) 100vw, 1024px\" \/><\/figure><\/li><\/ul>\n\n\n\n<div class=\"wp-block-cover has-background-dim is-layout-flow wp-block-cover-is-layout-flow\" style=\"background-image:url(https:\/\/www.ebg.de\/wp-content\/uploads\/2019\/03\/DSC9733mam-foto-WEB-1.jpg)\"><p class=\"wp-block-cover-text\">Tag der Offenen T\u00fcr im EBG Halle<\/p><\/div>\n","protected":false},"excerpt":{"rendered":"<p>Viele neugierige Besucher konnten am 9. M\u00e4rz 2019 im EBG Halle staunen und probieren und sich im Gespr\u00e4ch informieren. Zahlreiche Angebote aus den Ausbildungsbereichen Erzieher \/ Heilerziehungspfleger \/ Heilp\u00e4dagogen \/ Ergotherapie wurden von den Auszubildenden organisiert und durchgef\u00fchrt. So hatten die G\u00e4ste neben Beratungen und anschaulichen Ergebnis-Pr\u00e4sentationen der laufenden Ausbildung die M\u00f6glichkeit, sich aktiv an [&hellip;]<\/p>\n","protected":false},"author":18,"featured_media":3575,"comment_status":"closed","ping_status":"closed","sticky":false,"template":"","format":"standard","meta":{"_acf_changed":false,"footnotes":""},"categories":[29],"tags":[95,94,78,93,98,80,92,82,97],"class_list":["post-3524","post","type-post","status-publish","format-standard","has-post-thumbnail","hentry","category-news-halle-schulen","tag-ausbildung","tag-beruf","tag-ebg","tag-ebg-halle","tag-ergotherapie","tag-erzieher","tag-halle","tag-heilerziehungspfleger","tag-heilpaedagogik"],"acf":[],"yoast_head":"<!-- This site is optimized with the Yoast SEO plugin v26.9 - https:\/\/yoast.com\/product\/yoast-seo-wordpress\/ -->\n<title>Tag der Offenen T\u00fcr wurde mit Begeisterung angenommen - Europ\u00e4isches Bildungswerk f\u00fcr Beruf und Gesellschaft<\/title>\n<meta name=\"robots\" content=\"index, follow, max-snippet:-1, max-image-preview:large, max-video-preview:-1\" \/>\n<link rel=\"canonical\" href=\"https:\/\/www.ebg.de\/tag-der-offenen-tuer-wurde-mit-begeisterung-angenommen\/?lang=en\" \/>\n<meta property=\"og:locale\" content=\"en_US\" \/>\n<meta property=\"og:type\" content=\"article\" \/>\n<meta property=\"og:title\" content=\"Tag der Offenen T\u00fcr wurde mit Begeisterung angenommen - Europ\u00e4isches Bildungswerk f\u00fcr Beruf und Gesellschaft\" \/>\n<meta property=\"og:description\" content=\"Viele neugierige Besucher konnten am 9. M\u00e4rz 2019 im EBG Halle staunen und probieren und sich im Gespr\u00e4ch informieren. Zahlreiche Angebote aus den Ausbildungsbereichen Erzieher \/ Heilerziehungspfleger \/ Heilp\u00e4dagogen \/ Ergotherapie wurden von den Auszubildenden organisiert und durchgef\u00fchrt. So hatten die G\u00e4ste neben Beratungen und anschaulichen Ergebnis-Pr\u00e4sentationen der laufenden Ausbildung die M\u00f6glichkeit, sich aktiv an [&hellip;]\" \/>\n<meta property=\"og:url\" content=\"https:\/\/www.ebg.de\/tag-der-offenen-tuer-wurde-mit-begeisterung-angenommen\/?lang=en\" \/>\n<meta property=\"og:site_name\" content=\"Europ\u00e4isches Bildungswerk f\u00fcr Beruf und Gesellschaft\" \/>\n<meta property=\"article:published_time\" content=\"2019-03-12T09:05:32+00:00\" \/>\n<meta property=\"article:modified_time\" content=\"2019-03-12T09:05:34+00:00\" \/>\n<meta property=\"og:image\" content=\"https:\/\/www.ebg.de\/wp-content\/uploads\/2019\/03\/DSC9753mam-foto-WEB-1.jpg\" \/>\n\t<meta property=\"og:image:width\" content=\"1623\" \/>\n\t<meta property=\"og:image:height\" content=\"1080\" \/>\n\t<meta property=\"og:image:type\" content=\"image\/jpeg\" \/>\n<meta name=\"author\" content=\"Dagmar Gumbert\" \/>\n<meta name=\"twitter:card\" content=\"summary_large_image\" \/>\n<meta name=\"twitter:label1\" content=\"Written by\" \/>\n\t<meta name=\"twitter:data1\" content=\"Dagmar Gumbert\" \/>\n\t<meta name=\"twitter:label2\" content=\"Est. reading time\" \/>\n\t<meta name=\"twitter:data2\" content=\"1 minute\" \/>\n<!-- \/ Yoast SEO plugin. -->","yoast_head_json":{"title":"Tag der Offenen T\u00fcr wurde mit Begeisterung angenommen - Europ\u00e4isches Bildungswerk f\u00fcr Beruf und Gesellschaft","robots":{"index":"index","follow":"follow","max-snippet":"max-snippet:-1","max-image-preview":"max-image-preview:large","max-video-preview":"max-video-preview:-1"},"canonical":"https:\/\/www.ebg.de\/tag-der-offenen-tuer-wurde-mit-begeisterung-angenommen\/?lang=en","og_locale":"en_US","og_type":"article","og_title":"Tag der Offenen T\u00fcr wurde mit Begeisterung angenommen - Europ\u00e4isches Bildungswerk f\u00fcr Beruf und Gesellschaft","og_description":"Viele neugierige Besucher konnten am 9. M\u00e4rz 2019 im EBG Halle staunen und probieren und sich im Gespr\u00e4ch informieren. Zahlreiche Angebote aus den Ausbildungsbereichen Erzieher \/ Heilerziehungspfleger \/ Heilp\u00e4dagogen \/ Ergotherapie wurden von den Auszubildenden organisiert und durchgef\u00fchrt. So hatten die G\u00e4ste neben Beratungen und anschaulichen Ergebnis-Pr\u00e4sentationen der laufenden Ausbildung die M\u00f6glichkeit, sich aktiv an [&hellip;]","og_url":"https:\/\/www.ebg.de\/tag-der-offenen-tuer-wurde-mit-begeisterung-angenommen\/?lang=en","og_site_name":"Europ\u00e4isches Bildungswerk f\u00fcr Beruf und Gesellschaft","article_published_time":"2019-03-12T09:05:32+00:00","article_modified_time":"2019-03-12T09:05:34+00:00","og_image":[{"width":1623,"height":1080,"url":"https:\/\/www.ebg.de\/wp-content\/uploads\/2019\/03\/DSC9753mam-foto-WEB-1.jpg","type":"image\/jpeg"}],"author":"Dagmar Gumbert","twitter_card":"summary_large_image","twitter_misc":{"Written by":"Dagmar Gumbert","Est. reading time":"1 minute"},"schema":{"@context":"https:\/\/schema.org","@graph":[{"@type":"Article","@id":"https:\/\/www.ebg.de\/tag-der-offenen-tuer-wurde-mit-begeisterung-angenommen\/?lang=en#article","isPartOf":{"@id":"https:\/\/www.ebg.de\/tag-der-offenen-tuer-wurde-mit-begeisterung-angenommen\/?lang=en"},"author":{"name":"Dagmar Gumbert","@id":"https:\/\/www.ebg.de\/#\/schema\/person\/77f2f3c6647074b70ad64b8397a8edc4"},"headline":"Tag der Offenen T\u00fcr wurde mit Begeisterung angenommen","datePublished":"2019-03-12T09:05:32+00:00","dateModified":"2019-03-12T09:05:34+00:00","mainEntityOfPage":{"@id":"https:\/\/www.ebg.de\/tag-der-offenen-tuer-wurde-mit-begeisterung-angenommen\/?lang=en"},"wordCount":148,"image":{"@id":"https:\/\/www.ebg.de\/tag-der-offenen-tuer-wurde-mit-begeisterung-angenommen\/?lang=en#primaryimage"},"thumbnailUrl":"https:\/\/www.ebg.de\/wp-content\/uploads\/2019\/03\/DSC9753mam-foto-WEB-1.jpg","keywords":["Ausbildung","Beruf","EBG","EBG Halle","Ergotherapie","Erzieher","Halle","Heilerziehungspfleger","Heilp\u00e4dagogik"],"articleSection":["News - Halle Schulen"],"inLanguage":"en-US"},{"@type":"WebPage","@id":"https:\/\/www.ebg.de\/tag-der-offenen-tuer-wurde-mit-begeisterung-angenommen\/?lang=en","url":"https:\/\/www.ebg.de\/tag-der-offenen-tuer-wurde-mit-begeisterung-angenommen\/?lang=en","name":"Tag der Offenen T\u00fcr wurde mit Begeisterung angenommen - Europ\u00e4isches Bildungswerk f\u00fcr Beruf und Gesellschaft","isPartOf":{"@id":"https:\/\/www.ebg.de\/#website"},"primaryImageOfPage":{"@id":"https:\/\/www.ebg.de\/tag-der-offenen-tuer-wurde-mit-begeisterung-angenommen\/?lang=en#primaryimage"},"image":{"@id":"https:\/\/www.ebg.de\/tag-der-offenen-tuer-wurde-mit-begeisterung-angenommen\/?lang=en#primaryimage"},"thumbnailUrl":"https:\/\/www.ebg.de\/wp-content\/uploads\/2019\/03\/DSC9753mam-foto-WEB-1.jpg","datePublished":"2019-03-12T09:05:32+00:00","dateModified":"2019-03-12T09:05:34+00:00","author":{"@id":"https:\/\/www.ebg.de\/#\/schema\/person\/77f2f3c6647074b70ad64b8397a8edc4"},"breadcrumb":{"@id":"https:\/\/www.ebg.de\/tag-der-offenen-tuer-wurde-mit-begeisterung-angenommen\/?lang=en#breadcrumb"},"inLanguage":"en-US","potentialAction":[{"@type":"ReadAction","target":["https:\/\/www.ebg.de\/tag-der-offenen-tuer-wurde-mit-begeisterung-angenommen\/?lang=en"]}]},{"@type":"ImageObject","inLanguage":"en-US","@id":"https:\/\/www.ebg.de\/tag-der-offenen-tuer-wurde-mit-begeisterung-angenommen\/?lang=en#primaryimage","url":"https:\/\/www.ebg.de\/wp-content\/uploads\/2019\/03\/DSC9753mam-foto-WEB-1.jpg","contentUrl":"https:\/\/www.ebg.de\/wp-content\/uploads\/2019\/03\/DSC9753mam-foto-WEB-1.jpg","width":1623,"height":1080},{"@type":"BreadcrumbList","@id":"https:\/\/www.ebg.de\/tag-der-offenen-tuer-wurde-mit-begeisterung-angenommen\/?lang=en#breadcrumb","itemListElement":[{"@type":"ListItem","position":1,"name":"Startseite","item":"https:\/\/www.ebg.de\/"},{"@type":"ListItem","position":2,"name":"Tag der Offenen T\u00fcr wurde mit Begeisterung angenommen"}]},{"@type":"WebSite","@id":"https:\/\/www.ebg.de\/#website","url":"https:\/\/www.ebg.de\/","name":"Europ\u00e4isches Bildungswerk f\u00fcr Beruf und Gesellschaft","description":"Bildung, Ausbildung und Weiterbildung","potentialAction":[{"@type":"SearchAction","target":{"@type":"EntryPoint","urlTemplate":"https:\/\/www.ebg.de\/?s={search_term_string}"},"query-input":{"@type":"PropertyValueSpecification","valueRequired":true,"valueName":"search_term_string"}}],"inLanguage":"en-US"},{"@type":"Person","@id":"https:\/\/www.ebg.de\/#\/schema\/person\/77f2f3c6647074b70ad64b8397a8edc4","name":"Dagmar Gumbert","image":{"@type":"ImageObject","inLanguage":"en-US","@id":"https:\/\/www.ebg.de\/#\/schema\/person\/image\/","url":"https:\/\/secure.gravatar.com\/avatar\/0af05cad1f550280112950cec0ccbad0d3acc2f5f0e9ed045b6857b2c4d88d49?s=96&d=mm&r=g","contentUrl":"https:\/\/secure.gravatar.com\/avatar\/0af05cad1f550280112950cec0ccbad0d3acc2f5f0e9ed045b6857b2c4d88d49?s=96&d=mm&r=g","caption":"Dagmar Gumbert"},"url":"https:\/\/www.ebg.de\/en\/author\/fshalle\/"}]}},"_links":{"self":[{"href":"https:\/\/www.ebg.de\/en\/wp-json\/wp\/v2\/posts\/3524","targetHints":{"allow":["GET"]}}],"collection":[{"href":"https:\/\/www.ebg.de\/en\/wp-json\/wp\/v2\/posts"}],"about":[{"href":"https:\/\/www.ebg.de\/en\/wp-json\/wp\/v2\/types\/post"}],"author":[{"embeddable":true,"href":"https:\/\/www.ebg.de\/en\/wp-json\/wp\/v2\/users\/18"}],"replies":[{"embeddable":true,"href":"https:\/\/www.ebg.de\/en\/wp-json\/wp\/v2\/comments?post=3524"}],"version-history":[{"count":4,"href":"https:\/\/www.ebg.de\/en\/wp-json\/wp\/v2\/posts\/3524\/revisions"}],"predecessor-version":[{"id":3574,"href":"https:\/\/www.ebg.de\/en\/wp-json\/wp\/v2\/posts\/3524\/revisions\/3574"}],"wp:featuredmedia":[{"embeddable":true,"href":"https:\/\/www.ebg.de\/en\/wp-json\/wp\/v2\/media\/3575"}],"wp:attachment":[{"href":"https:\/\/www.ebg.de\/en\/wp-json\/wp\/v2\/media?parent=3524"}],"wp:term":[{"taxonomy":"category","embeddable":true,"href":"https:\/\/www.ebg.de\/en\/wp-json\/wp\/v2\/categories?post=3524"},{"taxonomy":"post_tag","embeddable":true,"href":"https:\/\/www.ebg.de\/en\/wp-json\/wp\/v2\/tags?post=3524"}],"curies":[{"name":"wp","href":"https:\/\/api.w.org\/{rel}","templated":true}]}}