{"id":3513,"date":"2019-03-12T12:11:31","date_gmt":"2019-03-12T11:11:31","guid":{"rendered":"https:\/\/www.ebg.de\/?p=3513"},"modified":"2019-03-12T12:11:33","modified_gmt":"2019-03-12T11:11:33","slug":"tag-der-offenen-tuer-4","status":"publish","type":"post","link":"https:\/\/www.ebg.de\/en\/tag-der-offenen-tuer-4\/","title":{"rendered":"Tag der offenen T\u00fcr"},"content":{"rendered":"\n<p>Obsttierchen unter Strom- Experimente f\u00fcr den Elementar- und Prim\u00e4rbereich<br> Wir- die Erzieher 18\/2 VZ haben im Rahmen des naturwissenschaftlichen Unterricht mit Strom experimentiert.<br> Hierbei wurden Fragen gekl\u00e4rt wie z.B. \u201eWas ist eigentlich Strom? Wie funktioniert eine Batterie? Wie bringt man eine Lampe zum Leuchten?<br> In Teamarbeit und mit viel Kreativit\u00e4t entstanden lustige Obsttierchen vom Schwein zum Hamster bis zur Giraffe, die alle ein L\u00e4mpchen mit Strom versorgten.<br> Auch ein Wecker wurde allein mit Obststrom zum Laufen gebracht.<br> Diese einfachen Experimente eignen sich sehr gut, um Kindern in der Kita und im Hort ein Grundverst\u00e4ndnis f\u00fcr Elektrizit\u00e4t zu vermitteln.<br> Auch zum Tag der offenen T\u00fcr am 23.02. 2019 konnten die Besucher diese Experimente selbst ausprobieren.<\/p>\n\n\n\n<figure class=\"wp-block-image\"><img loading=\"lazy\" decoding=\"async\" width=\"1024\" height=\"768\" src=\"https:\/\/www.ebg.de\/wp-content\/uploads\/2019\/03\/IMG_3845-1024x768.jpg\" alt=\"\" class=\"wp-image-3521\" srcset=\"https:\/\/www.ebg.de\/wp-content\/uploads\/2019\/03\/IMG_3845-1024x768.jpg 1024w, https:\/\/www.ebg.de\/wp-content\/uploads\/2019\/03\/IMG_3845-300x225.jpg 300w, https:\/\/www.ebg.de\/wp-content\/uploads\/2019\/03\/IMG_3845-768x576.jpg 768w, https:\/\/www.ebg.de\/wp-content\/uploads\/2019\/03\/IMG_3845-900x675.jpg 900w, https:\/\/www.ebg.de\/wp-content\/uploads\/2019\/03\/IMG_3845-1200x900.jpg 1200w\" sizes=\"auto, (max-width: 1024px) 100vw, 1024px\" \/><\/figure>\n\n\n\n<figure class=\"wp-block-image\"><img loading=\"lazy\" decoding=\"async\" width=\"1024\" height=\"768\" src=\"https:\/\/www.ebg.de\/wp-content\/uploads\/2019\/03\/IMG_3837-e1552307745343-1024x768.jpg\" alt=\"\" class=\"wp-image-3519\" srcset=\"https:\/\/www.ebg.de\/wp-content\/uploads\/2019\/03\/IMG_3837-e1552307745343-1024x768.jpg 1024w, https:\/\/www.ebg.de\/wp-content\/uploads\/2019\/03\/IMG_3837-e1552307745343-300x225.jpg 300w, https:\/\/www.ebg.de\/wp-content\/uploads\/2019\/03\/IMG_3837-e1552307745343-768x576.jpg 768w, https:\/\/www.ebg.de\/wp-content\/uploads\/2019\/03\/IMG_3837-e1552307745343-900x675.jpg 900w, https:\/\/www.ebg.de\/wp-content\/uploads\/2019\/03\/IMG_3837-e1552307745343-1200x900.jpg 1200w\" sizes=\"auto, (max-width: 1024px) 100vw, 1024px\" \/><\/figure>\n","protected":false},"excerpt":{"rendered":"<p>Auch zum Tag der offenen T\u00fcr am 23.02. 2019 konnten die Besucher diese Experimente selbst ausprobieren.<\/p>\n","protected":false},"author":21,"featured_media":3577,"comment_status":"closed","ping_status":"closed","sticky":false,"template":"","format":"standard","meta":{"_acf_changed":false,"footnotes":""},"categories":[19],"tags":[],"class_list":["post-3513","post","type-post","status-publish","format-standard","has-post-thumbnail","hentry","category-news-magdeburg-schulen"],"acf":[],"yoast_head":"<!-- This site is optimized with the Yoast SEO plugin v26.9 - https:\/\/yoast.com\/product\/yoast-seo-wordpress\/ -->\n<title>Tag der offenen T\u00fcr - Europ\u00e4isches Bildungswerk f\u00fcr Beruf und Gesellschaft<\/title>\n<meta name=\"robots\" content=\"index, follow, max-snippet:-1, max-image-preview:large, max-video-preview:-1\" \/>\n<link rel=\"canonical\" href=\"https:\/\/www.ebg.de\/tag-der-offenen-tuer-4\/\" \/>\n<meta property=\"og:locale\" content=\"en_US\" \/>\n<meta property=\"og:type\" content=\"article\" \/>\n<meta property=\"og:title\" content=\"Tag der offenen T\u00fcr - Europ\u00e4isches Bildungswerk f\u00fcr Beruf und Gesellschaft\" \/>\n<meta property=\"og:description\" content=\"Auch zum Tag der offenen T\u00fcr am 23.02. 2019 konnten die Besucher diese Experimente selbst ausprobieren.\" \/>\n<meta property=\"og:url\" content=\"https:\/\/www.ebg.de\/tag-der-offenen-tuer-4\/\" \/>\n<meta property=\"og:site_name\" content=\"Europ\u00e4isches Bildungswerk f\u00fcr Beruf und Gesellschaft\" \/>\n<meta property=\"article:published_time\" content=\"2019-03-12T11:11:31+00:00\" \/>\n<meta property=\"article:modified_time\" content=\"2019-03-12T11:11:33+00:00\" \/>\n<meta property=\"og:image\" content=\"https:\/\/www.ebg.de\/wp-content\/uploads\/2019\/03\/beitragsbild-TdoT.jpg\" \/>\n\t<meta property=\"og:image:width\" content=\"900\" \/>\n\t<meta property=\"og:image:height\" content=\"453\" \/>\n\t<meta property=\"og:image:type\" content=\"image\/jpeg\" \/>\n<meta name=\"author\" content=\"Annett Schuldt\" \/>\n<meta name=\"twitter:card\" content=\"summary_large_image\" \/>\n<meta name=\"twitter:label1\" content=\"Written by\" \/>\n\t<meta name=\"twitter:data1\" content=\"Annett Schuldt\" \/>\n\t<meta name=\"twitter:label2\" content=\"Est. reading time\" \/>\n\t<meta name=\"twitter:data2\" content=\"1 minute\" \/>\n<!-- \/ Yoast SEO plugin. -->","yoast_head_json":{"title":"Tag der offenen T\u00fcr - Europ\u00e4isches Bildungswerk f\u00fcr Beruf und Gesellschaft","robots":{"index":"index","follow":"follow","max-snippet":"max-snippet:-1","max-image-preview":"max-image-preview:large","max-video-preview":"max-video-preview:-1"},"canonical":"https:\/\/www.ebg.de\/tag-der-offenen-tuer-4\/","og_locale":"en_US","og_type":"article","og_title":"Tag der offenen T\u00fcr - Europ\u00e4isches Bildungswerk f\u00fcr Beruf und Gesellschaft","og_description":"Auch zum Tag der offenen T\u00fcr am 23.02. 2019 konnten die Besucher diese Experimente selbst ausprobieren.","og_url":"https:\/\/www.ebg.de\/tag-der-offenen-tuer-4\/","og_site_name":"Europ\u00e4isches Bildungswerk f\u00fcr Beruf und Gesellschaft","article_published_time":"2019-03-12T11:11:31+00:00","article_modified_time":"2019-03-12T11:11:33+00:00","og_image":[{"width":900,"height":453,"url":"https:\/\/www.ebg.de\/wp-content\/uploads\/2019\/03\/beitragsbild-TdoT.jpg","type":"image\/jpeg"}],"author":"Annett Schuldt","twitter_card":"summary_large_image","twitter_misc":{"Written by":"Annett Schuldt","Est. reading time":"1 minute"},"schema":{"@context":"https:\/\/schema.org","@graph":[{"@type":"Article","@id":"https:\/\/www.ebg.de\/tag-der-offenen-tuer-4\/#article","isPartOf":{"@id":"https:\/\/www.ebg.de\/tag-der-offenen-tuer-4\/"},"author":{"name":"Annett Schuldt","@id":"https:\/\/www.ebg.de\/#\/schema\/person\/d9d18d8e217556f034719e96291a453e"},"headline":"Tag der offenen T\u00fcr","datePublished":"2019-03-12T11:11:31+00:00","dateModified":"2019-03-12T11:11:33+00:00","mainEntityOfPage":{"@id":"https:\/\/www.ebg.de\/tag-der-offenen-tuer-4\/"},"wordCount":126,"image":{"@id":"https:\/\/www.ebg.de\/tag-der-offenen-tuer-4\/#primaryimage"},"thumbnailUrl":"https:\/\/www.ebg.de\/wp-content\/uploads\/2019\/03\/beitragsbild-TdoT.jpg","articleSection":["News - Magdeburg Schulen"],"inLanguage":"en-US"},{"@type":"WebPage","@id":"https:\/\/www.ebg.de\/tag-der-offenen-tuer-4\/","url":"https:\/\/www.ebg.de\/tag-der-offenen-tuer-4\/","name":"Tag der offenen T\u00fcr - Europ\u00e4isches Bildungswerk f\u00fcr Beruf und Gesellschaft","isPartOf":{"@id":"https:\/\/www.ebg.de\/#website"},"primaryImageOfPage":{"@id":"https:\/\/www.ebg.de\/tag-der-offenen-tuer-4\/#primaryimage"},"image":{"@id":"https:\/\/www.ebg.de\/tag-der-offenen-tuer-4\/#primaryimage"},"thumbnailUrl":"https:\/\/www.ebg.de\/wp-content\/uploads\/2019\/03\/beitragsbild-TdoT.jpg","datePublished":"2019-03-12T11:11:31+00:00","dateModified":"2019-03-12T11:11:33+00:00","author":{"@id":"https:\/\/www.ebg.de\/#\/schema\/person\/d9d18d8e217556f034719e96291a453e"},"breadcrumb":{"@id":"https:\/\/www.ebg.de\/tag-der-offenen-tuer-4\/#breadcrumb"},"inLanguage":"en-US","potentialAction":[{"@type":"ReadAction","target":["https:\/\/www.ebg.de\/tag-der-offenen-tuer-4\/"]}]},{"@type":"ImageObject","inLanguage":"en-US","@id":"https:\/\/www.ebg.de\/tag-der-offenen-tuer-4\/#primaryimage","url":"https:\/\/www.ebg.de\/wp-content\/uploads\/2019\/03\/beitragsbild-TdoT.jpg","contentUrl":"https:\/\/www.ebg.de\/wp-content\/uploads\/2019\/03\/beitragsbild-TdoT.jpg","width":900,"height":453},{"@type":"BreadcrumbList","@id":"https:\/\/www.ebg.de\/tag-der-offenen-tuer-4\/#breadcrumb","itemListElement":[{"@type":"ListItem","position":1,"name":"Startseite","item":"https:\/\/www.ebg.de\/"},{"@type":"ListItem","position":2,"name":"Tag der offenen T\u00fcr"}]},{"@type":"WebSite","@id":"https:\/\/www.ebg.de\/#website","url":"https:\/\/www.ebg.de\/","name":"Europ\u00e4isches Bildungswerk f\u00fcr Beruf und Gesellschaft","description":"Bildung, Ausbildung und Weiterbildung","potentialAction":[{"@type":"SearchAction","target":{"@type":"EntryPoint","urlTemplate":"https:\/\/www.ebg.de\/?s={search_term_string}"},"query-input":{"@type":"PropertyValueSpecification","valueRequired":true,"valueName":"search_term_string"}}],"inLanguage":"en-US"},{"@type":"Person","@id":"https:\/\/www.ebg.de\/#\/schema\/person\/d9d18d8e217556f034719e96291a453e","name":"Annett Schuldt","image":{"@type":"ImageObject","inLanguage":"en-US","@id":"https:\/\/www.ebg.de\/#\/schema\/person\/image\/","url":"https:\/\/secure.gravatar.com\/avatar\/abe19a9ad2aaf0199ddc3283fe9aaec50317447b19cc4ffbef6a0d142bb1e674?s=96&d=mm&r=g","contentUrl":"https:\/\/secure.gravatar.com\/avatar\/abe19a9ad2aaf0199ddc3283fe9aaec50317447b19cc4ffbef6a0d142bb1e674?s=96&d=mm&r=g","caption":"Annett Schuldt"},"url":"https:\/\/www.ebg.de\/en\/author\/aschuldt\/"}]}},"_links":{"self":[{"href":"https:\/\/www.ebg.de\/en\/wp-json\/wp\/v2\/posts\/3513","targetHints":{"allow":["GET"]}}],"collection":[{"href":"https:\/\/www.ebg.de\/en\/wp-json\/wp\/v2\/posts"}],"about":[{"href":"https:\/\/www.ebg.de\/en\/wp-json\/wp\/v2\/types\/post"}],"author":[{"embeddable":true,"href":"https:\/\/www.ebg.de\/en\/wp-json\/wp\/v2\/users\/21"}],"replies":[{"embeddable":true,"href":"https:\/\/www.ebg.de\/en\/wp-json\/wp\/v2\/comments?post=3513"}],"version-history":[{"count":1,"href":"https:\/\/www.ebg.de\/en\/wp-json\/wp\/v2\/posts\/3513\/revisions"}],"predecessor-version":[{"id":3579,"href":"https:\/\/www.ebg.de\/en\/wp-json\/wp\/v2\/posts\/3513\/revisions\/3579"}],"wp:featuredmedia":[{"embeddable":true,"href":"https:\/\/www.ebg.de\/en\/wp-json\/wp\/v2\/media\/3577"}],"wp:attachment":[{"href":"https:\/\/www.ebg.de\/en\/wp-json\/wp\/v2\/media?parent=3513"}],"wp:term":[{"taxonomy":"category","embeddable":true,"href":"https:\/\/www.ebg.de\/en\/wp-json\/wp\/v2\/categories?post=3513"},{"taxonomy":"post_tag","embeddable":true,"href":"https:\/\/www.ebg.de\/en\/wp-json\/wp\/v2\/tags?post=3513"}],"curies":[{"name":"wp","href":"https:\/\/api.w.org\/{rel}","templated":true}]}}