{"id":3492,"date":"2019-03-07T15:55:27","date_gmt":"2019-03-07T14:55:27","guid":{"rendered":"https:\/\/www.ebg.de\/?p=3492"},"modified":"2019-06-11T11:05:19","modified_gmt":"2019-06-11T09:05:19","slug":"qualifizierung-fuer-juristinnen-und-juristen","status":"publish","type":"post","link":"https:\/\/www.ebg.de\/en\/qualifizierung-fuer-juristinnen-und-juristen\/","title":{"rendered":"Qualifizierung f\u00fcr Juristinnen und Juristen"},"content":{"rendered":"\n<p>Bundesweit einzigartiges Angebot startet in Sachsen-Anhalt<\/p>\n\n\n\n<figure class=\"wp-block-image is-resized\"><img loading=\"lazy\" decoding=\"async\" src=\"https:\/\/www.ebg.de\/wp-content\/uploads\/2019\/03\/1.jpg\" alt=\"\" class=\"wp-image-3508\" width=\"588\" height=\"393\" srcset=\"https:\/\/www.ebg.de\/wp-content\/uploads\/2019\/03\/1.jpg 455w, https:\/\/www.ebg.de\/wp-content\/uploads\/2019\/03\/1-300x200.jpg 300w\" sizes=\"auto, (max-width: 588px) 100vw, 588px\" \/><\/figure>\n\n\n\n<p>06.03.2019<\/p>\n\n\n\n<p>Fachkr\u00e4fte, wie beispielsweise Rechtsanwaltsfachangestellte,\nwerden auf dem deutschen Arbeitsmarkt h\u00e4nderingend gesucht. Auf der anderen\nSeite gibt es Menschen mit Migrationsgeschichte, die \u00fcber einen im Ausland\nerworbenen Abschluss verf\u00fcgen und hier arbeiten m\u00f6chten.<\/p>\n\n\n\n<p>Hier setzt das IQ Netzwerk Sachsen-Anhalt an. Am 4. M\u00e4rz\n2019 startete in Magdeburg f\u00fcr 11 Kursteilnehmerinnen und Kursteilnehmer die\nerste ca. zweij\u00e4hrige &#8220;Qualifizierung f\u00fcr Juristinnen und Juristen auf\nPr\u00fcfung zur \/ zum Rechtsanwaltsfachangestellten&#8221; beim \u201aEurop\u00e4ischen\nBildungswerk f\u00fcr Beruf und Gesellschaft gGmbH\u2018 (EBG). Sie richtet sich an\nEingewanderte, die in ihrem Heimatland bereits Rechtswissenschaften studiert\nhaben und idealerweise Erfahrungen in diesem Berufsfeld sammeln konnten. Dieses\nAngebot ist derzeit einzigartig in Deutschland.<\/p>\n\n\n\n<p>Neben dem abgeschlossenen Studium gilt als weitere\nVoraussetzung ein fortgeschrittenes Sprachniveau in Deutsch (B1). In deutscher\nSprache werden die Teilnehmenden auf die Pr\u00fcfung des deutschen Berufs der \/ des\nRechtsanwaltsfachangestellten vor der Rechtsanwaltskammer des Landes Sachsen-Anhalt\nvorbereitet. \u00dcber den gesamten Ausbildungszeitraum wird ihnen ein Sprachkurs\nzur Erlangung des Sprachniveaus C angeboten. Sie erhalten Unterst\u00fctzung bei der\nSuche nach einem Praktikumsbetrieb sowie eine individuelle Betreuung und\nKommunikation mit Beh\u00f6rden im Zusammenhang mit der Berufsqualifikation, z. B.\nJobcenter und Ausl\u00e4nderbeh\u00f6rde.<\/p>\n\n\n\n<p>Damit werden sie bef\u00e4higt, in einer Rechtsanwaltskanzlei,\nbei gesetzlichen Krankenkassen, Rentenversicherungen, Inkassounternehmen oder\nUnternehmen mit angeschlossener Inkassoabteilung zu arbeiten. &#8220;Die\nBerufsaussichten sind aktuell positiv.&#8221;, so Nadja Ertmer, selbst\nRechtsanw\u00e4ltin und Projektmitarbeiterin bei der EBG.<\/p>\n\n\n\n<p>&#8220;Dieses Angebot des IQ Netzwerks bietet eine wichtige\nUnterst\u00fctzung f\u00fcr Zugewanderte, deren Berufsabschluss in Deutschland nicht\nanerkannt wird. Damit ist die Erlangung eines Berufsabschl\u00fcsses m\u00f6glich, der\neine bessere Integration in den Arbeitsmarkt erm\u00f6glicht.&#8221;, so Ines\nBr\u00fcckner, Juristin und Projektleiterin.<\/p>\n\n\n\n<p>Ein Einstieg ist bis zum 1. April 2019 m\u00f6glich. Eine vorherige Anmeldung ist erforderlich.<\/p>\n","protected":false},"excerpt":{"rendered":"<p>Bundesweit einzigartiges Angebot startet in Sachsen-Anhalt<\/p>\n","protected":false},"author":2,"featured_media":3493,"comment_status":"closed","ping_status":"closed","sticky":false,"template":"","format":"standard","meta":{"_acf_changed":false,"footnotes":""},"categories":[22],"tags":[],"class_list":["post-3492","post","type-post","status-publish","format-standard","has-post-thumbnail","hentry","category-news-gf"],"acf":[],"yoast_head":"<!-- This site is optimized with the Yoast SEO plugin v26.9 - https:\/\/yoast.com\/product\/yoast-seo-wordpress\/ -->\n<title>Qualifizierung f\u00fcr Juristinnen und Juristen - Europ\u00e4isches Bildungswerk f\u00fcr Beruf und Gesellschaft<\/title>\n<meta name=\"robots\" content=\"index, follow, max-snippet:-1, max-image-preview:large, max-video-preview:-1\" \/>\n<link rel=\"canonical\" href=\"https:\/\/www.ebg.de\/qualifizierung-fuer-juristinnen-und-juristen\/\" \/>\n<meta property=\"og:locale\" content=\"en_US\" \/>\n<meta property=\"og:type\" content=\"article\" \/>\n<meta property=\"og:title\" content=\"Qualifizierung f\u00fcr Juristinnen und Juristen - Europ\u00e4isches Bildungswerk f\u00fcr Beruf und Gesellschaft\" \/>\n<meta property=\"og:description\" content=\"Bundesweit einzigartiges Angebot startet in Sachsen-Anhalt\" \/>\n<meta property=\"og:url\" content=\"https:\/\/www.ebg.de\/qualifizierung-fuer-juristinnen-und-juristen\/\" \/>\n<meta property=\"og:site_name\" content=\"Europ\u00e4isches Bildungswerk f\u00fcr Beruf und Gesellschaft\" \/>\n<meta property=\"article:published_time\" content=\"2019-03-07T14:55:27+00:00\" \/>\n<meta property=\"article:modified_time\" content=\"2019-06-11T09:05:19+00:00\" \/>\n<meta property=\"og:image\" content=\"https:\/\/www.ebg.de\/wp-content\/uploads\/2019\/03\/Titel.jpg\" \/>\n\t<meta property=\"og:image:width\" content=\"900\" \/>\n\t<meta property=\"og:image:height\" content=\"453\" \/>\n\t<meta property=\"og:image:type\" content=\"image\/jpeg\" \/>\n<meta name=\"author\" content=\"Carla R\u00f6blitz\" \/>\n<meta name=\"twitter:card\" content=\"summary_large_image\" \/>\n<meta name=\"twitter:label1\" content=\"Written by\" \/>\n\t<meta name=\"twitter:data1\" content=\"Carla R\u00f6blitz\" \/>\n\t<meta name=\"twitter:label2\" content=\"Est. reading time\" \/>\n\t<meta name=\"twitter:data2\" content=\"1 minute\" \/>\n<!-- \/ Yoast SEO plugin. -->","yoast_head_json":{"title":"Qualifizierung f\u00fcr Juristinnen und Juristen - Europ\u00e4isches Bildungswerk f\u00fcr Beruf und Gesellschaft","robots":{"index":"index","follow":"follow","max-snippet":"max-snippet:-1","max-image-preview":"max-image-preview:large","max-video-preview":"max-video-preview:-1"},"canonical":"https:\/\/www.ebg.de\/qualifizierung-fuer-juristinnen-und-juristen\/","og_locale":"en_US","og_type":"article","og_title":"Qualifizierung f\u00fcr Juristinnen und Juristen - Europ\u00e4isches Bildungswerk f\u00fcr Beruf und Gesellschaft","og_description":"Bundesweit einzigartiges Angebot startet in Sachsen-Anhalt","og_url":"https:\/\/www.ebg.de\/qualifizierung-fuer-juristinnen-und-juristen\/","og_site_name":"Europ\u00e4isches Bildungswerk f\u00fcr Beruf und Gesellschaft","article_published_time":"2019-03-07T14:55:27+00:00","article_modified_time":"2019-06-11T09:05:19+00:00","og_image":[{"width":900,"height":453,"url":"https:\/\/www.ebg.de\/wp-content\/uploads\/2019\/03\/Titel.jpg","type":"image\/jpeg"}],"author":"Carla R\u00f6blitz","twitter_card":"summary_large_image","twitter_misc":{"Written by":"Carla R\u00f6blitz","Est. reading time":"1 minute"},"schema":{"@context":"https:\/\/schema.org","@graph":[{"@type":"Article","@id":"https:\/\/www.ebg.de\/qualifizierung-fuer-juristinnen-und-juristen\/#article","isPartOf":{"@id":"https:\/\/www.ebg.de\/qualifizierung-fuer-juristinnen-und-juristen\/"},"author":{"name":"Carla R\u00f6blitz","@id":"https:\/\/www.ebg.de\/#\/schema\/person\/6194a3051c516578ca559a6b15ac8fd8"},"headline":"Qualifizierung f\u00fcr Juristinnen und Juristen","datePublished":"2019-03-07T14:55:27+00:00","dateModified":"2019-06-11T09:05:19+00:00","mainEntityOfPage":{"@id":"https:\/\/www.ebg.de\/qualifizierung-fuer-juristinnen-und-juristen\/"},"wordCount":298,"image":{"@id":"https:\/\/www.ebg.de\/qualifizierung-fuer-juristinnen-und-juristen\/#primaryimage"},"thumbnailUrl":"https:\/\/www.ebg.de\/wp-content\/uploads\/2019\/03\/Titel.jpg","articleSection":["News-GF"],"inLanguage":"en-US"},{"@type":"WebPage","@id":"https:\/\/www.ebg.de\/qualifizierung-fuer-juristinnen-und-juristen\/","url":"https:\/\/www.ebg.de\/qualifizierung-fuer-juristinnen-und-juristen\/","name":"Qualifizierung f\u00fcr Juristinnen und Juristen - Europ\u00e4isches Bildungswerk f\u00fcr Beruf und Gesellschaft","isPartOf":{"@id":"https:\/\/www.ebg.de\/#website"},"primaryImageOfPage":{"@id":"https:\/\/www.ebg.de\/qualifizierung-fuer-juristinnen-und-juristen\/#primaryimage"},"image":{"@id":"https:\/\/www.ebg.de\/qualifizierung-fuer-juristinnen-und-juristen\/#primaryimage"},"thumbnailUrl":"https:\/\/www.ebg.de\/wp-content\/uploads\/2019\/03\/Titel.jpg","datePublished":"2019-03-07T14:55:27+00:00","dateModified":"2019-06-11T09:05:19+00:00","author":{"@id":"https:\/\/www.ebg.de\/#\/schema\/person\/6194a3051c516578ca559a6b15ac8fd8"},"breadcrumb":{"@id":"https:\/\/www.ebg.de\/qualifizierung-fuer-juristinnen-und-juristen\/#breadcrumb"},"inLanguage":"en-US","potentialAction":[{"@type":"ReadAction","target":["https:\/\/www.ebg.de\/qualifizierung-fuer-juristinnen-und-juristen\/"]}]},{"@type":"ImageObject","inLanguage":"en-US","@id":"https:\/\/www.ebg.de\/qualifizierung-fuer-juristinnen-und-juristen\/#primaryimage","url":"https:\/\/www.ebg.de\/wp-content\/uploads\/2019\/03\/Titel.jpg","contentUrl":"https:\/\/www.ebg.de\/wp-content\/uploads\/2019\/03\/Titel.jpg","width":900,"height":453},{"@type":"BreadcrumbList","@id":"https:\/\/www.ebg.de\/qualifizierung-fuer-juristinnen-und-juristen\/#breadcrumb","itemListElement":[{"@type":"ListItem","position":1,"name":"Startseite","item":"https:\/\/www.ebg.de\/"},{"@type":"ListItem","position":2,"name":"Qualifizierung f\u00fcr Juristinnen und Juristen"}]},{"@type":"WebSite","@id":"https:\/\/www.ebg.de\/#website","url":"https:\/\/www.ebg.de\/","name":"Europ\u00e4isches Bildungswerk f\u00fcr Beruf und Gesellschaft","description":"Bildung, Ausbildung und Weiterbildung","potentialAction":[{"@type":"SearchAction","target":{"@type":"EntryPoint","urlTemplate":"https:\/\/www.ebg.de\/?s={search_term_string}"},"query-input":{"@type":"PropertyValueSpecification","valueRequired":true,"valueName":"search_term_string"}}],"inLanguage":"en-US"},{"@type":"Person","@id":"https:\/\/www.ebg.de\/#\/schema\/person\/6194a3051c516578ca559a6b15ac8fd8","name":"Carla R\u00f6blitz","image":{"@type":"ImageObject","inLanguage":"en-US","@id":"https:\/\/www.ebg.de\/#\/schema\/person\/image\/","url":"https:\/\/secure.gravatar.com\/avatar\/a857149204a48781b4d141524fc4cbc60c48bb5682271a5e2762174f7ac85a2d?s=96&d=mm&r=g","contentUrl":"https:\/\/secure.gravatar.com\/avatar\/a857149204a48781b4d141524fc4cbc60c48bb5682271a5e2762174f7ac85a2d?s=96&d=mm&r=g","caption":"Carla R\u00f6blitz"},"url":"https:\/\/www.ebg.de\/en\/author\/croeblitz\/"}]}},"_links":{"self":[{"href":"https:\/\/www.ebg.de\/en\/wp-json\/wp\/v2\/posts\/3492","targetHints":{"allow":["GET"]}}],"collection":[{"href":"https:\/\/www.ebg.de\/en\/wp-json\/wp\/v2\/posts"}],"about":[{"href":"https:\/\/www.ebg.de\/en\/wp-json\/wp\/v2\/types\/post"}],"author":[{"embeddable":true,"href":"https:\/\/www.ebg.de\/en\/wp-json\/wp\/v2\/users\/2"}],"replies":[{"embeddable":true,"href":"https:\/\/www.ebg.de\/en\/wp-json\/wp\/v2\/comments?post=3492"}],"version-history":[{"count":4,"href":"https:\/\/www.ebg.de\/en\/wp-json\/wp\/v2\/posts\/3492\/revisions"}],"predecessor-version":[{"id":3510,"href":"https:\/\/www.ebg.de\/en\/wp-json\/wp\/v2\/posts\/3492\/revisions\/3510"}],"wp:featuredmedia":[{"embeddable":true,"href":"https:\/\/www.ebg.de\/en\/wp-json\/wp\/v2\/media\/3493"}],"wp:attachment":[{"href":"https:\/\/www.ebg.de\/en\/wp-json\/wp\/v2\/media?parent=3492"}],"wp:term":[{"taxonomy":"category","embeddable":true,"href":"https:\/\/www.ebg.de\/en\/wp-json\/wp\/v2\/categories?post=3492"},{"taxonomy":"post_tag","embeddable":true,"href":"https:\/\/www.ebg.de\/en\/wp-json\/wp\/v2\/tags?post=3492"}],"curies":[{"name":"wp","href":"https:\/\/api.w.org\/{rel}","templated":true}]}}