{"id":34849,"date":"2024-03-08T08:59:10","date_gmt":"2024-03-08T07:59:10","guid":{"rendered":"https:\/\/www.ebg.de\/?p=34849"},"modified":"2024-03-08T08:59:15","modified_gmt":"2024-03-08T07:59:15","slug":"neueste-technik","status":"publish","type":"post","link":"https:\/\/www.ebg.de\/en\/neueste-technik\/","title":{"rendered":"Technik die begeistert!"},"content":{"rendered":"<div class=\"wp-block-image\">\n<figure class=\"aligncenter size-full is-resized\"><img loading=\"lazy\" decoding=\"async\" width=\"733\" height=\"875\" src=\"https:\/\/www.ebg.de\/wp-content\/uploads\/2024\/03\/kundenportal.ilb_-1.jpg\" alt=\"\" class=\"wp-image-34850\" style=\"width:390px;height:auto\" srcset=\"https:\/\/www.ebg.de\/wp-content\/uploads\/2024\/03\/kundenportal.ilb_-1.jpg 733w, https:\/\/www.ebg.de\/wp-content\/uploads\/2024\/03\/kundenportal.ilb_-1-251x300.jpg 251w\" sizes=\"auto, (max-width: 733px) 100vw, 733px\" \/><\/figure>\n<\/div>\n\n\n<p>Die Umsetzung konnte durch F\u00f6rdermittel auf der Grundlage der Richtlinie des Ministeriums f\u00fcr Bildung, Jugend und Sport des Landes Brandenburg zur Umsetzung des Digitalpakts Schule 2019-2024 realisiert werden.<\/p>\n\n\n\n<p>Im Einzelnen erfolgten Ma\u00dfnahmen zur Verbesserung des schulischen W-LAN, die Beschaffung von digitale Tafeln, mobile Endger\u00e4te und Ladewagen.<\/p>\n","protected":false},"excerpt":{"rendered":"<p>Unsere Fachschule f\u00fcr Sozialwesen wurde mit neuester, digitaler Technik ausgestattet.<\/p>\n","protected":false},"author":22,"featured_media":34852,"comment_status":"closed","ping_status":"closed","sticky":false,"template":"","format":"standard","meta":{"_acf_changed":false,"footnotes":""},"categories":[26],"tags":[],"class_list":["post-34849","post","type-post","status-publish","format-standard","has-post-thumbnail","hentry","category-news-brandenburg-schulen"],"acf":[],"yoast_head":"<!-- This site is optimized with the Yoast SEO plugin v26.9 - https:\/\/yoast.com\/product\/yoast-seo-wordpress\/ -->\n<title>Technik die begeistert! - Europ\u00e4isches Bildungswerk f\u00fcr Beruf und Gesellschaft<\/title>\n<meta name=\"description\" content=\"Unsere Fachschule f\u00fcr Sozialwesen in Brandenburg an der Havel wurde mit neuester, digitaler Technik ausgestattet.\" \/>\n<meta name=\"robots\" content=\"index, follow, max-snippet:-1, max-image-preview:large, max-video-preview:-1\" \/>\n<link rel=\"canonical\" href=\"https:\/\/www.ebg.de\/neueste-technik\/\" \/>\n<meta property=\"og:locale\" content=\"en_US\" \/>\n<meta property=\"og:type\" content=\"article\" \/>\n<meta property=\"og:title\" content=\"Technik die begeistert! - Europ\u00e4isches Bildungswerk f\u00fcr Beruf und Gesellschaft\" \/>\n<meta property=\"og:description\" content=\"Unsere Fachschule f\u00fcr Sozialwesen in Brandenburg an der Havel wurde mit neuester, digitaler Technik ausgestattet.\" \/>\n<meta property=\"og:url\" content=\"https:\/\/www.ebg.de\/neueste-technik\/\" \/>\n<meta property=\"og:site_name\" content=\"Europ\u00e4isches Bildungswerk f\u00fcr Beruf und Gesellschaft\" \/>\n<meta property=\"article:published_time\" content=\"2024-03-08T07:59:10+00:00\" \/>\n<meta property=\"article:modified_time\" content=\"2024-03-08T07:59:15+00:00\" \/>\n<meta property=\"og:image\" content=\"https:\/\/www.ebg.de\/wp-content\/uploads\/2024\/03\/kundenportalquer.ilb_-1.jpg\" \/>\n\t<meta property=\"og:image:width\" content=\"1466\" \/>\n\t<meta property=\"og:image:height\" content=\"730\" \/>\n\t<meta property=\"og:image:type\" content=\"image\/jpeg\" \/>\n<meta name=\"author\" content=\"Stephan Deubner\" \/>\n<meta name=\"twitter:card\" content=\"summary_large_image\" \/>\n<meta name=\"twitter:label1\" content=\"Written by\" \/>\n\t<meta name=\"twitter:data1\" content=\"Stephan Deubner\" \/>\n\t<meta name=\"twitter:label2\" content=\"Est. reading time\" \/>\n\t<meta name=\"twitter:data2\" content=\"1 minute\" \/>\n<!-- \/ Yoast SEO plugin. -->","yoast_head_json":{"title":"Technik die begeistert! - Europ\u00e4isches Bildungswerk f\u00fcr Beruf und Gesellschaft","description":"Unsere Fachschule f\u00fcr Sozialwesen in Brandenburg an der Havel wurde mit neuester, digitaler Technik ausgestattet.","robots":{"index":"index","follow":"follow","max-snippet":"max-snippet:-1","max-image-preview":"max-image-preview:large","max-video-preview":"max-video-preview:-1"},"canonical":"https:\/\/www.ebg.de\/neueste-technik\/","og_locale":"en_US","og_type":"article","og_title":"Technik die begeistert! - Europ\u00e4isches Bildungswerk f\u00fcr Beruf und Gesellschaft","og_description":"Unsere Fachschule f\u00fcr Sozialwesen in Brandenburg an der Havel wurde mit neuester, digitaler Technik ausgestattet.","og_url":"https:\/\/www.ebg.de\/neueste-technik\/","og_site_name":"Europ\u00e4isches Bildungswerk f\u00fcr Beruf und Gesellschaft","article_published_time":"2024-03-08T07:59:10+00:00","article_modified_time":"2024-03-08T07:59:15+00:00","og_image":[{"width":1466,"height":730,"url":"https:\/\/www.ebg.de\/wp-content\/uploads\/2024\/03\/kundenportalquer.ilb_-1.jpg","type":"image\/jpeg"}],"author":"Stephan Deubner","twitter_card":"summary_large_image","twitter_misc":{"Written by":"Stephan Deubner","Est. reading time":"1 minute"},"schema":{"@context":"https:\/\/schema.org","@graph":[{"@type":"Article","@id":"https:\/\/www.ebg.de\/neueste-technik\/#article","isPartOf":{"@id":"https:\/\/www.ebg.de\/neueste-technik\/"},"author":{"name":"Stephan Deubner","@id":"https:\/\/www.ebg.de\/#\/schema\/person\/af645ea1741029d9a44ae532ceb268bc"},"headline":"Technik die begeistert!","datePublished":"2024-03-08T07:59:10+00:00","dateModified":"2024-03-08T07:59:15+00:00","mainEntityOfPage":{"@id":"https:\/\/www.ebg.de\/neueste-technik\/"},"wordCount":53,"image":{"@id":"https:\/\/www.ebg.de\/neueste-technik\/#primaryimage"},"thumbnailUrl":"https:\/\/www.ebg.de\/wp-content\/uploads\/2024\/03\/kundenportalquer.ilb_-1.jpg","articleSection":["News - Brandenburg Schulen"],"inLanguage":"en-US"},{"@type":"WebPage","@id":"https:\/\/www.ebg.de\/neueste-technik\/","url":"https:\/\/www.ebg.de\/neueste-technik\/","name":"Technik die begeistert! - Europ\u00e4isches Bildungswerk f\u00fcr Beruf und Gesellschaft","isPartOf":{"@id":"https:\/\/www.ebg.de\/#website"},"primaryImageOfPage":{"@id":"https:\/\/www.ebg.de\/neueste-technik\/#primaryimage"},"image":{"@id":"https:\/\/www.ebg.de\/neueste-technik\/#primaryimage"},"thumbnailUrl":"https:\/\/www.ebg.de\/wp-content\/uploads\/2024\/03\/kundenportalquer.ilb_-1.jpg","datePublished":"2024-03-08T07:59:10+00:00","dateModified":"2024-03-08T07:59:15+00:00","author":{"@id":"https:\/\/www.ebg.de\/#\/schema\/person\/af645ea1741029d9a44ae532ceb268bc"},"description":"Unsere Fachschule f\u00fcr Sozialwesen in Brandenburg an der Havel wurde mit neuester, digitaler Technik ausgestattet.","breadcrumb":{"@id":"https:\/\/www.ebg.de\/neueste-technik\/#breadcrumb"},"inLanguage":"en-US","potentialAction":[{"@type":"ReadAction","target":["https:\/\/www.ebg.de\/neueste-technik\/"]}]},{"@type":"ImageObject","inLanguage":"en-US","@id":"https:\/\/www.ebg.de\/neueste-technik\/#primaryimage","url":"https:\/\/www.ebg.de\/wp-content\/uploads\/2024\/03\/kundenportalquer.ilb_-1.jpg","contentUrl":"https:\/\/www.ebg.de\/wp-content\/uploads\/2024\/03\/kundenportalquer.ilb_-1.jpg","width":1466,"height":730},{"@type":"BreadcrumbList","@id":"https:\/\/www.ebg.de\/neueste-technik\/#breadcrumb","itemListElement":[{"@type":"ListItem","position":1,"name":"Startseite","item":"https:\/\/www.ebg.de\/"},{"@type":"ListItem","position":2,"name":"Technik die begeistert!"}]},{"@type":"WebSite","@id":"https:\/\/www.ebg.de\/#website","url":"https:\/\/www.ebg.de\/","name":"Europ\u00e4isches Bildungswerk f\u00fcr Beruf und Gesellschaft","description":"Bildung, Ausbildung und Weiterbildung","potentialAction":[{"@type":"SearchAction","target":{"@type":"EntryPoint","urlTemplate":"https:\/\/www.ebg.de\/?s={search_term_string}"},"query-input":{"@type":"PropertyValueSpecification","valueRequired":true,"valueName":"search_term_string"}}],"inLanguage":"en-US"},{"@type":"Person","@id":"https:\/\/www.ebg.de\/#\/schema\/person\/af645ea1741029d9a44ae532ceb268bc","name":"Stephan Deubner","image":{"@type":"ImageObject","inLanguage":"en-US","@id":"https:\/\/www.ebg.de\/#\/schema\/person\/image\/","url":"https:\/\/secure.gravatar.com\/avatar\/35731f6a08afa0518c45f153077f6135c0f41aa2ae0b76e850ef9508976a7bbe?s=96&d=mm&r=g","contentUrl":"https:\/\/secure.gravatar.com\/avatar\/35731f6a08afa0518c45f153077f6135c0f41aa2ae0b76e850ef9508976a7bbe?s=96&d=mm&r=g","caption":"Stephan Deubner"},"url":"https:\/\/www.ebg.de\/en\/author\/sdeubner\/"}]}},"_links":{"self":[{"href":"https:\/\/www.ebg.de\/en\/wp-json\/wp\/v2\/posts\/34849","targetHints":{"allow":["GET"]}}],"collection":[{"href":"https:\/\/www.ebg.de\/en\/wp-json\/wp\/v2\/posts"}],"about":[{"href":"https:\/\/www.ebg.de\/en\/wp-json\/wp\/v2\/types\/post"}],"author":[{"embeddable":true,"href":"https:\/\/www.ebg.de\/en\/wp-json\/wp\/v2\/users\/22"}],"replies":[{"embeddable":true,"href":"https:\/\/www.ebg.de\/en\/wp-json\/wp\/v2\/comments?post=34849"}],"version-history":[{"count":1,"href":"https:\/\/www.ebg.de\/en\/wp-json\/wp\/v2\/posts\/34849\/revisions"}],"predecessor-version":[{"id":34854,"href":"https:\/\/www.ebg.de\/en\/wp-json\/wp\/v2\/posts\/34849\/revisions\/34854"}],"wp:featuredmedia":[{"embeddable":true,"href":"https:\/\/www.ebg.de\/en\/wp-json\/wp\/v2\/media\/34852"}],"wp:attachment":[{"href":"https:\/\/www.ebg.de\/en\/wp-json\/wp\/v2\/media?parent=34849"}],"wp:term":[{"taxonomy":"category","embeddable":true,"href":"https:\/\/www.ebg.de\/en\/wp-json\/wp\/v2\/categories?post=34849"},{"taxonomy":"post_tag","embeddable":true,"href":"https:\/\/www.ebg.de\/en\/wp-json\/wp\/v2\/tags?post=34849"}],"curies":[{"name":"wp","href":"https:\/\/api.w.org\/{rel}","templated":true}]}}