{"id":34637,"date":"2024-02-28T08:11:55","date_gmt":"2024-02-28T07:11:55","guid":{"rendered":"https:\/\/www.ebg.de\/?p=34637"},"modified":"2024-02-28T08:11:59","modified_gmt":"2024-02-28T07:11:59","slug":"chance-messe-halle-2024","status":"publish","type":"post","link":"https:\/\/www.ebg.de\/en\/chance-messe-halle-2024\/","title":{"rendered":"Das FBZ Halle hat auch in diesem Jahr die Chance ergriffen&#8230;"},"content":{"rendered":"\n<p>In Mitten 300 anderen Ausstellern wurden bei der gr\u00f6\u00dften Messe f\u00fcr Bildung Job und Gr\u00fcndung in Sachsen-Anhalt die Fragen zuk\u00fcnftiger Azubis rund um unsere<a href=\"https:\/\/www.ebg.de\/bildungsangebote-halle-schulen\/\"> Ausbildungsg\u00e4nge<\/a> am FBZ Halle von den Kolleginnen und Kollegen sowie unseren Fachkundigen Azubis vom <a href=\"https:\/\/www.ebg.de\/standort\/halle-schulen\/\">Fach- und Berufsfachschulzentrum in Halle<\/a> auf Augenh\u00f6he mit den Interessenten beantwortet. Durch die freundlichen sowie informativen Gespr\u00e4che wurde den Sch\u00fclern definitiv Lust auf einen Ausbildungsplatz bei uns gemacht.<\/p>\n\n\n\n<figure class=\"wp-block-gallery has-nested-images columns-default is-cropped wp-block-gallery-1 is-layout-flex wp-block-gallery-is-layout-flex\">\n<figure class=\"wp-block-image size-large\"><img loading=\"lazy\" decoding=\"async\" width=\"1024\" height=\"683\" data-id=\"34640\" src=\"https:\/\/www.ebg.de\/wp-content\/uploads\/2024\/02\/IMG_8171-1024x683.jpg\" alt=\"\" class=\"wp-image-34640\" srcset=\"https:\/\/www.ebg.de\/wp-content\/uploads\/2024\/02\/IMG_8171-1024x683.jpg 1024w, https:\/\/www.ebg.de\/wp-content\/uploads\/2024\/02\/IMG_8171-300x200.jpg 300w, https:\/\/www.ebg.de\/wp-content\/uploads\/2024\/02\/IMG_8171-768x512.jpg 768w, https:\/\/www.ebg.de\/wp-content\/uploads\/2024\/02\/IMG_8171-1536x1024.jpg 1536w, https:\/\/www.ebg.de\/wp-content\/uploads\/2024\/02\/IMG_8171-2048x1365.jpg 2048w, https:\/\/www.ebg.de\/wp-content\/uploads\/2024\/02\/IMG_8171-900x600.jpg 900w, https:\/\/www.ebg.de\/wp-content\/uploads\/2024\/02\/IMG_8171-1200x800.jpg 1200w\" sizes=\"auto, (max-width: 1024px) 100vw, 1024px\" \/><\/figure>\n\n\n\n<figure class=\"wp-block-image size-large\"><img loading=\"lazy\" decoding=\"async\" width=\"1024\" height=\"683\" data-id=\"34644\" src=\"https:\/\/www.ebg.de\/wp-content\/uploads\/2024\/02\/IMG_8219-1024x683.jpg\" alt=\"\" class=\"wp-image-34644\" srcset=\"https:\/\/www.ebg.de\/wp-content\/uploads\/2024\/02\/IMG_8219-1024x683.jpg 1024w, https:\/\/www.ebg.de\/wp-content\/uploads\/2024\/02\/IMG_8219-300x200.jpg 300w, https:\/\/www.ebg.de\/wp-content\/uploads\/2024\/02\/IMG_8219-768x512.jpg 768w, https:\/\/www.ebg.de\/wp-content\/uploads\/2024\/02\/IMG_8219-1536x1024.jpg 1536w, https:\/\/www.ebg.de\/wp-content\/uploads\/2024\/02\/IMG_8219-2048x1365.jpg 2048w, https:\/\/www.ebg.de\/wp-content\/uploads\/2024\/02\/IMG_8219-900x600.jpg 900w, https:\/\/www.ebg.de\/wp-content\/uploads\/2024\/02\/IMG_8219-1200x800.jpg 1200w\" sizes=\"auto, (max-width: 1024px) 100vw, 1024px\" \/><\/figure>\n\n\n\n<figure class=\"wp-block-image size-large\"><img loading=\"lazy\" decoding=\"async\" width=\"1024\" height=\"683\" data-id=\"34642\" src=\"https:\/\/www.ebg.de\/wp-content\/uploads\/2024\/02\/IMG_8224-1024x683.jpg\" alt=\"\" class=\"wp-image-34642\" srcset=\"https:\/\/www.ebg.de\/wp-content\/uploads\/2024\/02\/IMG_8224-1024x683.jpg 1024w, https:\/\/www.ebg.de\/wp-content\/uploads\/2024\/02\/IMG_8224-300x200.jpg 300w, https:\/\/www.ebg.de\/wp-content\/uploads\/2024\/02\/IMG_8224-768x512.jpg 768w, https:\/\/www.ebg.de\/wp-content\/uploads\/2024\/02\/IMG_8224-1536x1024.jpg 1536w, https:\/\/www.ebg.de\/wp-content\/uploads\/2024\/02\/IMG_8224-2048x1365.jpg 2048w, https:\/\/www.ebg.de\/wp-content\/uploads\/2024\/02\/IMG_8224-900x600.jpg 900w, https:\/\/www.ebg.de\/wp-content\/uploads\/2024\/02\/IMG_8224-1200x800.jpg 1200w\" sizes=\"auto, (max-width: 1024px) 100vw, 1024px\" \/><\/figure>\n\n\n\n<figure class=\"wp-block-image size-large\"><img loading=\"lazy\" decoding=\"async\" width=\"1024\" height=\"683\" data-id=\"34646\" src=\"https:\/\/www.ebg.de\/wp-content\/uploads\/2024\/02\/IMG_8239-1024x683.jpg\" alt=\"\" class=\"wp-image-34646\" srcset=\"https:\/\/www.ebg.de\/wp-content\/uploads\/2024\/02\/IMG_8239-1024x683.jpg 1024w, https:\/\/www.ebg.de\/wp-content\/uploads\/2024\/02\/IMG_8239-300x200.jpg 300w, https:\/\/www.ebg.de\/wp-content\/uploads\/2024\/02\/IMG_8239-768x512.jpg 768w, https:\/\/www.ebg.de\/wp-content\/uploads\/2024\/02\/IMG_8239-1536x1024.jpg 1536w, https:\/\/www.ebg.de\/wp-content\/uploads\/2024\/02\/IMG_8239-2048x1365.jpg 2048w, https:\/\/www.ebg.de\/wp-content\/uploads\/2024\/02\/IMG_8239-900x600.jpg 900w, https:\/\/www.ebg.de\/wp-content\/uploads\/2024\/02\/IMG_8239-1200x800.jpg 1200w\" sizes=\"auto, (max-width: 1024px) 100vw, 1024px\" \/><\/figure>\n<\/figure>\n\n\n\n<p>Im Namen der Gesch\u00e4ftsf\u00fchrung bedanken wir uns f\u00fcr die tolle Mitarbeit und das Engagement aller Beteiligten!<\/p>\n\n\n\n<p>Bis zum n\u00e4chsten Jahr!<\/p>\n","protected":false},"excerpt":{"rendered":"<p>\u2026und war mit seinem Stand in Mitten der Hallen des Messegel\u00e4ndes.<\/p>\n","protected":false},"author":22,"featured_media":34638,"comment_status":"closed","ping_status":"closed","sticky":false,"template":"","format":"standard","meta":{"_acf_changed":false,"footnotes":"[]"},"categories":[29],"tags":[95,78,98,80,92,82,97],"class_list":["post-34637","post","type-post","status-publish","format-standard","has-post-thumbnail","hentry","category-news-halle-schulen","tag-ausbildung","tag-ebg","tag-ergotherapie","tag-erzieher","tag-halle","tag-heilerziehungspfleger","tag-heilpaedagogik"],"acf":[],"yoast_head":"<!-- This site is optimized with the Yoast SEO plugin v26.9 - https:\/\/yoast.com\/product\/yoast-seo-wordpress\/ -->\n<title>Das FBZ Halle hat auch in diesem Jahr die Chance ergriffen...<\/title>\n<meta name=\"description\" content=\"und war mit seinem Stand in Mitten der Hallen des Messegel\u00e4ndes.\" \/>\n<meta name=\"robots\" content=\"index, follow, max-snippet:-1, max-image-preview:large, max-video-preview:-1\" \/>\n<link rel=\"canonical\" href=\"https:\/\/www.ebg.de\/chance-messe-halle-2024\/\" \/>\n<meta property=\"og:locale\" content=\"en_US\" \/>\n<meta property=\"og:type\" content=\"article\" \/>\n<meta property=\"og:title\" content=\"Das FBZ Halle hat auch in diesem Jahr die Chance ergriffen...\" \/>\n<meta property=\"og:description\" content=\"und war mit seinem Stand in Mitten der Hallen des Messegel\u00e4ndes.\" \/>\n<meta property=\"og:url\" content=\"https:\/\/www.ebg.de\/chance-messe-halle-2024\/\" \/>\n<meta property=\"og:site_name\" content=\"Europ\u00e4isches Bildungswerk f\u00fcr Beruf und Gesellschaft\" \/>\n<meta property=\"article:published_time\" content=\"2024-02-28T07:11:55+00:00\" \/>\n<meta property=\"article:modified_time\" content=\"2024-02-28T07:11:59+00:00\" \/>\n<meta property=\"og:image\" content=\"https:\/\/www.ebg.de\/wp-content\/uploads\/2024\/02\/IMG_20240222_140357_edit_207238347169939-scaled.jpg\" \/>\n\t<meta property=\"og:image:width\" content=\"2560\" \/>\n\t<meta property=\"og:image:height\" content=\"1885\" \/>\n\t<meta property=\"og:image:type\" content=\"image\/jpeg\" \/>\n<meta name=\"author\" content=\"Stephan Deubner\" \/>\n<meta name=\"twitter:card\" content=\"summary_large_image\" \/>\n<meta name=\"twitter:label1\" content=\"Written by\" \/>\n\t<meta name=\"twitter:data1\" content=\"Stephan Deubner\" \/>\n\t<meta name=\"twitter:label2\" content=\"Est. reading time\" \/>\n\t<meta name=\"twitter:data2\" content=\"2 minutes\" \/>\n<!-- \/ Yoast SEO plugin. -->","yoast_head_json":{"title":"Das FBZ Halle hat auch in diesem Jahr die Chance ergriffen...","description":"und war mit seinem Stand in Mitten der Hallen des Messegel\u00e4ndes.","robots":{"index":"index","follow":"follow","max-snippet":"max-snippet:-1","max-image-preview":"max-image-preview:large","max-video-preview":"max-video-preview:-1"},"canonical":"https:\/\/www.ebg.de\/chance-messe-halle-2024\/","og_locale":"en_US","og_type":"article","og_title":"Das FBZ Halle hat auch in diesem Jahr die Chance ergriffen...","og_description":"und war mit seinem Stand in Mitten der Hallen des Messegel\u00e4ndes.","og_url":"https:\/\/www.ebg.de\/chance-messe-halle-2024\/","og_site_name":"Europ\u00e4isches Bildungswerk f\u00fcr Beruf und Gesellschaft","article_published_time":"2024-02-28T07:11:55+00:00","article_modified_time":"2024-02-28T07:11:59+00:00","og_image":[{"width":2560,"height":1885,"url":"https:\/\/www.ebg.de\/wp-content\/uploads\/2024\/02\/IMG_20240222_140357_edit_207238347169939-scaled.jpg","type":"image\/jpeg"}],"author":"Stephan Deubner","twitter_card":"summary_large_image","twitter_misc":{"Written by":"Stephan Deubner","Est. reading time":"2 minutes"},"schema":{"@context":"https:\/\/schema.org","@graph":[{"@type":"Article","@id":"https:\/\/www.ebg.de\/chance-messe-halle-2024\/#article","isPartOf":{"@id":"https:\/\/www.ebg.de\/chance-messe-halle-2024\/"},"author":{"name":"Stephan Deubner","@id":"https:\/\/www.ebg.de\/#\/schema\/person\/af645ea1741029d9a44ae532ceb268bc"},"headline":"Das FBZ Halle hat auch in diesem Jahr die Chance ergriffen&#8230;","datePublished":"2024-02-28T07:11:55+00:00","dateModified":"2024-02-28T07:11:59+00:00","mainEntityOfPage":{"@id":"https:\/\/www.ebg.de\/chance-messe-halle-2024\/"},"wordCount":108,"image":{"@id":"https:\/\/www.ebg.de\/chance-messe-halle-2024\/#primaryimage"},"thumbnailUrl":"https:\/\/www.ebg.de\/wp-content\/uploads\/2024\/02\/IMG_20240222_140357_edit_207238347169939-scaled.jpg","keywords":["Ausbildung","EBG","Ergotherapie","Erzieher","Halle","Heilerziehungspfleger","Heilp\u00e4dagogik"],"articleSection":["News - Halle Schulen"],"inLanguage":"en-US"},{"@type":"WebPage","@id":"https:\/\/www.ebg.de\/chance-messe-halle-2024\/","url":"https:\/\/www.ebg.de\/chance-messe-halle-2024\/","name":"Das FBZ Halle hat auch in diesem Jahr die Chance ergriffen...","isPartOf":{"@id":"https:\/\/www.ebg.de\/#website"},"primaryImageOfPage":{"@id":"https:\/\/www.ebg.de\/chance-messe-halle-2024\/#primaryimage"},"image":{"@id":"https:\/\/www.ebg.de\/chance-messe-halle-2024\/#primaryimage"},"thumbnailUrl":"https:\/\/www.ebg.de\/wp-content\/uploads\/2024\/02\/IMG_20240222_140357_edit_207238347169939-scaled.jpg","datePublished":"2024-02-28T07:11:55+00:00","dateModified":"2024-02-28T07:11:59+00:00","author":{"@id":"https:\/\/www.ebg.de\/#\/schema\/person\/af645ea1741029d9a44ae532ceb268bc"},"description":"und war mit seinem Stand in Mitten der Hallen des Messegel\u00e4ndes.","breadcrumb":{"@id":"https:\/\/www.ebg.de\/chance-messe-halle-2024\/#breadcrumb"},"inLanguage":"en-US","potentialAction":[{"@type":"ReadAction","target":["https:\/\/www.ebg.de\/chance-messe-halle-2024\/"]}]},{"@type":"ImageObject","inLanguage":"en-US","@id":"https:\/\/www.ebg.de\/chance-messe-halle-2024\/#primaryimage","url":"https:\/\/www.ebg.de\/wp-content\/uploads\/2024\/02\/IMG_20240222_140357_edit_207238347169939-scaled.jpg","contentUrl":"https:\/\/www.ebg.de\/wp-content\/uploads\/2024\/02\/IMG_20240222_140357_edit_207238347169939-scaled.jpg","width":2560,"height":1885,"caption":"mef"},{"@type":"BreadcrumbList","@id":"https:\/\/www.ebg.de\/chance-messe-halle-2024\/#breadcrumb","itemListElement":[{"@type":"ListItem","position":1,"name":"Startseite","item":"https:\/\/www.ebg.de\/"},{"@type":"ListItem","position":2,"name":"Das FBZ Halle hat auch in diesem Jahr die Chance ergriffen&#8230;"}]},{"@type":"WebSite","@id":"https:\/\/www.ebg.de\/#website","url":"https:\/\/www.ebg.de\/","name":"Europ\u00e4isches Bildungswerk f\u00fcr Beruf und Gesellschaft","description":"Bildung, Ausbildung und Weiterbildung","potentialAction":[{"@type":"SearchAction","target":{"@type":"EntryPoint","urlTemplate":"https:\/\/www.ebg.de\/?s={search_term_string}"},"query-input":{"@type":"PropertyValueSpecification","valueRequired":true,"valueName":"search_term_string"}}],"inLanguage":"en-US"},{"@type":"Person","@id":"https:\/\/www.ebg.de\/#\/schema\/person\/af645ea1741029d9a44ae532ceb268bc","name":"Stephan Deubner","image":{"@type":"ImageObject","inLanguage":"en-US","@id":"https:\/\/www.ebg.de\/#\/schema\/person\/image\/","url":"https:\/\/secure.gravatar.com\/avatar\/35731f6a08afa0518c45f153077f6135c0f41aa2ae0b76e850ef9508976a7bbe?s=96&d=mm&r=g","contentUrl":"https:\/\/secure.gravatar.com\/avatar\/35731f6a08afa0518c45f153077f6135c0f41aa2ae0b76e850ef9508976a7bbe?s=96&d=mm&r=g","caption":"Stephan Deubner"},"url":"https:\/\/www.ebg.de\/en\/author\/sdeubner\/"}]}},"_links":{"self":[{"href":"https:\/\/www.ebg.de\/en\/wp-json\/wp\/v2\/posts\/34637","targetHints":{"allow":["GET"]}}],"collection":[{"href":"https:\/\/www.ebg.de\/en\/wp-json\/wp\/v2\/posts"}],"about":[{"href":"https:\/\/www.ebg.de\/en\/wp-json\/wp\/v2\/types\/post"}],"author":[{"embeddable":true,"href":"https:\/\/www.ebg.de\/en\/wp-json\/wp\/v2\/users\/22"}],"replies":[{"embeddable":true,"href":"https:\/\/www.ebg.de\/en\/wp-json\/wp\/v2\/comments?post=34637"}],"version-history":[{"count":1,"href":"https:\/\/www.ebg.de\/en\/wp-json\/wp\/v2\/posts\/34637\/revisions"}],"predecessor-version":[{"id":34648,"href":"https:\/\/www.ebg.de\/en\/wp-json\/wp\/v2\/posts\/34637\/revisions\/34648"}],"wp:featuredmedia":[{"embeddable":true,"href":"https:\/\/www.ebg.de\/en\/wp-json\/wp\/v2\/media\/34638"}],"wp:attachment":[{"href":"https:\/\/www.ebg.de\/en\/wp-json\/wp\/v2\/media?parent=34637"}],"wp:term":[{"taxonomy":"category","embeddable":true,"href":"https:\/\/www.ebg.de\/en\/wp-json\/wp\/v2\/categories?post=34637"},{"taxonomy":"post_tag","embeddable":true,"href":"https:\/\/www.ebg.de\/en\/wp-json\/wp\/v2\/tags?post=34637"}],"curies":[{"name":"wp","href":"https:\/\/api.w.org\/{rel}","templated":true}]}}