{"id":34405,"date":"2024-02-21T07:54:01","date_gmt":"2024-02-21T06:54:01","guid":{"rendered":"https:\/\/www.ebg.de\/?p=34405"},"modified":"2024-02-21T07:54:05","modified_gmt":"2024-02-21T06:54:05","slug":"weihnachtsaktion-fbz-magdeburg","status":"publish","type":"post","link":"https:\/\/www.ebg.de\/en\/weihnachtsaktion-fbz-magdeburg\/","title":{"rendered":"Weihnachtsaktion FBZ Magdeburg"},"content":{"rendered":"\n<p>Joana ist ein neunj\u00e4hriges M\u00e4dchen, welches unter Autismus und einer leichten Form der Epilepsie leidet. Sie spricht wenig, kann aber mit Hilfe von Tieren mit ihrer Umwelt in Kontakt treten. F\u00fcr ihren Alltag und zur Schulbegleitung soll Luke, ein Labradoodle, als Therapiehund ausgebildet werden. Da die Ausbildung des Hundes sehr kostenintensiv ist, haben sich die Sch\u00fcler und Sch\u00fclerinnen entschieden eine Spende f\u00fcr beide zu sammeln.<\/p>\n\n\n\n<figure class=\"wp-block-image size-large is-resized\"><img loading=\"lazy\" decoding=\"async\" width=\"768\" height=\"1024\" src=\"https:\/\/www.ebg.de\/wp-content\/uploads\/2024\/02\/20240124_121433-768x1024.jpg\" alt=\"\" class=\"wp-image-34406\" style=\"width:410px;height:auto\" srcset=\"https:\/\/www.ebg.de\/wp-content\/uploads\/2024\/02\/20240124_121433-768x1024.jpg 768w, https:\/\/www.ebg.de\/wp-content\/uploads\/2024\/02\/20240124_121433-225x300.jpg 225w, https:\/\/www.ebg.de\/wp-content\/uploads\/2024\/02\/20240124_121433-1152x1536.jpg 1152w, https:\/\/www.ebg.de\/wp-content\/uploads\/2024\/02\/20240124_121433-1536x2048.jpg 1536w, https:\/\/www.ebg.de\/wp-content\/uploads\/2024\/02\/20240124_121433-900x1200.jpg 900w, https:\/\/www.ebg.de\/wp-content\/uploads\/2024\/02\/20240124_121433-1200x1600.jpg 1200w, https:\/\/www.ebg.de\/wp-content\/uploads\/2024\/02\/20240124_121433-scaled.jpg 1920w\" sizes=\"auto, (max-width: 768px) 100vw, 768px\" \/><\/figure>\n\n\n\n<p>Alle Fachschaften des FBZ Magdeburg beteiligten sich an der Weihnachtsaktion. So wurden selbstgebackene Pl\u00e4tzchen, belegte Br\u00f6tchen, frisch gebackene Waffeln oder Hei\u00dfgetr\u00e4nke verkauft. Es fand ein Flohmarkt statt und man konnte Lose erwerben.. <\/p>\n\n\n\n<figure class=\"wp-block-gallery has-nested-images columns-default is-cropped wp-block-gallery-1 is-layout-flex wp-block-gallery-is-layout-flex\">\n<figure class=\"wp-block-image size-large\"><img loading=\"lazy\" decoding=\"async\" width=\"768\" height=\"1024\" data-id=\"34412\" src=\"https:\/\/www.ebg.de\/wp-content\/uploads\/2024\/02\/20231219_093259-768x1024.jpg\" alt=\"\" class=\"wp-image-34412\" srcset=\"https:\/\/www.ebg.de\/wp-content\/uploads\/2024\/02\/20231219_093259-768x1024.jpg 768w, https:\/\/www.ebg.de\/wp-content\/uploads\/2024\/02\/20231219_093259-225x300.jpg 225w, https:\/\/www.ebg.de\/wp-content\/uploads\/2024\/02\/20231219_093259-1152x1536.jpg 1152w, https:\/\/www.ebg.de\/wp-content\/uploads\/2024\/02\/20231219_093259-1536x2048.jpg 1536w, https:\/\/www.ebg.de\/wp-content\/uploads\/2024\/02\/20231219_093259-900x1200.jpg 900w, https:\/\/www.ebg.de\/wp-content\/uploads\/2024\/02\/20231219_093259-1200x1600.jpg 1200w, https:\/\/www.ebg.de\/wp-content\/uploads\/2024\/02\/20231219_093259-scaled.jpg 1920w\" sizes=\"auto, (max-width: 768px) 100vw, 768px\" \/><\/figure>\n\n\n\n<figure class=\"wp-block-image size-large\"><img loading=\"lazy\" decoding=\"async\" width=\"1024\" height=\"768\" data-id=\"34408\" src=\"https:\/\/www.ebg.de\/wp-content\/uploads\/2024\/02\/IMG-20231220-WA0008-1024x768.jpg\" alt=\"\" class=\"wp-image-34408\" srcset=\"https:\/\/www.ebg.de\/wp-content\/uploads\/2024\/02\/IMG-20231220-WA0008-1024x768.jpg 1024w, https:\/\/www.ebg.de\/wp-content\/uploads\/2024\/02\/IMG-20231220-WA0008-300x225.jpg 300w, https:\/\/www.ebg.de\/wp-content\/uploads\/2024\/02\/IMG-20231220-WA0008-768x576.jpg 768w, https:\/\/www.ebg.de\/wp-content\/uploads\/2024\/02\/IMG-20231220-WA0008-1536x1152.jpg 1536w, https:\/\/www.ebg.de\/wp-content\/uploads\/2024\/02\/IMG-20231220-WA0008-900x675.jpg 900w, https:\/\/www.ebg.de\/wp-content\/uploads\/2024\/02\/IMG-20231220-WA0008-1200x900.jpg 1200w, https:\/\/www.ebg.de\/wp-content\/uploads\/2024\/02\/IMG-20231220-WA0008.jpg 1600w\" sizes=\"auto, (max-width: 1024px) 100vw, 1024px\" \/><\/figure>\n<\/figure>\n\n\n\n<p>Den kulturellen H\u00f6henpunkt boten dann die Sch\u00fcler und Sch\u00fclerinnen der Sozialp\u00e4dagogik und Sozialassistenz mit weihnachtlichen Auff\u00fchrungen und Liedern.<\/p>\n\n\n\n<p>Aus allen Einnahmen ergab sich einen Gesamtbetrag von gro\u00dfartigen <strong>1.585 \u20ac! <\/strong>Die Spende wurde Joana und der Hundetrainerin am 24.01.24 von den Klassensprechern und Klassensprecherinnen \u00fcberreicht.<\/p>\n\n\n\n<div class=\"wp-block-group\"><div class=\"wp-block-group__inner-container is-layout-constrained wp-block-group-is-layout-constrained\">\n<div class=\"wp-block-columns is-layout-flex wp-container-core-columns-is-layout-9d6595d7 wp-block-columns-is-layout-flex\">\n<div class=\"wp-block-column is-layout-flow wp-block-column-is-layout-flow\" style=\"flex-basis:100%\">\n<figure class=\"wp-block-gallery has-nested-images columns-default is-cropped wp-block-gallery-2 is-layout-flex wp-block-gallery-is-layout-flex\">\n<figure class=\"wp-block-image size-large\"><img loading=\"lazy\" decoding=\"async\" width=\"768\" height=\"1024\" data-id=\"34418\" src=\"https:\/\/www.ebg.de\/wp-content\/uploads\/2024\/02\/IMG-20231220-WA0003-1-768x1024.jpg\" alt=\"\" class=\"wp-image-34418\" srcset=\"https:\/\/www.ebg.de\/wp-content\/uploads\/2024\/02\/IMG-20231220-WA0003-1-768x1024.jpg 768w, https:\/\/www.ebg.de\/wp-content\/uploads\/2024\/02\/IMG-20231220-WA0003-1-225x300.jpg 225w, https:\/\/www.ebg.de\/wp-content\/uploads\/2024\/02\/IMG-20231220-WA0003-1-1152x1536.jpg 1152w, https:\/\/www.ebg.de\/wp-content\/uploads\/2024\/02\/IMG-20231220-WA0003-1-900x1200.jpg 900w, https:\/\/www.ebg.de\/wp-content\/uploads\/2024\/02\/IMG-20231220-WA0003-1-1200x1600.jpg 1200w, https:\/\/www.ebg.de\/wp-content\/uploads\/2024\/02\/IMG-20231220-WA0003-1.jpg 1512w\" sizes=\"auto, (max-width: 768px) 100vw, 768px\" \/><\/figure>\n\n\n\n<figure class=\"wp-block-image size-large\"><img loading=\"lazy\" decoding=\"async\" width=\"768\" height=\"1024\" data-id=\"34414\" src=\"https:\/\/www.ebg.de\/wp-content\/uploads\/2024\/02\/IMG-20231220-WA0009-768x1024.jpg\" alt=\"\" class=\"wp-image-34414\" srcset=\"https:\/\/www.ebg.de\/wp-content\/uploads\/2024\/02\/IMG-20231220-WA0009-768x1024.jpg 768w, https:\/\/www.ebg.de\/wp-content\/uploads\/2024\/02\/IMG-20231220-WA0009-225x300.jpg 225w, https:\/\/www.ebg.de\/wp-content\/uploads\/2024\/02\/IMG-20231220-WA0009-1152x1536.jpg 1152w, https:\/\/www.ebg.de\/wp-content\/uploads\/2024\/02\/IMG-20231220-WA0009-900x1200.jpg 900w, https:\/\/www.ebg.de\/wp-content\/uploads\/2024\/02\/IMG-20231220-WA0009.jpg 1200w\" sizes=\"auto, (max-width: 768px) 100vw, 768px\" \/><\/figure>\n<\/figure>\n\n\n\n<p><\/p>\n<\/div>\n<\/div>\n<\/div><\/div>\n","protected":false},"excerpt":{"rendered":"<p>Die Weihnachtsaktion 2023 der Sch\u00fcler und Sch\u00fclerinnen des FBZ Magdeburg stand unter dem Motto: \u201eSpende f\u00fcr einen Therapiehund\u201c.<\/p>\n","protected":false},"author":22,"featured_media":34410,"comment_status":"closed","ping_status":"closed","sticky":false,"template":"","format":"standard","meta":{"_acf_changed":false,"footnotes":""},"categories":[19],"tags":[98,80,107,82,97,172,149],"class_list":["post-34405","post","type-post","status-publish","format-standard","has-post-thumbnail","hentry","category-news-magdeburg-schulen","tag-ergotherapie","tag-erzieher","tag-europaeisches-bildungswerk","tag-heilerziehungspfleger","tag-heilpaedagogik","tag-pflegefachkraft","tag-sozialassistent"],"acf":[],"yoast_head":"<!-- This site is optimized with the Yoast SEO plugin v26.9 - https:\/\/yoast.com\/product\/yoast-seo-wordpress\/ -->\n<title>Deutsch-Slowakische Unterrichtsstunde am FBZ Magdeburg<\/title>\n<meta name=\"description\" content=\"Aktuell sind 10 Sch\u00fclerinnen und Sch\u00fcler gemeinsam mit 2 Lehrkr\u00e4ften vom Gymnasium Bardejov beim EBG Magdeburg zu Besuch.\" \/>\n<meta name=\"robots\" content=\"index, follow, max-snippet:-1, max-image-preview:large, max-video-preview:-1\" \/>\n<link rel=\"canonical\" href=\"https:\/\/www.ebg.de\/weihnachtsaktion-fbz-magdeburg\/\" \/>\n<meta property=\"og:locale\" content=\"en_US\" \/>\n<meta property=\"og:type\" content=\"article\" \/>\n<meta property=\"og:title\" content=\"Deutsch-Slowakische Unterrichtsstunde am FBZ Magdeburg\" \/>\n<meta property=\"og:description\" content=\"Aktuell sind 10 Sch\u00fclerinnen und Sch\u00fcler gemeinsam mit 2 Lehrkr\u00e4ften vom Gymnasium Bardejov beim EBG Magdeburg zu Besuch.\" \/>\n<meta property=\"og:url\" content=\"https:\/\/www.ebg.de\/weihnachtsaktion-fbz-magdeburg\/\" \/>\n<meta property=\"og:site_name\" content=\"Europ\u00e4isches Bildungswerk f\u00fcr Beruf und Gesellschaft\" \/>\n<meta property=\"article:published_time\" content=\"2024-02-21T06:54:01+00:00\" \/>\n<meta property=\"article:modified_time\" content=\"2024-02-21T06:54:05+00:00\" \/>\n<meta property=\"og:image\" content=\"https:\/\/www.ebg.de\/wp-content\/uploads\/2024\/02\/IMG-20231220-WA0010.jpg\" \/>\n\t<meta property=\"og:image:width\" content=\"1600\" \/>\n\t<meta property=\"og:image:height\" content=\"1200\" \/>\n\t<meta property=\"og:image:type\" content=\"image\/jpeg\" \/>\n<meta name=\"author\" content=\"Stephan Deubner\" \/>\n<meta name=\"twitter:card\" content=\"summary_large_image\" \/>\n<meta name=\"twitter:label1\" content=\"Written by\" \/>\n\t<meta name=\"twitter:data1\" content=\"Stephan Deubner\" \/>\n\t<meta name=\"twitter:label2\" content=\"Est. reading time\" \/>\n\t<meta name=\"twitter:data2\" content=\"2 minutes\" \/>\n<!-- \/ Yoast SEO plugin. -->","yoast_head_json":{"title":"Deutsch-Slowakische Unterrichtsstunde am FBZ Magdeburg","description":"Aktuell sind 10 Sch\u00fclerinnen und Sch\u00fcler gemeinsam mit 2 Lehrkr\u00e4ften vom Gymnasium Bardejov beim EBG Magdeburg zu Besuch.","robots":{"index":"index","follow":"follow","max-snippet":"max-snippet:-1","max-image-preview":"max-image-preview:large","max-video-preview":"max-video-preview:-1"},"canonical":"https:\/\/www.ebg.de\/weihnachtsaktion-fbz-magdeburg\/","og_locale":"en_US","og_type":"article","og_title":"Deutsch-Slowakische Unterrichtsstunde am FBZ Magdeburg","og_description":"Aktuell sind 10 Sch\u00fclerinnen und Sch\u00fcler gemeinsam mit 2 Lehrkr\u00e4ften vom Gymnasium Bardejov beim EBG Magdeburg zu Besuch.","og_url":"https:\/\/www.ebg.de\/weihnachtsaktion-fbz-magdeburg\/","og_site_name":"Europ\u00e4isches Bildungswerk f\u00fcr Beruf und Gesellschaft","article_published_time":"2024-02-21T06:54:01+00:00","article_modified_time":"2024-02-21T06:54:05+00:00","og_image":[{"width":1600,"height":1200,"url":"https:\/\/www.ebg.de\/wp-content\/uploads\/2024\/02\/IMG-20231220-WA0010.jpg","type":"image\/jpeg"}],"author":"Stephan Deubner","twitter_card":"summary_large_image","twitter_misc":{"Written by":"Stephan Deubner","Est. reading time":"2 minutes"},"schema":{"@context":"https:\/\/schema.org","@graph":[{"@type":"Article","@id":"https:\/\/www.ebg.de\/weihnachtsaktion-fbz-magdeburg\/#article","isPartOf":{"@id":"https:\/\/www.ebg.de\/weihnachtsaktion-fbz-magdeburg\/"},"author":{"name":"Stephan Deubner","@id":"https:\/\/www.ebg.de\/#\/schema\/person\/af645ea1741029d9a44ae532ceb268bc"},"headline":"Weihnachtsaktion FBZ Magdeburg","datePublished":"2024-02-21T06:54:01+00:00","dateModified":"2024-02-21T06:54:05+00:00","mainEntityOfPage":{"@id":"https:\/\/www.ebg.de\/weihnachtsaktion-fbz-magdeburg\/"},"wordCount":157,"image":{"@id":"https:\/\/www.ebg.de\/weihnachtsaktion-fbz-magdeburg\/#primaryimage"},"thumbnailUrl":"https:\/\/www.ebg.de\/wp-content\/uploads\/2024\/02\/IMG-20231220-WA0010.jpg","keywords":["Ergotherapie","Erzieher","Europ\u00e4isches Bildungswerk","Heilerziehungspfleger","Heilp\u00e4dagogik","Pflegefachkraft","sozialassistent"],"articleSection":["News - Magdeburg Schulen"],"inLanguage":"en-US"},{"@type":"WebPage","@id":"https:\/\/www.ebg.de\/weihnachtsaktion-fbz-magdeburg\/","url":"https:\/\/www.ebg.de\/weihnachtsaktion-fbz-magdeburg\/","name":"Deutsch-Slowakische Unterrichtsstunde am FBZ Magdeburg","isPartOf":{"@id":"https:\/\/www.ebg.de\/#website"},"primaryImageOfPage":{"@id":"https:\/\/www.ebg.de\/weihnachtsaktion-fbz-magdeburg\/#primaryimage"},"image":{"@id":"https:\/\/www.ebg.de\/weihnachtsaktion-fbz-magdeburg\/#primaryimage"},"thumbnailUrl":"https:\/\/www.ebg.de\/wp-content\/uploads\/2024\/02\/IMG-20231220-WA0010.jpg","datePublished":"2024-02-21T06:54:01+00:00","dateModified":"2024-02-21T06:54:05+00:00","author":{"@id":"https:\/\/www.ebg.de\/#\/schema\/person\/af645ea1741029d9a44ae532ceb268bc"},"description":"Aktuell sind 10 Sch\u00fclerinnen und Sch\u00fcler gemeinsam mit 2 Lehrkr\u00e4ften vom Gymnasium Bardejov beim EBG Magdeburg zu Besuch.","breadcrumb":{"@id":"https:\/\/www.ebg.de\/weihnachtsaktion-fbz-magdeburg\/#breadcrumb"},"inLanguage":"en-US","potentialAction":[{"@type":"ReadAction","target":["https:\/\/www.ebg.de\/weihnachtsaktion-fbz-magdeburg\/"]}]},{"@type":"ImageObject","inLanguage":"en-US","@id":"https:\/\/www.ebg.de\/weihnachtsaktion-fbz-magdeburg\/#primaryimage","url":"https:\/\/www.ebg.de\/wp-content\/uploads\/2024\/02\/IMG-20231220-WA0010.jpg","contentUrl":"https:\/\/www.ebg.de\/wp-content\/uploads\/2024\/02\/IMG-20231220-WA0010.jpg","width":1600,"height":1200},{"@type":"BreadcrumbList","@id":"https:\/\/www.ebg.de\/weihnachtsaktion-fbz-magdeburg\/#breadcrumb","itemListElement":[{"@type":"ListItem","position":1,"name":"Startseite","item":"https:\/\/www.ebg.de\/"},{"@type":"ListItem","position":2,"name":"Weihnachtsaktion FBZ Magdeburg"}]},{"@type":"WebSite","@id":"https:\/\/www.ebg.de\/#website","url":"https:\/\/www.ebg.de\/","name":"Europ\u00e4isches Bildungswerk f\u00fcr Beruf und Gesellschaft","description":"Bildung, Ausbildung und Weiterbildung","potentialAction":[{"@type":"SearchAction","target":{"@type":"EntryPoint","urlTemplate":"https:\/\/www.ebg.de\/?s={search_term_string}"},"query-input":{"@type":"PropertyValueSpecification","valueRequired":true,"valueName":"search_term_string"}}],"inLanguage":"en-US"},{"@type":"Person","@id":"https:\/\/www.ebg.de\/#\/schema\/person\/af645ea1741029d9a44ae532ceb268bc","name":"Stephan Deubner","image":{"@type":"ImageObject","inLanguage":"en-US","@id":"https:\/\/www.ebg.de\/#\/schema\/person\/image\/","url":"https:\/\/secure.gravatar.com\/avatar\/35731f6a08afa0518c45f153077f6135c0f41aa2ae0b76e850ef9508976a7bbe?s=96&d=mm&r=g","contentUrl":"https:\/\/secure.gravatar.com\/avatar\/35731f6a08afa0518c45f153077f6135c0f41aa2ae0b76e850ef9508976a7bbe?s=96&d=mm&r=g","caption":"Stephan Deubner"},"url":"https:\/\/www.ebg.de\/en\/author\/sdeubner\/"}]}},"_links":{"self":[{"href":"https:\/\/www.ebg.de\/en\/wp-json\/wp\/v2\/posts\/34405","targetHints":{"allow":["GET"]}}],"collection":[{"href":"https:\/\/www.ebg.de\/en\/wp-json\/wp\/v2\/posts"}],"about":[{"href":"https:\/\/www.ebg.de\/en\/wp-json\/wp\/v2\/types\/post"}],"author":[{"embeddable":true,"href":"https:\/\/www.ebg.de\/en\/wp-json\/wp\/v2\/users\/22"}],"replies":[{"embeddable":true,"href":"https:\/\/www.ebg.de\/en\/wp-json\/wp\/v2\/comments?post=34405"}],"version-history":[{"count":1,"href":"https:\/\/www.ebg.de\/en\/wp-json\/wp\/v2\/posts\/34405\/revisions"}],"predecessor-version":[{"id":34420,"href":"https:\/\/www.ebg.de\/en\/wp-json\/wp\/v2\/posts\/34405\/revisions\/34420"}],"wp:featuredmedia":[{"embeddable":true,"href":"https:\/\/www.ebg.de\/en\/wp-json\/wp\/v2\/media\/34410"}],"wp:attachment":[{"href":"https:\/\/www.ebg.de\/en\/wp-json\/wp\/v2\/media?parent=34405"}],"wp:term":[{"taxonomy":"category","embeddable":true,"href":"https:\/\/www.ebg.de\/en\/wp-json\/wp\/v2\/categories?post=34405"},{"taxonomy":"post_tag","embeddable":true,"href":"https:\/\/www.ebg.de\/en\/wp-json\/wp\/v2\/tags?post=34405"}],"curies":[{"name":"wp","href":"https:\/\/api.w.org\/{rel}","templated":true}]}}