{"id":3387,"date":"2019-02-26T12:51:06","date_gmt":"2019-02-26T11:51:06","guid":{"rendered":"https:\/\/www.ebg.de\/?p=3387"},"modified":"2019-02-26T12:51:06","modified_gmt":"2019-02-26T11:51:06","slug":"klasse-uebersetzt","status":"publish","type":"post","link":"https:\/\/www.ebg.de\/en\/klasse-uebersetzt\/","title":{"rendered":"Klasse \u00fcbersetzt"},"content":{"rendered":"<p><strong>Klasse \u00fcbersetzt in Magdeburg<\/strong><\/p>\n<p><strong>English-Man Warren Green besuchte das Europ\u00e4ische Bildungswerk f\u00fcr Beruf und Gesellschaft<\/strong><!--more--><\/p>\n<p><strong>(Quelle:\u00a0 https:\/\/www.radiosaw.de\/klasse-uebersetzt-magdeburg-8)<\/strong><\/p>\n<p>Dienstag, 19. Februar 2019<\/p>\n<p>&nbsp;<\/p>\n<p>Heute, am 19. Februar 2019 verschlug es das radio SAW Team und Englishman Warren Green nach Magdeburg in das Europ\u00e4ische Bildungswerk f\u00fcr Beruf und Gesellschaft.<\/p>\n<p>Um die Fremdsprache Englisch zu festigen und die Kenntnisse zu verbessern, hatte sich die Sch\u00fclerin Aileen Meier mit einer sehr unterhaltsamen und netten E-Mail bei uns beworben.<\/p>\n<p>\u00dcbersetzt wurde der Superhit \u201eSweet but Psycho\u201c von Ava Max. Die meisten Sch\u00fcler kannten den Songtext und summten fr\u00f6hlich w\u00e4hrend des Abspielens des Liedes mit. Mit viel Spa\u00df und Witz \u00fcbersetzten die 16 Sch\u00fcler dann zusammen mit Warren den englischen Song. Bei \u00dcbersetzungsschwierigkeiten fragten die Sch\u00fcler Warren um Hilfe und erarbeiteten so gemeinsam Satz f\u00fcr Satz ins Deutsche.<\/p>\n<p>Am Ende sprachen Aileen und David die deutsche \u00dcbersetzung des Liedes \u201eSweet but Psycho\u201c mit viel Emotion und Freude in das Mikro ein und zeigten somit echte Hollywoodreife.<\/p>\n<p>Bevor das radio SAW Team und Englishman Warren Green wieder abreisten, wollte die Sch\u00fclerinnen noch zahlreiche Fotos und Selfies zusammen mit Warren machen.<\/p>\n<p><strong>Die \u00dcbersetzung h\u00f6rt Ihr ab Freitag, 22. M\u00e4rz 2019, auf radio SAW und dann nat\u00fcrlich auch in unserer Mediathek.<\/strong><\/p>\n<p><strong><img loading=\"lazy\" decoding=\"async\" class=\"alignnone wp-image-3388 size-medium\" src=\"https:\/\/www.ebg.de\/wp-content\/uploads\/2019\/02\/ERZ-18_2-300x106.jpg\" alt=\"\" width=\"300\" height=\"106\" srcset=\"https:\/\/www.ebg.de\/wp-content\/uploads\/2019\/02\/ERZ-18_2-300x106.jpg 300w, https:\/\/www.ebg.de\/wp-content\/uploads\/2019\/02\/ERZ-18_2-768x272.jpg 768w, https:\/\/www.ebg.de\/wp-content\/uploads\/2019\/02\/ERZ-18_2.jpg 810w\" sizes=\"auto, (max-width: 300px) 100vw, 300px\" \/><\/strong><\/p>\n","protected":false},"excerpt":{"rendered":"<p>Klasse \u00fcbersetzt in Magdeburg English-Man Warren Green besuchte das Europ\u00e4ische Bildungswerk f\u00fcr Beruf und Gesellschaft<\/p>\n","protected":false},"author":21,"featured_media":3390,"comment_status":"closed","ping_status":"closed","sticky":false,"template":"","format":"standard","meta":{"_acf_changed":false,"footnotes":""},"categories":[19],"tags":[],"class_list":["post-3387","post","type-post","status-publish","format-standard","has-post-thumbnail","hentry","category-news-magdeburg-schulen"],"acf":[],"yoast_head":"<!-- This site is optimized with the Yoast SEO plugin v26.9 - https:\/\/yoast.com\/product\/yoast-seo-wordpress\/ -->\n<title>Klasse \u00fcbersetzt - Europ\u00e4isches Bildungswerk f\u00fcr Beruf und Gesellschaft<\/title>\n<meta name=\"robots\" content=\"index, follow, max-snippet:-1, max-image-preview:large, max-video-preview:-1\" \/>\n<link rel=\"canonical\" href=\"https:\/\/www.ebg.de\/klasse-uebersetzt\/\" \/>\n<meta property=\"og:locale\" content=\"en_US\" \/>\n<meta property=\"og:type\" content=\"article\" \/>\n<meta property=\"og:title\" content=\"Klasse \u00fcbersetzt - Europ\u00e4isches Bildungswerk f\u00fcr Beruf und Gesellschaft\" \/>\n<meta property=\"og:description\" content=\"Klasse \u00fcbersetzt in Magdeburg English-Man Warren Green besuchte das Europ\u00e4ische Bildungswerk f\u00fcr Beruf und Gesellschaft\" \/>\n<meta property=\"og:url\" content=\"https:\/\/www.ebg.de\/klasse-uebersetzt\/\" \/>\n<meta property=\"og:site_name\" content=\"Europ\u00e4isches Bildungswerk f\u00fcr Beruf und Gesellschaft\" \/>\n<meta property=\"article:published_time\" content=\"2019-02-26T11:51:06+00:00\" \/>\n<meta property=\"og:image\" content=\"https:\/\/www.ebg.de\/wp-content\/uploads\/2019\/02\/ERZ-18_21.jpg\" \/>\n\t<meta property=\"og:image:width\" content=\"900\" \/>\n\t<meta property=\"og:image:height\" content=\"453\" \/>\n\t<meta property=\"og:image:type\" content=\"image\/jpeg\" \/>\n<meta name=\"author\" content=\"Annett Schuldt\" \/>\n<meta name=\"twitter:card\" content=\"summary_large_image\" \/>\n<meta name=\"twitter:label1\" content=\"Written by\" \/>\n\t<meta name=\"twitter:data1\" content=\"Annett Schuldt\" \/>\n\t<meta name=\"twitter:label2\" content=\"Est. reading time\" \/>\n\t<meta name=\"twitter:data2\" content=\"1 minute\" \/>\n<!-- \/ Yoast SEO plugin. -->","yoast_head_json":{"title":"Klasse \u00fcbersetzt - Europ\u00e4isches Bildungswerk f\u00fcr Beruf und Gesellschaft","robots":{"index":"index","follow":"follow","max-snippet":"max-snippet:-1","max-image-preview":"max-image-preview:large","max-video-preview":"max-video-preview:-1"},"canonical":"https:\/\/www.ebg.de\/klasse-uebersetzt\/","og_locale":"en_US","og_type":"article","og_title":"Klasse \u00fcbersetzt - Europ\u00e4isches Bildungswerk f\u00fcr Beruf und Gesellschaft","og_description":"Klasse \u00fcbersetzt in Magdeburg English-Man Warren Green besuchte das Europ\u00e4ische Bildungswerk f\u00fcr Beruf und Gesellschaft","og_url":"https:\/\/www.ebg.de\/klasse-uebersetzt\/","og_site_name":"Europ\u00e4isches Bildungswerk f\u00fcr Beruf und Gesellschaft","article_published_time":"2019-02-26T11:51:06+00:00","og_image":[{"width":900,"height":453,"url":"https:\/\/www.ebg.de\/wp-content\/uploads\/2019\/02\/ERZ-18_21.jpg","type":"image\/jpeg"}],"author":"Annett Schuldt","twitter_card":"summary_large_image","twitter_misc":{"Written by":"Annett Schuldt","Est. reading time":"1 minute"},"schema":{"@context":"https:\/\/schema.org","@graph":[{"@type":"Article","@id":"https:\/\/www.ebg.de\/klasse-uebersetzt\/#article","isPartOf":{"@id":"https:\/\/www.ebg.de\/klasse-uebersetzt\/"},"author":{"name":"Annett Schuldt","@id":"https:\/\/www.ebg.de\/#\/schema\/person\/d9d18d8e217556f034719e96291a453e"},"headline":"Klasse \u00fcbersetzt","datePublished":"2019-02-26T11:51:06+00:00","mainEntityOfPage":{"@id":"https:\/\/www.ebg.de\/klasse-uebersetzt\/"},"wordCount":216,"image":{"@id":"https:\/\/www.ebg.de\/klasse-uebersetzt\/#primaryimage"},"thumbnailUrl":"https:\/\/www.ebg.de\/wp-content\/uploads\/2019\/02\/ERZ-18_21.jpg","articleSection":["News - Magdeburg Schulen"],"inLanguage":"en-US"},{"@type":"WebPage","@id":"https:\/\/www.ebg.de\/klasse-uebersetzt\/","url":"https:\/\/www.ebg.de\/klasse-uebersetzt\/","name":"Klasse \u00fcbersetzt - Europ\u00e4isches Bildungswerk f\u00fcr Beruf und Gesellschaft","isPartOf":{"@id":"https:\/\/www.ebg.de\/#website"},"primaryImageOfPage":{"@id":"https:\/\/www.ebg.de\/klasse-uebersetzt\/#primaryimage"},"image":{"@id":"https:\/\/www.ebg.de\/klasse-uebersetzt\/#primaryimage"},"thumbnailUrl":"https:\/\/www.ebg.de\/wp-content\/uploads\/2019\/02\/ERZ-18_21.jpg","datePublished":"2019-02-26T11:51:06+00:00","author":{"@id":"https:\/\/www.ebg.de\/#\/schema\/person\/d9d18d8e217556f034719e96291a453e"},"breadcrumb":{"@id":"https:\/\/www.ebg.de\/klasse-uebersetzt\/#breadcrumb"},"inLanguage":"en-US","potentialAction":[{"@type":"ReadAction","target":["https:\/\/www.ebg.de\/klasse-uebersetzt\/"]}]},{"@type":"ImageObject","inLanguage":"en-US","@id":"https:\/\/www.ebg.de\/klasse-uebersetzt\/#primaryimage","url":"https:\/\/www.ebg.de\/wp-content\/uploads\/2019\/02\/ERZ-18_21.jpg","contentUrl":"https:\/\/www.ebg.de\/wp-content\/uploads\/2019\/02\/ERZ-18_21.jpg","width":900,"height":453},{"@type":"BreadcrumbList","@id":"https:\/\/www.ebg.de\/klasse-uebersetzt\/#breadcrumb","itemListElement":[{"@type":"ListItem","position":1,"name":"Startseite","item":"https:\/\/www.ebg.de\/"},{"@type":"ListItem","position":2,"name":"Klasse \u00fcbersetzt"}]},{"@type":"WebSite","@id":"https:\/\/www.ebg.de\/#website","url":"https:\/\/www.ebg.de\/","name":"Europ\u00e4isches Bildungswerk f\u00fcr Beruf und Gesellschaft","description":"Bildung, Ausbildung und Weiterbildung","potentialAction":[{"@type":"SearchAction","target":{"@type":"EntryPoint","urlTemplate":"https:\/\/www.ebg.de\/?s={search_term_string}"},"query-input":{"@type":"PropertyValueSpecification","valueRequired":true,"valueName":"search_term_string"}}],"inLanguage":"en-US"},{"@type":"Person","@id":"https:\/\/www.ebg.de\/#\/schema\/person\/d9d18d8e217556f034719e96291a453e","name":"Annett Schuldt","image":{"@type":"ImageObject","inLanguage":"en-US","@id":"https:\/\/www.ebg.de\/#\/schema\/person\/image\/","url":"https:\/\/secure.gravatar.com\/avatar\/abe19a9ad2aaf0199ddc3283fe9aaec50317447b19cc4ffbef6a0d142bb1e674?s=96&d=mm&r=g","contentUrl":"https:\/\/secure.gravatar.com\/avatar\/abe19a9ad2aaf0199ddc3283fe9aaec50317447b19cc4ffbef6a0d142bb1e674?s=96&d=mm&r=g","caption":"Annett Schuldt"},"url":"https:\/\/www.ebg.de\/en\/author\/aschuldt\/"}]}},"_links":{"self":[{"href":"https:\/\/www.ebg.de\/en\/wp-json\/wp\/v2\/posts\/3387","targetHints":{"allow":["GET"]}}],"collection":[{"href":"https:\/\/www.ebg.de\/en\/wp-json\/wp\/v2\/posts"}],"about":[{"href":"https:\/\/www.ebg.de\/en\/wp-json\/wp\/v2\/types\/post"}],"author":[{"embeddable":true,"href":"https:\/\/www.ebg.de\/en\/wp-json\/wp\/v2\/users\/21"}],"replies":[{"embeddable":true,"href":"https:\/\/www.ebg.de\/en\/wp-json\/wp\/v2\/comments?post=3387"}],"version-history":[{"count":1,"href":"https:\/\/www.ebg.de\/en\/wp-json\/wp\/v2\/posts\/3387\/revisions"}],"predecessor-version":[{"id":3392,"href":"https:\/\/www.ebg.de\/en\/wp-json\/wp\/v2\/posts\/3387\/revisions\/3392"}],"wp:featuredmedia":[{"embeddable":true,"href":"https:\/\/www.ebg.de\/en\/wp-json\/wp\/v2\/media\/3390"}],"wp:attachment":[{"href":"https:\/\/www.ebg.de\/en\/wp-json\/wp\/v2\/media?parent=3387"}],"wp:term":[{"taxonomy":"category","embeddable":true,"href":"https:\/\/www.ebg.de\/en\/wp-json\/wp\/v2\/categories?post=3387"},{"taxonomy":"post_tag","embeddable":true,"href":"https:\/\/www.ebg.de\/en\/wp-json\/wp\/v2\/tags?post=3387"}],"curies":[{"name":"wp","href":"https:\/\/api.w.org\/{rel}","templated":true}]}}