{"id":33298,"date":"2023-12-18T14:46:28","date_gmt":"2023-12-18T13:46:28","guid":{"rendered":"https:\/\/www.ebg.de\/?p=33298"},"modified":"2023-12-18T14:52:49","modified_gmt":"2023-12-18T13:52:49","slug":"slowakische-auszeichnung-fuer-das-ebg","status":"publish","type":"post","link":"https:\/\/www.ebg.de\/en\/slowakische-auszeichnung-fuer-das-ebg\/","title":{"rendered":"Das EBG erh\u00e4lt slowakischen Sonderpreis"},"content":{"rendered":"\n<p>Peter Kompalla, Gesch\u00e4ftsf\u00fchrer Deutsch-Slowakischen Auslandshandelskammer, gratulierte dem EBG  als Gesellschafter der Deutsch Slowakischen Akademien, zur Verleihung des Deutsch- slowakischen Berufsbildungspreises in der Kategorie \u201eStart-up\u201c.<\/p>\n\n\n\n<figure class=\"wp-block-image size-large is-resized\"><img loading=\"lazy\" decoding=\"async\" width=\"1024\" height=\"688\" src=\"https:\/\/www.ebg.de\/wp-content\/uploads\/2023\/12\/IMG-20231218-WA0000-1-1024x688.jpg\" alt=\"\" class=\"wp-image-33303\" style=\"width:851px;height:auto\" srcset=\"https:\/\/www.ebg.de\/wp-content\/uploads\/2023\/12\/IMG-20231218-WA0000-1-1024x688.jpg 1024w, https:\/\/www.ebg.de\/wp-content\/uploads\/2023\/12\/IMG-20231218-WA0000-1-300x202.jpg 300w, https:\/\/www.ebg.de\/wp-content\/uploads\/2023\/12\/IMG-20231218-WA0000-1-768x516.jpg 768w, https:\/\/www.ebg.de\/wp-content\/uploads\/2023\/12\/IMG-20231218-WA0000-1-1536x1032.jpg 1536w, https:\/\/www.ebg.de\/wp-content\/uploads\/2023\/12\/IMG-20231218-WA0000-1-900x605.jpg 900w, https:\/\/www.ebg.de\/wp-content\/uploads\/2023\/12\/IMG-20231218-WA0000-1-1200x807.jpg 1200w, https:\/\/www.ebg.de\/wp-content\/uploads\/2023\/12\/IMG-20231218-WA0000-1.jpg 1580w\" sizes=\"auto, (max-width: 1024px) 100vw, 1024px\" \/><\/figure>\n\n\n\n<p>Marek Nikel nahm stolz den Preis f\u00fcr unser Projekt \u201eErzieher und Erzieherinnen f\u00fcr Kinderg\u00e4rten in der dualen Ausbildung\u201c entgegen. Mit unserem Angebot der dualen Ausbildung, sind wir die einzige Institution in der gesamten Slowakei.<\/p>\n\n\n\n<p>Herzlichen Gl\u00fcckwunsch!<\/p>\n","protected":false},"excerpt":{"rendered":"<p>Das Europ\u00e4ische Bildungswerk mit Sonderauszeichnung in der Slowakei geehrt.<\/p>\n","protected":false},"author":22,"featured_media":33299,"comment_status":"closed","ping_status":"closed","sticky":false,"template":"","format":"standard","meta":{"_acf_changed":false,"footnotes":""},"categories":[22],"tags":[184,80,107,186],"class_list":["post-33298","post","type-post","status-publish","format-standard","has-post-thumbnail","hentry","category-news-gf","tag-duale-ausbildung","tag-erzieher","tag-europaeisches-bildungswerk","tag-slowakei"],"acf":[],"yoast_head":"<!-- This site is optimized with the Yoast SEO plugin v26.9 - https:\/\/yoast.com\/product\/yoast-seo-wordpress\/ -->\n<title>Das EBG erh\u00e4lt slowakischen Sonderpreis<\/title>\n<meta name=\"description\" content=\"Erzieher und Erzieherinnen f\u00fcr Kinderg\u00e4rten in der dualen Ausbildung in der Slowakei\" \/>\n<meta name=\"robots\" content=\"index, follow, max-snippet:-1, max-image-preview:large, max-video-preview:-1\" \/>\n<link rel=\"canonical\" href=\"https:\/\/www.ebg.de\/slowakische-auszeichnung-fuer-das-ebg\/\" \/>\n<meta property=\"og:locale\" content=\"en_US\" \/>\n<meta property=\"og:type\" content=\"article\" \/>\n<meta property=\"og:title\" content=\"Das EBG erh\u00e4lt slowakischen Sonderpreis\" \/>\n<meta property=\"og:description\" content=\"Erzieher und Erzieherinnen f\u00fcr Kinderg\u00e4rten in der dualen Ausbildung in der Slowakei\" \/>\n<meta property=\"og:url\" content=\"https:\/\/www.ebg.de\/slowakische-auszeichnung-fuer-das-ebg\/\" \/>\n<meta property=\"og:site_name\" content=\"Europ\u00e4isches Bildungswerk f\u00fcr Beruf und Gesellschaft\" \/>\n<meta property=\"article:published_time\" content=\"2023-12-18T13:46:28+00:00\" \/>\n<meta property=\"article:modified_time\" content=\"2023-12-18T13:52:49+00:00\" \/>\n<meta property=\"og:image\" content=\"https:\/\/www.ebg.de\/wp-content\/uploads\/2023\/12\/IMG-20231218-WA0001.jpg\" \/>\n\t<meta property=\"og:image:width\" content=\"1600\" \/>\n\t<meta property=\"og:image:height\" content=\"1068\" \/>\n\t<meta property=\"og:image:type\" content=\"image\/jpeg\" \/>\n<meta name=\"author\" content=\"Stephan Deubner\" \/>\n<meta name=\"twitter:card\" content=\"summary_large_image\" \/>\n<meta name=\"twitter:label1\" content=\"Written by\" \/>\n\t<meta name=\"twitter:data1\" content=\"Stephan Deubner\" \/>\n\t<meta name=\"twitter:label2\" content=\"Est. reading time\" \/>\n\t<meta name=\"twitter:data2\" content=\"1 minute\" \/>\n<!-- \/ Yoast SEO plugin. -->","yoast_head_json":{"title":"Das EBG erh\u00e4lt slowakischen Sonderpreis","description":"Erzieher und Erzieherinnen f\u00fcr Kinderg\u00e4rten in der dualen Ausbildung in der Slowakei","robots":{"index":"index","follow":"follow","max-snippet":"max-snippet:-1","max-image-preview":"max-image-preview:large","max-video-preview":"max-video-preview:-1"},"canonical":"https:\/\/www.ebg.de\/slowakische-auszeichnung-fuer-das-ebg\/","og_locale":"en_US","og_type":"article","og_title":"Das EBG erh\u00e4lt slowakischen Sonderpreis","og_description":"Erzieher und Erzieherinnen f\u00fcr Kinderg\u00e4rten in der dualen Ausbildung in der Slowakei","og_url":"https:\/\/www.ebg.de\/slowakische-auszeichnung-fuer-das-ebg\/","og_site_name":"Europ\u00e4isches Bildungswerk f\u00fcr Beruf und Gesellschaft","article_published_time":"2023-12-18T13:46:28+00:00","article_modified_time":"2023-12-18T13:52:49+00:00","og_image":[{"width":1600,"height":1068,"url":"https:\/\/www.ebg.de\/wp-content\/uploads\/2023\/12\/IMG-20231218-WA0001.jpg","type":"image\/jpeg"}],"author":"Stephan Deubner","twitter_card":"summary_large_image","twitter_misc":{"Written by":"Stephan Deubner","Est. reading time":"1 minute"},"schema":{"@context":"https:\/\/schema.org","@graph":[{"@type":"Article","@id":"https:\/\/www.ebg.de\/slowakische-auszeichnung-fuer-das-ebg\/#article","isPartOf":{"@id":"https:\/\/www.ebg.de\/slowakische-auszeichnung-fuer-das-ebg\/"},"author":{"name":"Stephan Deubner","@id":"https:\/\/www.ebg.de\/#\/schema\/person\/af645ea1741029d9a44ae532ceb268bc"},"headline":"Das EBG erh\u00e4lt slowakischen Sonderpreis","datePublished":"2023-12-18T13:46:28+00:00","dateModified":"2023-12-18T13:52:49+00:00","mainEntityOfPage":{"@id":"https:\/\/www.ebg.de\/slowakische-auszeichnung-fuer-das-ebg\/"},"wordCount":72,"image":{"@id":"https:\/\/www.ebg.de\/slowakische-auszeichnung-fuer-das-ebg\/#primaryimage"},"thumbnailUrl":"https:\/\/www.ebg.de\/wp-content\/uploads\/2023\/12\/IMG-20231218-WA0001.jpg","keywords":["duale Ausbildung","Erzieher","Europ\u00e4isches Bildungswerk","Slowakei"],"articleSection":["News-GF"],"inLanguage":"en-US"},{"@type":"WebPage","@id":"https:\/\/www.ebg.de\/slowakische-auszeichnung-fuer-das-ebg\/","url":"https:\/\/www.ebg.de\/slowakische-auszeichnung-fuer-das-ebg\/","name":"Das EBG erh\u00e4lt slowakischen Sonderpreis","isPartOf":{"@id":"https:\/\/www.ebg.de\/#website"},"primaryImageOfPage":{"@id":"https:\/\/www.ebg.de\/slowakische-auszeichnung-fuer-das-ebg\/#primaryimage"},"image":{"@id":"https:\/\/www.ebg.de\/slowakische-auszeichnung-fuer-das-ebg\/#primaryimage"},"thumbnailUrl":"https:\/\/www.ebg.de\/wp-content\/uploads\/2023\/12\/IMG-20231218-WA0001.jpg","datePublished":"2023-12-18T13:46:28+00:00","dateModified":"2023-12-18T13:52:49+00:00","author":{"@id":"https:\/\/www.ebg.de\/#\/schema\/person\/af645ea1741029d9a44ae532ceb268bc"},"description":"Erzieher und Erzieherinnen f\u00fcr Kinderg\u00e4rten in der dualen Ausbildung in der Slowakei","breadcrumb":{"@id":"https:\/\/www.ebg.de\/slowakische-auszeichnung-fuer-das-ebg\/#breadcrumb"},"inLanguage":"en-US","potentialAction":[{"@type":"ReadAction","target":["https:\/\/www.ebg.de\/slowakische-auszeichnung-fuer-das-ebg\/"]}]},{"@type":"ImageObject","inLanguage":"en-US","@id":"https:\/\/www.ebg.de\/slowakische-auszeichnung-fuer-das-ebg\/#primaryimage","url":"https:\/\/www.ebg.de\/wp-content\/uploads\/2023\/12\/IMG-20231218-WA0001.jpg","contentUrl":"https:\/\/www.ebg.de\/wp-content\/uploads\/2023\/12\/IMG-20231218-WA0001.jpg","width":1600,"height":1068},{"@type":"BreadcrumbList","@id":"https:\/\/www.ebg.de\/slowakische-auszeichnung-fuer-das-ebg\/#breadcrumb","itemListElement":[{"@type":"ListItem","position":1,"name":"Startseite","item":"https:\/\/www.ebg.de\/"},{"@type":"ListItem","position":2,"name":"Das EBG erh\u00e4lt slowakischen Sonderpreis"}]},{"@type":"WebSite","@id":"https:\/\/www.ebg.de\/#website","url":"https:\/\/www.ebg.de\/","name":"Europ\u00e4isches Bildungswerk f\u00fcr Beruf und Gesellschaft","description":"Bildung, Ausbildung und Weiterbildung","potentialAction":[{"@type":"SearchAction","target":{"@type":"EntryPoint","urlTemplate":"https:\/\/www.ebg.de\/?s={search_term_string}"},"query-input":{"@type":"PropertyValueSpecification","valueRequired":true,"valueName":"search_term_string"}}],"inLanguage":"en-US"},{"@type":"Person","@id":"https:\/\/www.ebg.de\/#\/schema\/person\/af645ea1741029d9a44ae532ceb268bc","name":"Stephan Deubner","image":{"@type":"ImageObject","inLanguage":"en-US","@id":"https:\/\/www.ebg.de\/#\/schema\/person\/image\/","url":"https:\/\/secure.gravatar.com\/avatar\/35731f6a08afa0518c45f153077f6135c0f41aa2ae0b76e850ef9508976a7bbe?s=96&d=mm&r=g","contentUrl":"https:\/\/secure.gravatar.com\/avatar\/35731f6a08afa0518c45f153077f6135c0f41aa2ae0b76e850ef9508976a7bbe?s=96&d=mm&r=g","caption":"Stephan Deubner"},"url":"https:\/\/www.ebg.de\/en\/author\/sdeubner\/"}]}},"_links":{"self":[{"href":"https:\/\/www.ebg.de\/en\/wp-json\/wp\/v2\/posts\/33298","targetHints":{"allow":["GET"]}}],"collection":[{"href":"https:\/\/www.ebg.de\/en\/wp-json\/wp\/v2\/posts"}],"about":[{"href":"https:\/\/www.ebg.de\/en\/wp-json\/wp\/v2\/types\/post"}],"author":[{"embeddable":true,"href":"https:\/\/www.ebg.de\/en\/wp-json\/wp\/v2\/users\/22"}],"replies":[{"embeddable":true,"href":"https:\/\/www.ebg.de\/en\/wp-json\/wp\/v2\/comments?post=33298"}],"version-history":[{"count":3,"href":"https:\/\/www.ebg.de\/en\/wp-json\/wp\/v2\/posts\/33298\/revisions"}],"predecessor-version":[{"id":33308,"href":"https:\/\/www.ebg.de\/en\/wp-json\/wp\/v2\/posts\/33298\/revisions\/33308"}],"wp:featuredmedia":[{"embeddable":true,"href":"https:\/\/www.ebg.de\/en\/wp-json\/wp\/v2\/media\/33299"}],"wp:attachment":[{"href":"https:\/\/www.ebg.de\/en\/wp-json\/wp\/v2\/media?parent=33298"}],"wp:term":[{"taxonomy":"category","embeddable":true,"href":"https:\/\/www.ebg.de\/en\/wp-json\/wp\/v2\/categories?post=33298"},{"taxonomy":"post_tag","embeddable":true,"href":"https:\/\/www.ebg.de\/en\/wp-json\/wp\/v2\/tags?post=33298"}],"curies":[{"name":"wp","href":"https:\/\/api.w.org\/{rel}","templated":true}]}}