{"id":33287,"date":"2023-12-14T11:27:30","date_gmt":"2023-12-14T10:27:30","guid":{"rendered":"https:\/\/www.ebg.de\/?p=33287"},"modified":"2023-12-14T11:27:37","modified_gmt":"2023-12-14T10:27:37","slug":"interviews-in-marokko","status":"publish","type":"post","link":"https:\/\/www.ebg.de\/en\/interviews-in-marokko\/","title":{"rendered":"Interviews in Marokko"},"content":{"rendered":"\n<p>In Zusammenarbeit mit dem Unternehmen Avicina hat das EBG am 12. und 13. Dezember Gespr\u00e4che mit Bewerbern f\u00fcr eine Ausbildung zur Pflegefachkraft in Rabat durchgef\u00fchrt.<\/p>\n\n\n\n<p>16 motivierte Sch\u00fclerinnen und Sch\u00fcler konnten in das Vorbereitungsprogramm aufgenommen werden. Sie werden sprachlich und inhaltlich auf die Ausbildung zur Pflegefachkraft in Deutschland vorbereitet.<\/p>\n\n\n\n<figure class=\"wp-block-image size-large\"><img loading=\"lazy\" decoding=\"async\" width=\"1024\" height=\"768\" src=\"https:\/\/www.ebg.de\/wp-content\/uploads\/2023\/12\/Rabat-1024x768.jpg\" alt=\"\" class=\"wp-image-33288\" srcset=\"https:\/\/www.ebg.de\/wp-content\/uploads\/2023\/12\/Rabat-1024x768.jpg 1024w, https:\/\/www.ebg.de\/wp-content\/uploads\/2023\/12\/Rabat-300x225.jpg 300w, https:\/\/www.ebg.de\/wp-content\/uploads\/2023\/12\/Rabat-768x576.jpg 768w, https:\/\/www.ebg.de\/wp-content\/uploads\/2023\/12\/Rabat-1536x1152.jpg 1536w, https:\/\/www.ebg.de\/wp-content\/uploads\/2023\/12\/Rabat-2048x1536.jpg 2048w, https:\/\/www.ebg.de\/wp-content\/uploads\/2023\/12\/Rabat-900x675.jpg 900w, https:\/\/www.ebg.de\/wp-content\/uploads\/2023\/12\/Rabat-1200x900.jpg 1200w\" sizes=\"auto, (max-width: 1024px) 100vw, 1024px\" \/><\/figure>\n\n\n\n<div class=\"wp-block-group\"><div class=\"wp-block-group__inner-container is-layout-constrained wp-block-group-is-layout-constrained\"><\/div><\/div>\n","protected":false},"excerpt":{"rendered":"<p>Das Europ\u00e4ische Bildungswerk in Afrika.<\/p>\n","protected":false},"author":22,"featured_media":33293,"comment_status":"closed","ping_status":"closed","sticky":false,"template":"","format":"standard","meta":{"_acf_changed":false,"footnotes":""},"categories":[22],"tags":[107,172],"class_list":["post-33287","post","type-post","status-publish","format-standard","has-post-thumbnail","hentry","category-news-gf","tag-europaeisches-bildungswerk","tag-pflegefachkraft"],"acf":[],"yoast_head":"<!-- This site is optimized with the Yoast SEO plugin v26.9 - https:\/\/yoast.com\/product\/yoast-seo-wordpress\/ -->\n<title>Interviews in Marokko - Europ\u00e4isches Bildungswerk f\u00fcr Beruf und Gesellschaft<\/title>\n<meta name=\"description\" content=\"Mit dem Unternehmen Avicina hat das EBG am 12. und 13. Dezember Gespr\u00e4che mit Bewerbern in Rabat durchgef\u00fchrt.\" \/>\n<meta name=\"robots\" content=\"index, follow, max-snippet:-1, max-image-preview:large, max-video-preview:-1\" \/>\n<link rel=\"canonical\" href=\"https:\/\/www.ebg.de\/interviews-in-marokko\/\" \/>\n<meta property=\"og:locale\" content=\"en_US\" \/>\n<meta property=\"og:type\" content=\"article\" \/>\n<meta property=\"og:title\" content=\"Interviews in Marokko - Europ\u00e4isches Bildungswerk f\u00fcr Beruf und Gesellschaft\" \/>\n<meta property=\"og:description\" content=\"Mit dem Unternehmen Avicina hat das EBG am 12. und 13. Dezember Gespr\u00e4che mit Bewerbern in Rabat durchgef\u00fchrt.\" \/>\n<meta property=\"og:url\" content=\"https:\/\/www.ebg.de\/interviews-in-marokko\/\" \/>\n<meta property=\"og:site_name\" content=\"Europ\u00e4isches Bildungswerk f\u00fcr Beruf und Gesellschaft\" \/>\n<meta property=\"article:published_time\" content=\"2023-12-14T10:27:30+00:00\" \/>\n<meta property=\"article:modified_time\" content=\"2023-12-14T10:27:37+00:00\" \/>\n<meta property=\"og:image\" content=\"https:\/\/www.ebg.de\/wp-content\/uploads\/2023\/12\/Marok-Kopie.jpg\" \/>\n\t<meta property=\"og:image:width\" content=\"571\" \/>\n\t<meta property=\"og:image:height\" content=\"301\" \/>\n\t<meta property=\"og:image:type\" content=\"image\/jpeg\" \/>\n<meta name=\"author\" content=\"Stephan Deubner\" \/>\n<meta name=\"twitter:card\" content=\"summary_large_image\" \/>\n<meta name=\"twitter:label1\" content=\"Written by\" \/>\n\t<meta name=\"twitter:data1\" content=\"Stephan Deubner\" \/>\n\t<meta name=\"twitter:label2\" content=\"Est. reading time\" \/>\n\t<meta name=\"twitter:data2\" content=\"1 minute\" \/>\n<!-- \/ Yoast SEO plugin. -->","yoast_head_json":{"title":"Interviews in Marokko - Europ\u00e4isches Bildungswerk f\u00fcr Beruf und Gesellschaft","description":"Mit dem Unternehmen Avicina hat das EBG am 12. und 13. Dezember Gespr\u00e4che mit Bewerbern in Rabat durchgef\u00fchrt.","robots":{"index":"index","follow":"follow","max-snippet":"max-snippet:-1","max-image-preview":"max-image-preview:large","max-video-preview":"max-video-preview:-1"},"canonical":"https:\/\/www.ebg.de\/interviews-in-marokko\/","og_locale":"en_US","og_type":"article","og_title":"Interviews in Marokko - Europ\u00e4isches Bildungswerk f\u00fcr Beruf und Gesellschaft","og_description":"Mit dem Unternehmen Avicina hat das EBG am 12. und 13. Dezember Gespr\u00e4che mit Bewerbern in Rabat durchgef\u00fchrt.","og_url":"https:\/\/www.ebg.de\/interviews-in-marokko\/","og_site_name":"Europ\u00e4isches Bildungswerk f\u00fcr Beruf und Gesellschaft","article_published_time":"2023-12-14T10:27:30+00:00","article_modified_time":"2023-12-14T10:27:37+00:00","og_image":[{"width":571,"height":301,"url":"https:\/\/www.ebg.de\/wp-content\/uploads\/2023\/12\/Marok-Kopie.jpg","type":"image\/jpeg"}],"author":"Stephan Deubner","twitter_card":"summary_large_image","twitter_misc":{"Written by":"Stephan Deubner","Est. reading time":"1 minute"},"schema":{"@context":"https:\/\/schema.org","@graph":[{"@type":"Article","@id":"https:\/\/www.ebg.de\/interviews-in-marokko\/#article","isPartOf":{"@id":"https:\/\/www.ebg.de\/interviews-in-marokko\/"},"author":{"name":"Stephan Deubner","@id":"https:\/\/www.ebg.de\/#\/schema\/person\/af645ea1741029d9a44ae532ceb268bc"},"headline":"Interviews in Marokko","datePublished":"2023-12-14T10:27:30+00:00","dateModified":"2023-12-14T10:27:37+00:00","mainEntityOfPage":{"@id":"https:\/\/www.ebg.de\/interviews-in-marokko\/"},"wordCount":54,"image":{"@id":"https:\/\/www.ebg.de\/interviews-in-marokko\/#primaryimage"},"thumbnailUrl":"https:\/\/www.ebg.de\/wp-content\/uploads\/2023\/12\/Marok-Kopie.jpg","keywords":["Europ\u00e4isches Bildungswerk","Pflegefachkraft"],"articleSection":["News-GF"],"inLanguage":"en-US"},{"@type":"WebPage","@id":"https:\/\/www.ebg.de\/interviews-in-marokko\/","url":"https:\/\/www.ebg.de\/interviews-in-marokko\/","name":"Interviews in Marokko - Europ\u00e4isches Bildungswerk f\u00fcr Beruf und Gesellschaft","isPartOf":{"@id":"https:\/\/www.ebg.de\/#website"},"primaryImageOfPage":{"@id":"https:\/\/www.ebg.de\/interviews-in-marokko\/#primaryimage"},"image":{"@id":"https:\/\/www.ebg.de\/interviews-in-marokko\/#primaryimage"},"thumbnailUrl":"https:\/\/www.ebg.de\/wp-content\/uploads\/2023\/12\/Marok-Kopie.jpg","datePublished":"2023-12-14T10:27:30+00:00","dateModified":"2023-12-14T10:27:37+00:00","author":{"@id":"https:\/\/www.ebg.de\/#\/schema\/person\/af645ea1741029d9a44ae532ceb268bc"},"description":"Mit dem Unternehmen Avicina hat das EBG am 12. und 13. Dezember Gespr\u00e4che mit Bewerbern in Rabat durchgef\u00fchrt.","breadcrumb":{"@id":"https:\/\/www.ebg.de\/interviews-in-marokko\/#breadcrumb"},"inLanguage":"en-US","potentialAction":[{"@type":"ReadAction","target":["https:\/\/www.ebg.de\/interviews-in-marokko\/"]}]},{"@type":"ImageObject","inLanguage":"en-US","@id":"https:\/\/www.ebg.de\/interviews-in-marokko\/#primaryimage","url":"https:\/\/www.ebg.de\/wp-content\/uploads\/2023\/12\/Marok-Kopie.jpg","contentUrl":"https:\/\/www.ebg.de\/wp-content\/uploads\/2023\/12\/Marok-Kopie.jpg","width":571,"height":301,"caption":"Das EBG in Marokko"},{"@type":"BreadcrumbList","@id":"https:\/\/www.ebg.de\/interviews-in-marokko\/#breadcrumb","itemListElement":[{"@type":"ListItem","position":1,"name":"Startseite","item":"https:\/\/www.ebg.de\/"},{"@type":"ListItem","position":2,"name":"Interviews in Marokko"}]},{"@type":"WebSite","@id":"https:\/\/www.ebg.de\/#website","url":"https:\/\/www.ebg.de\/","name":"Europ\u00e4isches Bildungswerk f\u00fcr Beruf und Gesellschaft","description":"Bildung, Ausbildung und Weiterbildung","potentialAction":[{"@type":"SearchAction","target":{"@type":"EntryPoint","urlTemplate":"https:\/\/www.ebg.de\/?s={search_term_string}"},"query-input":{"@type":"PropertyValueSpecification","valueRequired":true,"valueName":"search_term_string"}}],"inLanguage":"en-US"},{"@type":"Person","@id":"https:\/\/www.ebg.de\/#\/schema\/person\/af645ea1741029d9a44ae532ceb268bc","name":"Stephan Deubner","image":{"@type":"ImageObject","inLanguage":"en-US","@id":"https:\/\/www.ebg.de\/#\/schema\/person\/image\/","url":"https:\/\/secure.gravatar.com\/avatar\/35731f6a08afa0518c45f153077f6135c0f41aa2ae0b76e850ef9508976a7bbe?s=96&d=mm&r=g","contentUrl":"https:\/\/secure.gravatar.com\/avatar\/35731f6a08afa0518c45f153077f6135c0f41aa2ae0b76e850ef9508976a7bbe?s=96&d=mm&r=g","caption":"Stephan Deubner"},"url":"https:\/\/www.ebg.de\/en\/author\/sdeubner\/"}]}},"_links":{"self":[{"href":"https:\/\/www.ebg.de\/en\/wp-json\/wp\/v2\/posts\/33287","targetHints":{"allow":["GET"]}}],"collection":[{"href":"https:\/\/www.ebg.de\/en\/wp-json\/wp\/v2\/posts"}],"about":[{"href":"https:\/\/www.ebg.de\/en\/wp-json\/wp\/v2\/types\/post"}],"author":[{"embeddable":true,"href":"https:\/\/www.ebg.de\/en\/wp-json\/wp\/v2\/users\/22"}],"replies":[{"embeddable":true,"href":"https:\/\/www.ebg.de\/en\/wp-json\/wp\/v2\/comments?post=33287"}],"version-history":[{"count":4,"href":"https:\/\/www.ebg.de\/en\/wp-json\/wp\/v2\/posts\/33287\/revisions"}],"predecessor-version":[{"id":33296,"href":"https:\/\/www.ebg.de\/en\/wp-json\/wp\/v2\/posts\/33287\/revisions\/33296"}],"wp:featuredmedia":[{"embeddable":true,"href":"https:\/\/www.ebg.de\/en\/wp-json\/wp\/v2\/media\/33293"}],"wp:attachment":[{"href":"https:\/\/www.ebg.de\/en\/wp-json\/wp\/v2\/media?parent=33287"}],"wp:term":[{"taxonomy":"category","embeddable":true,"href":"https:\/\/www.ebg.de\/en\/wp-json\/wp\/v2\/categories?post=33287"},{"taxonomy":"post_tag","embeddable":true,"href":"https:\/\/www.ebg.de\/en\/wp-json\/wp\/v2\/tags?post=33287"}],"curies":[{"name":"wp","href":"https:\/\/api.w.org\/{rel}","templated":true}]}}