{"id":33277,"date":"2023-12-12T11:13:03","date_gmt":"2023-12-12T10:13:03","guid":{"rendered":"https:\/\/www.ebg.de\/?p=33277"},"modified":"2023-12-12T11:14:16","modified_gmt":"2023-12-12T10:14:16","slug":"resozialisierungsprojekt-bauarbeiten-torgau-stadtteil-nord-west","status":"publish","type":"post","link":"https:\/\/www.ebg.de\/en\/resozialisierungsprojekt-bauarbeiten-torgau-stadtteil-nord-west\/","title":{"rendered":"Resozialisierungsprojekt \u2013 Torgau Nord West"},"content":{"rendered":"\n<p>Auch im Stadtteil Torgau Nord West bauen die Jugendlichen des Projektes ihre Sozialstunden durch sinnvolle Arbeit ab, indem sie tatkr\u00e4ftig bei der S\u00e4uberung des Vorplatzes des ans\u00e4ssigen Kinder- und Jugendclubs unter Anleitung unserer Ausbilderin mithelfen.<\/p>\n\n\n\n<p>Unterst\u00fctzende T\u00e4tigkeiten bei der S\u00e4uberung der Spiel \u2013 und Sportpl\u00e4tze sowie \u00f6ffentlicher Pl\u00e4tze in Torgau z\u00e4hlen mit zu ihren Aufgaben.<\/p>\n","protected":false},"excerpt":{"rendered":"<p>Auch im Stadtteil Torgau Nord West bauen die Jugendlichen des Projektes ihre Sozialstunden durch sinnvolle Arbeit ab.<\/p>\n","protected":false},"author":8,"featured_media":33278,"comment_status":"closed","ping_status":"closed","sticky":false,"template":"","format":"standard","meta":{"_acf_changed":false,"footnotes":""},"categories":[32],"tags":[],"class_list":["post-33277","post","type-post","status-publish","format-standard","has-post-thumbnail","hentry","category-news-torgau-bildungszentrum"],"acf":[],"yoast_head":"<!-- This site is optimized with the Yoast SEO plugin v26.9 - https:\/\/yoast.com\/product\/yoast-seo-wordpress\/ -->\n<title>Resozialisierungsprojekt \u2013 Torgau Nord West - Europ\u00e4isches Bildungswerk f\u00fcr Beruf und Gesellschaft<\/title>\n<meta name=\"robots\" content=\"index, follow, max-snippet:-1, max-image-preview:large, max-video-preview:-1\" \/>\n<link rel=\"canonical\" href=\"https:\/\/www.ebg.de\/resozialisierungsprojekt-bauarbeiten-torgau-stadtteil-nord-west\/\" \/>\n<meta property=\"og:locale\" content=\"en_US\" \/>\n<meta property=\"og:type\" content=\"article\" \/>\n<meta property=\"og:title\" content=\"Resozialisierungsprojekt \u2013 Torgau Nord West - Europ\u00e4isches Bildungswerk f\u00fcr Beruf und Gesellschaft\" \/>\n<meta property=\"og:description\" content=\"Auch im Stadtteil Torgau Nord West bauen die Jugendlichen des Projektes ihre Sozialstunden durch sinnvolle Arbeit ab.\" \/>\n<meta property=\"og:url\" content=\"https:\/\/www.ebg.de\/resozialisierungsprojekt-bauarbeiten-torgau-stadtteil-nord-west\/\" \/>\n<meta property=\"og:site_name\" content=\"Europ\u00e4isches Bildungswerk f\u00fcr Beruf und Gesellschaft\" \/>\n<meta property=\"article:published_time\" content=\"2023-12-12T10:13:03+00:00\" \/>\n<meta property=\"article:modified_time\" content=\"2023-12-12T10:14:16+00:00\" \/>\n<meta property=\"og:image\" content=\"https:\/\/www.ebg.de\/wp-content\/uploads\/2023\/12\/resozialisierungsprojekt-torgau-nord-west.jpg\" \/>\n\t<meta property=\"og:image:width\" content=\"510\" \/>\n\t<meta property=\"og:image:height\" content=\"290\" \/>\n\t<meta property=\"og:image:type\" content=\"image\/jpeg\" \/>\n<meta name=\"author\" content=\"Christiane Selbig\" \/>\n<meta name=\"twitter:card\" content=\"summary_large_image\" \/>\n<meta name=\"twitter:label1\" content=\"Written by\" \/>\n\t<meta name=\"twitter:data1\" content=\"Christiane Selbig\" \/>\n\t<meta name=\"twitter:label2\" content=\"Est. reading time\" \/>\n\t<meta name=\"twitter:data2\" content=\"1 minute\" \/>\n<!-- \/ Yoast SEO plugin. -->","yoast_head_json":{"title":"Resozialisierungsprojekt \u2013 Torgau Nord West - Europ\u00e4isches Bildungswerk f\u00fcr Beruf und Gesellschaft","robots":{"index":"index","follow":"follow","max-snippet":"max-snippet:-1","max-image-preview":"max-image-preview:large","max-video-preview":"max-video-preview:-1"},"canonical":"https:\/\/www.ebg.de\/resozialisierungsprojekt-bauarbeiten-torgau-stadtteil-nord-west\/","og_locale":"en_US","og_type":"article","og_title":"Resozialisierungsprojekt \u2013 Torgau Nord West - Europ\u00e4isches Bildungswerk f\u00fcr Beruf und Gesellschaft","og_description":"Auch im Stadtteil Torgau Nord West bauen die Jugendlichen des Projektes ihre Sozialstunden durch sinnvolle Arbeit ab.","og_url":"https:\/\/www.ebg.de\/resozialisierungsprojekt-bauarbeiten-torgau-stadtteil-nord-west\/","og_site_name":"Europ\u00e4isches Bildungswerk f\u00fcr Beruf und Gesellschaft","article_published_time":"2023-12-12T10:13:03+00:00","article_modified_time":"2023-12-12T10:14:16+00:00","og_image":[{"width":510,"height":290,"url":"https:\/\/www.ebg.de\/wp-content\/uploads\/2023\/12\/resozialisierungsprojekt-torgau-nord-west.jpg","type":"image\/jpeg"}],"author":"Christiane Selbig","twitter_card":"summary_large_image","twitter_misc":{"Written by":"Christiane Selbig","Est. reading time":"1 minute"},"schema":{"@context":"https:\/\/schema.org","@graph":[{"@type":"Article","@id":"https:\/\/www.ebg.de\/resozialisierungsprojekt-bauarbeiten-torgau-stadtteil-nord-west\/#article","isPartOf":{"@id":"https:\/\/www.ebg.de\/resozialisierungsprojekt-bauarbeiten-torgau-stadtteil-nord-west\/"},"author":{"name":"Christiane Selbig","@id":"https:\/\/www.ebg.de\/#\/schema\/person\/841de16928f485ad75bab4e688fe3436"},"headline":"Resozialisierungsprojekt \u2013 Torgau Nord West","datePublished":"2023-12-12T10:13:03+00:00","dateModified":"2023-12-12T10:14:16+00:00","mainEntityOfPage":{"@id":"https:\/\/www.ebg.de\/resozialisierungsprojekt-bauarbeiten-torgau-stadtteil-nord-west\/"},"wordCount":67,"image":{"@id":"https:\/\/www.ebg.de\/resozialisierungsprojekt-bauarbeiten-torgau-stadtteil-nord-west\/#primaryimage"},"thumbnailUrl":"https:\/\/www.ebg.de\/wp-content\/uploads\/2023\/12\/resozialisierungsprojekt-torgau-nord-west.jpg","articleSection":["News - Torgau BZ"],"inLanguage":"en-US"},{"@type":"WebPage","@id":"https:\/\/www.ebg.de\/resozialisierungsprojekt-bauarbeiten-torgau-stadtteil-nord-west\/","url":"https:\/\/www.ebg.de\/resozialisierungsprojekt-bauarbeiten-torgau-stadtteil-nord-west\/","name":"Resozialisierungsprojekt \u2013 Torgau Nord West - Europ\u00e4isches Bildungswerk f\u00fcr Beruf und Gesellschaft","isPartOf":{"@id":"https:\/\/www.ebg.de\/#website"},"primaryImageOfPage":{"@id":"https:\/\/www.ebg.de\/resozialisierungsprojekt-bauarbeiten-torgau-stadtteil-nord-west\/#primaryimage"},"image":{"@id":"https:\/\/www.ebg.de\/resozialisierungsprojekt-bauarbeiten-torgau-stadtteil-nord-west\/#primaryimage"},"thumbnailUrl":"https:\/\/www.ebg.de\/wp-content\/uploads\/2023\/12\/resozialisierungsprojekt-torgau-nord-west.jpg","datePublished":"2023-12-12T10:13:03+00:00","dateModified":"2023-12-12T10:14:16+00:00","author":{"@id":"https:\/\/www.ebg.de\/#\/schema\/person\/841de16928f485ad75bab4e688fe3436"},"breadcrumb":{"@id":"https:\/\/www.ebg.de\/resozialisierungsprojekt-bauarbeiten-torgau-stadtteil-nord-west\/#breadcrumb"},"inLanguage":"en-US","potentialAction":[{"@type":"ReadAction","target":["https:\/\/www.ebg.de\/resozialisierungsprojekt-bauarbeiten-torgau-stadtteil-nord-west\/"]}]},{"@type":"ImageObject","inLanguage":"en-US","@id":"https:\/\/www.ebg.de\/resozialisierungsprojekt-bauarbeiten-torgau-stadtteil-nord-west\/#primaryimage","url":"https:\/\/www.ebg.de\/wp-content\/uploads\/2023\/12\/resozialisierungsprojekt-torgau-nord-west.jpg","contentUrl":"https:\/\/www.ebg.de\/wp-content\/uploads\/2023\/12\/resozialisierungsprojekt-torgau-nord-west.jpg","width":510,"height":290,"caption":"Im Rahmen des Projektes \u201eResozialisierung straff\u00e4lliger Jugendlicher und junger Heranwachsender\u201c helfen die Jugendlichen bei Bauarbeiten im Torgauer Stadtteil Nord-West."},{"@type":"BreadcrumbList","@id":"https:\/\/www.ebg.de\/resozialisierungsprojekt-bauarbeiten-torgau-stadtteil-nord-west\/#breadcrumb","itemListElement":[{"@type":"ListItem","position":1,"name":"Startseite","item":"https:\/\/www.ebg.de\/"},{"@type":"ListItem","position":2,"name":"Resozialisierungsprojekt \u2013 Torgau Nord West"}]},{"@type":"WebSite","@id":"https:\/\/www.ebg.de\/#website","url":"https:\/\/www.ebg.de\/","name":"Europ\u00e4isches Bildungswerk f\u00fcr Beruf und Gesellschaft","description":"Bildung, Ausbildung und Weiterbildung","potentialAction":[{"@type":"SearchAction","target":{"@type":"EntryPoint","urlTemplate":"https:\/\/www.ebg.de\/?s={search_term_string}"},"query-input":{"@type":"PropertyValueSpecification","valueRequired":true,"valueName":"search_term_string"}}],"inLanguage":"en-US"},{"@type":"Person","@id":"https:\/\/www.ebg.de\/#\/schema\/person\/841de16928f485ad75bab4e688fe3436","name":"Christiane Selbig","image":{"@type":"ImageObject","inLanguage":"en-US","@id":"https:\/\/www.ebg.de\/#\/schema\/person\/image\/","url":"https:\/\/secure.gravatar.com\/avatar\/2cc1d2ea88bd46e448d57ac18ac9f028486b7c08a90951b9d99326eeec001739?s=96&d=mm&r=g","contentUrl":"https:\/\/secure.gravatar.com\/avatar\/2cc1d2ea88bd46e448d57ac18ac9f028486b7c08a90951b9d99326eeec001739?s=96&d=mm&r=g","caption":"Christiane Selbig"},"url":"https:\/\/www.ebg.de\/en\/author\/cselbig\/"}]}},"_links":{"self":[{"href":"https:\/\/www.ebg.de\/en\/wp-json\/wp\/v2\/posts\/33277","targetHints":{"allow":["GET"]}}],"collection":[{"href":"https:\/\/www.ebg.de\/en\/wp-json\/wp\/v2\/posts"}],"about":[{"href":"https:\/\/www.ebg.de\/en\/wp-json\/wp\/v2\/types\/post"}],"author":[{"embeddable":true,"href":"https:\/\/www.ebg.de\/en\/wp-json\/wp\/v2\/users\/8"}],"replies":[{"embeddable":true,"href":"https:\/\/www.ebg.de\/en\/wp-json\/wp\/v2\/comments?post=33277"}],"version-history":[{"count":3,"href":"https:\/\/www.ebg.de\/en\/wp-json\/wp\/v2\/posts\/33277\/revisions"}],"predecessor-version":[{"id":33282,"href":"https:\/\/www.ebg.de\/en\/wp-json\/wp\/v2\/posts\/33277\/revisions\/33282"}],"wp:featuredmedia":[{"embeddable":true,"href":"https:\/\/www.ebg.de\/en\/wp-json\/wp\/v2\/media\/33278"}],"wp:attachment":[{"href":"https:\/\/www.ebg.de\/en\/wp-json\/wp\/v2\/media?parent=33277"}],"wp:term":[{"taxonomy":"category","embeddable":true,"href":"https:\/\/www.ebg.de\/en\/wp-json\/wp\/v2\/categories?post=33277"},{"taxonomy":"post_tag","embeddable":true,"href":"https:\/\/www.ebg.de\/en\/wp-json\/wp\/v2\/tags?post=33277"}],"curies":[{"name":"wp","href":"https:\/\/api.w.org\/{rel}","templated":true}]}}