{"id":3323,"date":"2019-02-19T15:31:12","date_gmt":"2019-02-19T14:31:12","guid":{"rendered":"https:\/\/www.ebg.de\/?p=3323"},"modified":"2019-03-01T09:26:46","modified_gmt":"2019-03-01T08:26:46","slug":"schuelerarbeiten-im-palais-de-tokyo-paris","status":"publish","type":"post","link":"https:\/\/www.ebg.de\/en\/schuelerarbeiten-im-palais-de-tokyo-paris\/","title":{"rendered":"Sch\u00fclerarbeiten im Palais de Tokyo Paris"},"content":{"rendered":"<p><strong>Sch\u00fclerarbeiten im Palais de Tokyo \u00a0 \u00a0 \u00a0 \u00a0 \u00a0 \u00a0 \u00a0 \u00a0 \u00a0<\/strong><\/p>\n<p><strong><img loading=\"lazy\" decoding=\"async\" class=\"alignnone size-medium wp-image-3324\" src=\"https:\/\/www.ebg.de\/wp-content\/uploads\/2019\/02\/IMG-20190106-WA0004-300x225.jpg\" alt=\"\" width=\"300\" height=\"225\" srcset=\"https:\/\/www.ebg.de\/wp-content\/uploads\/2019\/02\/IMG-20190106-WA0004-300x225.jpg 300w, https:\/\/www.ebg.de\/wp-content\/uploads\/2019\/02\/IMG-20190106-WA0004-768x576.jpg 768w, https:\/\/www.ebg.de\/wp-content\/uploads\/2019\/02\/IMG-20190106-WA0004.jpg 1024w, https:\/\/www.ebg.de\/wp-content\/uploads\/2019\/02\/IMG-20190106-WA0004-900x675.jpg 900w\" sizes=\"auto, (max-width: 300px) 100vw, 300px\" \/>\u00a0 \u00a0 \u00a0 \u00a0 \u00a0 \u00a0 \u00a0 \u00a0 \u00a0 \u00a0 \u00a0<\/strong><!--more--><\/p>\n<p>Im Januar folgten wir, in geheimer Mission, \u00a0den mysteri\u00f6sen Spuren und bisher nicht aufgekl\u00e4rten Halberst\u00e4dter Kunstbiennaleph\u00e4nomen.<\/p>\n<p><strong>Museo Aero Solar<\/strong>, so der Name, des von dem K\u00fcnstler <strong>Tomas Saraceno<\/strong> entwickelten Idee, einen Ballon zu kreieren, der mit statisch aufgew\u00e4rmter Luft in die H\u00f6he steigt.<\/p>\n<p>Viele flei\u00dfige H\u00e4nde, <strong>unter ihnen 140Sch\u00fcler unserer Fachschule<\/strong> ,klebten emsig Plastikt\u00fcten und f\u00fcgten unter Anleitung von Frau Jette Held die Teile sorgsam zusammen.<\/p>\n<p>Es entstand ein gewaltiger Ballon.<\/p>\n<p>Einzelne Plastikstreifen \u00a0wurden in Paris im Palais de Tokyo zu einem neuen \u00a0Ballon zusammengesetzt,\u00a0den man nun dort bestaunen kann.<\/p>\n<p><img loading=\"lazy\" decoding=\"async\" class=\"alignnone wp-image-3326\" src=\"https:\/\/www.ebg.de\/wp-content\/uploads\/2019\/02\/IMG-20190106-WA0005-300x225.jpg\" alt=\"\" width=\"265\" height=\"199\" srcset=\"https:\/\/www.ebg.de\/wp-content\/uploads\/2019\/02\/IMG-20190106-WA0005-300x225.jpg 300w, https:\/\/www.ebg.de\/wp-content\/uploads\/2019\/02\/IMG-20190106-WA0005-768x576.jpg 768w, https:\/\/www.ebg.de\/wp-content\/uploads\/2019\/02\/IMG-20190106-WA0005.jpg 1024w, https:\/\/www.ebg.de\/wp-content\/uploads\/2019\/02\/IMG-20190106-WA0005-900x675.jpg 900w\" sizes=\"auto, (max-width: 265px) 100vw, 265px\" \/><\/p>\n<p><strong>Mit eigenen Augen und gesichertem Fotomaterial, k\u00f6nnen wir \u00a0voller Stolz behaupten, dass Sch\u00fclerarbeiten unserer Fachschule im<\/strong> <strong>Palais de Tokyo zu sehen sind.<\/strong><\/p>\n<p><strong><img loading=\"lazy\" decoding=\"async\" class=\"alignnone wp-image-3332\" src=\"https:\/\/www.ebg.de\/wp-content\/uploads\/2019\/02\/IMG-20190106-WA0002-300x225.jpg\" alt=\"\" width=\"188\" height=\"141\" srcset=\"https:\/\/www.ebg.de\/wp-content\/uploads\/2019\/02\/IMG-20190106-WA0002-300x225.jpg 300w, https:\/\/www.ebg.de\/wp-content\/uploads\/2019\/02\/IMG-20190106-WA0002-768x576.jpg 768w, https:\/\/www.ebg.de\/wp-content\/uploads\/2019\/02\/IMG-20190106-WA0002.jpg 1024w, https:\/\/www.ebg.de\/wp-content\/uploads\/2019\/02\/IMG-20190106-WA0002-900x675.jpg 900w\" sizes=\"auto, (max-width: 188px) 100vw, 188px\" \/><\/strong><\/p>\n<p><strong>Ein Hoch auf das Engagement von Frau Held!! \u00a0 \u00a0 \u00a0 \u00a0 \u00a0 \u00a0<\/strong><\/p>\n","protected":false},"excerpt":{"rendered":"<p>Sch\u00fclerarbeiten im Palais de Tokyo \u00a0 \u00a0 \u00a0 \u00a0 \u00a0 \u00a0 \u00a0 \u00a0 \u00a0 \u00a0 \u00a0 \u00a0 \u00a0 \u00a0 \u00a0 \u00a0 \u00a0 \u00a0 \u00a0 \u00a0<\/p>\n","protected":false},"author":19,"featured_media":3328,"comment_status":"closed","ping_status":"closed","sticky":false,"template":"","format":"standard","meta":{"_acf_changed":false,"footnotes":""},"categories":[28],"tags":[],"class_list":["post-3323","post","type-post","status-publish","format-standard","has-post-thumbnail","hentry","category-news-halberstadt-schulen"],"acf":[],"yoast_head":"<!-- This site is optimized with the Yoast SEO plugin v26.9 - https:\/\/yoast.com\/product\/yoast-seo-wordpress\/ -->\n<title>Sch\u00fclerarbeiten im Palais de Tokyo Paris - Europ\u00e4isches Bildungswerk f\u00fcr Beruf und Gesellschaft<\/title>\n<meta name=\"robots\" content=\"index, follow, max-snippet:-1, max-image-preview:large, max-video-preview:-1\" \/>\n<link rel=\"canonical\" href=\"https:\/\/www.ebg.de\/schuelerarbeiten-im-palais-de-tokyo-paris\/\" \/>\n<meta property=\"og:locale\" content=\"en_US\" \/>\n<meta property=\"og:type\" content=\"article\" \/>\n<meta property=\"og:title\" content=\"Sch\u00fclerarbeiten im Palais de Tokyo Paris - Europ\u00e4isches Bildungswerk f\u00fcr Beruf und Gesellschaft\" \/>\n<meta property=\"og:description\" content=\"Sch\u00fclerarbeiten im Palais de Tokyo \u00a0 \u00a0 \u00a0 \u00a0 \u00a0 \u00a0 \u00a0 \u00a0 \u00a0 \u00a0 \u00a0 \u00a0 \u00a0 \u00a0 \u00a0 \u00a0 \u00a0 \u00a0 \u00a0 \u00a0\" \/>\n<meta property=\"og:url\" content=\"https:\/\/www.ebg.de\/schuelerarbeiten-im-palais-de-tokyo-paris\/\" \/>\n<meta property=\"og:site_name\" content=\"Europ\u00e4isches Bildungswerk f\u00fcr Beruf und Gesellschaft\" \/>\n<meta property=\"article:published_time\" content=\"2019-02-19T14:31:12+00:00\" \/>\n<meta property=\"article:modified_time\" content=\"2019-03-01T08:26:46+00:00\" \/>\n<meta property=\"og:image\" content=\"https:\/\/www.ebg.de\/wp-content\/uploads\/2019\/02\/IMG-20190104-WA0014.jpg\" \/>\n\t<meta property=\"og:image:width\" content=\"612\" \/>\n\t<meta property=\"og:image:height\" content=\"816\" \/>\n\t<meta property=\"og:image:type\" content=\"image\/jpeg\" \/>\n<meta name=\"author\" content=\"Nicole Jebauer\" \/>\n<meta name=\"twitter:card\" content=\"summary_large_image\" \/>\n<meta name=\"twitter:label1\" content=\"Written by\" \/>\n\t<meta name=\"twitter:data1\" content=\"Nicole Jebauer\" \/>\n\t<meta name=\"twitter:label2\" content=\"Est. reading time\" \/>\n\t<meta name=\"twitter:data2\" content=\"1 minute\" \/>\n<!-- \/ Yoast SEO plugin. -->","yoast_head_json":{"title":"Sch\u00fclerarbeiten im Palais de Tokyo Paris - Europ\u00e4isches Bildungswerk f\u00fcr Beruf und Gesellschaft","robots":{"index":"index","follow":"follow","max-snippet":"max-snippet:-1","max-image-preview":"max-image-preview:large","max-video-preview":"max-video-preview:-1"},"canonical":"https:\/\/www.ebg.de\/schuelerarbeiten-im-palais-de-tokyo-paris\/","og_locale":"en_US","og_type":"article","og_title":"Sch\u00fclerarbeiten im Palais de Tokyo Paris - Europ\u00e4isches Bildungswerk f\u00fcr Beruf und Gesellschaft","og_description":"Sch\u00fclerarbeiten im Palais de Tokyo \u00a0 \u00a0 \u00a0 \u00a0 \u00a0 \u00a0 \u00a0 \u00a0 \u00a0 \u00a0 \u00a0 \u00a0 \u00a0 \u00a0 \u00a0 \u00a0 \u00a0 \u00a0 \u00a0 \u00a0","og_url":"https:\/\/www.ebg.de\/schuelerarbeiten-im-palais-de-tokyo-paris\/","og_site_name":"Europ\u00e4isches Bildungswerk f\u00fcr Beruf und Gesellschaft","article_published_time":"2019-02-19T14:31:12+00:00","article_modified_time":"2019-03-01T08:26:46+00:00","og_image":[{"width":612,"height":816,"url":"https:\/\/www.ebg.de\/wp-content\/uploads\/2019\/02\/IMG-20190104-WA0014.jpg","type":"image\/jpeg"}],"author":"Nicole Jebauer","twitter_card":"summary_large_image","twitter_misc":{"Written by":"Nicole Jebauer","Est. reading time":"1 minute"},"schema":{"@context":"https:\/\/schema.org","@graph":[{"@type":"Article","@id":"https:\/\/www.ebg.de\/schuelerarbeiten-im-palais-de-tokyo-paris\/#article","isPartOf":{"@id":"https:\/\/www.ebg.de\/schuelerarbeiten-im-palais-de-tokyo-paris\/"},"author":{"name":"Nicole Jebauer","@id":"https:\/\/www.ebg.de\/#\/schema\/person\/683a730993574c6987355ff28e65a040"},"headline":"Sch\u00fclerarbeiten im Palais de Tokyo Paris","datePublished":"2019-02-19T14:31:12+00:00","dateModified":"2019-03-01T08:26:46+00:00","mainEntityOfPage":{"@id":"https:\/\/www.ebg.de\/schuelerarbeiten-im-palais-de-tokyo-paris\/"},"wordCount":148,"image":{"@id":"https:\/\/www.ebg.de\/schuelerarbeiten-im-palais-de-tokyo-paris\/#primaryimage"},"thumbnailUrl":"https:\/\/www.ebg.de\/wp-content\/uploads\/2019\/02\/IMG-20190104-WA0014.jpg","articleSection":["News - Halberstadt Schulen"],"inLanguage":"en-US"},{"@type":"WebPage","@id":"https:\/\/www.ebg.de\/schuelerarbeiten-im-palais-de-tokyo-paris\/","url":"https:\/\/www.ebg.de\/schuelerarbeiten-im-palais-de-tokyo-paris\/","name":"Sch\u00fclerarbeiten im Palais de Tokyo Paris - Europ\u00e4isches Bildungswerk f\u00fcr Beruf und Gesellschaft","isPartOf":{"@id":"https:\/\/www.ebg.de\/#website"},"primaryImageOfPage":{"@id":"https:\/\/www.ebg.de\/schuelerarbeiten-im-palais-de-tokyo-paris\/#primaryimage"},"image":{"@id":"https:\/\/www.ebg.de\/schuelerarbeiten-im-palais-de-tokyo-paris\/#primaryimage"},"thumbnailUrl":"https:\/\/www.ebg.de\/wp-content\/uploads\/2019\/02\/IMG-20190104-WA0014.jpg","datePublished":"2019-02-19T14:31:12+00:00","dateModified":"2019-03-01T08:26:46+00:00","author":{"@id":"https:\/\/www.ebg.de\/#\/schema\/person\/683a730993574c6987355ff28e65a040"},"breadcrumb":{"@id":"https:\/\/www.ebg.de\/schuelerarbeiten-im-palais-de-tokyo-paris\/#breadcrumb"},"inLanguage":"en-US","potentialAction":[{"@type":"ReadAction","target":["https:\/\/www.ebg.de\/schuelerarbeiten-im-palais-de-tokyo-paris\/"]}]},{"@type":"ImageObject","inLanguage":"en-US","@id":"https:\/\/www.ebg.de\/schuelerarbeiten-im-palais-de-tokyo-paris\/#primaryimage","url":"https:\/\/www.ebg.de\/wp-content\/uploads\/2019\/02\/IMG-20190104-WA0014.jpg","contentUrl":"https:\/\/www.ebg.de\/wp-content\/uploads\/2019\/02\/IMG-20190104-WA0014.jpg","width":612,"height":816},{"@type":"BreadcrumbList","@id":"https:\/\/www.ebg.de\/schuelerarbeiten-im-palais-de-tokyo-paris\/#breadcrumb","itemListElement":[{"@type":"ListItem","position":1,"name":"Startseite","item":"https:\/\/www.ebg.de\/"},{"@type":"ListItem","position":2,"name":"Sch\u00fclerarbeiten im Palais de Tokyo Paris"}]},{"@type":"WebSite","@id":"https:\/\/www.ebg.de\/#website","url":"https:\/\/www.ebg.de\/","name":"Europ\u00e4isches Bildungswerk f\u00fcr Beruf und Gesellschaft","description":"Bildung, Ausbildung und Weiterbildung","potentialAction":[{"@type":"SearchAction","target":{"@type":"EntryPoint","urlTemplate":"https:\/\/www.ebg.de\/?s={search_term_string}"},"query-input":{"@type":"PropertyValueSpecification","valueRequired":true,"valueName":"search_term_string"}}],"inLanguage":"en-US"},{"@type":"Person","@id":"https:\/\/www.ebg.de\/#\/schema\/person\/683a730993574c6987355ff28e65a040","name":"Nicole Jebauer","image":{"@type":"ImageObject","inLanguage":"en-US","@id":"https:\/\/www.ebg.de\/#\/schema\/person\/image\/","url":"https:\/\/secure.gravatar.com\/avatar\/e704d4f6221214865a929f4155d799645f194b6db7c64fbd461aa448c0d57b61?s=96&d=mm&r=g","contentUrl":"https:\/\/secure.gravatar.com\/avatar\/e704d4f6221214865a929f4155d799645f194b6db7c64fbd461aa448c0d57b61?s=96&d=mm&r=g","caption":"Nicole Jebauer"},"url":"https:\/\/www.ebg.de\/en\/author\/fshalberstadt\/"}]}},"_links":{"self":[{"href":"https:\/\/www.ebg.de\/en\/wp-json\/wp\/v2\/posts\/3323","targetHints":{"allow":["GET"]}}],"collection":[{"href":"https:\/\/www.ebg.de\/en\/wp-json\/wp\/v2\/posts"}],"about":[{"href":"https:\/\/www.ebg.de\/en\/wp-json\/wp\/v2\/types\/post"}],"author":[{"embeddable":true,"href":"https:\/\/www.ebg.de\/en\/wp-json\/wp\/v2\/users\/19"}],"replies":[{"embeddable":true,"href":"https:\/\/www.ebg.de\/en\/wp-json\/wp\/v2\/comments?post=3323"}],"version-history":[{"count":8,"href":"https:\/\/www.ebg.de\/en\/wp-json\/wp\/v2\/posts\/3323\/revisions"}],"predecessor-version":[{"id":3406,"href":"https:\/\/www.ebg.de\/en\/wp-json\/wp\/v2\/posts\/3323\/revisions\/3406"}],"wp:featuredmedia":[{"embeddable":true,"href":"https:\/\/www.ebg.de\/en\/wp-json\/wp\/v2\/media\/3328"}],"wp:attachment":[{"href":"https:\/\/www.ebg.de\/en\/wp-json\/wp\/v2\/media?parent=3323"}],"wp:term":[{"taxonomy":"category","embeddable":true,"href":"https:\/\/www.ebg.de\/en\/wp-json\/wp\/v2\/categories?post=3323"},{"taxonomy":"post_tag","embeddable":true,"href":"https:\/\/www.ebg.de\/en\/wp-json\/wp\/v2\/tags?post=3323"}],"curies":[{"name":"wp","href":"https:\/\/api.w.org\/{rel}","templated":true}]}}