{"id":32302,"date":"2023-09-28T09:00:00","date_gmt":"2023-09-28T07:00:00","guid":{"rendered":"https:\/\/www.ebg.de\/?p=32302"},"modified":"2023-10-06T12:20:02","modified_gmt":"2023-10-06T10:20:02","slug":"kaiser-otto-preis-2023","status":"publish","type":"post","link":"https:\/\/www.ebg.de\/en\/kaiser-otto-preis-2023\/","title":{"rendered":"Kaiser-Otto-Preis 2023"},"content":{"rendered":"\n<p>Seit \u00fcber 20 Jahren ist das Europ\u00e4ische Bildungswerk in der Slowakischen Republik engagiert t\u00e4tig. Parallel zu den Aktivit\u00e4ten in der Slowakischen Republik wurde die Deutsch-Slowakische Gesellschaft Sachsen-Anhalt e. V. gegr\u00fcndet. Ein H\u00f6hepunkt dieser Gesellschaft im Jahr 2023 war die Einladung ihrer Mitglieder zur Preisverleihung des <a href=\"https:\/\/www.magdeburg.de\/B\u00fcrger-Stadt\/Stadt\/Ehrungen-Preise\/Kaiser-Otto-Preis\/#:~:text=Der%20Kaiser-Otto-Preis%20wurde,Todestag%20Ottos%20des%20Gro\u00dfen%20statt\">Kaiser-Otto-Preises<\/a> an die Staatspr\u00e4sidentin der Slowakei, Frau Zusana \u010caputov\u00e1 im Magdeburger Dom. Der Besuch und andere Aktivit\u00e4ten wurden mit dem Slowakischen Botschafter vorbereitet.<\/p>\n\n\n<div class=\"wp-block-image\">\n<figure class=\"aligncenter size-full is-resized\"><img loading=\"lazy\" decoding=\"async\" src=\"https:\/\/www.ebg.de\/wp-content\/uploads\/2023\/10\/G.Boraschke_Botschafter_Slowakei-1.jpg\" alt=\"\" class=\"wp-image-32305\" style=\"width:267px;height:356px\" width=\"267\" height=\"356\"\/><figcaption class=\"wp-element-caption\">Vorbereitung des Besuches in Magdeburg<\/figcaption><\/figure>\n<\/div>\n\n\n<div class=\"wp-block-group\"><div class=\"wp-block-group__inner-container is-layout-constrained wp-block-group-is-layout-constrained\">\n<div class=\"wp-block-columns is-layout-flex wp-container-core-columns-is-layout-9d6595d7 wp-block-columns-is-layout-flex\">\n<div class=\"wp-block-column is-layout-flow wp-block-column-is-layout-flow\" style=\"flex-basis:100%\">\n<p>Die Mitglieder hatten im Dom zu Magdeburg die Chance, die Staatspr\u00e4sidentin pers\u00f6nlich zu begr\u00fc\u00dfen und mit ihr zu sprechen.<\/p>\n\n\n\n<figure class=\"wp-block-gallery has-nested-images columns-default is-cropped wp-block-gallery-1 is-layout-flex wp-block-gallery-is-layout-flex\">\n<figure class=\"wp-block-image size-large\"><img loading=\"lazy\" decoding=\"async\" width=\"1024\" height=\"768\" data-id=\"32307\" src=\"https:\/\/www.ebg.de\/wp-content\/uploads\/2023\/10\/IMG_20230830_160913_edit_21044854232204-1024x768.jpg\" alt=\"\" class=\"wp-image-32307\" srcset=\"https:\/\/www.ebg.de\/wp-content\/uploads\/2023\/10\/IMG_20230830_160913_edit_21044854232204-1024x768.jpg 1024w, https:\/\/www.ebg.de\/wp-content\/uploads\/2023\/10\/IMG_20230830_160913_edit_21044854232204-300x225.jpg 300w, https:\/\/www.ebg.de\/wp-content\/uploads\/2023\/10\/IMG_20230830_160913_edit_21044854232204-768x576.jpg 768w, https:\/\/www.ebg.de\/wp-content\/uploads\/2023\/10\/IMG_20230830_160913_edit_21044854232204-1536x1152.jpg 1536w, https:\/\/www.ebg.de\/wp-content\/uploads\/2023\/10\/IMG_20230830_160913_edit_21044854232204-2048x1536.jpg 2048w, https:\/\/www.ebg.de\/wp-content\/uploads\/2023\/10\/IMG_20230830_160913_edit_21044854232204-900x675.jpg 900w, https:\/\/www.ebg.de\/wp-content\/uploads\/2023\/10\/IMG_20230830_160913_edit_21044854232204-1200x900.jpg 1200w\" sizes=\"auto, (max-width: 1024px) 100vw, 1024px\" \/><\/figure>\n\n\n\n<figure class=\"wp-block-image size-large\"><img loading=\"lazy\" decoding=\"async\" width=\"768\" height=\"1024\" data-id=\"32309\" src=\"https:\/\/www.ebg.de\/wp-content\/uploads\/2023\/10\/IMG_20230830_163828-768x1024.jpg\" alt=\"\" class=\"wp-image-32309\" srcset=\"https:\/\/www.ebg.de\/wp-content\/uploads\/2023\/10\/IMG_20230830_163828-768x1024.jpg 768w, https:\/\/www.ebg.de\/wp-content\/uploads\/2023\/10\/IMG_20230830_163828-225x300.jpg 225w, https:\/\/www.ebg.de\/wp-content\/uploads\/2023\/10\/IMG_20230830_163828-1152x1536.jpg 1152w, https:\/\/www.ebg.de\/wp-content\/uploads\/2023\/10\/IMG_20230830_163828-1536x2048.jpg 1536w, https:\/\/www.ebg.de\/wp-content\/uploads\/2023\/10\/IMG_20230830_163828-900x1200.jpg 900w, https:\/\/www.ebg.de\/wp-content\/uploads\/2023\/10\/IMG_20230830_163828-1200x1600.jpg 1200w, https:\/\/www.ebg.de\/wp-content\/uploads\/2023\/10\/IMG_20230830_163828-scaled.jpg 1920w\" sizes=\"auto, (max-width: 768px) 100vw, 768px\" \/><\/figure>\n\n\n\n<figure class=\"wp-block-image size-large\"><img loading=\"lazy\" decoding=\"async\" width=\"768\" height=\"1024\" data-id=\"32311\" src=\"https:\/\/www.ebg.de\/wp-content\/uploads\/2023\/10\/IMG_20230830_163944-768x1024.jpg\" alt=\"\" class=\"wp-image-32311\" srcset=\"https:\/\/www.ebg.de\/wp-content\/uploads\/2023\/10\/IMG_20230830_163944-768x1024.jpg 768w, https:\/\/www.ebg.de\/wp-content\/uploads\/2023\/10\/IMG_20230830_163944-225x300.jpg 225w, https:\/\/www.ebg.de\/wp-content\/uploads\/2023\/10\/IMG_20230830_163944-1152x1536.jpg 1152w, https:\/\/www.ebg.de\/wp-content\/uploads\/2023\/10\/IMG_20230830_163944-1536x2048.jpg 1536w, https:\/\/www.ebg.de\/wp-content\/uploads\/2023\/10\/IMG_20230830_163944-900x1200.jpg 900w, https:\/\/www.ebg.de\/wp-content\/uploads\/2023\/10\/IMG_20230830_163944-1200x1600.jpg 1200w, https:\/\/www.ebg.de\/wp-content\/uploads\/2023\/10\/IMG_20230830_163944-scaled.jpg 1920w\" sizes=\"auto, (max-width: 768px) 100vw, 768px\" \/><\/figure>\n<\/figure>\n<\/div>\n<\/div>\n\n\n<div class=\"wp-block-image\">\n<figure class=\"aligncenter size-large is-resized\"><img loading=\"lazy\" decoding=\"async\" src=\"https:\/\/www.ebg.de\/wp-content\/uploads\/2023\/10\/IMG_20230830_164016-1024x768.jpg\" alt=\"\" class=\"wp-image-32313\" style=\"width:338px;height:254px\" width=\"338\" height=\"254\" srcset=\"https:\/\/www.ebg.de\/wp-content\/uploads\/2023\/10\/IMG_20230830_164016-1024x768.jpg 1024w, https:\/\/www.ebg.de\/wp-content\/uploads\/2023\/10\/IMG_20230830_164016-300x225.jpg 300w, https:\/\/www.ebg.de\/wp-content\/uploads\/2023\/10\/IMG_20230830_164016-768x576.jpg 768w, https:\/\/www.ebg.de\/wp-content\/uploads\/2023\/10\/IMG_20230830_164016-1536x1152.jpg 1536w, https:\/\/www.ebg.de\/wp-content\/uploads\/2023\/10\/IMG_20230830_164016-2048x1536.jpg 2048w, https:\/\/www.ebg.de\/wp-content\/uploads\/2023\/10\/IMG_20230830_164016-900x675.jpg 900w, https:\/\/www.ebg.de\/wp-content\/uploads\/2023\/10\/IMG_20230830_164016-1200x900.jpg 1200w\" sizes=\"auto, (max-width: 338px) 100vw, 338px\" \/><\/figure>\n<\/div><\/div><\/div>\n\n\n\n<p>Gleichzeitig wurde die Sitzung des Kuratoriums der Europ\u00e4ischen Bildungswerke an diesem Tag durchgef\u00fchrt. Die Kuratoren nahmen ebenfalls an der Preisverleihung teil. Zudem nutzte das Kuratorium die M\u00f6glichkeit, das Kuratoriumsmitglied und Ehrenb\u00fcrger der Stadt Magdeburg, Dr. Willy Polte, anl\u00e4sslich seines 85. Geburtstages an seinem Lebensbaum zu ehren.<\/p>\n\n\n\n<div class=\"wp-block-group\"><div class=\"wp-block-group__inner-container is-layout-constrained wp-block-group-is-layout-constrained\">\n<figure class=\"wp-block-gallery has-nested-images columns-default is-cropped wp-block-gallery-2 is-layout-flex wp-block-gallery-is-layout-flex\">\n<figure class=\"wp-block-image size-large\"><img loading=\"lazy\" decoding=\"async\" width=\"1024\" height=\"683\" data-id=\"32321\" src=\"https:\/\/www.ebg.de\/wp-content\/uploads\/2023\/10\/IMG_6842-1024x683.jpg\" alt=\"\" class=\"wp-image-32321\" srcset=\"https:\/\/www.ebg.de\/wp-content\/uploads\/2023\/10\/IMG_6842-1024x683.jpg 1024w, https:\/\/www.ebg.de\/wp-content\/uploads\/2023\/10\/IMG_6842-300x200.jpg 300w, https:\/\/www.ebg.de\/wp-content\/uploads\/2023\/10\/IMG_6842-768x512.jpg 768w, https:\/\/www.ebg.de\/wp-content\/uploads\/2023\/10\/IMG_6842-1536x1024.jpg 1536w, https:\/\/www.ebg.de\/wp-content\/uploads\/2023\/10\/IMG_6842-2048x1365.jpg 2048w, https:\/\/www.ebg.de\/wp-content\/uploads\/2023\/10\/IMG_6842-900x600.jpg 900w, https:\/\/www.ebg.de\/wp-content\/uploads\/2023\/10\/IMG_6842-1200x800.jpg 1200w\" sizes=\"auto, (max-width: 1024px) 100vw, 1024px\" \/><\/figure>\n\n\n\n<figure class=\"wp-block-image size-large\"><img loading=\"lazy\" decoding=\"async\" width=\"1024\" height=\"683\" data-id=\"32323\" src=\"https:\/\/www.ebg.de\/wp-content\/uploads\/2023\/10\/IMG_6852-1024x683.jpg\" alt=\"\" class=\"wp-image-32323\" srcset=\"https:\/\/www.ebg.de\/wp-content\/uploads\/2023\/10\/IMG_6852-1024x683.jpg 1024w, https:\/\/www.ebg.de\/wp-content\/uploads\/2023\/10\/IMG_6852-300x200.jpg 300w, https:\/\/www.ebg.de\/wp-content\/uploads\/2023\/10\/IMG_6852-768x512.jpg 768w, https:\/\/www.ebg.de\/wp-content\/uploads\/2023\/10\/IMG_6852-1536x1024.jpg 1536w, https:\/\/www.ebg.de\/wp-content\/uploads\/2023\/10\/IMG_6852-2048x1365.jpg 2048w, https:\/\/www.ebg.de\/wp-content\/uploads\/2023\/10\/IMG_6852-900x600.jpg 900w, https:\/\/www.ebg.de\/wp-content\/uploads\/2023\/10\/IMG_6852-1200x800.jpg 1200w\" sizes=\"auto, (max-width: 1024px) 100vw, 1024px\" \/><\/figure>\n\n\n\n<figure class=\"wp-block-image size-large\"><img loading=\"lazy\" decoding=\"async\" width=\"1024\" height=\"683\" data-id=\"32325\" src=\"https:\/\/www.ebg.de\/wp-content\/uploads\/2023\/10\/IMG_6916-1-1024x683.jpg\" alt=\"\" class=\"wp-image-32325\" srcset=\"https:\/\/www.ebg.de\/wp-content\/uploads\/2023\/10\/IMG_6916-1-1024x683.jpg 1024w, https:\/\/www.ebg.de\/wp-content\/uploads\/2023\/10\/IMG_6916-1-300x200.jpg 300w, https:\/\/www.ebg.de\/wp-content\/uploads\/2023\/10\/IMG_6916-1-768x512.jpg 768w, https:\/\/www.ebg.de\/wp-content\/uploads\/2023\/10\/IMG_6916-1-1536x1024.jpg 1536w, https:\/\/www.ebg.de\/wp-content\/uploads\/2023\/10\/IMG_6916-1-2048x1365.jpg 2048w, https:\/\/www.ebg.de\/wp-content\/uploads\/2023\/10\/IMG_6916-1-900x600.jpg 900w, https:\/\/www.ebg.de\/wp-content\/uploads\/2023\/10\/IMG_6916-1-1200x800.jpg 1200w\" sizes=\"auto, (max-width: 1024px) 100vw, 1024px\" \/><\/figure>\n<\/figure>\n<\/div><\/div>\n","protected":false},"excerpt":{"rendered":"<p>Ein H\u00f6hepunkt im Jahr 2023 war die Einladung zur Preisverleihung des Kaiser-Otto-Preises an die Staatspr\u00e4sidentin der Slowakei.<\/p>\n","protected":false},"author":22,"featured_media":32329,"comment_status":"closed","ping_status":"closed","sticky":false,"template":"","format":"standard","meta":{"_acf_changed":false,"footnotes":""},"categories":[22],"tags":[98,80,107,82,97,172],"class_list":["post-32302","post","type-post","status-publish","format-standard","has-post-thumbnail","hentry","category-news-gf","tag-ergotherapie","tag-erzieher","tag-europaeisches-bildungswerk","tag-heilerziehungspfleger","tag-heilpaedagogik","tag-pflegefachkraft"],"acf":[],"yoast_head":"<!-- This site is optimized with the Yoast SEO plugin v26.9 - https:\/\/yoast.com\/product\/yoast-seo-wordpress\/ -->\n<title>Kaiser-Otto-Preis- 2023- das EBG im Dom zu Magdeburg<\/title>\n<meta name=\"description\" content=\"Ein H\u00f6hepunkt im Jahr 2023 war die Einladung zur Preisverleihung des Kaiser-Otto-Preises an die Staatspr\u00e4sidentin der Slowakei.\" \/>\n<meta name=\"robots\" content=\"index, follow, max-snippet:-1, max-image-preview:large, max-video-preview:-1\" \/>\n<link rel=\"canonical\" href=\"https:\/\/www.ebg.de\/kaiser-otto-preis-2023\/\" \/>\n<meta property=\"og:locale\" content=\"en_US\" \/>\n<meta property=\"og:type\" content=\"article\" \/>\n<meta property=\"og:title\" content=\"Kaiser-Otto-Preis- 2023- das EBG im Dom zu Magdeburg\" \/>\n<meta property=\"og:description\" content=\"Ein H\u00f6hepunkt im Jahr 2023 war die Einladung zur Preisverleihung des Kaiser-Otto-Preises an die Staatspr\u00e4sidentin der Slowakei.\" \/>\n<meta property=\"og:url\" content=\"https:\/\/www.ebg.de\/kaiser-otto-preis-2023\/\" \/>\n<meta property=\"og:site_name\" content=\"Europ\u00e4isches Bildungswerk f\u00fcr Beruf und Gesellschaft\" \/>\n<meta property=\"article:published_time\" content=\"2023-09-28T07:00:00+00:00\" \/>\n<meta property=\"article:modified_time\" content=\"2023-10-06T10:20:02+00:00\" \/>\n<meta property=\"og:image\" content=\"https:\/\/www.ebg.de\/wp-content\/uploads\/2023\/10\/IMG_6762-scaled.jpg\" \/>\n\t<meta property=\"og:image:width\" content=\"2560\" \/>\n\t<meta property=\"og:image:height\" content=\"1707\" \/>\n\t<meta property=\"og:image:type\" content=\"image\/jpeg\" \/>\n<meta name=\"author\" content=\"Stephan Deubner\" \/>\n<meta name=\"twitter:card\" content=\"summary_large_image\" \/>\n<meta name=\"twitter:label1\" content=\"Written by\" \/>\n\t<meta name=\"twitter:data1\" content=\"Stephan Deubner\" \/>\n\t<meta name=\"twitter:label2\" content=\"Est. reading time\" \/>\n\t<meta name=\"twitter:data2\" content=\"3 minutes\" \/>\n<!-- \/ Yoast SEO plugin. -->","yoast_head_json":{"title":"Kaiser-Otto-Preis- 2023- das EBG im Dom zu Magdeburg","description":"Ein H\u00f6hepunkt im Jahr 2023 war die Einladung zur Preisverleihung des Kaiser-Otto-Preises an die Staatspr\u00e4sidentin der Slowakei.","robots":{"index":"index","follow":"follow","max-snippet":"max-snippet:-1","max-image-preview":"max-image-preview:large","max-video-preview":"max-video-preview:-1"},"canonical":"https:\/\/www.ebg.de\/kaiser-otto-preis-2023\/","og_locale":"en_US","og_type":"article","og_title":"Kaiser-Otto-Preis- 2023- das EBG im Dom zu Magdeburg","og_description":"Ein H\u00f6hepunkt im Jahr 2023 war die Einladung zur Preisverleihung des Kaiser-Otto-Preises an die Staatspr\u00e4sidentin der Slowakei.","og_url":"https:\/\/www.ebg.de\/kaiser-otto-preis-2023\/","og_site_name":"Europ\u00e4isches Bildungswerk f\u00fcr Beruf und Gesellschaft","article_published_time":"2023-09-28T07:00:00+00:00","article_modified_time":"2023-10-06T10:20:02+00:00","og_image":[{"width":2560,"height":1707,"url":"https:\/\/www.ebg.de\/wp-content\/uploads\/2023\/10\/IMG_6762-scaled.jpg","type":"image\/jpeg"}],"author":"Stephan Deubner","twitter_card":"summary_large_image","twitter_misc":{"Written by":"Stephan Deubner","Est. reading time":"3 minutes"},"schema":{"@context":"https:\/\/schema.org","@graph":[{"@type":"Article","@id":"https:\/\/www.ebg.de\/kaiser-otto-preis-2023\/#article","isPartOf":{"@id":"https:\/\/www.ebg.de\/kaiser-otto-preis-2023\/"},"author":{"name":"Stephan Deubner","@id":"https:\/\/www.ebg.de\/#\/schema\/person\/af645ea1741029d9a44ae532ceb268bc"},"headline":"Kaiser-Otto-Preis 2023","datePublished":"2023-09-28T07:00:00+00:00","dateModified":"2023-10-06T10:20:02+00:00","mainEntityOfPage":{"@id":"https:\/\/www.ebg.de\/kaiser-otto-preis-2023\/"},"wordCount":151,"image":{"@id":"https:\/\/www.ebg.de\/kaiser-otto-preis-2023\/#primaryimage"},"thumbnailUrl":"https:\/\/www.ebg.de\/wp-content\/uploads\/2023\/10\/IMG_6762-scaled.jpg","keywords":["Ergotherapie","Erzieher","Europ\u00e4isches Bildungswerk","Heilerziehungspfleger","Heilp\u00e4dagogik","Pflegefachkraft"],"articleSection":["News-GF"],"inLanguage":"en-US"},{"@type":"WebPage","@id":"https:\/\/www.ebg.de\/kaiser-otto-preis-2023\/","url":"https:\/\/www.ebg.de\/kaiser-otto-preis-2023\/","name":"Kaiser-Otto-Preis- 2023- das EBG im Dom zu Magdeburg","isPartOf":{"@id":"https:\/\/www.ebg.de\/#website"},"primaryImageOfPage":{"@id":"https:\/\/www.ebg.de\/kaiser-otto-preis-2023\/#primaryimage"},"image":{"@id":"https:\/\/www.ebg.de\/kaiser-otto-preis-2023\/#primaryimage"},"thumbnailUrl":"https:\/\/www.ebg.de\/wp-content\/uploads\/2023\/10\/IMG_6762-scaled.jpg","datePublished":"2023-09-28T07:00:00+00:00","dateModified":"2023-10-06T10:20:02+00:00","author":{"@id":"https:\/\/www.ebg.de\/#\/schema\/person\/af645ea1741029d9a44ae532ceb268bc"},"description":"Ein H\u00f6hepunkt im Jahr 2023 war die Einladung zur Preisverleihung des Kaiser-Otto-Preises an die Staatspr\u00e4sidentin der Slowakei.","breadcrumb":{"@id":"https:\/\/www.ebg.de\/kaiser-otto-preis-2023\/#breadcrumb"},"inLanguage":"en-US","potentialAction":[{"@type":"ReadAction","target":["https:\/\/www.ebg.de\/kaiser-otto-preis-2023\/"]}]},{"@type":"ImageObject","inLanguage":"en-US","@id":"https:\/\/www.ebg.de\/kaiser-otto-preis-2023\/#primaryimage","url":"https:\/\/www.ebg.de\/wp-content\/uploads\/2023\/10\/IMG_6762-scaled.jpg","contentUrl":"https:\/\/www.ebg.de\/wp-content\/uploads\/2023\/10\/IMG_6762-scaled.jpg","width":2560,"height":1707},{"@type":"BreadcrumbList","@id":"https:\/\/www.ebg.de\/kaiser-otto-preis-2023\/#breadcrumb","itemListElement":[{"@type":"ListItem","position":1,"name":"Startseite","item":"https:\/\/www.ebg.de\/"},{"@type":"ListItem","position":2,"name":"Kaiser-Otto-Preis 2023"}]},{"@type":"WebSite","@id":"https:\/\/www.ebg.de\/#website","url":"https:\/\/www.ebg.de\/","name":"Europ\u00e4isches Bildungswerk f\u00fcr Beruf und Gesellschaft","description":"Bildung, Ausbildung und Weiterbildung","potentialAction":[{"@type":"SearchAction","target":{"@type":"EntryPoint","urlTemplate":"https:\/\/www.ebg.de\/?s={search_term_string}"},"query-input":{"@type":"PropertyValueSpecification","valueRequired":true,"valueName":"search_term_string"}}],"inLanguage":"en-US"},{"@type":"Person","@id":"https:\/\/www.ebg.de\/#\/schema\/person\/af645ea1741029d9a44ae532ceb268bc","name":"Stephan Deubner","image":{"@type":"ImageObject","inLanguage":"en-US","@id":"https:\/\/www.ebg.de\/#\/schema\/person\/image\/","url":"https:\/\/secure.gravatar.com\/avatar\/35731f6a08afa0518c45f153077f6135c0f41aa2ae0b76e850ef9508976a7bbe?s=96&d=mm&r=g","contentUrl":"https:\/\/secure.gravatar.com\/avatar\/35731f6a08afa0518c45f153077f6135c0f41aa2ae0b76e850ef9508976a7bbe?s=96&d=mm&r=g","caption":"Stephan Deubner"},"url":"https:\/\/www.ebg.de\/en\/author\/sdeubner\/"}]}},"_links":{"self":[{"href":"https:\/\/www.ebg.de\/en\/wp-json\/wp\/v2\/posts\/32302","targetHints":{"allow":["GET"]}}],"collection":[{"href":"https:\/\/www.ebg.de\/en\/wp-json\/wp\/v2\/posts"}],"about":[{"href":"https:\/\/www.ebg.de\/en\/wp-json\/wp\/v2\/types\/post"}],"author":[{"embeddable":true,"href":"https:\/\/www.ebg.de\/en\/wp-json\/wp\/v2\/users\/22"}],"replies":[{"embeddable":true,"href":"https:\/\/www.ebg.de\/en\/wp-json\/wp\/v2\/comments?post=32302"}],"version-history":[{"count":11,"href":"https:\/\/www.ebg.de\/en\/wp-json\/wp\/v2\/posts\/32302\/revisions"}],"predecessor-version":[{"id":32399,"href":"https:\/\/www.ebg.de\/en\/wp-json\/wp\/v2\/posts\/32302\/revisions\/32399"}],"wp:featuredmedia":[{"embeddable":true,"href":"https:\/\/www.ebg.de\/en\/wp-json\/wp\/v2\/media\/32329"}],"wp:attachment":[{"href":"https:\/\/www.ebg.de\/en\/wp-json\/wp\/v2\/media?parent=32302"}],"wp:term":[{"taxonomy":"category","embeddable":true,"href":"https:\/\/www.ebg.de\/en\/wp-json\/wp\/v2\/categories?post=32302"},{"taxonomy":"post_tag","embeddable":true,"href":"https:\/\/www.ebg.de\/en\/wp-json\/wp\/v2\/tags?post=32302"}],"curies":[{"name":"wp","href":"https:\/\/api.w.org\/{rel}","templated":true}]}}